{"id":925,"date":"2023-03-14T13:24:45","date_gmt":"2023-03-14T16:24:45","guid":{"rendered":"http:\/\/lpfparana.com.ar\/?p=925"},"modified":"2023-03-14T13:24:45","modified_gmt":"2023-03-14T16:24:45","slug":"marina-molaro-arquera-de-san-benito","status":"publish","type":"post","link":"https:\/\/lpfparana.com.ar\/inicio\/marina-molaro-arquera-de-san-benito\/","title":{"rendered":"<strong>Marina Molaro \u2013 Arquera de San Benito<\/strong>"},"content":{"rendered":"\n<p><em>Molaro y el equipo de San Benito atraviesan un gran presente en lo futbol\u00edstico. El pasado fin de semana vencieron Arenas por 3 a 0 en &nbsp;la Final del Torneo Interligas (Torneo Organizado por la Liga Paranaense de Futbol y Parana Camapa\u00f1a). La n\u00famero uno y referente del equipo santo dialog\u00f3 con el programa LOCOS POR LA LIGA.<\/em><\/p>\n\n\n\n<p><strong>El momento del equipo.<\/strong><\/p>\n\n\n\n<ul class=\"wp-block-list\">\n<li><strong><em>Comenzar as\u00ed el a\u00f1o era el objetivo, somos un equipo fuerte y dif\u00edcil para cualquiera. Venimos trabajando para tener estos resultados, los desaf\u00edos que tenemos por delante los afrontamos con la misma importancia.<\/em><\/strong><\/li>\n<\/ul>\n\n\n\n<p><strong>\u00bfC\u00f3mo trabajaron el partido frente Arenas?<\/strong><\/p>\n\n\n\n<ul class=\"wp-block-list\">\n<li><strong><em>Jugamos todos los partidos iguales como dice nuestro entrenador (Juan Pablo Giannecchine) de local o visitante, sea el primer partido de liga o en este caso en una nueva final. Tenemos una base de equipo formado y siempre trabajamos sobre eso. Por supuesto que Arenas las conocemos venimos jugando este tipo de partidos hace un tiempo.<\/em><\/strong><\/li>\n<\/ul>\n\n\n\n<p><strong>El rendimiento y la regularidad.<\/strong><\/p>\n\n\n\n<ul class=\"wp-block-list\">\n<li><strong><em>Sabemos que la Liga es partido a partido, todos los equipos esperan el encuentro ante nosotras pero estamos muy tranquilas. Esto es semana a semana trabajamos en base al rival que se nos presenta.<\/em><\/strong><\/li>\n<\/ul>\n\n\n\n<p><strong>La importancia de golear en una final.<\/strong><\/p>\n\n\n\n<ul class=\"wp-block-list\">\n<li><strong><em>Ning\u00fan equipo nos parece f\u00e1cil, si terminar por ah\u00ed un primer tiempo 2 a 0 nos hizo salir un poco m\u00e1s relajadas al complemento aunque el DT siempre nos pide concentraci\u00f3n en todo el partido sea el resultado que sea.<\/em><\/strong><\/li>\n<\/ul>\n\n\n\n<p><strong>Las ganas y responsabilidad de ir por m\u00e1s.<\/strong><\/p>\n\n\n\n<ul class=\"wp-block-list\">\n<li><strong><em>Trabajamos y jugamos con seriedad no porque sea un rival de ac\u00e1 de nuestra liga o de otra ciudad vamos a subestimar. Todos los rivales son dif\u00edciles y salimos con la cabeza fr\u00eda a querer ganarle a todos.<\/em><\/strong><\/li>\n<\/ul>\n\n\n\n<p><strong>El comienzo de un nuevo a\u00f1o en la Liga Paranaense.<\/strong><\/p>\n\n\n\n<ul class=\"wp-block-list\">\n<li><strong><em>Tenemos muchas ganas de seguir ganando cosas y este a\u00f1o la competencia va estar muy pareja al saber que se divide en A y B. La seriedad en los entrenamientos nos dan las ganas de seguir por este camino , estamos entrenando cuatro d\u00edas en cancha y el d\u00eda cinco que ser\u00edan los mi\u00e9rcoles tenemos que mandar la foto al grupo que salimos a correr o hicimos alguna actividad. Pr\u00e1cticamente tenemos cinco d\u00edas de entrenamiento y un d\u00eda de competencia.<\/em><\/strong><\/li>\n<\/ul>\n\n\n\n<p><strong>El sue\u00f1o de jugar en AFA.<\/strong><\/p>\n\n\n\n<ul class=\"wp-block-list\">\n<li><strong><em>Queremos jugar en AFA es nuestro mayor objetivo individualmente y grupalmente, intentaremos que las puertas se abran para tener una respuesta favorable.<\/em><\/strong><\/li>\n<\/ul>\n\n\n\n<p><strong>Marina y el amor por el arco.<\/strong><\/p>\n\n\n\n<ul class=\"wp-block-list\">\n<li><strong><em>En mis comienzos atajaba en hockey , siempre me gusto defender los tres palos. Tuve una \u00e9poca en Don Bosco de central y es por eso que salir jugando con los pies lo hago muy tranquila. Con JP estoy desde el 2020 en un paso por Belgrano. Me llamo y me dijo. &nbsp;\u201cTe quiero en mi equipo pero como arquera\u201d y desde ah\u00ed estoy en esa posici\u00f3n que amo y defiendo a muerte.<\/em><\/strong><\/li>\n<\/ul>\n","protected":false},"excerpt":{"rendered":"<p>Molaro y el equipo de San Benito atraviesan un gran presente en lo futbol\u00edstico. El pasado fin de semana vencieron Arenas por 3 a 0 en &nbsp;la Final del Torneo Interligas (Torneo Organizado por la Liga Paranaense de Futbol y Parana Camapa\u00f1a). La n\u00famero uno y referente del equipo santo dialog\u00f3 con el programa LOCOS&#8230;<\/p>\n","protected":false},"author":2,"featured_media":926,"comment_status":"open","ping_status":"open","sticky":false,"template":"","format":"standard","meta":{"footnotes":""},"categories":[2],"tags":[],"class_list":["post-925","post","type-post","status-publish","format-standard","has-post-thumbnail","hentry","category-noticias"],"featured_image_src":"https:\/\/lpfparana.com.ar\/inicio\/wp-content\/uploads\/2023\/03\/marina-molaro.jpg","author_info":{"display_name":"LPF","author_link":"https:\/\/lpfparana.com.ar\/inicio\/author\/c2031807\/"},"yoast_head":"<!-- This site is optimized with the Yoast SEO Premium plugin v23.3 (Yoast SEO v27.2) - https:\/\/yoast.com\/product\/yoast-seo-premium-wordpress\/ -->\n<title>Marina Molaro \u2013 Arquera de San Benito -<\/title>\n<meta name=\"robots\" content=\"index, follow, max-snippet:-1, max-image-preview:large, max-video-preview:-1\" \/>\n<link rel=\"canonical\" href=\"https:\/\/lpfparana.com.ar\/inicio\/marina-molaro-arquera-de-san-benito\/\" \/>\n<meta property=\"og:locale\" content=\"es_ES\" \/>\n<meta property=\"og:type\" content=\"article\" \/>\n<meta property=\"og:title\" content=\"Marina Molaro \u2013 Arquera de San Benito\" \/>\n<meta property=\"og:description\" content=\"Molaro y el equipo de San Benito atraviesan un gran presente en lo futbol\u00edstico. El pasado fin de semana vencieron Arenas por 3 a 0 en &nbsp;la Final del Torneo Interligas (Torneo Organizado por la Liga Paranaense de Futbol y Parana Camapa\u00f1a). La n\u00famero uno y referente del equipo santo dialog\u00f3 con el programa LOCOS...\" \/>\n<meta property=\"og:url\" content=\"https:\/\/lpfparana.com.ar\/inicio\/marina-molaro-arquera-de-san-benito\/\" \/>\n<meta property=\"article:published_time\" content=\"2023-03-14T16:24:45+00:00\" \/>\n<meta property=\"og:image\" content=\"https:\/\/lpfparana.com.ar\/inicio\/wp-content\/uploads\/2023\/03\/marina-molaro.jpg\" \/>\n\t<meta property=\"og:image:width\" content=\"1280\" \/>\n\t<meta property=\"og:image:height\" content=\"720\" \/>\n\t<meta property=\"og:image:type\" content=\"image\/jpeg\" \/>\n<meta name=\"author\" content=\"LPF\" \/>\n<meta name=\"twitter:card\" content=\"summary_large_image\" \/>\n<meta name=\"twitter:label1\" content=\"Escrito por\" \/>\n\t<meta name=\"twitter:data1\" content=\"LPF\" \/>\n\t<meta name=\"twitter:label2\" content=\"Tiempo de lectura\" \/>\n\t<meta name=\"twitter:data2\" content=\"3 minutos\" \/>\n<script type=\"application\/ld+json\" class=\"yoast-schema-graph\">{\"@context\":\"https:\/\/schema.org\",\"@graph\":[{\"@type\":\"Article\",\"@id\":\"https:\/\/lpfparana.com.ar\/inicio\/marina-molaro-arquera-de-san-benito\/#article\",\"isPartOf\":{\"@id\":\"https:\/\/lpfparana.com.ar\/inicio\/marina-molaro-arquera-de-san-benito\/\"},\"author\":{\"name\":\"LPF\",\"@id\":\"https:\/\/lpfparana.com.ar\/inicio\/#\/schema\/person\/429ffc0684b3fc8322b5ef17d4f118e7\"},\"headline\":\"Marina Molaro \u2013 Arquera de San Benito\",\"datePublished\":\"2023-03-14T16:24:45+00:00\",\"mainEntityOfPage\":{\"@id\":\"https:\/\/lpfparana.com.ar\/inicio\/marina-molaro-arquera-de-san-benito\/\"},\"wordCount\":513,\"commentCount\":0,\"image\":{\"@id\":\"https:\/\/lpfparana.com.ar\/inicio\/marina-molaro-arquera-de-san-benito\/#primaryimage\"},\"thumbnailUrl\":\"https:\/\/lpfparana.com.ar\/inicio\/wp-content\/uploads\/2023\/03\/marina-molaro.jpg\",\"articleSection\":[\"Noticias\"],\"inLanguage\":\"es\",\"potentialAction\":[{\"@type\":\"CommentAction\",\"name\":\"Comment\",\"target\":[\"https:\/\/lpfparana.com.ar\/inicio\/marina-molaro-arquera-de-san-benito\/#respond\"]}]},{\"@type\":\"WebPage\",\"@id\":\"https:\/\/lpfparana.com.ar\/inicio\/marina-molaro-arquera-de-san-benito\/\",\"url\":\"https:\/\/lpfparana.com.ar\/inicio\/marina-molaro-arquera-de-san-benito\/\",\"name\":\"Marina Molaro \u2013 Arquera de San Benito -\",\"isPartOf\":{\"@id\":\"https:\/\/lpfparana.com.ar\/inicio\/#website\"},\"primaryImageOfPage\":{\"@id\":\"https:\/\/lpfparana.com.ar\/inicio\/marina-molaro-arquera-de-san-benito\/#primaryimage\"},\"image\":{\"@id\":\"https:\/\/lpfparana.com.ar\/inicio\/marina-molaro-arquera-de-san-benito\/#primaryimage\"},\"thumbnailUrl\":\"https:\/\/lpfparana.com.ar\/inicio\/wp-content\/uploads\/2023\/03\/marina-molaro.jpg\",\"datePublished\":\"2023-03-14T16:24:45+00:00\",\"author\":{\"@id\":\"https:\/\/lpfparana.com.ar\/inicio\/#\/schema\/person\/429ffc0684b3fc8322b5ef17d4f118e7\"},\"breadcrumb\":{\"@id\":\"https:\/\/lpfparana.com.ar\/inicio\/marina-molaro-arquera-de-san-benito\/#breadcrumb\"},\"inLanguage\":\"es\",\"potentialAction\":[{\"@type\":\"ReadAction\",\"target\":[\"https:\/\/lpfparana.com.ar\/inicio\/marina-molaro-arquera-de-san-benito\/\"]}]},{\"@type\":\"ImageObject\",\"inLanguage\":\"es\",\"@id\":\"https:\/\/lpfparana.com.ar\/inicio\/marina-molaro-arquera-de-san-benito\/#primaryimage\",\"url\":\"https:\/\/lpfparana.com.ar\/inicio\/wp-content\/uploads\/2023\/03\/marina-molaro.jpg\",\"contentUrl\":\"https:\/\/lpfparana.com.ar\/inicio\/wp-content\/uploads\/2023\/03\/marina-molaro.jpg\",\"width\":1280,\"height\":720},{\"@type\":\"BreadcrumbList\",\"@id\":\"https:\/\/lpfparana.com.ar\/inicio\/marina-molaro-arquera-de-san-benito\/#breadcrumb\",\"itemListElement\":[{\"@type\":\"ListItem\",\"position\":1,\"name\":\"Portada\",\"item\":\"https:\/\/lpfparana.com.ar\/inicio\/\"},{\"@type\":\"ListItem\",\"position\":2,\"name\":\"Marina Molaro \u2013 Arquera de San Benito\"}]},{\"@type\":\"WebSite\",\"@id\":\"https:\/\/lpfparana.com.ar\/inicio\/#website\",\"url\":\"https:\/\/lpfparana.com.ar\/inicio\/\",\"name\":\"\",\"description\":\"LPF Paran\u00e1\",\"potentialAction\":[{\"@type\":\"SearchAction\",\"target\":{\"@type\":\"EntryPoint\",\"urlTemplate\":\"https:\/\/lpfparana.com.ar\/inicio\/?s={search_term_string}\"},\"query-input\":{\"@type\":\"PropertyValueSpecification\",\"valueRequired\":true,\"valueName\":\"search_term_string\"}}],\"inLanguage\":\"es\"},{\"@type\":\"Person\",\"@id\":\"https:\/\/lpfparana.com.ar\/inicio\/#\/schema\/person\/429ffc0684b3fc8322b5ef17d4f118e7\",\"name\":\"LPF\",\"image\":{\"@type\":\"ImageObject\",\"inLanguage\":\"es\",\"@id\":\"https:\/\/secure.gravatar.com\/avatar\/e220872cd77ddfcb8eff4a1465442eec419905dfc59e57039bf520c26caccc60?s=96&d=mm&r=g\",\"url\":\"https:\/\/secure.gravatar.com\/avatar\/e220872cd77ddfcb8eff4a1465442eec419905dfc59e57039bf520c26caccc60?s=96&d=mm&r=g\",\"contentUrl\":\"https:\/\/secure.gravatar.com\/avatar\/e220872cd77ddfcb8eff4a1465442eec419905dfc59e57039bf520c26caccc60?s=96&d=mm&r=g\",\"caption\":\"LPF\"},\"url\":\"https:\/\/lpfparana.com.ar\/inicio\/author\/c2031807\/\"}]}<\/script>\n<!-- \/ Yoast SEO Premium plugin. -->","yoast_head_json":{"title":"Marina Molaro \u2013 Arquera de San Benito -","robots":{"index":"index","follow":"follow","max-snippet":"max-snippet:-1","max-image-preview":"max-image-preview:large","max-video-preview":"max-video-preview:-1"},"canonical":"https:\/\/lpfparana.com.ar\/inicio\/marina-molaro-arquera-de-san-benito\/","og_locale":"es_ES","og_type":"article","og_title":"Marina Molaro \u2013 Arquera de San Benito","og_description":"Molaro y el equipo de San Benito atraviesan un gran presente en lo futbol\u00edstico. El pasado fin de semana vencieron Arenas por 3 a 0 en &nbsp;la Final del Torneo Interligas (Torneo Organizado por la Liga Paranaense de Futbol y Parana Camapa\u00f1a). La n\u00famero uno y referente del equipo santo dialog\u00f3 con el programa LOCOS...","og_url":"https:\/\/lpfparana.com.ar\/inicio\/marina-molaro-arquera-de-san-benito\/","article_published_time":"2023-03-14T16:24:45+00:00","og_image":[{"width":1280,"height":720,"url":"https:\/\/lpfparana.com.ar\/inicio\/wp-content\/uploads\/2023\/03\/marina-molaro.jpg","type":"image\/jpeg"}],"author":"LPF","twitter_card":"summary_large_image","twitter_misc":{"Escrito por":"LPF","Tiempo de lectura":"3 minutos"},"schema":{"@context":"https:\/\/schema.org","@graph":[{"@type":"Article","@id":"https:\/\/lpfparana.com.ar\/inicio\/marina-molaro-arquera-de-san-benito\/#article","isPartOf":{"@id":"https:\/\/lpfparana.com.ar\/inicio\/marina-molaro-arquera-de-san-benito\/"},"author":{"name":"LPF","@id":"https:\/\/lpfparana.com.ar\/inicio\/#\/schema\/person\/429ffc0684b3fc8322b5ef17d4f118e7"},"headline":"Marina Molaro \u2013 Arquera de San Benito","datePublished":"2023-03-14T16:24:45+00:00","mainEntityOfPage":{"@id":"https:\/\/lpfparana.com.ar\/inicio\/marina-molaro-arquera-de-san-benito\/"},"wordCount":513,"commentCount":0,"image":{"@id":"https:\/\/lpfparana.com.ar\/inicio\/marina-molaro-arquera-de-san-benito\/#primaryimage"},"thumbnailUrl":"https:\/\/lpfparana.com.ar\/inicio\/wp-content\/uploads\/2023\/03\/marina-molaro.jpg","articleSection":["Noticias"],"inLanguage":"es","potentialAction":[{"@type":"CommentAction","name":"Comment","target":["https:\/\/lpfparana.com.ar\/inicio\/marina-molaro-arquera-de-san-benito\/#respond"]}]},{"@type":"WebPage","@id":"https:\/\/lpfparana.com.ar\/inicio\/marina-molaro-arquera-de-san-benito\/","url":"https:\/\/lpfparana.com.ar\/inicio\/marina-molaro-arquera-de-san-benito\/","name":"Marina Molaro \u2013 Arquera de San Benito -","isPartOf":{"@id":"https:\/\/lpfparana.com.ar\/inicio\/#website"},"primaryImageOfPage":{"@id":"https:\/\/lpfparana.com.ar\/inicio\/marina-molaro-arquera-de-san-benito\/#primaryimage"},"image":{"@id":"https:\/\/lpfparana.com.ar\/inicio\/marina-molaro-arquera-de-san-benito\/#primaryimage"},"thumbnailUrl":"https:\/\/lpfparana.com.ar\/inicio\/wp-content\/uploads\/2023\/03\/marina-molaro.jpg","datePublished":"2023-03-14T16:24:45+00:00","author":{"@id":"https:\/\/lpfparana.com.ar\/inicio\/#\/schema\/person\/429ffc0684b3fc8322b5ef17d4f118e7"},"breadcrumb":{"@id":"https:\/\/lpfparana.com.ar\/inicio\/marina-molaro-arquera-de-san-benito\/#breadcrumb"},"inLanguage":"es","potentialAction":[{"@type":"ReadAction","target":["https:\/\/lpfparana.com.ar\/inicio\/marina-molaro-arquera-de-san-benito\/"]}]},{"@type":"ImageObject","inLanguage":"es","@id":"https:\/\/lpfparana.com.ar\/inicio\/marina-molaro-arquera-de-san-benito\/#primaryimage","url":"https:\/\/lpfparana.com.ar\/inicio\/wp-content\/uploads\/2023\/03\/marina-molaro.jpg","contentUrl":"https:\/\/lpfparana.com.ar\/inicio\/wp-content\/uploads\/2023\/03\/marina-molaro.jpg","width":1280,"height":720},{"@type":"BreadcrumbList","@id":"https:\/\/lpfparana.com.ar\/inicio\/marina-molaro-arquera-de-san-benito\/#breadcrumb","itemListElement":[{"@type":"ListItem","position":1,"name":"Portada","item":"https:\/\/lpfparana.com.ar\/inicio\/"},{"@type":"ListItem","position":2,"name":"Marina Molaro \u2013 Arquera de San Benito"}]},{"@type":"WebSite","@id":"https:\/\/lpfparana.com.ar\/inicio\/#website","url":"https:\/\/lpfparana.com.ar\/inicio\/","name":"","description":"LPF Paran\u00e1","potentialAction":[{"@type":"SearchAction","target":{"@type":"EntryPoint","urlTemplate":"https:\/\/lpfparana.com.ar\/inicio\/?s={search_term_string}"},"query-input":{"@type":"PropertyValueSpecification","valueRequired":true,"valueName":"search_term_string"}}],"inLanguage":"es"},{"@type":"Person","@id":"https:\/\/lpfparana.com.ar\/inicio\/#\/schema\/person\/429ffc0684b3fc8322b5ef17d4f118e7","name":"LPF","image":{"@type":"ImageObject","inLanguage":"es","@id":"https:\/\/secure.gravatar.com\/avatar\/e220872cd77ddfcb8eff4a1465442eec419905dfc59e57039bf520c26caccc60?s=96&d=mm&r=g","url":"https:\/\/secure.gravatar.com\/avatar\/e220872cd77ddfcb8eff4a1465442eec419905dfc59e57039bf520c26caccc60?s=96&d=mm&r=g","contentUrl":"https:\/\/secure.gravatar.com\/avatar\/e220872cd77ddfcb8eff4a1465442eec419905dfc59e57039bf520c26caccc60?s=96&d=mm&r=g","caption":"LPF"},"url":"https:\/\/lpfparana.com.ar\/inicio\/author\/c2031807\/"}]}},"_links":{"self":[{"href":"https:\/\/lpfparana.com.ar\/inicio\/wp-json\/wp\/v2\/posts\/925","targetHints":{"allow":["GET"]}}],"collection":[{"href":"https:\/\/lpfparana.com.ar\/inicio\/wp-json\/wp\/v2\/posts"}],"about":[{"href":"https:\/\/lpfparana.com.ar\/inicio\/wp-json\/wp\/v2\/types\/post"}],"author":[{"embeddable":true,"href":"https:\/\/lpfparana.com.ar\/inicio\/wp-json\/wp\/v2\/users\/2"}],"replies":[{"embeddable":true,"href":"https:\/\/lpfparana.com.ar\/inicio\/wp-json\/wp\/v2\/comments?post=925"}],"version-history":[{"count":0,"href":"https:\/\/lpfparana.com.ar\/inicio\/wp-json\/wp\/v2\/posts\/925\/revisions"}],"wp:featuredmedia":[{"embeddable":true,"href":"https:\/\/lpfparana.com.ar\/inicio\/wp-json\/wp\/v2\/media\/926"}],"wp:attachment":[{"href":"https:\/\/lpfparana.com.ar\/inicio\/wp-json\/wp\/v2\/media?parent=925"}],"wp:term":[{"taxonomy":"category","embeddable":true,"href":"https:\/\/lpfparana.com.ar\/inicio\/wp-json\/wp\/v2\/categories?post=925"},{"taxonomy":"post_tag","embeddable":true,"href":"https:\/\/lpfparana.com.ar\/inicio\/wp-json\/wp\/v2\/tags?post=925"}],"curies":[{"name":"wp","href":"https:\/\/api.w.org\/{rel}","templated":true}]}}