{"id":914,"date":"2023-03-14T11:35:05","date_gmt":"2023-03-14T14:35:05","guid":{"rendered":"http:\/\/lpfparana.com.ar\/?p=914"},"modified":"2023-03-14T11:35:05","modified_gmt":"2023-03-14T14:35:05","slug":"juan-pablo-grandoli-dt-camioneros-futbol-femenino","status":"publish","type":"post","link":"https:\/\/lpfparana.com.ar\/inicio\/juan-pablo-grandoli-dt-camioneros-futbol-femenino\/","title":{"rendered":"<strong><em>Juan Pablo Grandoli DT Camioneros- F\u00fatbol femenino.<\/em><\/strong>"},"content":{"rendered":"\n<p>Grandoli y un desaf\u00edo por delante, este a\u00f1o ser\u00e1 el nuevo director t\u00e9cnico de Camioneros Femenino y afrontar\u00e1 la divisi\u00f3n A de la Liga Paranaense de F\u00fatbol, el dt dialog\u00f3 con el programa \u201cLocos Por la Liga\u201d Programa Oficial de la Liga Paranaense de F\u00fatbol que se emite por FM LITORAL 103.1<\/p>\n\n\n\n<p><strong>El comienzo de las competencias.<\/strong><\/p>\n\n\n\n<ul class=\"wp-block-list\">\n<li><em>Lo ideal ser\u00eda esperar hasta que cambie un poco el clima, nosotros tuvimos que cambiar algunos horarios en base a esto. Lo f\u00edsico este a\u00f1o va hacer muy importante.<\/em><\/li>\n<\/ul>\n\n\n\n<p><strong>\u00bfC\u00f3mo ven el nivel de los equipos de la LPF?<\/strong><\/p>\n\n\n\n<ul class=\"wp-block-list\">\n<li><em>El otro d\u00eda junto al cuerpo t\u00e9cnico nos acercamos a ver la final del Interligas y la verdad que vimos dos equipos interesantes como Arenas y San Benito que est\u00e1n a un nivel muy alto. Nosotros hablamos diariamente con las chicas en los entrenamientos y como uno dice siempre&nbsp; a los partidos hay que jugarlos, por ah\u00ed las canchas te ayudan .Tambi\u00e9n lo f\u00edsico y el orden son fundamentales a la hora de encarar un encuentro. La idea nuestra es ir paso a paso viendo los partidos como se dan.<\/em><\/li>\n\n\n\n<li><em>&nbsp;<\/em><\/li>\n<\/ul>\n\n\n\n<p><strong>La formaci\u00f3n del equipo.<\/strong><\/p>\n\n\n\n<ul class=\"wp-block-list\">\n<li><em>Como director t\u00e9cnico arranc\u00f3 este a\u00f1o vengo con otro grupo de chicas en otra Liga. Vamos a sumar todos una nueva experiencia. La pretemporada con el plantel la arrancamos en enero, estuvimos trabajando en el Thompson y en el parque Urquiza. La verdad que tuvimos una buena pretemporada sumamos d\u00edas de preparaci\u00f3n en nuestro camping. El llamado fue de Ver\u00f3nica D\u00edaz (Ex directora T\u00e9cnica) junto Martin Ben\u00edtez ellos fueron quien confiaron en mi para este nuevo desaf\u00edo que me toca afrontar.<\/em><\/li>\n<\/ul>\n\n\n\n<figure class=\"wp-block-gallery has-nested-images columns-default is-cropped wp-block-gallery-1 is-layout-flex wp-block-gallery-is-layout-flex\">\n<figure class=\"wp-block-image size-large\"><a href=\"https:\/\/lpfparana.com.ar\/inicio\/wp-content\/uploads\/2023\/03\/juan-pablo-grandoli-dt-camion.jpg\"><img fetchpriority=\"high\" decoding=\"async\" width=\"1024\" height=\"576\" data-id=\"916\" src=\"https:\/\/lpfparana.com.ar\/inicio\/wp-content\/uploads\/2023\/03\/juan-pablo-grandoli-dt-camion-1024x576.jpg\" alt=\"\" class=\"wp-image-916\" srcset=\"https:\/\/lpfparana.com.ar\/inicio\/wp-content\/uploads\/2023\/03\/juan-pablo-grandoli-dt-camion-1024x576.jpg 1024w, https:\/\/lpfparana.com.ar\/inicio\/wp-content\/uploads\/2023\/03\/juan-pablo-grandoli-dt-camion-300x169.jpg 300w, https:\/\/lpfparana.com.ar\/inicio\/wp-content\/uploads\/2023\/03\/juan-pablo-grandoli-dt-camion-768x432.jpg 768w, https:\/\/lpfparana.com.ar\/inicio\/wp-content\/uploads\/2023\/03\/juan-pablo-grandoli-dt-camion-500x281.jpg 500w, https:\/\/lpfparana.com.ar\/inicio\/wp-content\/uploads\/2023\/03\/juan-pablo-grandoli-dt-camion.jpg 1280w\" sizes=\"(max-width: 1024px) 100vw, 1024px\" \/><\/a><\/figure>\n<\/figure>\n","protected":false},"excerpt":{"rendered":"<p>Grandoli y un desaf\u00edo por delante, este a\u00f1o ser\u00e1 el nuevo director t\u00e9cnico de Camioneros Femenino y afrontar\u00e1 la divisi\u00f3n A de la Liga Paranaense de F\u00fatbol, el dt dialog\u00f3 con el programa \u201cLocos Por la Liga\u201d Programa Oficial de la Liga Paranaense de F\u00fatbol que se emite por FM LITORAL 103.1 El comienzo de&#8230;<\/p>\n","protected":false},"author":2,"featured_media":910,"comment_status":"open","ping_status":"open","sticky":false,"template":"","format":"standard","meta":{"footnotes":""},"categories":[2],"tags":[],"class_list":["post-914","post","type-post","status-publish","format-standard","has-post-thumbnail","hentry","category-noticias"],"featured_image_src":"https:\/\/lpfparana.com.ar\/inicio\/wp-content\/uploads\/2023\/03\/IMG-20230313-WA0063.jpg","author_info":{"display_name":"LPF","author_link":"https:\/\/lpfparana.com.ar\/inicio\/author\/c2031807\/"},"yoast_head":"<!-- This site is optimized with the Yoast SEO Premium plugin v23.3 (Yoast SEO v27.2) - https:\/\/yoast.com\/product\/yoast-seo-premium-wordpress\/ -->\n<title>Juan Pablo Grandoli DT Camioneros- F\u00fatbol femenino. -<\/title>\n<meta name=\"robots\" content=\"index, follow, max-snippet:-1, max-image-preview:large, max-video-preview:-1\" \/>\n<link rel=\"canonical\" href=\"https:\/\/lpfparana.com.ar\/inicio\/juan-pablo-grandoli-dt-camioneros-futbol-femenino\/\" \/>\n<meta property=\"og:locale\" content=\"es_ES\" \/>\n<meta property=\"og:type\" content=\"article\" \/>\n<meta property=\"og:title\" content=\"Juan Pablo Grandoli DT Camioneros- F\u00fatbol femenino.\" \/>\n<meta property=\"og:description\" content=\"Grandoli y un desaf\u00edo por delante, este a\u00f1o ser\u00e1 el nuevo director t\u00e9cnico de Camioneros Femenino y afrontar\u00e1 la divisi\u00f3n A de la Liga Paranaense de F\u00fatbol, el dt dialog\u00f3 con el programa \u201cLocos Por la Liga\u201d Programa Oficial de la Liga Paranaense de F\u00fatbol que se emite por FM LITORAL 103.1 El comienzo de...\" \/>\n<meta property=\"og:url\" content=\"https:\/\/lpfparana.com.ar\/inicio\/juan-pablo-grandoli-dt-camioneros-futbol-femenino\/\" \/>\n<meta property=\"article:published_time\" content=\"2023-03-14T14:35:05+00:00\" \/>\n<meta property=\"og:image\" content=\"https:\/\/lpfparana.com.ar\/inicio\/wp-content\/uploads\/2023\/03\/IMG-20230313-WA0063.jpg\" \/>\n\t<meta property=\"og:image:width\" content=\"1280\" \/>\n\t<meta property=\"og:image:height\" content=\"720\" \/>\n\t<meta property=\"og:image:type\" content=\"image\/jpeg\" \/>\n<meta name=\"author\" content=\"LPF\" \/>\n<meta name=\"twitter:card\" content=\"summary_large_image\" \/>\n<meta name=\"twitter:label1\" content=\"Escrito por\" \/>\n\t<meta name=\"twitter:data1\" content=\"LPF\" \/>\n\t<meta name=\"twitter:label2\" content=\"Tiempo de lectura\" \/>\n\t<meta name=\"twitter:data2\" content=\"2 minutos\" \/>\n<script type=\"application\/ld+json\" class=\"yoast-schema-graph\">{\"@context\":\"https:\/\/schema.org\",\"@graph\":[{\"@type\":\"Article\",\"@id\":\"https:\/\/lpfparana.com.ar\/inicio\/juan-pablo-grandoli-dt-camioneros-futbol-femenino\/#article\",\"isPartOf\":{\"@id\":\"https:\/\/lpfparana.com.ar\/inicio\/juan-pablo-grandoli-dt-camioneros-futbol-femenino\/\"},\"author\":{\"name\":\"LPF\",\"@id\":\"https:\/\/lpfparana.com.ar\/inicio\/#\/schema\/person\/429ffc0684b3fc8322b5ef17d4f118e7\"},\"headline\":\"Juan Pablo Grandoli DT Camioneros- F\u00fatbol femenino.\",\"datePublished\":\"2023-03-14T14:35:05+00:00\",\"mainEntityOfPage\":{\"@id\":\"https:\/\/lpfparana.com.ar\/inicio\/juan-pablo-grandoli-dt-camioneros-futbol-femenino\/\"},\"wordCount\":305,\"commentCount\":0,\"image\":{\"@id\":\"https:\/\/lpfparana.com.ar\/inicio\/juan-pablo-grandoli-dt-camioneros-futbol-femenino\/#primaryimage\"},\"thumbnailUrl\":\"https:\/\/lpfparana.com.ar\/inicio\/wp-content\/uploads\/2023\/03\/IMG-20230313-WA0063.jpg\",\"articleSection\":[\"Noticias\"],\"inLanguage\":\"es\",\"potentialAction\":[{\"@type\":\"CommentAction\",\"name\":\"Comment\",\"target\":[\"https:\/\/lpfparana.com.ar\/inicio\/juan-pablo-grandoli-dt-camioneros-futbol-femenino\/#respond\"]}]},{\"@type\":\"WebPage\",\"@id\":\"https:\/\/lpfparana.com.ar\/inicio\/juan-pablo-grandoli-dt-camioneros-futbol-femenino\/\",\"url\":\"https:\/\/lpfparana.com.ar\/inicio\/juan-pablo-grandoli-dt-camioneros-futbol-femenino\/\",\"name\":\"Juan Pablo Grandoli DT Camioneros- F\u00fatbol femenino. -\",\"isPartOf\":{\"@id\":\"https:\/\/lpfparana.com.ar\/inicio\/#website\"},\"primaryImageOfPage\":{\"@id\":\"https:\/\/lpfparana.com.ar\/inicio\/juan-pablo-grandoli-dt-camioneros-futbol-femenino\/#primaryimage\"},\"image\":{\"@id\":\"https:\/\/lpfparana.com.ar\/inicio\/juan-pablo-grandoli-dt-camioneros-futbol-femenino\/#primaryimage\"},\"thumbnailUrl\":\"https:\/\/lpfparana.com.ar\/inicio\/wp-content\/uploads\/2023\/03\/IMG-20230313-WA0063.jpg\",\"datePublished\":\"2023-03-14T14:35:05+00:00\",\"author\":{\"@id\":\"https:\/\/lpfparana.com.ar\/inicio\/#\/schema\/person\/429ffc0684b3fc8322b5ef17d4f118e7\"},\"breadcrumb\":{\"@id\":\"https:\/\/lpfparana.com.ar\/inicio\/juan-pablo-grandoli-dt-camioneros-futbol-femenino\/#breadcrumb\"},\"inLanguage\":\"es\",\"potentialAction\":[{\"@type\":\"ReadAction\",\"target\":[\"https:\/\/lpfparana.com.ar\/inicio\/juan-pablo-grandoli-dt-camioneros-futbol-femenino\/\"]}]},{\"@type\":\"ImageObject\",\"inLanguage\":\"es\",\"@id\":\"https:\/\/lpfparana.com.ar\/inicio\/juan-pablo-grandoli-dt-camioneros-futbol-femenino\/#primaryimage\",\"url\":\"https:\/\/lpfparana.com.ar\/inicio\/wp-content\/uploads\/2023\/03\/IMG-20230313-WA0063.jpg\",\"contentUrl\":\"https:\/\/lpfparana.com.ar\/inicio\/wp-content\/uploads\/2023\/03\/IMG-20230313-WA0063.jpg\",\"width\":1280,\"height\":720},{\"@type\":\"BreadcrumbList\",\"@id\":\"https:\/\/lpfparana.com.ar\/inicio\/juan-pablo-grandoli-dt-camioneros-futbol-femenino\/#breadcrumb\",\"itemListElement\":[{\"@type\":\"ListItem\",\"position\":1,\"name\":\"Portada\",\"item\":\"https:\/\/lpfparana.com.ar\/inicio\/\"},{\"@type\":\"ListItem\",\"position\":2,\"name\":\"Juan Pablo Grandoli DT Camioneros- F\u00fatbol femenino.\"}]},{\"@type\":\"WebSite\",\"@id\":\"https:\/\/lpfparana.com.ar\/inicio\/#website\",\"url\":\"https:\/\/lpfparana.com.ar\/inicio\/\",\"name\":\"\",\"description\":\"LPF Paran\u00e1\",\"potentialAction\":[{\"@type\":\"SearchAction\",\"target\":{\"@type\":\"EntryPoint\",\"urlTemplate\":\"https:\/\/lpfparana.com.ar\/inicio\/?s={search_term_string}\"},\"query-input\":{\"@type\":\"PropertyValueSpecification\",\"valueRequired\":true,\"valueName\":\"search_term_string\"}}],\"inLanguage\":\"es\"},{\"@type\":\"Person\",\"@id\":\"https:\/\/lpfparana.com.ar\/inicio\/#\/schema\/person\/429ffc0684b3fc8322b5ef17d4f118e7\",\"name\":\"LPF\",\"image\":{\"@type\":\"ImageObject\",\"inLanguage\":\"es\",\"@id\":\"https:\/\/secure.gravatar.com\/avatar\/e220872cd77ddfcb8eff4a1465442eec419905dfc59e57039bf520c26caccc60?s=96&d=mm&r=g\",\"url\":\"https:\/\/secure.gravatar.com\/avatar\/e220872cd77ddfcb8eff4a1465442eec419905dfc59e57039bf520c26caccc60?s=96&d=mm&r=g\",\"contentUrl\":\"https:\/\/secure.gravatar.com\/avatar\/e220872cd77ddfcb8eff4a1465442eec419905dfc59e57039bf520c26caccc60?s=96&d=mm&r=g\",\"caption\":\"LPF\"},\"url\":\"https:\/\/lpfparana.com.ar\/inicio\/author\/c2031807\/\"}]}<\/script>\n<!-- \/ Yoast SEO Premium plugin. -->","yoast_head_json":{"title":"Juan Pablo Grandoli DT Camioneros- F\u00fatbol femenino. -","robots":{"index":"index","follow":"follow","max-snippet":"max-snippet:-1","max-image-preview":"max-image-preview:large","max-video-preview":"max-video-preview:-1"},"canonical":"https:\/\/lpfparana.com.ar\/inicio\/juan-pablo-grandoli-dt-camioneros-futbol-femenino\/","og_locale":"es_ES","og_type":"article","og_title":"Juan Pablo Grandoli DT Camioneros- F\u00fatbol femenino.","og_description":"Grandoli y un desaf\u00edo por delante, este a\u00f1o ser\u00e1 el nuevo director t\u00e9cnico de Camioneros Femenino y afrontar\u00e1 la divisi\u00f3n A de la Liga Paranaense de F\u00fatbol, el dt dialog\u00f3 con el programa \u201cLocos Por la Liga\u201d Programa Oficial de la Liga Paranaense de F\u00fatbol que se emite por FM LITORAL 103.1 El comienzo de...","og_url":"https:\/\/lpfparana.com.ar\/inicio\/juan-pablo-grandoli-dt-camioneros-futbol-femenino\/","article_published_time":"2023-03-14T14:35:05+00:00","og_image":[{"width":1280,"height":720,"url":"https:\/\/lpfparana.com.ar\/inicio\/wp-content\/uploads\/2023\/03\/IMG-20230313-WA0063.jpg","type":"image\/jpeg"}],"author":"LPF","twitter_card":"summary_large_image","twitter_misc":{"Escrito por":"LPF","Tiempo de lectura":"2 minutos"},"schema":{"@context":"https:\/\/schema.org","@graph":[{"@type":"Article","@id":"https:\/\/lpfparana.com.ar\/inicio\/juan-pablo-grandoli-dt-camioneros-futbol-femenino\/#article","isPartOf":{"@id":"https:\/\/lpfparana.com.ar\/inicio\/juan-pablo-grandoli-dt-camioneros-futbol-femenino\/"},"author":{"name":"LPF","@id":"https:\/\/lpfparana.com.ar\/inicio\/#\/schema\/person\/429ffc0684b3fc8322b5ef17d4f118e7"},"headline":"Juan Pablo Grandoli DT Camioneros- F\u00fatbol femenino.","datePublished":"2023-03-14T14:35:05+00:00","mainEntityOfPage":{"@id":"https:\/\/lpfparana.com.ar\/inicio\/juan-pablo-grandoli-dt-camioneros-futbol-femenino\/"},"wordCount":305,"commentCount":0,"image":{"@id":"https:\/\/lpfparana.com.ar\/inicio\/juan-pablo-grandoli-dt-camioneros-futbol-femenino\/#primaryimage"},"thumbnailUrl":"https:\/\/lpfparana.com.ar\/inicio\/wp-content\/uploads\/2023\/03\/IMG-20230313-WA0063.jpg","articleSection":["Noticias"],"inLanguage":"es","potentialAction":[{"@type":"CommentAction","name":"Comment","target":["https:\/\/lpfparana.com.ar\/inicio\/juan-pablo-grandoli-dt-camioneros-futbol-femenino\/#respond"]}]},{"@type":"WebPage","@id":"https:\/\/lpfparana.com.ar\/inicio\/juan-pablo-grandoli-dt-camioneros-futbol-femenino\/","url":"https:\/\/lpfparana.com.ar\/inicio\/juan-pablo-grandoli-dt-camioneros-futbol-femenino\/","name":"Juan Pablo Grandoli DT Camioneros- F\u00fatbol femenino. -","isPartOf":{"@id":"https:\/\/lpfparana.com.ar\/inicio\/#website"},"primaryImageOfPage":{"@id":"https:\/\/lpfparana.com.ar\/inicio\/juan-pablo-grandoli-dt-camioneros-futbol-femenino\/#primaryimage"},"image":{"@id":"https:\/\/lpfparana.com.ar\/inicio\/juan-pablo-grandoli-dt-camioneros-futbol-femenino\/#primaryimage"},"thumbnailUrl":"https:\/\/lpfparana.com.ar\/inicio\/wp-content\/uploads\/2023\/03\/IMG-20230313-WA0063.jpg","datePublished":"2023-03-14T14:35:05+00:00","author":{"@id":"https:\/\/lpfparana.com.ar\/inicio\/#\/schema\/person\/429ffc0684b3fc8322b5ef17d4f118e7"},"breadcrumb":{"@id":"https:\/\/lpfparana.com.ar\/inicio\/juan-pablo-grandoli-dt-camioneros-futbol-femenino\/#breadcrumb"},"inLanguage":"es","potentialAction":[{"@type":"ReadAction","target":["https:\/\/lpfparana.com.ar\/inicio\/juan-pablo-grandoli-dt-camioneros-futbol-femenino\/"]}]},{"@type":"ImageObject","inLanguage":"es","@id":"https:\/\/lpfparana.com.ar\/inicio\/juan-pablo-grandoli-dt-camioneros-futbol-femenino\/#primaryimage","url":"https:\/\/lpfparana.com.ar\/inicio\/wp-content\/uploads\/2023\/03\/IMG-20230313-WA0063.jpg","contentUrl":"https:\/\/lpfparana.com.ar\/inicio\/wp-content\/uploads\/2023\/03\/IMG-20230313-WA0063.jpg","width":1280,"height":720},{"@type":"BreadcrumbList","@id":"https:\/\/lpfparana.com.ar\/inicio\/juan-pablo-grandoli-dt-camioneros-futbol-femenino\/#breadcrumb","itemListElement":[{"@type":"ListItem","position":1,"name":"Portada","item":"https:\/\/lpfparana.com.ar\/inicio\/"},{"@type":"ListItem","position":2,"name":"Juan Pablo Grandoli DT Camioneros- F\u00fatbol femenino."}]},{"@type":"WebSite","@id":"https:\/\/lpfparana.com.ar\/inicio\/#website","url":"https:\/\/lpfparana.com.ar\/inicio\/","name":"","description":"LPF Paran\u00e1","potentialAction":[{"@type":"SearchAction","target":{"@type":"EntryPoint","urlTemplate":"https:\/\/lpfparana.com.ar\/inicio\/?s={search_term_string}"},"query-input":{"@type":"PropertyValueSpecification","valueRequired":true,"valueName":"search_term_string"}}],"inLanguage":"es"},{"@type":"Person","@id":"https:\/\/lpfparana.com.ar\/inicio\/#\/schema\/person\/429ffc0684b3fc8322b5ef17d4f118e7","name":"LPF","image":{"@type":"ImageObject","inLanguage":"es","@id":"https:\/\/secure.gravatar.com\/avatar\/e220872cd77ddfcb8eff4a1465442eec419905dfc59e57039bf520c26caccc60?s=96&d=mm&r=g","url":"https:\/\/secure.gravatar.com\/avatar\/e220872cd77ddfcb8eff4a1465442eec419905dfc59e57039bf520c26caccc60?s=96&d=mm&r=g","contentUrl":"https:\/\/secure.gravatar.com\/avatar\/e220872cd77ddfcb8eff4a1465442eec419905dfc59e57039bf520c26caccc60?s=96&d=mm&r=g","caption":"LPF"},"url":"https:\/\/lpfparana.com.ar\/inicio\/author\/c2031807\/"}]}},"_links":{"self":[{"href":"https:\/\/lpfparana.com.ar\/inicio\/wp-json\/wp\/v2\/posts\/914","targetHints":{"allow":["GET"]}}],"collection":[{"href":"https:\/\/lpfparana.com.ar\/inicio\/wp-json\/wp\/v2\/posts"}],"about":[{"href":"https:\/\/lpfparana.com.ar\/inicio\/wp-json\/wp\/v2\/types\/post"}],"author":[{"embeddable":true,"href":"https:\/\/lpfparana.com.ar\/inicio\/wp-json\/wp\/v2\/users\/2"}],"replies":[{"embeddable":true,"href":"https:\/\/lpfparana.com.ar\/inicio\/wp-json\/wp\/v2\/comments?post=914"}],"version-history":[{"count":0,"href":"https:\/\/lpfparana.com.ar\/inicio\/wp-json\/wp\/v2\/posts\/914\/revisions"}],"wp:featuredmedia":[{"embeddable":true,"href":"https:\/\/lpfparana.com.ar\/inicio\/wp-json\/wp\/v2\/media\/910"}],"wp:attachment":[{"href":"https:\/\/lpfparana.com.ar\/inicio\/wp-json\/wp\/v2\/media?parent=914"}],"wp:term":[{"taxonomy":"category","embeddable":true,"href":"https:\/\/lpfparana.com.ar\/inicio\/wp-json\/wp\/v2\/categories?post=914"},{"taxonomy":"post_tag","embeddable":true,"href":"https:\/\/lpfparana.com.ar\/inicio\/wp-json\/wp\/v2\/tags?post=914"}],"curies":[{"name":"wp","href":"https:\/\/api.w.org\/{rel}","templated":true}]}}