{"id":5927,"date":"2026-04-29T07:42:03","date_gmt":"2026-04-29T10:42:03","guid":{"rendered":"https:\/\/lpfparana.com.ar\/inicio\/?p=5927"},"modified":"2026-04-29T07:42:05","modified_gmt":"2026-04-29T10:42:05","slug":"el-futbol-femenino-en-la-region-crecio-muchisimo","status":"publish","type":"post","link":"https:\/\/lpfparana.com.ar\/inicio\/el-futbol-femenino-en-la-region-crecio-muchisimo\/","title":{"rendered":"\u00a0\u201cEl f\u00fatbol femenino en la regi\u00f3n creci\u00f3 much\u00edsimo\u201d"},"content":{"rendered":"\n<h3 class=\"wp-block-heading\" id=\"h-la-delegada-de-huracan-de-diamante-femenino-dialogo-con-locos-x-la-liga-y-destaco-el-crecimiento-el-esfuerzo-y-la-importancia-de-las-experiencias-en-la-formacion-de-las-jugadoras\">La delegada de Hurac\u00e1n de Diamante femenino dialog\u00f3 con \u00abLocos X La Liga\u00bb y destac\u00f3 el crecimiento, el esfuerzo y la importancia de las experiencias en la formaci\u00f3n de las jugadoras.<\/h3>\n\n\n\n<p>Gisela Toniutti, delegada de Hurac\u00e1n de Diamante femenino, dialog\u00f3 con \u00abLocos X La Liga\u00bb, el programa oficial de la Liga Paranaense de F\u00fatbol, que se emite por FM Litoral 103.1 MHz. En la previa de una nueva participaci\u00f3n en la Copa Promesas, donde el club dir\u00e1 presente con distintas categor\u00edas.<\/p>\n\n\n\n<p>En una charla distendida, Toniutti se refiri\u00f3 a la preparaci\u00f3n del equipo, el crecimiento del f\u00fatbol femenino en la regi\u00f3n y el valor de las experiencias por sobre los resultados, remarcando: \u201cLas chicas est\u00e1n recontentas, se est\u00e1n preparando. Sabemos que nada es f\u00e1cil, que todo tiene su costo, esfuerzo y sacrificio. No vamos tanto en busca de resultados: si vienen, bien, y si no, buscamos crear nuevas experiencias\u201d.<\/p>\n\n\n\n<p>La delegada remarc\u00f3 que la posibilidad de competir fuera de su localidad representa un salto importante para las jugadoras, marcando: \u201cNos gusta mucho poder sumarle esto a nuestras chicas, que vean lo que es jugar en otras localidades. Algunas ya tuvieron la oportunidad, pero esta vez vamos como instituci\u00f3n y eso es muy importante\u201d.<\/p>\n\n\n\n<hr class=\"wp-block-separator has-alpha-channel-opacity\"\/>\n\n\n\n<h4 class=\"wp-block-heading\" id=\"h-crecimiento-del-futbol-femenino-en-la-region\">Crecimiento del f\u00fatbol femenino en la regi\u00f3n<\/h4>\n\n\n\n<p>Con experiencia dentro del club y participaciones a nivel provincial, Toniutti destac\u00f3 la evoluci\u00f3n de la disciplina diciendo: \u201cEl f\u00fatbol femenino en la regi\u00f3n ha crecido much\u00edsimo. Hay que seguir para adelante y darle importancia a estas gurisas, que hoy por hoy son el futuro\u201d.<\/p>\n\n\n\n<p>Adem\u00e1s, hizo hincapi\u00e9 en los valores que transmite el deporte, destacando: \u201cEst\u00e1 bueno divertirse, compartir y respetarnos entre nosotras y tambi\u00e9n al rival. Somos todas personas\u201d.<\/p>\n\n\n\n<hr class=\"wp-block-separator has-alpha-channel-opacity\"\/>\n\n\n\n<h4 class=\"wp-block-heading\" id=\"h-competencia-formacion-y-oportunidades\">Competencia, formaci\u00f3n y oportunidades<\/h4>\n\n\n\n<p>Si bien el objetivo principal es formativo, la competitividad est\u00e1 presente, por eso cont\u00f3: \u201cLas nenas son muy competitivas, no te voy a mentir. Una entra a la cancha y quiere ganar. A veces se dan los resultados y a veces no, pero siempre queda la experiencia\u201d.<\/p>\n\n\n\n<p>Tambi\u00e9n dej\u00f3 abierta la puerta a futuras oportunidades, comentando: \u201c\u00bfQui\u00e9n te dice que haya un veedor y alguna tenga la chance de crecer en su futuro?\u201d.<\/p>\n\n\n\n<hr class=\"wp-block-separator has-alpha-channel-opacity\"\/>\n\n\n\n<h3 class=\"wp-block-heading\" id=\"h-organizacion-y-categorias\">Organizaci\u00f3n y categor\u00edas<\/h3>\n\n\n\n<p>Hurac\u00e1n de Diamante participar\u00e1 con dos categor\u00edas en la Copa Promesas y sobre esto dijo: \u201cVamos con Sub 17, a cargo del profe \u00abPancho\u00bbFrancisco Lencinas, y con Sub 11, donde estoy yo junto a Cynthia Rojas. Nos gustar\u00eda llevar a todas, pero por una cuesti\u00f3n econ\u00f3mica no siempre se puede\u201d.<\/p>\n\n\n\n<p>Sobre este punto, explic\u00f3 la importancia de que cada jugadora compita en su categor\u00eda, expresando: \u201cNo es lo mismo una nena de 10 u 11 a\u00f1os jugando contra una de 14. Que puedan jugar en su categor\u00eda es lo que m\u00e1s nos incentiva\u201d.<\/p>\n\n\n\n<hr class=\"wp-block-separator has-alpha-channel-opacity\"\/>\n\n\n\n<h3 class=\"wp-block-heading\" id=\"h-el-rol-clave-de-la-familia\">El rol clave de la familia<\/h3>\n\n\n\n<p>El acompa\u00f1amiento de los padres es fundamental en el desarrollo de las jugadoras, por eso la formadora sostuvo: \u201cEs much\u00edsimo. Gracias a Dios tenemos un equipo de padres que est\u00e1n para todas las nenas. Si una mam\u00e1 no puede, sabe que su hija est\u00e1 cuidada\u201d.<\/p>\n\n\n\n<p>\u201cSe organizan para viajar, para llevar comida, para que est\u00e9n hidratadas. Son detalles que hacen a la formaci\u00f3n y al bienestar de las chicas\u201d, agreg\u00f3 la delegada. <\/p>\n\n\n\n<hr class=\"wp-block-separator has-alpha-channel-opacity\"\/>\n\n\n\n<h3 class=\"wp-block-heading\" id=\"h-un-espacio-propio-para-crecer\">Un espacio propio para crecer<\/h3>\n\n\n\n<p>Toniutti tambi\u00e9n hizo referencia a las dificultades que a\u00fan enfrenta el f\u00fatbol femenino, confesando: \u201cA veces somos discriminadas, hay gente a la que no le gusta que las mujeres jueguen al f\u00fatbol. Pero estamos en 2026 y ac\u00e1 estamos, m\u00e1s fuertes que nunca\u201d.<\/p>\n\n\n\n<p>En ese sentido, valor\u00f3 el crecimiento sostenido, expresando que: \u201cEs impresionante c\u00f3mo crecen los equipos y c\u00f3mo se suman chicas. A veces somos m\u00e1s competitivas que los varones. Ellos lo traen de nacimiento; nosotras lo tenemos que construir\u201d.<\/p>\n\n\n\n<hr class=\"wp-block-separator has-alpha-channel-opacity\"\/>\n\n\n\n<h3 class=\"wp-block-heading\" id=\"h-mas-que-futbol\">M\u00e1s que f\u00fatbol<\/h3>\n\n\n\n<p>Finalmente, dej\u00f3 un mensaje claro sobre el verdadero valor de la competencia, remarcando: \u201cNo es solo correr atr\u00e1s de la pelota. Ellas suman experiencias, diversi\u00f3n y momentos. Para algunas es un desahogo, para otras una forma de estar contenidas\u201d.<\/p>\n\n\n\n<p>La participaci\u00f3n en la Copa Promesas ser\u00e1 una nueva oportunidad para seguir fortaleciendo el f\u00fatbol femenino en la regi\u00f3n, promoviendo valores, inclusi\u00f3n y desarrollo deportivo.<\/p>\n","protected":false},"excerpt":{"rendered":"<p>La delegada de Hurac\u00e1n de Diamante femenino dialog\u00f3 con \u00abLocos X La Liga\u00bb y destac\u00f3 el crecimiento, el esfuerzo y la importancia de las experiencias en la formaci\u00f3n de las jugadoras. Gisela Toniutti, delegada de Hurac\u00e1n de Diamante femenino, dialog\u00f3 con \u00abLocos X La Liga\u00bb, el programa oficial de la Liga Paranaense de F\u00fatbol, que&#8230;<\/p>\n","protected":false},"author":6,"featured_media":5928,"comment_status":"open","ping_status":"open","sticky":false,"template":"","format":"standard","meta":{"footnotes":""},"categories":[5,2],"tags":[],"class_list":["post-5927","post","type-post","status-publish","format-standard","has-post-thumbnail","hentry","category-femenino","category-noticias"],"featured_image_src":"https:\/\/lpfparana.com.ar\/inicio\/wp-content\/uploads\/2026\/04\/huracan.jpg","author_info":{"display_name":"Juan Manuel Fernandez","author_link":"https:\/\/lpfparana.com.ar\/inicio\/author\/juanma\/"},"yoast_head":"<!-- This site is optimized with the Yoast SEO Premium plugin v23.3 (Yoast SEO v27.2) - https:\/\/yoast.com\/product\/yoast-seo-premium-wordpress\/ -->\n<title>\u00a0\u201cEl f\u00fatbol femenino en la regi\u00f3n creci\u00f3 much\u00edsimo\u201d -<\/title>\n<meta name=\"description\" content=\"La delegada de Hurac\u00e1n de Diamante femenino dialog\u00f3 con &quot;Locos X La Liga&quot; y destac\u00f3 el crecimiento, el esfuerzo y la importancia de las...\" \/>\n<meta name=\"robots\" content=\"index, follow, max-snippet:-1, max-image-preview:large, max-video-preview:-1\" \/>\n<link rel=\"canonical\" href=\"https:\/\/lpfparana.com.ar\/inicio\/el-futbol-femenino-en-la-region-crecio-muchisimo\/\" \/>\n<meta property=\"og:locale\" content=\"es_ES\" \/>\n<meta property=\"og:type\" content=\"article\" \/>\n<meta property=\"og:title\" content=\"\u00a0\u201cEl f\u00fatbol femenino en la regi\u00f3n creci\u00f3 much\u00edsimo\u201d\" \/>\n<meta property=\"og:description\" content=\"La delegada de Hurac\u00e1n de Diamante femenino dialog\u00f3 con &quot;Locos X La Liga&quot; y destac\u00f3 el crecimiento, el esfuerzo y la importancia de las...\" \/>\n<meta property=\"og:url\" content=\"https:\/\/lpfparana.com.ar\/inicio\/el-futbol-femenino-en-la-region-crecio-muchisimo\/\" \/>\n<meta property=\"article:published_time\" content=\"2026-04-29T10:42:03+00:00\" \/>\n<meta property=\"article:modified_time\" content=\"2026-04-29T10:42:05+00:00\" \/>\n<meta property=\"og:image\" content=\"https:\/\/lpfparana.com.ar\/inicio\/wp-content\/uploads\/2026\/04\/huracan.jpg\" \/>\n\t<meta property=\"og:image:width\" content=\"1280\" \/>\n\t<meta property=\"og:image:height\" content=\"720\" \/>\n\t<meta property=\"og:image:type\" content=\"image\/jpeg\" \/>\n<meta name=\"author\" content=\"Juan Manuel Fernandez\" \/>\n<meta name=\"twitter:card\" content=\"summary_large_image\" \/>\n<meta name=\"twitter:label1\" content=\"Escrito por\" \/>\n\t<meta name=\"twitter:data1\" content=\"Juan Manuel Fernandez\" \/>\n\t<meta name=\"twitter:label2\" content=\"Tiempo de lectura\" \/>\n\t<meta name=\"twitter:data2\" content=\"4 minutos\" \/>\n<script type=\"application\/ld+json\" class=\"yoast-schema-graph\">{\"@context\":\"https:\/\/schema.org\",\"@graph\":[{\"@type\":\"Article\",\"@id\":\"https:\/\/lpfparana.com.ar\/inicio\/el-futbol-femenino-en-la-region-crecio-muchisimo\/#article\",\"isPartOf\":{\"@id\":\"https:\/\/lpfparana.com.ar\/inicio\/el-futbol-femenino-en-la-region-crecio-muchisimo\/\"},\"author\":{\"name\":\"Juan Manuel Fernandez\",\"@id\":\"https:\/\/lpfparana.com.ar\/inicio\/#\/schema\/person\/5db3866b404cb9672f70c499a9ede0e1\"},\"headline\":\"\u00a0\u201cEl f\u00fatbol femenino en la regi\u00f3n creci\u00f3 much\u00edsimo\u201d\",\"datePublished\":\"2026-04-29T10:42:03+00:00\",\"dateModified\":\"2026-04-29T10:42:05+00:00\",\"mainEntityOfPage\":{\"@id\":\"https:\/\/lpfparana.com.ar\/inicio\/el-futbol-femenino-en-la-region-crecio-muchisimo\/\"},\"wordCount\":746,\"commentCount\":0,\"image\":{\"@id\":\"https:\/\/lpfparana.com.ar\/inicio\/el-futbol-femenino-en-la-region-crecio-muchisimo\/#primaryimage\"},\"thumbnailUrl\":\"https:\/\/lpfparana.com.ar\/inicio\/wp-content\/uploads\/2026\/04\/huracan.jpg\",\"articleSection\":[\"Femenino\",\"Noticias\"],\"inLanguage\":\"es\",\"potentialAction\":[{\"@type\":\"CommentAction\",\"name\":\"Comment\",\"target\":[\"https:\/\/lpfparana.com.ar\/inicio\/el-futbol-femenino-en-la-region-crecio-muchisimo\/#respond\"]}]},{\"@type\":\"WebPage\",\"@id\":\"https:\/\/lpfparana.com.ar\/inicio\/el-futbol-femenino-en-la-region-crecio-muchisimo\/\",\"url\":\"https:\/\/lpfparana.com.ar\/inicio\/el-futbol-femenino-en-la-region-crecio-muchisimo\/\",\"name\":\"\u00a0\u201cEl f\u00fatbol femenino en la regi\u00f3n creci\u00f3 much\u00edsimo\u201d -\",\"isPartOf\":{\"@id\":\"https:\/\/lpfparana.com.ar\/inicio\/#website\"},\"primaryImageOfPage\":{\"@id\":\"https:\/\/lpfparana.com.ar\/inicio\/el-futbol-femenino-en-la-region-crecio-muchisimo\/#primaryimage\"},\"image\":{\"@id\":\"https:\/\/lpfparana.com.ar\/inicio\/el-futbol-femenino-en-la-region-crecio-muchisimo\/#primaryimage\"},\"thumbnailUrl\":\"https:\/\/lpfparana.com.ar\/inicio\/wp-content\/uploads\/2026\/04\/huracan.jpg\",\"datePublished\":\"2026-04-29T10:42:03+00:00\",\"dateModified\":\"2026-04-29T10:42:05+00:00\",\"author\":{\"@id\":\"https:\/\/lpfparana.com.ar\/inicio\/#\/schema\/person\/5db3866b404cb9672f70c499a9ede0e1\"},\"description\":\"La delegada de Hurac\u00e1n de Diamante femenino dialog\u00f3 con \\\"Locos X La Liga\\\" y destac\u00f3 el crecimiento, el esfuerzo y la importancia de las...\",\"breadcrumb\":{\"@id\":\"https:\/\/lpfparana.com.ar\/inicio\/el-futbol-femenino-en-la-region-crecio-muchisimo\/#breadcrumb\"},\"inLanguage\":\"es\",\"potentialAction\":[{\"@type\":\"ReadAction\",\"target\":[\"https:\/\/lpfparana.com.ar\/inicio\/el-futbol-femenino-en-la-region-crecio-muchisimo\/\"]}]},{\"@type\":\"ImageObject\",\"inLanguage\":\"es\",\"@id\":\"https:\/\/lpfparana.com.ar\/inicio\/el-futbol-femenino-en-la-region-crecio-muchisimo\/#primaryimage\",\"url\":\"https:\/\/lpfparana.com.ar\/inicio\/wp-content\/uploads\/2026\/04\/huracan.jpg\",\"contentUrl\":\"https:\/\/lpfparana.com.ar\/inicio\/wp-content\/uploads\/2026\/04\/huracan.jpg\",\"width\":1280,\"height\":720},{\"@type\":\"BreadcrumbList\",\"@id\":\"https:\/\/lpfparana.com.ar\/inicio\/el-futbol-femenino-en-la-region-crecio-muchisimo\/#breadcrumb\",\"itemListElement\":[{\"@type\":\"ListItem\",\"position\":1,\"name\":\"Portada\",\"item\":\"https:\/\/lpfparana.com.ar\/inicio\/\"},{\"@type\":\"ListItem\",\"position\":2,\"name\":\"\u00a0\u201cEl f\u00fatbol femenino en la regi\u00f3n creci\u00f3 much\u00edsimo\u201d\"}]},{\"@type\":\"WebSite\",\"@id\":\"https:\/\/lpfparana.com.ar\/inicio\/#website\",\"url\":\"https:\/\/lpfparana.com.ar\/inicio\/\",\"name\":\"\",\"description\":\"LPF Paran\u00e1\",\"potentialAction\":[{\"@type\":\"SearchAction\",\"target\":{\"@type\":\"EntryPoint\",\"urlTemplate\":\"https:\/\/lpfparana.com.ar\/inicio\/?s={search_term_string}\"},\"query-input\":{\"@type\":\"PropertyValueSpecification\",\"valueRequired\":true,\"valueName\":\"search_term_string\"}}],\"inLanguage\":\"es\"},{\"@type\":\"Person\",\"@id\":\"https:\/\/lpfparana.com.ar\/inicio\/#\/schema\/person\/5db3866b404cb9672f70c499a9ede0e1\",\"name\":\"Juan Manuel Fernandez\",\"image\":{\"@type\":\"ImageObject\",\"inLanguage\":\"es\",\"@id\":\"https:\/\/secure.gravatar.com\/avatar\/b9ded3b46d997a47d4ffae36e85d6b17e879993cc483e0eae0cf69b9c53626e9?s=96&d=mm&r=g\",\"url\":\"https:\/\/secure.gravatar.com\/avatar\/b9ded3b46d997a47d4ffae36e85d6b17e879993cc483e0eae0cf69b9c53626e9?s=96&d=mm&r=g\",\"contentUrl\":\"https:\/\/secure.gravatar.com\/avatar\/b9ded3b46d997a47d4ffae36e85d6b17e879993cc483e0eae0cf69b9c53626e9?s=96&d=mm&r=g\",\"caption\":\"Juan Manuel Fernandez\"},\"url\":\"https:\/\/lpfparana.com.ar\/inicio\/author\/juanma\/\"}]}<\/script>\n<!-- \/ Yoast SEO Premium plugin. -->","yoast_head_json":{"title":"\u00a0\u201cEl f\u00fatbol femenino en la regi\u00f3n creci\u00f3 much\u00edsimo\u201d -","description":"La delegada de Hurac\u00e1n de Diamante femenino dialog\u00f3 con \"Locos X La Liga\" y destac\u00f3 el crecimiento, el esfuerzo y la importancia de las...","robots":{"index":"index","follow":"follow","max-snippet":"max-snippet:-1","max-image-preview":"max-image-preview:large","max-video-preview":"max-video-preview:-1"},"canonical":"https:\/\/lpfparana.com.ar\/inicio\/el-futbol-femenino-en-la-region-crecio-muchisimo\/","og_locale":"es_ES","og_type":"article","og_title":"\u00a0\u201cEl f\u00fatbol femenino en la regi\u00f3n creci\u00f3 much\u00edsimo\u201d","og_description":"La delegada de Hurac\u00e1n de Diamante femenino dialog\u00f3 con \"Locos X La Liga\" y destac\u00f3 el crecimiento, el esfuerzo y la importancia de las...","og_url":"https:\/\/lpfparana.com.ar\/inicio\/el-futbol-femenino-en-la-region-crecio-muchisimo\/","article_published_time":"2026-04-29T10:42:03+00:00","article_modified_time":"2026-04-29T10:42:05+00:00","og_image":[{"width":1280,"height":720,"url":"https:\/\/lpfparana.com.ar\/inicio\/wp-content\/uploads\/2026\/04\/huracan.jpg","type":"image\/jpeg"}],"author":"Juan Manuel Fernandez","twitter_card":"summary_large_image","twitter_misc":{"Escrito por":"Juan Manuel Fernandez","Tiempo de lectura":"4 minutos"},"schema":{"@context":"https:\/\/schema.org","@graph":[{"@type":"Article","@id":"https:\/\/lpfparana.com.ar\/inicio\/el-futbol-femenino-en-la-region-crecio-muchisimo\/#article","isPartOf":{"@id":"https:\/\/lpfparana.com.ar\/inicio\/el-futbol-femenino-en-la-region-crecio-muchisimo\/"},"author":{"name":"Juan Manuel Fernandez","@id":"https:\/\/lpfparana.com.ar\/inicio\/#\/schema\/person\/5db3866b404cb9672f70c499a9ede0e1"},"headline":"\u00a0\u201cEl f\u00fatbol femenino en la regi\u00f3n creci\u00f3 much\u00edsimo\u201d","datePublished":"2026-04-29T10:42:03+00:00","dateModified":"2026-04-29T10:42:05+00:00","mainEntityOfPage":{"@id":"https:\/\/lpfparana.com.ar\/inicio\/el-futbol-femenino-en-la-region-crecio-muchisimo\/"},"wordCount":746,"commentCount":0,"image":{"@id":"https:\/\/lpfparana.com.ar\/inicio\/el-futbol-femenino-en-la-region-crecio-muchisimo\/#primaryimage"},"thumbnailUrl":"https:\/\/lpfparana.com.ar\/inicio\/wp-content\/uploads\/2026\/04\/huracan.jpg","articleSection":["Femenino","Noticias"],"inLanguage":"es","potentialAction":[{"@type":"CommentAction","name":"Comment","target":["https:\/\/lpfparana.com.ar\/inicio\/el-futbol-femenino-en-la-region-crecio-muchisimo\/#respond"]}]},{"@type":"WebPage","@id":"https:\/\/lpfparana.com.ar\/inicio\/el-futbol-femenino-en-la-region-crecio-muchisimo\/","url":"https:\/\/lpfparana.com.ar\/inicio\/el-futbol-femenino-en-la-region-crecio-muchisimo\/","name":"\u00a0\u201cEl f\u00fatbol femenino en la regi\u00f3n creci\u00f3 much\u00edsimo\u201d -","isPartOf":{"@id":"https:\/\/lpfparana.com.ar\/inicio\/#website"},"primaryImageOfPage":{"@id":"https:\/\/lpfparana.com.ar\/inicio\/el-futbol-femenino-en-la-region-crecio-muchisimo\/#primaryimage"},"image":{"@id":"https:\/\/lpfparana.com.ar\/inicio\/el-futbol-femenino-en-la-region-crecio-muchisimo\/#primaryimage"},"thumbnailUrl":"https:\/\/lpfparana.com.ar\/inicio\/wp-content\/uploads\/2026\/04\/huracan.jpg","datePublished":"2026-04-29T10:42:03+00:00","dateModified":"2026-04-29T10:42:05+00:00","author":{"@id":"https:\/\/lpfparana.com.ar\/inicio\/#\/schema\/person\/5db3866b404cb9672f70c499a9ede0e1"},"description":"La delegada de Hurac\u00e1n de Diamante femenino dialog\u00f3 con \"Locos X La Liga\" y destac\u00f3 el crecimiento, el esfuerzo y la importancia de las...","breadcrumb":{"@id":"https:\/\/lpfparana.com.ar\/inicio\/el-futbol-femenino-en-la-region-crecio-muchisimo\/#breadcrumb"},"inLanguage":"es","potentialAction":[{"@type":"ReadAction","target":["https:\/\/lpfparana.com.ar\/inicio\/el-futbol-femenino-en-la-region-crecio-muchisimo\/"]}]},{"@type":"ImageObject","inLanguage":"es","@id":"https:\/\/lpfparana.com.ar\/inicio\/el-futbol-femenino-en-la-region-crecio-muchisimo\/#primaryimage","url":"https:\/\/lpfparana.com.ar\/inicio\/wp-content\/uploads\/2026\/04\/huracan.jpg","contentUrl":"https:\/\/lpfparana.com.ar\/inicio\/wp-content\/uploads\/2026\/04\/huracan.jpg","width":1280,"height":720},{"@type":"BreadcrumbList","@id":"https:\/\/lpfparana.com.ar\/inicio\/el-futbol-femenino-en-la-region-crecio-muchisimo\/#breadcrumb","itemListElement":[{"@type":"ListItem","position":1,"name":"Portada","item":"https:\/\/lpfparana.com.ar\/inicio\/"},{"@type":"ListItem","position":2,"name":"\u00a0\u201cEl f\u00fatbol femenino en la regi\u00f3n creci\u00f3 much\u00edsimo\u201d"}]},{"@type":"WebSite","@id":"https:\/\/lpfparana.com.ar\/inicio\/#website","url":"https:\/\/lpfparana.com.ar\/inicio\/","name":"","description":"LPF Paran\u00e1","potentialAction":[{"@type":"SearchAction","target":{"@type":"EntryPoint","urlTemplate":"https:\/\/lpfparana.com.ar\/inicio\/?s={search_term_string}"},"query-input":{"@type":"PropertyValueSpecification","valueRequired":true,"valueName":"search_term_string"}}],"inLanguage":"es"},{"@type":"Person","@id":"https:\/\/lpfparana.com.ar\/inicio\/#\/schema\/person\/5db3866b404cb9672f70c499a9ede0e1","name":"Juan Manuel Fernandez","image":{"@type":"ImageObject","inLanguage":"es","@id":"https:\/\/secure.gravatar.com\/avatar\/b9ded3b46d997a47d4ffae36e85d6b17e879993cc483e0eae0cf69b9c53626e9?s=96&d=mm&r=g","url":"https:\/\/secure.gravatar.com\/avatar\/b9ded3b46d997a47d4ffae36e85d6b17e879993cc483e0eae0cf69b9c53626e9?s=96&d=mm&r=g","contentUrl":"https:\/\/secure.gravatar.com\/avatar\/b9ded3b46d997a47d4ffae36e85d6b17e879993cc483e0eae0cf69b9c53626e9?s=96&d=mm&r=g","caption":"Juan Manuel Fernandez"},"url":"https:\/\/lpfparana.com.ar\/inicio\/author\/juanma\/"}]}},"_links":{"self":[{"href":"https:\/\/lpfparana.com.ar\/inicio\/wp-json\/wp\/v2\/posts\/5927","targetHints":{"allow":["GET"]}}],"collection":[{"href":"https:\/\/lpfparana.com.ar\/inicio\/wp-json\/wp\/v2\/posts"}],"about":[{"href":"https:\/\/lpfparana.com.ar\/inicio\/wp-json\/wp\/v2\/types\/post"}],"author":[{"embeddable":true,"href":"https:\/\/lpfparana.com.ar\/inicio\/wp-json\/wp\/v2\/users\/6"}],"replies":[{"embeddable":true,"href":"https:\/\/lpfparana.com.ar\/inicio\/wp-json\/wp\/v2\/comments?post=5927"}],"version-history":[{"count":2,"href":"https:\/\/lpfparana.com.ar\/inicio\/wp-json\/wp\/v2\/posts\/5927\/revisions"}],"predecessor-version":[{"id":5934,"href":"https:\/\/lpfparana.com.ar\/inicio\/wp-json\/wp\/v2\/posts\/5927\/revisions\/5934"}],"wp:featuredmedia":[{"embeddable":true,"href":"https:\/\/lpfparana.com.ar\/inicio\/wp-json\/wp\/v2\/media\/5928"}],"wp:attachment":[{"href":"https:\/\/lpfparana.com.ar\/inicio\/wp-json\/wp\/v2\/media?parent=5927"}],"wp:term":[{"taxonomy":"category","embeddable":true,"href":"https:\/\/lpfparana.com.ar\/inicio\/wp-json\/wp\/v2\/categories?post=5927"},{"taxonomy":"post_tag","embeddable":true,"href":"https:\/\/lpfparana.com.ar\/inicio\/wp-json\/wp\/v2\/tags?post=5927"}],"curies":[{"name":"wp","href":"https:\/\/api.w.org\/{rel}","templated":true}]}}