{"id":5827,"date":"2026-03-12T18:51:37","date_gmt":"2026-03-12T21:51:37","guid":{"rendered":"https:\/\/lpfparana.com.ar\/inicio\/?p=5827"},"modified":"2026-03-12T18:51:39","modified_gmt":"2026-03-12T21:51:39","slug":"la-municipalidad-de-parana-realizo-trabajos-de-desmalezado-en-sportivo-urquiza-y-acompanara-a-los-clubes-de-la-liga-paranaense-de-futbol","status":"publish","type":"post","link":"https:\/\/lpfparana.com.ar\/inicio\/la-municipalidad-de-parana-realizo-trabajos-de-desmalezado-en-sportivo-urquiza-y-acompanara-a-los-clubes-de-la-liga-paranaense-de-futbol\/","title":{"rendered":"La Municipalidad de Paran\u00e1 realiz\u00f3 trabajos de desmalezado en Sportivo Urquiza y acompa\u00f1ar\u00e1 a los clubes de la Liga Paranaense de F\u00fatbol"},"content":{"rendered":"\n<h3 class=\"wp-block-heading\" id=\"h-una-numerosa-cuadrilla-del-area-de-servicios-publicos-trabajo-este-jueves-en-el-predio-de-la-v-azulada-la-iniciativa-se-repetira-semanalmente-en-diferentes-instituciones-de-la-lpf\">Una numerosa cuadrilla del \u00e1rea de Servicios P\u00fablicos trabaj\u00f3 este jueves en el predio de la V Azulada. La iniciativa se repetir\u00e1 semanalmente en diferentes instituciones de la LPF. <\/h3>\n\n\n\n<hr class=\"wp-block-separator has-alpha-channel-opacity\"\/>\n\n\n\n<p>La <strong>Liga Paranaense de F\u00fatbol<\/strong> contin\u00faa fortaleciendo el v\u00ednculo con las instituciones de la ciudad a trav\u00e9s de acciones concretas que benefician directamente a los clubes. Este jueves, una numerosa cuadrilla de la <strong>Municipalidad de Paran\u00e1<\/strong>, perteneciente al \u00e1rea de Servicios P\u00fablicos, llev\u00f3 adelante importantes tareas de desmalezado en el predio del <strong>Club Sportivo Urquiza<\/strong>, uno de los hist\u00f3ricos escenarios del f\u00fatbol capitalino.<\/p>\n\n\n\n<p>El operativo se desarroll\u00f3 durante la jornada con el objetivo de mejorar las condiciones del espacio y colaborar con el mantenimiento de las instalaciones donde diariamente se desarrollan entrenamientos, partidos y actividades sociales. Las tareas forman parte de un programa de trabajo conjunto que permitir\u00e1 asistir progresivamente a distintos clubes que integran la Liga Paranaense.<\/p>\n\n\n\n<p>Desde el \u00e1rea de Servicios P\u00fablicos del municipio, encabezada por <strong>Julian Hirsfield<\/strong> y <strong>Daniel Clivio<\/strong>, se dispuso una importante cuadrilla de trabajadores que realizaron labores de limpieza y desmalezado en distintos sectores del predio, contribuyendo a la puesta en valor de un espacio fundamental para la actividad deportiva.<\/p>\n\n\n\n<p>Este tipo de acciones refleja el compromiso de la gesti\u00f3n municipal con el desarrollo del deporte y con las instituciones que cumplen un rol social clave en la comunidad. Los clubes de barrio no solo forman deportistas, sino tambi\u00e9n valores, contenci\u00f3n y espacios de encuentro para cientos de familias.<\/p>\n\n\n\n<h4 class=\"wp-block-heading\" id=\"h-seguira-la-proxima-semana\">Seguir\u00e1 la pr\u00f3xima semana<\/h4>\n\n\n\n<p>Adem\u00e1s, se confirm\u00f3 que este operativo no ser\u00e1 un hecho aislado. El programa de asistencia continuar\u00e1 desarroll\u00e1ndose <strong>todos los jueves<\/strong>, visitando distintos clubes que integran la Liga Paranaense de F\u00fatbol y que requieran este tipo de acompa\u00f1amiento para el mantenimiento de sus instalaciones.<\/p>\n\n\n\n<p>Desde la <strong>Liga Paranaense de F\u00fatbol<\/strong> se expres\u00f3 un profundo agradecimiento a la <strong>Municipalidad de Paran\u00e1<\/strong> y especialmente al \u00e1rea de <strong>Servicios P\u00fablicos<\/strong>, por el compromiso demostrado con las instituciones deportivas de la ciudad.<\/p>\n\n\n\n<p>\u201cEl acompa\u00f1amiento del Estado municipal es fundamental para nuestros clubes. Estas acciones fortalecen a las instituciones y ayudan a que sigan siendo espacios de crecimiento para nuestros j\u00f3venes\u201d, destacaron desde la entidad rectora del f\u00fatbol capitalino.<\/p>\n\n\n\n<p>La Liga Paranaense valora especialmente este trabajo conjunto que, m\u00e1s all\u00e1 del mantenimiento de los predios, representa un claro gesto de apoyo al deporte local y al esfuerzo diario que realizan dirigentes, entrenadores y familias para sostener la actividad futbol\u00edstica en la ciudad.<\/p>\n\n\n\n<p>Con iniciativas como esta, el f\u00fatbol de Paran\u00e1 contin\u00faa consolid\u00e1ndose como un verdadero motor social y comunitario. <\/p>\n","protected":false},"excerpt":{"rendered":"<p>Una numerosa cuadrilla del \u00e1rea de Servicios P\u00fablicos trabaj\u00f3 este jueves en el predio de la V Azulada. La iniciativa se repetir\u00e1 semanalmente en diferentes instituciones de la LPF. La Liga Paranaense de F\u00fatbol contin\u00faa fortaleciendo el v\u00ednculo con las instituciones de la ciudad a trav\u00e9s de acciones concretas que benefician directamente a los clubes&#8230;.<\/p>\n","protected":false},"author":4,"featured_media":5828,"comment_status":"open","ping_status":"open","sticky":false,"template":"","format":"standard","meta":{"footnotes":""},"categories":[7,2],"tags":[],"class_list":["post-5827","post","type-post","status-publish","format-standard","has-post-thumbnail","hentry","category-institucional","category-noticias"],"featured_image_src":"https:\/\/lpfparana.com.ar\/inicio\/wp-content\/uploads\/2026\/03\/WhatsApp-Image-2026-03-12-at-18.36.08.jpeg","author_info":{"display_name":"Juan Manuel L\u00f3pez","author_link":"https:\/\/lpfparana.com.ar\/inicio\/author\/juanito\/"},"yoast_head":"<!-- This site is optimized with the Yoast SEO Premium plugin v23.3 (Yoast SEO v27.2) - https:\/\/yoast.com\/product\/yoast-seo-premium-wordpress\/ -->\n<title>La Municipalidad apoyando los clubes de la LPF<\/title>\n<meta name=\"description\" content=\"Una numerosa cuadrilla del \u00e1rea de Servicios P\u00fablicos trabaj\u00f3 este jueves en el predio de la V Azulada. La iniciativa se repetir\u00e1...\" \/>\n<meta name=\"robots\" content=\"index, follow, max-snippet:-1, max-image-preview:large, max-video-preview:-1\" \/>\n<link rel=\"canonical\" href=\"https:\/\/lpfparana.com.ar\/inicio\/la-municipalidad-de-parana-realizo-trabajos-de-desmalezado-en-sportivo-urquiza-y-acompanara-a-los-clubes-de-la-liga-paranaense-de-futbol\/\" \/>\n<meta property=\"og:locale\" content=\"es_ES\" \/>\n<meta property=\"og:type\" content=\"article\" \/>\n<meta property=\"og:title\" content=\"La Municipalidad de Paran\u00e1 realiz\u00f3 trabajos de desmalezado en Sportivo Urquiza y acompa\u00f1ar\u00e1 a los clubes de la Liga Paranaense de F\u00fatbol\" \/>\n<meta property=\"og:description\" content=\"Una numerosa cuadrilla del \u00e1rea de Servicios P\u00fablicos trabaj\u00f3 este jueves en el predio de la V Azulada. La iniciativa se repetir\u00e1...\" \/>\n<meta property=\"og:url\" content=\"https:\/\/lpfparana.com.ar\/inicio\/la-municipalidad-de-parana-realizo-trabajos-de-desmalezado-en-sportivo-urquiza-y-acompanara-a-los-clubes-de-la-liga-paranaense-de-futbol\/\" \/>\n<meta property=\"article:published_time\" content=\"2026-03-12T21:51:37+00:00\" \/>\n<meta property=\"article:modified_time\" content=\"2026-03-12T21:51:39+00:00\" \/>\n<meta property=\"og:image\" content=\"https:\/\/lpfparana.com.ar\/inicio\/wp-content\/uploads\/2026\/03\/WhatsApp-Image-2026-03-12-at-18.36.08.jpeg\" \/>\n\t<meta property=\"og:image:width\" content=\"1280\" \/>\n\t<meta property=\"og:image:height\" content=\"963\" \/>\n\t<meta property=\"og:image:type\" content=\"image\/jpeg\" \/>\n<meta name=\"author\" content=\"Juan Manuel L\u00f3pez\" \/>\n<meta name=\"twitter:card\" content=\"summary_large_image\" \/>\n<meta name=\"twitter:label1\" content=\"Escrito por\" \/>\n\t<meta name=\"twitter:data1\" content=\"Juan Manuel L\u00f3pez\" \/>\n\t<meta name=\"twitter:label2\" content=\"Tiempo de lectura\" \/>\n\t<meta name=\"twitter:data2\" content=\"3 minutos\" \/>\n<script type=\"application\/ld+json\" class=\"yoast-schema-graph\">{\"@context\":\"https:\/\/schema.org\",\"@graph\":[{\"@type\":\"Article\",\"@id\":\"https:\/\/lpfparana.com.ar\/inicio\/la-municipalidad-de-parana-realizo-trabajos-de-desmalezado-en-sportivo-urquiza-y-acompanara-a-los-clubes-de-la-liga-paranaense-de-futbol\/#article\",\"isPartOf\":{\"@id\":\"https:\/\/lpfparana.com.ar\/inicio\/la-municipalidad-de-parana-realizo-trabajos-de-desmalezado-en-sportivo-urquiza-y-acompanara-a-los-clubes-de-la-liga-paranaense-de-futbol\/\"},\"author\":{\"name\":\"Juan Manuel L\u00f3pez\",\"@id\":\"https:\/\/lpfparana.com.ar\/inicio\/#\/schema\/person\/e4a909baf07553d45f0fb7b76f656d76\"},\"headline\":\"La Municipalidad de Paran\u00e1 realiz\u00f3 trabajos de desmalezado en Sportivo Urquiza y acompa\u00f1ar\u00e1 a los clubes de la Liga Paranaense de F\u00fatbol\",\"datePublished\":\"2026-03-12T21:51:37+00:00\",\"dateModified\":\"2026-03-12T21:51:39+00:00\",\"mainEntityOfPage\":{\"@id\":\"https:\/\/lpfparana.com.ar\/inicio\/la-municipalidad-de-parana-realizo-trabajos-de-desmalezado-en-sportivo-urquiza-y-acompanara-a-los-clubes-de-la-liga-paranaense-de-futbol\/\"},\"wordCount\":472,\"commentCount\":0,\"image\":{\"@id\":\"https:\/\/lpfparana.com.ar\/inicio\/la-municipalidad-de-parana-realizo-trabajos-de-desmalezado-en-sportivo-urquiza-y-acompanara-a-los-clubes-de-la-liga-paranaense-de-futbol\/#primaryimage\"},\"thumbnailUrl\":\"https:\/\/lpfparana.com.ar\/inicio\/wp-content\/uploads\/2026\/03\/WhatsApp-Image-2026-03-12-at-18.36.08.jpeg\",\"articleSection\":[\"Institucional\",\"Noticias\"],\"inLanguage\":\"es\",\"potentialAction\":[{\"@type\":\"CommentAction\",\"name\":\"Comment\",\"target\":[\"https:\/\/lpfparana.com.ar\/inicio\/la-municipalidad-de-parana-realizo-trabajos-de-desmalezado-en-sportivo-urquiza-y-acompanara-a-los-clubes-de-la-liga-paranaense-de-futbol\/#respond\"]}]},{\"@type\":\"WebPage\",\"@id\":\"https:\/\/lpfparana.com.ar\/inicio\/la-municipalidad-de-parana-realizo-trabajos-de-desmalezado-en-sportivo-urquiza-y-acompanara-a-los-clubes-de-la-liga-paranaense-de-futbol\/\",\"url\":\"https:\/\/lpfparana.com.ar\/inicio\/la-municipalidad-de-parana-realizo-trabajos-de-desmalezado-en-sportivo-urquiza-y-acompanara-a-los-clubes-de-la-liga-paranaense-de-futbol\/\",\"name\":\"La Municipalidad apoyando los clubes de la LPF\",\"isPartOf\":{\"@id\":\"https:\/\/lpfparana.com.ar\/inicio\/#website\"},\"primaryImageOfPage\":{\"@id\":\"https:\/\/lpfparana.com.ar\/inicio\/la-municipalidad-de-parana-realizo-trabajos-de-desmalezado-en-sportivo-urquiza-y-acompanara-a-los-clubes-de-la-liga-paranaense-de-futbol\/#primaryimage\"},\"image\":{\"@id\":\"https:\/\/lpfparana.com.ar\/inicio\/la-municipalidad-de-parana-realizo-trabajos-de-desmalezado-en-sportivo-urquiza-y-acompanara-a-los-clubes-de-la-liga-paranaense-de-futbol\/#primaryimage\"},\"thumbnailUrl\":\"https:\/\/lpfparana.com.ar\/inicio\/wp-content\/uploads\/2026\/03\/WhatsApp-Image-2026-03-12-at-18.36.08.jpeg\",\"datePublished\":\"2026-03-12T21:51:37+00:00\",\"dateModified\":\"2026-03-12T21:51:39+00:00\",\"author\":{\"@id\":\"https:\/\/lpfparana.com.ar\/inicio\/#\/schema\/person\/e4a909baf07553d45f0fb7b76f656d76\"},\"description\":\"Una numerosa cuadrilla del \u00e1rea de Servicios P\u00fablicos trabaj\u00f3 este jueves en el predio de la V Azulada. La iniciativa se repetir\u00e1...\",\"breadcrumb\":{\"@id\":\"https:\/\/lpfparana.com.ar\/inicio\/la-municipalidad-de-parana-realizo-trabajos-de-desmalezado-en-sportivo-urquiza-y-acompanara-a-los-clubes-de-la-liga-paranaense-de-futbol\/#breadcrumb\"},\"inLanguage\":\"es\",\"potentialAction\":[{\"@type\":\"ReadAction\",\"target\":[\"https:\/\/lpfparana.com.ar\/inicio\/la-municipalidad-de-parana-realizo-trabajos-de-desmalezado-en-sportivo-urquiza-y-acompanara-a-los-clubes-de-la-liga-paranaense-de-futbol\/\"]}]},{\"@type\":\"ImageObject\",\"inLanguage\":\"es\",\"@id\":\"https:\/\/lpfparana.com.ar\/inicio\/la-municipalidad-de-parana-realizo-trabajos-de-desmalezado-en-sportivo-urquiza-y-acompanara-a-los-clubes-de-la-liga-paranaense-de-futbol\/#primaryimage\",\"url\":\"https:\/\/lpfparana.com.ar\/inicio\/wp-content\/uploads\/2026\/03\/WhatsApp-Image-2026-03-12-at-18.36.08.jpeg\",\"contentUrl\":\"https:\/\/lpfparana.com.ar\/inicio\/wp-content\/uploads\/2026\/03\/WhatsApp-Image-2026-03-12-at-18.36.08.jpeg\",\"width\":1280,\"height\":963},{\"@type\":\"BreadcrumbList\",\"@id\":\"https:\/\/lpfparana.com.ar\/inicio\/la-municipalidad-de-parana-realizo-trabajos-de-desmalezado-en-sportivo-urquiza-y-acompanara-a-los-clubes-de-la-liga-paranaense-de-futbol\/#breadcrumb\",\"itemListElement\":[{\"@type\":\"ListItem\",\"position\":1,\"name\":\"Portada\",\"item\":\"https:\/\/lpfparana.com.ar\/inicio\/\"},{\"@type\":\"ListItem\",\"position\":2,\"name\":\"La Municipalidad de Paran\u00e1 realiz\u00f3 trabajos de desmalezado en Sportivo Urquiza y acompa\u00f1ar\u00e1 a los clubes de la Liga Paranaense de F\u00fatbol\"}]},{\"@type\":\"WebSite\",\"@id\":\"https:\/\/lpfparana.com.ar\/inicio\/#website\",\"url\":\"https:\/\/lpfparana.com.ar\/inicio\/\",\"name\":\"\",\"description\":\"LPF Paran\u00e1\",\"potentialAction\":[{\"@type\":\"SearchAction\",\"target\":{\"@type\":\"EntryPoint\",\"urlTemplate\":\"https:\/\/lpfparana.com.ar\/inicio\/?s={search_term_string}\"},\"query-input\":{\"@type\":\"PropertyValueSpecification\",\"valueRequired\":true,\"valueName\":\"search_term_string\"}}],\"inLanguage\":\"es\"},{\"@type\":\"Person\",\"@id\":\"https:\/\/lpfparana.com.ar\/inicio\/#\/schema\/person\/e4a909baf07553d45f0fb7b76f656d76\",\"name\":\"Juan Manuel L\u00f3pez\",\"image\":{\"@type\":\"ImageObject\",\"inLanguage\":\"es\",\"@id\":\"https:\/\/secure.gravatar.com\/avatar\/6fd4b36dc88658b1a9f8103e109f47885fcd020443829a5d936ca18f07c3d96c?s=96&d=mm&r=g\",\"url\":\"https:\/\/secure.gravatar.com\/avatar\/6fd4b36dc88658b1a9f8103e109f47885fcd020443829a5d936ca18f07c3d96c?s=96&d=mm&r=g\",\"contentUrl\":\"https:\/\/secure.gravatar.com\/avatar\/6fd4b36dc88658b1a9f8103e109f47885fcd020443829a5d936ca18f07c3d96c?s=96&d=mm&r=g\",\"caption\":\"Juan Manuel L\u00f3pez\"},\"url\":\"https:\/\/lpfparana.com.ar\/inicio\/author\/juanito\/\"}]}<\/script>\n<!-- \/ Yoast SEO Premium plugin. -->","yoast_head_json":{"title":"La Municipalidad apoyando los clubes de la LPF","description":"Una numerosa cuadrilla del \u00e1rea de Servicios P\u00fablicos trabaj\u00f3 este jueves en el predio de la V Azulada. La iniciativa se repetir\u00e1...","robots":{"index":"index","follow":"follow","max-snippet":"max-snippet:-1","max-image-preview":"max-image-preview:large","max-video-preview":"max-video-preview:-1"},"canonical":"https:\/\/lpfparana.com.ar\/inicio\/la-municipalidad-de-parana-realizo-trabajos-de-desmalezado-en-sportivo-urquiza-y-acompanara-a-los-clubes-de-la-liga-paranaense-de-futbol\/","og_locale":"es_ES","og_type":"article","og_title":"La Municipalidad de Paran\u00e1 realiz\u00f3 trabajos de desmalezado en Sportivo Urquiza y acompa\u00f1ar\u00e1 a los clubes de la Liga Paranaense de F\u00fatbol","og_description":"Una numerosa cuadrilla del \u00e1rea de Servicios P\u00fablicos trabaj\u00f3 este jueves en el predio de la V Azulada. La iniciativa se repetir\u00e1...","og_url":"https:\/\/lpfparana.com.ar\/inicio\/la-municipalidad-de-parana-realizo-trabajos-de-desmalezado-en-sportivo-urquiza-y-acompanara-a-los-clubes-de-la-liga-paranaense-de-futbol\/","article_published_time":"2026-03-12T21:51:37+00:00","article_modified_time":"2026-03-12T21:51:39+00:00","og_image":[{"width":1280,"height":963,"url":"https:\/\/lpfparana.com.ar\/inicio\/wp-content\/uploads\/2026\/03\/WhatsApp-Image-2026-03-12-at-18.36.08.jpeg","type":"image\/jpeg"}],"author":"Juan Manuel L\u00f3pez","twitter_card":"summary_large_image","twitter_misc":{"Escrito por":"Juan Manuel L\u00f3pez","Tiempo de lectura":"3 minutos"},"schema":{"@context":"https:\/\/schema.org","@graph":[{"@type":"Article","@id":"https:\/\/lpfparana.com.ar\/inicio\/la-municipalidad-de-parana-realizo-trabajos-de-desmalezado-en-sportivo-urquiza-y-acompanara-a-los-clubes-de-la-liga-paranaense-de-futbol\/#article","isPartOf":{"@id":"https:\/\/lpfparana.com.ar\/inicio\/la-municipalidad-de-parana-realizo-trabajos-de-desmalezado-en-sportivo-urquiza-y-acompanara-a-los-clubes-de-la-liga-paranaense-de-futbol\/"},"author":{"name":"Juan Manuel L\u00f3pez","@id":"https:\/\/lpfparana.com.ar\/inicio\/#\/schema\/person\/e4a909baf07553d45f0fb7b76f656d76"},"headline":"La Municipalidad de Paran\u00e1 realiz\u00f3 trabajos de desmalezado en Sportivo Urquiza y acompa\u00f1ar\u00e1 a los clubes de la Liga Paranaense de F\u00fatbol","datePublished":"2026-03-12T21:51:37+00:00","dateModified":"2026-03-12T21:51:39+00:00","mainEntityOfPage":{"@id":"https:\/\/lpfparana.com.ar\/inicio\/la-municipalidad-de-parana-realizo-trabajos-de-desmalezado-en-sportivo-urquiza-y-acompanara-a-los-clubes-de-la-liga-paranaense-de-futbol\/"},"wordCount":472,"commentCount":0,"image":{"@id":"https:\/\/lpfparana.com.ar\/inicio\/la-municipalidad-de-parana-realizo-trabajos-de-desmalezado-en-sportivo-urquiza-y-acompanara-a-los-clubes-de-la-liga-paranaense-de-futbol\/#primaryimage"},"thumbnailUrl":"https:\/\/lpfparana.com.ar\/inicio\/wp-content\/uploads\/2026\/03\/WhatsApp-Image-2026-03-12-at-18.36.08.jpeg","articleSection":["Institucional","Noticias"],"inLanguage":"es","potentialAction":[{"@type":"CommentAction","name":"Comment","target":["https:\/\/lpfparana.com.ar\/inicio\/la-municipalidad-de-parana-realizo-trabajos-de-desmalezado-en-sportivo-urquiza-y-acompanara-a-los-clubes-de-la-liga-paranaense-de-futbol\/#respond"]}]},{"@type":"WebPage","@id":"https:\/\/lpfparana.com.ar\/inicio\/la-municipalidad-de-parana-realizo-trabajos-de-desmalezado-en-sportivo-urquiza-y-acompanara-a-los-clubes-de-la-liga-paranaense-de-futbol\/","url":"https:\/\/lpfparana.com.ar\/inicio\/la-municipalidad-de-parana-realizo-trabajos-de-desmalezado-en-sportivo-urquiza-y-acompanara-a-los-clubes-de-la-liga-paranaense-de-futbol\/","name":"La Municipalidad apoyando los clubes de la LPF","isPartOf":{"@id":"https:\/\/lpfparana.com.ar\/inicio\/#website"},"primaryImageOfPage":{"@id":"https:\/\/lpfparana.com.ar\/inicio\/la-municipalidad-de-parana-realizo-trabajos-de-desmalezado-en-sportivo-urquiza-y-acompanara-a-los-clubes-de-la-liga-paranaense-de-futbol\/#primaryimage"},"image":{"@id":"https:\/\/lpfparana.com.ar\/inicio\/la-municipalidad-de-parana-realizo-trabajos-de-desmalezado-en-sportivo-urquiza-y-acompanara-a-los-clubes-de-la-liga-paranaense-de-futbol\/#primaryimage"},"thumbnailUrl":"https:\/\/lpfparana.com.ar\/inicio\/wp-content\/uploads\/2026\/03\/WhatsApp-Image-2026-03-12-at-18.36.08.jpeg","datePublished":"2026-03-12T21:51:37+00:00","dateModified":"2026-03-12T21:51:39+00:00","author":{"@id":"https:\/\/lpfparana.com.ar\/inicio\/#\/schema\/person\/e4a909baf07553d45f0fb7b76f656d76"},"description":"Una numerosa cuadrilla del \u00e1rea de Servicios P\u00fablicos trabaj\u00f3 este jueves en el predio de la V Azulada. La iniciativa se repetir\u00e1...","breadcrumb":{"@id":"https:\/\/lpfparana.com.ar\/inicio\/la-municipalidad-de-parana-realizo-trabajos-de-desmalezado-en-sportivo-urquiza-y-acompanara-a-los-clubes-de-la-liga-paranaense-de-futbol\/#breadcrumb"},"inLanguage":"es","potentialAction":[{"@type":"ReadAction","target":["https:\/\/lpfparana.com.ar\/inicio\/la-municipalidad-de-parana-realizo-trabajos-de-desmalezado-en-sportivo-urquiza-y-acompanara-a-los-clubes-de-la-liga-paranaense-de-futbol\/"]}]},{"@type":"ImageObject","inLanguage":"es","@id":"https:\/\/lpfparana.com.ar\/inicio\/la-municipalidad-de-parana-realizo-trabajos-de-desmalezado-en-sportivo-urquiza-y-acompanara-a-los-clubes-de-la-liga-paranaense-de-futbol\/#primaryimage","url":"https:\/\/lpfparana.com.ar\/inicio\/wp-content\/uploads\/2026\/03\/WhatsApp-Image-2026-03-12-at-18.36.08.jpeg","contentUrl":"https:\/\/lpfparana.com.ar\/inicio\/wp-content\/uploads\/2026\/03\/WhatsApp-Image-2026-03-12-at-18.36.08.jpeg","width":1280,"height":963},{"@type":"BreadcrumbList","@id":"https:\/\/lpfparana.com.ar\/inicio\/la-municipalidad-de-parana-realizo-trabajos-de-desmalezado-en-sportivo-urquiza-y-acompanara-a-los-clubes-de-la-liga-paranaense-de-futbol\/#breadcrumb","itemListElement":[{"@type":"ListItem","position":1,"name":"Portada","item":"https:\/\/lpfparana.com.ar\/inicio\/"},{"@type":"ListItem","position":2,"name":"La Municipalidad de Paran\u00e1 realiz\u00f3 trabajos de desmalezado en Sportivo Urquiza y acompa\u00f1ar\u00e1 a los clubes de la Liga Paranaense de F\u00fatbol"}]},{"@type":"WebSite","@id":"https:\/\/lpfparana.com.ar\/inicio\/#website","url":"https:\/\/lpfparana.com.ar\/inicio\/","name":"","description":"LPF Paran\u00e1","potentialAction":[{"@type":"SearchAction","target":{"@type":"EntryPoint","urlTemplate":"https:\/\/lpfparana.com.ar\/inicio\/?s={search_term_string}"},"query-input":{"@type":"PropertyValueSpecification","valueRequired":true,"valueName":"search_term_string"}}],"inLanguage":"es"},{"@type":"Person","@id":"https:\/\/lpfparana.com.ar\/inicio\/#\/schema\/person\/e4a909baf07553d45f0fb7b76f656d76","name":"Juan Manuel L\u00f3pez","image":{"@type":"ImageObject","inLanguage":"es","@id":"https:\/\/secure.gravatar.com\/avatar\/6fd4b36dc88658b1a9f8103e109f47885fcd020443829a5d936ca18f07c3d96c?s=96&d=mm&r=g","url":"https:\/\/secure.gravatar.com\/avatar\/6fd4b36dc88658b1a9f8103e109f47885fcd020443829a5d936ca18f07c3d96c?s=96&d=mm&r=g","contentUrl":"https:\/\/secure.gravatar.com\/avatar\/6fd4b36dc88658b1a9f8103e109f47885fcd020443829a5d936ca18f07c3d96c?s=96&d=mm&r=g","caption":"Juan Manuel L\u00f3pez"},"url":"https:\/\/lpfparana.com.ar\/inicio\/author\/juanito\/"}]}},"_links":{"self":[{"href":"https:\/\/lpfparana.com.ar\/inicio\/wp-json\/wp\/v2\/posts\/5827","targetHints":{"allow":["GET"]}}],"collection":[{"href":"https:\/\/lpfparana.com.ar\/inicio\/wp-json\/wp\/v2\/posts"}],"about":[{"href":"https:\/\/lpfparana.com.ar\/inicio\/wp-json\/wp\/v2\/types\/post"}],"author":[{"embeddable":true,"href":"https:\/\/lpfparana.com.ar\/inicio\/wp-json\/wp\/v2\/users\/4"}],"replies":[{"embeddable":true,"href":"https:\/\/lpfparana.com.ar\/inicio\/wp-json\/wp\/v2\/comments?post=5827"}],"version-history":[{"count":1,"href":"https:\/\/lpfparana.com.ar\/inicio\/wp-json\/wp\/v2\/posts\/5827\/revisions"}],"predecessor-version":[{"id":5829,"href":"https:\/\/lpfparana.com.ar\/inicio\/wp-json\/wp\/v2\/posts\/5827\/revisions\/5829"}],"wp:featuredmedia":[{"embeddable":true,"href":"https:\/\/lpfparana.com.ar\/inicio\/wp-json\/wp\/v2\/media\/5828"}],"wp:attachment":[{"href":"https:\/\/lpfparana.com.ar\/inicio\/wp-json\/wp\/v2\/media?parent=5827"}],"wp:term":[{"taxonomy":"category","embeddable":true,"href":"https:\/\/lpfparana.com.ar\/inicio\/wp-json\/wp\/v2\/categories?post=5827"},{"taxonomy":"post_tag","embeddable":true,"href":"https:\/\/lpfparana.com.ar\/inicio\/wp-json\/wp\/v2\/tags?post=5827"}],"curies":[{"name":"wp","href":"https:\/\/api.w.org\/{rel}","templated":true}]}}