{"id":5551,"date":"2025-11-14T09:47:24","date_gmt":"2025-11-14T12:47:24","guid":{"rendered":"https:\/\/lpfparana.com.ar\/inicio\/?p=5551"},"modified":"2025-11-14T09:47:25","modified_gmt":"2025-11-14T12:47:25","slug":"fue-un-debut-muy-lindo-un-sueno-hecho-realidad","status":"publish","type":"post","link":"https:\/\/lpfparana.com.ar\/inicio\/fue-un-debut-muy-lindo-un-sueno-hecho-realidad\/","title":{"rendered":"\u201cFue un debut muy lindo, un sue\u00f1o hecho realidad\u201d"},"content":{"rendered":"\n<h3 class=\"wp-block-heading\" id=\"h-el-joven-defensor-de-16-anos-heber-lescano-debuto-en-la-primera-division-del-club-atletico-belgrano-en-un-ano-donde-muchos-chicos-del-mondonguero-estan-cumpliendo-su-sueno-en-dialogo-con-locos-x-la-liga-el-programa-oficial-de-la-liga-paranaense-de-futbol-conto-sus-sensaciones-y-la-importancia-del-apoyo-familiar-en-este-gran-paso\">El joven defensor de 16 a\u00f1os,\u00a0Heber Lescano, debut\u00f3 en la primera divisi\u00f3n del Club Atl\u00e9tico Belgrano, en un a\u00f1o donde muchos chicos del \u00abMondonguero\u00bb est\u00e1n cumpliendo su sue\u00f1o. En di\u00e1logo con \u00abLocos X la Liga\u00bb, el programa oficial de la Liga Paranaense de F\u00fatbol, cont\u00f3 sus sensaciones y la importancia del apoyo familiar en este gran paso.<\/h3>\n\n\n\n<p>Heber Lescano, juvenil del Club Belgrano, hizo su debut en primera divisi\u00f3n este 2025, sum\u00e1ndose a la lista de j\u00f3venes talentos que vienen teniendo su oportunidad en el Club Atl\u00e9tico Belgrano. En comunicaci\u00f3n con \u00abLocos X la Liga\u00bb, el programa oficial de la Liga Paranaense de F\u00fatbol, el marcador central comparti\u00f3 sus emociones luego de un fin de semana que dif\u00edcilmente olvidar\u00e1.<\/p>\n\n\n\n<blockquote class=\"wp-block-quote is-layout-flow wp-block-quote-is-layout-flow\">\n<p>\u201cFue un debut muy lindo, ya que me toc\u00f3 jugar en una cancha dif\u00edcil y ante un equipo duro como Los Toritos\u201d, coment\u00f3 el defensor.<\/p>\n<\/blockquote>\n\n\n\n<h4 class=\"wp-block-heading\" id=\"h-un-2009-que-busca-abrirse-camino-en-primera\">Un 2009 que busca abrirse camino en primera<\/h4>\n\n\n\n<p>Con apenas 16 a\u00f1os, Lescano vive un presente so\u00f1ado. Lleg\u00f3 a Belgrano a principios de 2024, convocado por V\u00edctor Muller, y r\u00e1pidamente se adapt\u00f3 al club. Antes jugaba en Ministerio, donde dio sus primeros pasos en el f\u00fatbol local.<\/p>\n\n\n\n<blockquote class=\"wp-block-quote is-layout-flow wp-block-quote-is-layout-flow\">\n<p>\u201cCarucha (Muller) me dio la oportunidad de vestir la camiseta de Belgrano y no dud\u00e9 en aceptarla\u201d, record\u00f3 el joven.<\/p>\n<\/blockquote>\n\n\n\n<p>El zaguero destac\u00f3 el trabajo que viene realizando la instituci\u00f3n con sus divisiones formativas: \u201cPara nosotros, los m\u00e1s chicos, es un orgullo tener esta oportunidad. Cada d\u00eda aprendemos mucho de los jugadores con m\u00e1s experiencia, que nos ayudan a crecer y a seguir sumando minutos en primera\u201d.<\/p>\n\n\n\n<h4 class=\"wp-block-heading\" id=\"h-una-familia-ligada-al-futbol\">Una familia ligada al f\u00fatbol<\/h4>\n\n\n\n<p>El apellido Lescano tiene historia en la Liga Paranaense de F\u00fatbol. Heber es hermano de Rodrigo y Antonio \u201cConi\u201d Lescano, ambos defensores que tambi\u00e9n se destacan en el \u00e1mbito local. Adem\u00e1s, su padre, Claudio Lescano, fue referente en el club Ministerio, dejando una huella importante.<\/p>\n\n\n\n<blockquote class=\"wp-block-quote is-layout-flow wp-block-quote-is-layout-flow\">\n<p>\u201cMi viejo siempre est\u00e1, apoy\u00e1ndonos a m\u00ed y a mis hermanos. Nos dice lo que tenemos que hacer y c\u00f3mo hacerlo, siempre con la intenci\u00f3n de que sigamos adelante\u201d, expres\u00f3 emocionado.<\/p>\n<\/blockquote>\n\n\n\n<h4 class=\"wp-block-heading\" id=\"h-el-consejo-del-tecnico-y-la-mentalidad-del-debut\">El consejo del t\u00e9cnico y la mentalidad del debut<\/h4>\n\n\n\n<p>Antes de salir a la cancha, su entrenador Hugo Fontana le transmiti\u00f3 confianza y claridad: \u201cMe dijo que haga lo mismo que en los entrenamientos, que juegue por abajo, que no tire tanto pelotazo y que mueva la pelota de un lado al otro\u201d.<\/p>\n\n\n\n<p>Heber asegura que estas pr\u00e1cticas en el plantel mayor est\u00e1n siendo clave para su crecimiento futbol\u00edstico y personal. \u201cMe sirve mucho para mi desarrollo, y si alg\u00fan d\u00eda me toca ir a otro lado, todo esto me va a ayudar\u201d, afirm\u00f3.<\/p>\n\n\n\n<h4 class=\"wp-block-heading\" id=\"h-el-sueno-profesional\">El sue\u00f1o profesional<\/h4>\n\n\n\n<p>Nacido en 2009, Lescano es uno de los jugadores m\u00e1s j\u00f3venes en debutar en la primera del Mondonguero. Con una madurez notable para su edad, deja en claro que su meta est\u00e1 bien definida: \u201cMi sue\u00f1o es llegar a ser futbolista profesional. Para eso hay que tener sacrificio y constancia todos los d\u00edas\u201d, concluy\u00f3.<\/p>\n\n\n\n<hr class=\"wp-block-separator has-alpha-channel-opacity\"\/>\n\n\n\n<p>Belgrano sigue apostando al semillero y el debut de Heber Lescano es una muestra del trabajo que el club realiza con sus juveniles. En un plantel con identidad y proyecci\u00f3n, los chicos siguen escribiendo nuevas p\u00e1ginas en la historia del \u00abMondonguero\u00bb.<\/p>\n\n\n\n<p><\/p>\n","protected":false},"excerpt":{"rendered":"<p>El joven defensor de 16 a\u00f1os,\u00a0Heber Lescano, debut\u00f3 en la primera divisi\u00f3n del Club Atl\u00e9tico Belgrano, en un a\u00f1o donde muchos chicos del \u00abMondonguero\u00bb est\u00e1n cumpliendo su sue\u00f1o. En di\u00e1logo con \u00abLocos X la Liga\u00bb, el programa oficial de la Liga Paranaense de F\u00fatbol, cont\u00f3 sus sensaciones y la importancia del apoyo familiar en este&#8230;<\/p>\n","protected":false},"author":6,"featured_media":5552,"comment_status":"open","ping_status":"open","sticky":false,"template":"","format":"standard","meta":{"footnotes":""},"categories":[8,2],"tags":[],"class_list":["post-5551","post","type-post","status-publish","format-standard","has-post-thumbnail","hentry","category-masculino","category-noticias"],"featured_image_src":"https:\/\/lpfparana.com.ar\/inicio\/wp-content\/uploads\/2025\/11\/heber.jpg","author_info":{"display_name":"Juan Manuel Fernandez","author_link":"https:\/\/lpfparana.com.ar\/inicio\/author\/juanma\/"},"yoast_head":"<!-- This site is optimized with the Yoast SEO Premium plugin v23.3 (Yoast SEO v27.2) - https:\/\/yoast.com\/product\/yoast-seo-premium-wordpress\/ -->\n<title>\u201cFue un debut muy lindo, un sue\u00f1o hecho realidad\u201d -<\/title>\n<meta name=\"description\" content=\"El joven defensor de 16 a\u00f1os,\u00a0Heber Lescano, debut\u00f3 en la primera divisi\u00f3n del Club Atl\u00e9tico Belgrano, en un a\u00f1o donde muchos chicos del...\" \/>\n<meta name=\"robots\" content=\"index, follow, max-snippet:-1, max-image-preview:large, max-video-preview:-1\" \/>\n<link rel=\"canonical\" href=\"https:\/\/lpfparana.com.ar\/inicio\/fue-un-debut-muy-lindo-un-sueno-hecho-realidad\/\" \/>\n<meta property=\"og:locale\" content=\"es_ES\" \/>\n<meta property=\"og:type\" content=\"article\" \/>\n<meta property=\"og:title\" content=\"\u201cFue un debut muy lindo, un sue\u00f1o hecho realidad\u201d\" \/>\n<meta property=\"og:description\" content=\"El joven defensor de 16 a\u00f1os,\u00a0Heber Lescano, debut\u00f3 en la primera divisi\u00f3n del Club Atl\u00e9tico Belgrano, en un a\u00f1o donde muchos chicos del...\" \/>\n<meta property=\"og:url\" content=\"https:\/\/lpfparana.com.ar\/inicio\/fue-un-debut-muy-lindo-un-sueno-hecho-realidad\/\" \/>\n<meta property=\"article:published_time\" content=\"2025-11-14T12:47:24+00:00\" \/>\n<meta property=\"article:modified_time\" content=\"2025-11-14T12:47:25+00:00\" \/>\n<meta property=\"og:image\" content=\"https:\/\/lpfparana.com.ar\/inicio\/wp-content\/uploads\/2025\/11\/heber.jpg\" \/>\n\t<meta property=\"og:image:width\" content=\"1280\" \/>\n\t<meta property=\"og:image:height\" content=\"720\" \/>\n\t<meta property=\"og:image:type\" content=\"image\/jpeg\" \/>\n<meta name=\"author\" content=\"Juan Manuel Fernandez\" \/>\n<meta name=\"twitter:card\" content=\"summary_large_image\" \/>\n<meta name=\"twitter:label1\" content=\"Escrito por\" \/>\n\t<meta name=\"twitter:data1\" content=\"Juan Manuel Fernandez\" \/>\n\t<meta name=\"twitter:label2\" content=\"Tiempo de lectura\" \/>\n\t<meta name=\"twitter:data2\" content=\"3 minutos\" \/>\n<script type=\"application\/ld+json\" class=\"yoast-schema-graph\">{\"@context\":\"https:\/\/schema.org\",\"@graph\":[{\"@type\":\"Article\",\"@id\":\"https:\/\/lpfparana.com.ar\/inicio\/fue-un-debut-muy-lindo-un-sueno-hecho-realidad\/#article\",\"isPartOf\":{\"@id\":\"https:\/\/lpfparana.com.ar\/inicio\/fue-un-debut-muy-lindo-un-sueno-hecho-realidad\/\"},\"author\":{\"name\":\"Juan Manuel Fernandez\",\"@id\":\"https:\/\/lpfparana.com.ar\/inicio\/#\/schema\/person\/5db3866b404cb9672f70c499a9ede0e1\"},\"headline\":\"\u201cFue un debut muy lindo, un sue\u00f1o hecho realidad\u201d\",\"datePublished\":\"2025-11-14T12:47:24+00:00\",\"dateModified\":\"2025-11-14T12:47:25+00:00\",\"mainEntityOfPage\":{\"@id\":\"https:\/\/lpfparana.com.ar\/inicio\/fue-un-debut-muy-lindo-un-sueno-hecho-realidad\/\"},\"wordCount\":581,\"commentCount\":0,\"image\":{\"@id\":\"https:\/\/lpfparana.com.ar\/inicio\/fue-un-debut-muy-lindo-un-sueno-hecho-realidad\/#primaryimage\"},\"thumbnailUrl\":\"https:\/\/lpfparana.com.ar\/inicio\/wp-content\/uploads\/2025\/11\/heber.jpg\",\"articleSection\":[\"Masculino\",\"Noticias\"],\"inLanguage\":\"es\",\"potentialAction\":[{\"@type\":\"CommentAction\",\"name\":\"Comment\",\"target\":[\"https:\/\/lpfparana.com.ar\/inicio\/fue-un-debut-muy-lindo-un-sueno-hecho-realidad\/#respond\"]}]},{\"@type\":\"WebPage\",\"@id\":\"https:\/\/lpfparana.com.ar\/inicio\/fue-un-debut-muy-lindo-un-sueno-hecho-realidad\/\",\"url\":\"https:\/\/lpfparana.com.ar\/inicio\/fue-un-debut-muy-lindo-un-sueno-hecho-realidad\/\",\"name\":\"\u201cFue un debut muy lindo, un sue\u00f1o hecho realidad\u201d -\",\"isPartOf\":{\"@id\":\"https:\/\/lpfparana.com.ar\/inicio\/#website\"},\"primaryImageOfPage\":{\"@id\":\"https:\/\/lpfparana.com.ar\/inicio\/fue-un-debut-muy-lindo-un-sueno-hecho-realidad\/#primaryimage\"},\"image\":{\"@id\":\"https:\/\/lpfparana.com.ar\/inicio\/fue-un-debut-muy-lindo-un-sueno-hecho-realidad\/#primaryimage\"},\"thumbnailUrl\":\"https:\/\/lpfparana.com.ar\/inicio\/wp-content\/uploads\/2025\/11\/heber.jpg\",\"datePublished\":\"2025-11-14T12:47:24+00:00\",\"dateModified\":\"2025-11-14T12:47:25+00:00\",\"author\":{\"@id\":\"https:\/\/lpfparana.com.ar\/inicio\/#\/schema\/person\/5db3866b404cb9672f70c499a9ede0e1\"},\"description\":\"El joven defensor de 16 a\u00f1os,\u00a0Heber Lescano, debut\u00f3 en la primera divisi\u00f3n del Club Atl\u00e9tico Belgrano, en un a\u00f1o donde muchos chicos del...\",\"breadcrumb\":{\"@id\":\"https:\/\/lpfparana.com.ar\/inicio\/fue-un-debut-muy-lindo-un-sueno-hecho-realidad\/#breadcrumb\"},\"inLanguage\":\"es\",\"potentialAction\":[{\"@type\":\"ReadAction\",\"target\":[\"https:\/\/lpfparana.com.ar\/inicio\/fue-un-debut-muy-lindo-un-sueno-hecho-realidad\/\"]}]},{\"@type\":\"ImageObject\",\"inLanguage\":\"es\",\"@id\":\"https:\/\/lpfparana.com.ar\/inicio\/fue-un-debut-muy-lindo-un-sueno-hecho-realidad\/#primaryimage\",\"url\":\"https:\/\/lpfparana.com.ar\/inicio\/wp-content\/uploads\/2025\/11\/heber.jpg\",\"contentUrl\":\"https:\/\/lpfparana.com.ar\/inicio\/wp-content\/uploads\/2025\/11\/heber.jpg\",\"width\":1280,\"height\":720},{\"@type\":\"BreadcrumbList\",\"@id\":\"https:\/\/lpfparana.com.ar\/inicio\/fue-un-debut-muy-lindo-un-sueno-hecho-realidad\/#breadcrumb\",\"itemListElement\":[{\"@type\":\"ListItem\",\"position\":1,\"name\":\"Portada\",\"item\":\"https:\/\/lpfparana.com.ar\/inicio\/\"},{\"@type\":\"ListItem\",\"position\":2,\"name\":\"\u201cFue un debut muy lindo, un sue\u00f1o hecho realidad\u201d\"}]},{\"@type\":\"WebSite\",\"@id\":\"https:\/\/lpfparana.com.ar\/inicio\/#website\",\"url\":\"https:\/\/lpfparana.com.ar\/inicio\/\",\"name\":\"\",\"description\":\"LPF Paran\u00e1\",\"potentialAction\":[{\"@type\":\"SearchAction\",\"target\":{\"@type\":\"EntryPoint\",\"urlTemplate\":\"https:\/\/lpfparana.com.ar\/inicio\/?s={search_term_string}\"},\"query-input\":{\"@type\":\"PropertyValueSpecification\",\"valueRequired\":true,\"valueName\":\"search_term_string\"}}],\"inLanguage\":\"es\"},{\"@type\":\"Person\",\"@id\":\"https:\/\/lpfparana.com.ar\/inicio\/#\/schema\/person\/5db3866b404cb9672f70c499a9ede0e1\",\"name\":\"Juan Manuel Fernandez\",\"image\":{\"@type\":\"ImageObject\",\"inLanguage\":\"es\",\"@id\":\"https:\/\/secure.gravatar.com\/avatar\/b9ded3b46d997a47d4ffae36e85d6b17e879993cc483e0eae0cf69b9c53626e9?s=96&d=mm&r=g\",\"url\":\"https:\/\/secure.gravatar.com\/avatar\/b9ded3b46d997a47d4ffae36e85d6b17e879993cc483e0eae0cf69b9c53626e9?s=96&d=mm&r=g\",\"contentUrl\":\"https:\/\/secure.gravatar.com\/avatar\/b9ded3b46d997a47d4ffae36e85d6b17e879993cc483e0eae0cf69b9c53626e9?s=96&d=mm&r=g\",\"caption\":\"Juan Manuel Fernandez\"},\"url\":\"https:\/\/lpfparana.com.ar\/inicio\/author\/juanma\/\"}]}<\/script>\n<!-- \/ Yoast SEO Premium plugin. -->","yoast_head_json":{"title":"\u201cFue un debut muy lindo, un sue\u00f1o hecho realidad\u201d -","description":"El joven defensor de 16 a\u00f1os,\u00a0Heber Lescano, debut\u00f3 en la primera divisi\u00f3n del Club Atl\u00e9tico Belgrano, en un a\u00f1o donde muchos chicos del...","robots":{"index":"index","follow":"follow","max-snippet":"max-snippet:-1","max-image-preview":"max-image-preview:large","max-video-preview":"max-video-preview:-1"},"canonical":"https:\/\/lpfparana.com.ar\/inicio\/fue-un-debut-muy-lindo-un-sueno-hecho-realidad\/","og_locale":"es_ES","og_type":"article","og_title":"\u201cFue un debut muy lindo, un sue\u00f1o hecho realidad\u201d","og_description":"El joven defensor de 16 a\u00f1os,\u00a0Heber Lescano, debut\u00f3 en la primera divisi\u00f3n del Club Atl\u00e9tico Belgrano, en un a\u00f1o donde muchos chicos del...","og_url":"https:\/\/lpfparana.com.ar\/inicio\/fue-un-debut-muy-lindo-un-sueno-hecho-realidad\/","article_published_time":"2025-11-14T12:47:24+00:00","article_modified_time":"2025-11-14T12:47:25+00:00","og_image":[{"width":1280,"height":720,"url":"https:\/\/lpfparana.com.ar\/inicio\/wp-content\/uploads\/2025\/11\/heber.jpg","type":"image\/jpeg"}],"author":"Juan Manuel Fernandez","twitter_card":"summary_large_image","twitter_misc":{"Escrito por":"Juan Manuel Fernandez","Tiempo de lectura":"3 minutos"},"schema":{"@context":"https:\/\/schema.org","@graph":[{"@type":"Article","@id":"https:\/\/lpfparana.com.ar\/inicio\/fue-un-debut-muy-lindo-un-sueno-hecho-realidad\/#article","isPartOf":{"@id":"https:\/\/lpfparana.com.ar\/inicio\/fue-un-debut-muy-lindo-un-sueno-hecho-realidad\/"},"author":{"name":"Juan Manuel Fernandez","@id":"https:\/\/lpfparana.com.ar\/inicio\/#\/schema\/person\/5db3866b404cb9672f70c499a9ede0e1"},"headline":"\u201cFue un debut muy lindo, un sue\u00f1o hecho realidad\u201d","datePublished":"2025-11-14T12:47:24+00:00","dateModified":"2025-11-14T12:47:25+00:00","mainEntityOfPage":{"@id":"https:\/\/lpfparana.com.ar\/inicio\/fue-un-debut-muy-lindo-un-sueno-hecho-realidad\/"},"wordCount":581,"commentCount":0,"image":{"@id":"https:\/\/lpfparana.com.ar\/inicio\/fue-un-debut-muy-lindo-un-sueno-hecho-realidad\/#primaryimage"},"thumbnailUrl":"https:\/\/lpfparana.com.ar\/inicio\/wp-content\/uploads\/2025\/11\/heber.jpg","articleSection":["Masculino","Noticias"],"inLanguage":"es","potentialAction":[{"@type":"CommentAction","name":"Comment","target":["https:\/\/lpfparana.com.ar\/inicio\/fue-un-debut-muy-lindo-un-sueno-hecho-realidad\/#respond"]}]},{"@type":"WebPage","@id":"https:\/\/lpfparana.com.ar\/inicio\/fue-un-debut-muy-lindo-un-sueno-hecho-realidad\/","url":"https:\/\/lpfparana.com.ar\/inicio\/fue-un-debut-muy-lindo-un-sueno-hecho-realidad\/","name":"\u201cFue un debut muy lindo, un sue\u00f1o hecho realidad\u201d -","isPartOf":{"@id":"https:\/\/lpfparana.com.ar\/inicio\/#website"},"primaryImageOfPage":{"@id":"https:\/\/lpfparana.com.ar\/inicio\/fue-un-debut-muy-lindo-un-sueno-hecho-realidad\/#primaryimage"},"image":{"@id":"https:\/\/lpfparana.com.ar\/inicio\/fue-un-debut-muy-lindo-un-sueno-hecho-realidad\/#primaryimage"},"thumbnailUrl":"https:\/\/lpfparana.com.ar\/inicio\/wp-content\/uploads\/2025\/11\/heber.jpg","datePublished":"2025-11-14T12:47:24+00:00","dateModified":"2025-11-14T12:47:25+00:00","author":{"@id":"https:\/\/lpfparana.com.ar\/inicio\/#\/schema\/person\/5db3866b404cb9672f70c499a9ede0e1"},"description":"El joven defensor de 16 a\u00f1os,\u00a0Heber Lescano, debut\u00f3 en la primera divisi\u00f3n del Club Atl\u00e9tico Belgrano, en un a\u00f1o donde muchos chicos del...","breadcrumb":{"@id":"https:\/\/lpfparana.com.ar\/inicio\/fue-un-debut-muy-lindo-un-sueno-hecho-realidad\/#breadcrumb"},"inLanguage":"es","potentialAction":[{"@type":"ReadAction","target":["https:\/\/lpfparana.com.ar\/inicio\/fue-un-debut-muy-lindo-un-sueno-hecho-realidad\/"]}]},{"@type":"ImageObject","inLanguage":"es","@id":"https:\/\/lpfparana.com.ar\/inicio\/fue-un-debut-muy-lindo-un-sueno-hecho-realidad\/#primaryimage","url":"https:\/\/lpfparana.com.ar\/inicio\/wp-content\/uploads\/2025\/11\/heber.jpg","contentUrl":"https:\/\/lpfparana.com.ar\/inicio\/wp-content\/uploads\/2025\/11\/heber.jpg","width":1280,"height":720},{"@type":"BreadcrumbList","@id":"https:\/\/lpfparana.com.ar\/inicio\/fue-un-debut-muy-lindo-un-sueno-hecho-realidad\/#breadcrumb","itemListElement":[{"@type":"ListItem","position":1,"name":"Portada","item":"https:\/\/lpfparana.com.ar\/inicio\/"},{"@type":"ListItem","position":2,"name":"\u201cFue un debut muy lindo, un sue\u00f1o hecho realidad\u201d"}]},{"@type":"WebSite","@id":"https:\/\/lpfparana.com.ar\/inicio\/#website","url":"https:\/\/lpfparana.com.ar\/inicio\/","name":"","description":"LPF Paran\u00e1","potentialAction":[{"@type":"SearchAction","target":{"@type":"EntryPoint","urlTemplate":"https:\/\/lpfparana.com.ar\/inicio\/?s={search_term_string}"},"query-input":{"@type":"PropertyValueSpecification","valueRequired":true,"valueName":"search_term_string"}}],"inLanguage":"es"},{"@type":"Person","@id":"https:\/\/lpfparana.com.ar\/inicio\/#\/schema\/person\/5db3866b404cb9672f70c499a9ede0e1","name":"Juan Manuel Fernandez","image":{"@type":"ImageObject","inLanguage":"es","@id":"https:\/\/secure.gravatar.com\/avatar\/b9ded3b46d997a47d4ffae36e85d6b17e879993cc483e0eae0cf69b9c53626e9?s=96&d=mm&r=g","url":"https:\/\/secure.gravatar.com\/avatar\/b9ded3b46d997a47d4ffae36e85d6b17e879993cc483e0eae0cf69b9c53626e9?s=96&d=mm&r=g","contentUrl":"https:\/\/secure.gravatar.com\/avatar\/b9ded3b46d997a47d4ffae36e85d6b17e879993cc483e0eae0cf69b9c53626e9?s=96&d=mm&r=g","caption":"Juan Manuel Fernandez"},"url":"https:\/\/lpfparana.com.ar\/inicio\/author\/juanma\/"}]}},"_links":{"self":[{"href":"https:\/\/lpfparana.com.ar\/inicio\/wp-json\/wp\/v2\/posts\/5551","targetHints":{"allow":["GET"]}}],"collection":[{"href":"https:\/\/lpfparana.com.ar\/inicio\/wp-json\/wp\/v2\/posts"}],"about":[{"href":"https:\/\/lpfparana.com.ar\/inicio\/wp-json\/wp\/v2\/types\/post"}],"author":[{"embeddable":true,"href":"https:\/\/lpfparana.com.ar\/inicio\/wp-json\/wp\/v2\/users\/6"}],"replies":[{"embeddable":true,"href":"https:\/\/lpfparana.com.ar\/inicio\/wp-json\/wp\/v2\/comments?post=5551"}],"version-history":[{"count":2,"href":"https:\/\/lpfparana.com.ar\/inicio\/wp-json\/wp\/v2\/posts\/5551\/revisions"}],"predecessor-version":[{"id":5557,"href":"https:\/\/lpfparana.com.ar\/inicio\/wp-json\/wp\/v2\/posts\/5551\/revisions\/5557"}],"wp:featuredmedia":[{"embeddable":true,"href":"https:\/\/lpfparana.com.ar\/inicio\/wp-json\/wp\/v2\/media\/5552"}],"wp:attachment":[{"href":"https:\/\/lpfparana.com.ar\/inicio\/wp-json\/wp\/v2\/media?parent=5551"}],"wp:term":[{"taxonomy":"category","embeddable":true,"href":"https:\/\/lpfparana.com.ar\/inicio\/wp-json\/wp\/v2\/categories?post=5551"},{"taxonomy":"post_tag","embeddable":true,"href":"https:\/\/lpfparana.com.ar\/inicio\/wp-json\/wp\/v2\/tags?post=5551"}],"curies":[{"name":"wp","href":"https:\/\/api.w.org\/{rel}","templated":true}]}}