{"id":5504,"date":"2025-10-29T17:37:48","date_gmt":"2025-10-29T20:37:48","guid":{"rendered":"https:\/\/lpfparana.com.ar\/inicio\/?p=5504"},"modified":"2025-10-29T17:37:50","modified_gmt":"2025-10-29T20:37:50","slug":"jesus-retamoso-del-futbol-paranaense-al-regional-amateur-junto-a-jose-pepe-sand","status":"publish","type":"post","link":"https:\/\/lpfparana.com.ar\/inicio\/jesus-retamoso-del-futbol-paranaense-al-regional-amateur-junto-a-jose-pepe-sand\/","title":{"rendered":"Jes\u00fas Retamoso, del f\u00fatbol paranaense, al Regional Amateur junto a Jos\u00e9 \u201cPepe\u201d Sand"},"content":{"rendered":"\n<h3 class=\"wp-block-heading\" id=\"h-el-ex-jugador-de-la-liga-paranaense-de-futbol-jesus-retamoso-defiende-actualmente-los-colores-de-argentino-de-bell-ville-cordoba-en-el-torneo-regional-federal-amateur-alli-comparte-plantel-con-la-leyenda-jose-pepe-sand-en-dialogo-con-locos-x-la-liga-el-programa-oficial-de-la-liga-paranaense-de-futbol-que-se-emite-por-fm-litoral-103-1\">El ex jugador de la Liga Paranaense de F\u00fatbol, Jes\u00fas Retamoso, defiende actualmente los colores de Argentino de Bell Ville (C\u00f3rdoba) en el Torneo Regional Federal Amateur. All\u00ed comparte plantel con la leyenda Jos\u00e9 \u201cPepe\u201d Sand. En di\u00e1logo con \u00abLocos X la Liga\u00bb, el programa oficial de la Liga Paranaense de F\u00fatbol que se emite por FM Litoral 103.1.<\/h3>\n\n\n\n<p>Con paso por distintos clubes de varias provincias del pa\u00eds \u2014Corrientes, Santa Fe y ahora C\u00f3rdoba\u2014, Jes\u00fas Retamoso vive uno de los momentos m\u00e1s importantes de su carrera, compitiendo en un certamen exigente como el Torneo Regional Federal Amateur.<\/p>\n\n\n\n<blockquote class=\"wp-block-quote is-layout-flow wp-block-quote-is-layout-flow\">\n<p>\u201cEstoy tratando de dar ese salto y de hacerme un nombre en el f\u00fatbol. Ojal\u00e1 que de eso tambi\u00e9n se puedan abrir puertas para otros chicos paranaenses, porque el f\u00fatbol de Paran\u00e1 es muy dif\u00edcil\u201d, expres\u00f3 el jugador.<\/p>\n<\/blockquote>\n\n\n\n<p>El futbolista formado en la Liga Paranaense de F\u00fatbol valor\u00f3 el esfuerzo que realizan los jugadores de la regi\u00f3n para trascender: \u201cEl f\u00fatbol paranaense es todo a pulm\u00f3n. Muchos chicos se van a probar suerte a otras provincias o incluso al exterior, pero todos con la misma idea: hacerse su camino en este deporte\u201d.<\/p>\n\n\n\n<hr class=\"wp-block-separator has-alpha-channel-opacity\"\/>\n\n\n\n<h4 class=\"wp-block-heading\" id=\"h-un-debut-sonado-en-el-regional-amateur\">Un debut so\u00f1ado en el Regional Amateur<\/h4>\n\n\n\n<p>Actualmente, Jes\u00fas viste la camiseta de Argentino de Bell Ville, instituci\u00f3n que disputa por primera vez el Torneo Regional Federal Amateur. El debut no pudo ser mejor: victoria por 1 a 0 en la primera fecha del certamen. \u201cJugamos el domingo pasado y ganamos 1 a 0. Fue el primer partido y la primera victoria del equipo. Es un grupo muy humilde, que hace cuatro a\u00f1os viene trabajando bien y ahora logr\u00f3 llegar al Regional\u201d, cont\u00f3.<\/p>\n\n\n\n<p>Adem\u00e1s, el jugador destac\u00f3 la calidad de sus compa\u00f1eros y el ambiente del club cordob\u00e9s: \u201cMe encontr\u00e9 con un equipo muy bueno, con jugadores de gran nivel y una instituci\u00f3n muy unida. Me hace acordar al Pe\u00f1arol de Paran\u00e1 de 2023, que lleg\u00f3 a semifinales de la Copa Entre R\u00edos\u201d.<\/p>\n\n\n\n<hr class=\"wp-block-separator has-alpha-channel-opacity\"\/>\n\n\n\n<h4 class=\"wp-block-heading\" id=\"h-compartir-vestuario-con-un-historico-jose-pepe-sand\">Compartir vestuario con un hist\u00f3rico: Jos\u00e9 \u201cPepe\u201d Sand<\/h4>\n\n\n\n<p>Uno de los grandes atractivos de este nuevo paso en su carrera es compartir plantel con el experimentado goleador Jos\u00e9 Sand, \u00eddolo de Lan\u00fas y del f\u00fatbol argentino. \u201cLa verdad que me siento muy bien al lado de semejante jugador. Sabemos la importancia que tiene Pepe para el grupo y el camino que puede abrirnos tambi\u00e9n a los m\u00e1s j\u00f3venes\u201d, coment\u00f3 Retamoso entre risas.<\/p>\n\n\n\n<blockquote class=\"wp-block-quote is-layout-flow wp-block-quote-is-layout-flow\">\n<p>\u201cSi hay que protestar algo al \u00e1rbitro, lo mandamos a \u00e9l\u201d, brome\u00f3 Jes\u00fas.<\/p>\n<\/blockquote>\n\n\n\n<hr class=\"wp-block-separator has-alpha-channel-opacity\"\/>\n\n\n\n<h4 class=\"wp-block-heading\" id=\"h-queremos-llegar-lo-mas-lejos-posible\">\u201cQueremos llegar lo m\u00e1s lejos posible\u201d<\/h4>\n\n\n\n<p>Con humildad pero con objetivos claros, Argentino de Bell Ville busca ser protagonista en su primera experiencia regional. <\/p>\n\n\n\n<p>Jes\u00fas Retamoso contin\u00faa su sue\u00f1o futbolero, representando con orgullo a Paran\u00e1 en el Torneo Regional Federal Amateur. Su historia refleja el esfuerzo y la pasi\u00f3n de tantos jugadores del interior que, con trabajo y constancia, siguen apostando a crecer dentro del f\u00fatbol argentino.<\/p>\n","protected":false},"excerpt":{"rendered":"<p>El ex jugador de la Liga Paranaense de F\u00fatbol, Jes\u00fas Retamoso, defiende actualmente los colores de Argentino de Bell Ville (C\u00f3rdoba) en el Torneo Regional Federal Amateur. All\u00ed comparte plantel con la leyenda Jos\u00e9 \u201cPepe\u201d Sand. En di\u00e1logo con \u00abLocos X la Liga\u00bb, el programa oficial de la Liga Paranaense de F\u00fatbol que se emite&#8230;<\/p>\n","protected":false},"author":6,"featured_media":5505,"comment_status":"open","ping_status":"open","sticky":false,"template":"","format":"standard","meta":{"footnotes":""},"categories":[2],"tags":[],"class_list":["post-5504","post","type-post","status-publish","format-standard","has-post-thumbnail","hentry","category-noticias"],"featured_image_src":"https:\/\/lpfparana.com.ar\/inicio\/wp-content\/uploads\/2025\/10\/retamoso.jpg","author_info":{"display_name":"Juan Manuel Fernandez","author_link":"https:\/\/lpfparana.com.ar\/inicio\/author\/juanma\/"},"yoast_head":"<!-- This site is optimized with the Yoast SEO Premium plugin v23.3 (Yoast SEO v27.2) - https:\/\/yoast.com\/product\/yoast-seo-premium-wordpress\/ -->\n<title>Jes\u00fas Retamoso, del f\u00fatbol paranaense, al Regional Amateur junto a Jos\u00e9 \u201cPepe\u201d Sand<\/title>\n<meta name=\"description\" content=\"El ex jugador de la Liga Paranaense de F\u00fatbol, Jes\u00fas Retamoso, defiende actualmente los colores de Argentino de Bell Ville (C\u00f3rdoba) en el...\" \/>\n<meta name=\"robots\" content=\"index, follow, max-snippet:-1, max-image-preview:large, max-video-preview:-1\" \/>\n<link rel=\"canonical\" href=\"https:\/\/lpfparana.com.ar\/inicio\/jesus-retamoso-del-futbol-paranaense-al-regional-amateur-junto-a-jose-pepe-sand\/\" \/>\n<meta property=\"og:locale\" content=\"es_ES\" \/>\n<meta property=\"og:type\" content=\"article\" \/>\n<meta property=\"og:title\" content=\"Jes\u00fas Retamoso, del f\u00fatbol paranaense, al Regional Amateur junto a Jos\u00e9 \u201cPepe\u201d Sand\" \/>\n<meta property=\"og:description\" content=\"El ex jugador de la Liga Paranaense de F\u00fatbol, Jes\u00fas Retamoso, defiende actualmente los colores de Argentino de Bell Ville (C\u00f3rdoba) en el...\" \/>\n<meta property=\"og:url\" content=\"https:\/\/lpfparana.com.ar\/inicio\/jesus-retamoso-del-futbol-paranaense-al-regional-amateur-junto-a-jose-pepe-sand\/\" \/>\n<meta property=\"article:published_time\" content=\"2025-10-29T20:37:48+00:00\" \/>\n<meta property=\"article:modified_time\" content=\"2025-10-29T20:37:50+00:00\" \/>\n<meta property=\"og:image\" content=\"https:\/\/lpfparana.com.ar\/inicio\/wp-content\/uploads\/2025\/10\/retamoso.jpg\" \/>\n\t<meta property=\"og:image:width\" content=\"1280\" \/>\n\t<meta property=\"og:image:height\" content=\"720\" \/>\n\t<meta property=\"og:image:type\" content=\"image\/jpeg\" \/>\n<meta name=\"author\" content=\"Juan Manuel Fernandez\" \/>\n<meta name=\"twitter:card\" content=\"summary_large_image\" \/>\n<meta name=\"twitter:label1\" content=\"Escrito por\" \/>\n\t<meta name=\"twitter:data1\" content=\"Juan Manuel Fernandez\" \/>\n\t<meta name=\"twitter:label2\" content=\"Tiempo de lectura\" \/>\n\t<meta name=\"twitter:data2\" content=\"3 minutos\" \/>\n<script type=\"application\/ld+json\" class=\"yoast-schema-graph\">{\"@context\":\"https:\/\/schema.org\",\"@graph\":[{\"@type\":\"Article\",\"@id\":\"https:\/\/lpfparana.com.ar\/inicio\/jesus-retamoso-del-futbol-paranaense-al-regional-amateur-junto-a-jose-pepe-sand\/#article\",\"isPartOf\":{\"@id\":\"https:\/\/lpfparana.com.ar\/inicio\/jesus-retamoso-del-futbol-paranaense-al-regional-amateur-junto-a-jose-pepe-sand\/\"},\"author\":{\"name\":\"Juan Manuel Fernandez\",\"@id\":\"https:\/\/lpfparana.com.ar\/inicio\/#\/schema\/person\/5db3866b404cb9672f70c499a9ede0e1\"},\"headline\":\"Jes\u00fas Retamoso, del f\u00fatbol paranaense, al Regional Amateur junto a Jos\u00e9 \u201cPepe\u201d Sand\",\"datePublished\":\"2025-10-29T20:37:48+00:00\",\"dateModified\":\"2025-10-29T20:37:50+00:00\",\"mainEntityOfPage\":{\"@id\":\"https:\/\/lpfparana.com.ar\/inicio\/jesus-retamoso-del-futbol-paranaense-al-regional-amateur-junto-a-jose-pepe-sand\/\"},\"wordCount\":524,\"commentCount\":0,\"image\":{\"@id\":\"https:\/\/lpfparana.com.ar\/inicio\/jesus-retamoso-del-futbol-paranaense-al-regional-amateur-junto-a-jose-pepe-sand\/#primaryimage\"},\"thumbnailUrl\":\"https:\/\/lpfparana.com.ar\/inicio\/wp-content\/uploads\/2025\/10\/retamoso.jpg\",\"articleSection\":[\"Noticias\"],\"inLanguage\":\"es\",\"potentialAction\":[{\"@type\":\"CommentAction\",\"name\":\"Comment\",\"target\":[\"https:\/\/lpfparana.com.ar\/inicio\/jesus-retamoso-del-futbol-paranaense-al-regional-amateur-junto-a-jose-pepe-sand\/#respond\"]}]},{\"@type\":\"WebPage\",\"@id\":\"https:\/\/lpfparana.com.ar\/inicio\/jesus-retamoso-del-futbol-paranaense-al-regional-amateur-junto-a-jose-pepe-sand\/\",\"url\":\"https:\/\/lpfparana.com.ar\/inicio\/jesus-retamoso-del-futbol-paranaense-al-regional-amateur-junto-a-jose-pepe-sand\/\",\"name\":\"Jes\u00fas Retamoso, del f\u00fatbol paranaense, al Regional Amateur junto a Jos\u00e9 \u201cPepe\u201d Sand\",\"isPartOf\":{\"@id\":\"https:\/\/lpfparana.com.ar\/inicio\/#website\"},\"primaryImageOfPage\":{\"@id\":\"https:\/\/lpfparana.com.ar\/inicio\/jesus-retamoso-del-futbol-paranaense-al-regional-amateur-junto-a-jose-pepe-sand\/#primaryimage\"},\"image\":{\"@id\":\"https:\/\/lpfparana.com.ar\/inicio\/jesus-retamoso-del-futbol-paranaense-al-regional-amateur-junto-a-jose-pepe-sand\/#primaryimage\"},\"thumbnailUrl\":\"https:\/\/lpfparana.com.ar\/inicio\/wp-content\/uploads\/2025\/10\/retamoso.jpg\",\"datePublished\":\"2025-10-29T20:37:48+00:00\",\"dateModified\":\"2025-10-29T20:37:50+00:00\",\"author\":{\"@id\":\"https:\/\/lpfparana.com.ar\/inicio\/#\/schema\/person\/5db3866b404cb9672f70c499a9ede0e1\"},\"description\":\"El ex jugador de la Liga Paranaense de F\u00fatbol, Jes\u00fas Retamoso, defiende actualmente los colores de Argentino de Bell Ville (C\u00f3rdoba) en el...\",\"breadcrumb\":{\"@id\":\"https:\/\/lpfparana.com.ar\/inicio\/jesus-retamoso-del-futbol-paranaense-al-regional-amateur-junto-a-jose-pepe-sand\/#breadcrumb\"},\"inLanguage\":\"es\",\"potentialAction\":[{\"@type\":\"ReadAction\",\"target\":[\"https:\/\/lpfparana.com.ar\/inicio\/jesus-retamoso-del-futbol-paranaense-al-regional-amateur-junto-a-jose-pepe-sand\/\"]}]},{\"@type\":\"ImageObject\",\"inLanguage\":\"es\",\"@id\":\"https:\/\/lpfparana.com.ar\/inicio\/jesus-retamoso-del-futbol-paranaense-al-regional-amateur-junto-a-jose-pepe-sand\/#primaryimage\",\"url\":\"https:\/\/lpfparana.com.ar\/inicio\/wp-content\/uploads\/2025\/10\/retamoso.jpg\",\"contentUrl\":\"https:\/\/lpfparana.com.ar\/inicio\/wp-content\/uploads\/2025\/10\/retamoso.jpg\",\"width\":1280,\"height\":720},{\"@type\":\"BreadcrumbList\",\"@id\":\"https:\/\/lpfparana.com.ar\/inicio\/jesus-retamoso-del-futbol-paranaense-al-regional-amateur-junto-a-jose-pepe-sand\/#breadcrumb\",\"itemListElement\":[{\"@type\":\"ListItem\",\"position\":1,\"name\":\"Portada\",\"item\":\"https:\/\/lpfparana.com.ar\/inicio\/\"},{\"@type\":\"ListItem\",\"position\":2,\"name\":\"Jes\u00fas Retamoso, del f\u00fatbol paranaense, al Regional Amateur junto a Jos\u00e9 \u201cPepe\u201d Sand\"}]},{\"@type\":\"WebSite\",\"@id\":\"https:\/\/lpfparana.com.ar\/inicio\/#website\",\"url\":\"https:\/\/lpfparana.com.ar\/inicio\/\",\"name\":\"\",\"description\":\"LPF Paran\u00e1\",\"potentialAction\":[{\"@type\":\"SearchAction\",\"target\":{\"@type\":\"EntryPoint\",\"urlTemplate\":\"https:\/\/lpfparana.com.ar\/inicio\/?s={search_term_string}\"},\"query-input\":{\"@type\":\"PropertyValueSpecification\",\"valueRequired\":true,\"valueName\":\"search_term_string\"}}],\"inLanguage\":\"es\"},{\"@type\":\"Person\",\"@id\":\"https:\/\/lpfparana.com.ar\/inicio\/#\/schema\/person\/5db3866b404cb9672f70c499a9ede0e1\",\"name\":\"Juan Manuel Fernandez\",\"image\":{\"@type\":\"ImageObject\",\"inLanguage\":\"es\",\"@id\":\"https:\/\/secure.gravatar.com\/avatar\/b9ded3b46d997a47d4ffae36e85d6b17e879993cc483e0eae0cf69b9c53626e9?s=96&d=mm&r=g\",\"url\":\"https:\/\/secure.gravatar.com\/avatar\/b9ded3b46d997a47d4ffae36e85d6b17e879993cc483e0eae0cf69b9c53626e9?s=96&d=mm&r=g\",\"contentUrl\":\"https:\/\/secure.gravatar.com\/avatar\/b9ded3b46d997a47d4ffae36e85d6b17e879993cc483e0eae0cf69b9c53626e9?s=96&d=mm&r=g\",\"caption\":\"Juan Manuel Fernandez\"},\"url\":\"https:\/\/lpfparana.com.ar\/inicio\/author\/juanma\/\"}]}<\/script>\n<!-- \/ Yoast SEO Premium plugin. -->","yoast_head_json":{"title":"Jes\u00fas Retamoso, del f\u00fatbol paranaense, al Regional Amateur junto a Jos\u00e9 \u201cPepe\u201d Sand","description":"El ex jugador de la Liga Paranaense de F\u00fatbol, Jes\u00fas Retamoso, defiende actualmente los colores de Argentino de Bell Ville (C\u00f3rdoba) en el...","robots":{"index":"index","follow":"follow","max-snippet":"max-snippet:-1","max-image-preview":"max-image-preview:large","max-video-preview":"max-video-preview:-1"},"canonical":"https:\/\/lpfparana.com.ar\/inicio\/jesus-retamoso-del-futbol-paranaense-al-regional-amateur-junto-a-jose-pepe-sand\/","og_locale":"es_ES","og_type":"article","og_title":"Jes\u00fas Retamoso, del f\u00fatbol paranaense, al Regional Amateur junto a Jos\u00e9 \u201cPepe\u201d Sand","og_description":"El ex jugador de la Liga Paranaense de F\u00fatbol, Jes\u00fas Retamoso, defiende actualmente los colores de Argentino de Bell Ville (C\u00f3rdoba) en el...","og_url":"https:\/\/lpfparana.com.ar\/inicio\/jesus-retamoso-del-futbol-paranaense-al-regional-amateur-junto-a-jose-pepe-sand\/","article_published_time":"2025-10-29T20:37:48+00:00","article_modified_time":"2025-10-29T20:37:50+00:00","og_image":[{"width":1280,"height":720,"url":"https:\/\/lpfparana.com.ar\/inicio\/wp-content\/uploads\/2025\/10\/retamoso.jpg","type":"image\/jpeg"}],"author":"Juan Manuel Fernandez","twitter_card":"summary_large_image","twitter_misc":{"Escrito por":"Juan Manuel Fernandez","Tiempo de lectura":"3 minutos"},"schema":{"@context":"https:\/\/schema.org","@graph":[{"@type":"Article","@id":"https:\/\/lpfparana.com.ar\/inicio\/jesus-retamoso-del-futbol-paranaense-al-regional-amateur-junto-a-jose-pepe-sand\/#article","isPartOf":{"@id":"https:\/\/lpfparana.com.ar\/inicio\/jesus-retamoso-del-futbol-paranaense-al-regional-amateur-junto-a-jose-pepe-sand\/"},"author":{"name":"Juan Manuel Fernandez","@id":"https:\/\/lpfparana.com.ar\/inicio\/#\/schema\/person\/5db3866b404cb9672f70c499a9ede0e1"},"headline":"Jes\u00fas Retamoso, del f\u00fatbol paranaense, al Regional Amateur junto a Jos\u00e9 \u201cPepe\u201d Sand","datePublished":"2025-10-29T20:37:48+00:00","dateModified":"2025-10-29T20:37:50+00:00","mainEntityOfPage":{"@id":"https:\/\/lpfparana.com.ar\/inicio\/jesus-retamoso-del-futbol-paranaense-al-regional-amateur-junto-a-jose-pepe-sand\/"},"wordCount":524,"commentCount":0,"image":{"@id":"https:\/\/lpfparana.com.ar\/inicio\/jesus-retamoso-del-futbol-paranaense-al-regional-amateur-junto-a-jose-pepe-sand\/#primaryimage"},"thumbnailUrl":"https:\/\/lpfparana.com.ar\/inicio\/wp-content\/uploads\/2025\/10\/retamoso.jpg","articleSection":["Noticias"],"inLanguage":"es","potentialAction":[{"@type":"CommentAction","name":"Comment","target":["https:\/\/lpfparana.com.ar\/inicio\/jesus-retamoso-del-futbol-paranaense-al-regional-amateur-junto-a-jose-pepe-sand\/#respond"]}]},{"@type":"WebPage","@id":"https:\/\/lpfparana.com.ar\/inicio\/jesus-retamoso-del-futbol-paranaense-al-regional-amateur-junto-a-jose-pepe-sand\/","url":"https:\/\/lpfparana.com.ar\/inicio\/jesus-retamoso-del-futbol-paranaense-al-regional-amateur-junto-a-jose-pepe-sand\/","name":"Jes\u00fas Retamoso, del f\u00fatbol paranaense, al Regional Amateur junto a Jos\u00e9 \u201cPepe\u201d Sand","isPartOf":{"@id":"https:\/\/lpfparana.com.ar\/inicio\/#website"},"primaryImageOfPage":{"@id":"https:\/\/lpfparana.com.ar\/inicio\/jesus-retamoso-del-futbol-paranaense-al-regional-amateur-junto-a-jose-pepe-sand\/#primaryimage"},"image":{"@id":"https:\/\/lpfparana.com.ar\/inicio\/jesus-retamoso-del-futbol-paranaense-al-regional-amateur-junto-a-jose-pepe-sand\/#primaryimage"},"thumbnailUrl":"https:\/\/lpfparana.com.ar\/inicio\/wp-content\/uploads\/2025\/10\/retamoso.jpg","datePublished":"2025-10-29T20:37:48+00:00","dateModified":"2025-10-29T20:37:50+00:00","author":{"@id":"https:\/\/lpfparana.com.ar\/inicio\/#\/schema\/person\/5db3866b404cb9672f70c499a9ede0e1"},"description":"El ex jugador de la Liga Paranaense de F\u00fatbol, Jes\u00fas Retamoso, defiende actualmente los colores de Argentino de Bell Ville (C\u00f3rdoba) en el...","breadcrumb":{"@id":"https:\/\/lpfparana.com.ar\/inicio\/jesus-retamoso-del-futbol-paranaense-al-regional-amateur-junto-a-jose-pepe-sand\/#breadcrumb"},"inLanguage":"es","potentialAction":[{"@type":"ReadAction","target":["https:\/\/lpfparana.com.ar\/inicio\/jesus-retamoso-del-futbol-paranaense-al-regional-amateur-junto-a-jose-pepe-sand\/"]}]},{"@type":"ImageObject","inLanguage":"es","@id":"https:\/\/lpfparana.com.ar\/inicio\/jesus-retamoso-del-futbol-paranaense-al-regional-amateur-junto-a-jose-pepe-sand\/#primaryimage","url":"https:\/\/lpfparana.com.ar\/inicio\/wp-content\/uploads\/2025\/10\/retamoso.jpg","contentUrl":"https:\/\/lpfparana.com.ar\/inicio\/wp-content\/uploads\/2025\/10\/retamoso.jpg","width":1280,"height":720},{"@type":"BreadcrumbList","@id":"https:\/\/lpfparana.com.ar\/inicio\/jesus-retamoso-del-futbol-paranaense-al-regional-amateur-junto-a-jose-pepe-sand\/#breadcrumb","itemListElement":[{"@type":"ListItem","position":1,"name":"Portada","item":"https:\/\/lpfparana.com.ar\/inicio\/"},{"@type":"ListItem","position":2,"name":"Jes\u00fas Retamoso, del f\u00fatbol paranaense, al Regional Amateur junto a Jos\u00e9 \u201cPepe\u201d Sand"}]},{"@type":"WebSite","@id":"https:\/\/lpfparana.com.ar\/inicio\/#website","url":"https:\/\/lpfparana.com.ar\/inicio\/","name":"","description":"LPF Paran\u00e1","potentialAction":[{"@type":"SearchAction","target":{"@type":"EntryPoint","urlTemplate":"https:\/\/lpfparana.com.ar\/inicio\/?s={search_term_string}"},"query-input":{"@type":"PropertyValueSpecification","valueRequired":true,"valueName":"search_term_string"}}],"inLanguage":"es"},{"@type":"Person","@id":"https:\/\/lpfparana.com.ar\/inicio\/#\/schema\/person\/5db3866b404cb9672f70c499a9ede0e1","name":"Juan Manuel Fernandez","image":{"@type":"ImageObject","inLanguage":"es","@id":"https:\/\/secure.gravatar.com\/avatar\/b9ded3b46d997a47d4ffae36e85d6b17e879993cc483e0eae0cf69b9c53626e9?s=96&d=mm&r=g","url":"https:\/\/secure.gravatar.com\/avatar\/b9ded3b46d997a47d4ffae36e85d6b17e879993cc483e0eae0cf69b9c53626e9?s=96&d=mm&r=g","contentUrl":"https:\/\/secure.gravatar.com\/avatar\/b9ded3b46d997a47d4ffae36e85d6b17e879993cc483e0eae0cf69b9c53626e9?s=96&d=mm&r=g","caption":"Juan Manuel Fernandez"},"url":"https:\/\/lpfparana.com.ar\/inicio\/author\/juanma\/"}]}},"_links":{"self":[{"href":"https:\/\/lpfparana.com.ar\/inicio\/wp-json\/wp\/v2\/posts\/5504","targetHints":{"allow":["GET"]}}],"collection":[{"href":"https:\/\/lpfparana.com.ar\/inicio\/wp-json\/wp\/v2\/posts"}],"about":[{"href":"https:\/\/lpfparana.com.ar\/inicio\/wp-json\/wp\/v2\/types\/post"}],"author":[{"embeddable":true,"href":"https:\/\/lpfparana.com.ar\/inicio\/wp-json\/wp\/v2\/users\/6"}],"replies":[{"embeddable":true,"href":"https:\/\/lpfparana.com.ar\/inicio\/wp-json\/wp\/v2\/comments?post=5504"}],"version-history":[{"count":2,"href":"https:\/\/lpfparana.com.ar\/inicio\/wp-json\/wp\/v2\/posts\/5504\/revisions"}],"predecessor-version":[{"id":5510,"href":"https:\/\/lpfparana.com.ar\/inicio\/wp-json\/wp\/v2\/posts\/5504\/revisions\/5510"}],"wp:featuredmedia":[{"embeddable":true,"href":"https:\/\/lpfparana.com.ar\/inicio\/wp-json\/wp\/v2\/media\/5505"}],"wp:attachment":[{"href":"https:\/\/lpfparana.com.ar\/inicio\/wp-json\/wp\/v2\/media?parent=5504"}],"wp:term":[{"taxonomy":"category","embeddable":true,"href":"https:\/\/lpfparana.com.ar\/inicio\/wp-json\/wp\/v2\/categories?post=5504"},{"taxonomy":"post_tag","embeddable":true,"href":"https:\/\/lpfparana.com.ar\/inicio\/wp-json\/wp\/v2\/tags?post=5504"}],"curies":[{"name":"wp","href":"https:\/\/api.w.org\/{rel}","templated":true}]}}