{"id":5497,"date":"2025-10-29T17:30:00","date_gmt":"2025-10-29T20:30:00","guid":{"rendered":"https:\/\/lpfparana.com.ar\/inicio\/?p=5497"},"modified":"2025-10-29T17:30:02","modified_gmt":"2025-10-29T20:30:02","slug":"volver-a-la-liga-paranaense-es-una-alegria-enorme","status":"publish","type":"post","link":"https:\/\/lpfparana.com.ar\/inicio\/volver-a-la-liga-paranaense-es-una-alegria-enorme\/","title":{"rendered":"\u201cVolver a la Liga Paranaense es una alegr\u00eda enorme\u201d"},"content":{"rendered":"\n<h3 class=\"wp-block-heading\" id=\"h-el-entrenador-nicolas-lapuente-se-suma-al-cuerpo-tecnico-de-los-toritos-de-chiclana-acompanado-por-su-inseparable-colaborador-nicolas-mendoza-en-dialogo-con-locos-x-la-liga-el-programa-oficial-de-la-liga-paranaense-de-futbol-que-se-emite-por-fm-litoral-103-1-el-flamante-dt-conto-como-se-dio-su-regreso-y-cuales-son-los-objetivos-en-esta-nueva-etapa\">El entrenador Nicol\u00e1s Lapuente se suma al cuerpo t\u00e9cnico de Los Toritos de Chiclana, acompa\u00f1ado por su inseparable colaborador, Nicol\u00e1s Mendoza. En di\u00e1logo con \u00abLocos X la Liga\u00bb, el programa oficial de la Liga Paranaense de F\u00fatbol, que se emite por FM Litoral 103.1. El flamante DT cont\u00f3 c\u00f3mo se dio su regreso y cu\u00e1les son los objetivos en esta nueva etapa.<\/h3>\n\n\n\n<p>Nicol\u00e1s Lapuente se suma al cuerpo t\u00e9cnico de los Toritos de Chiclana. El nuevo DT dialog\u00f3 con \u00abLocos X la Liga\u00bb y all\u00ed expres\u00f3 su entusiasmo por este regreso al f\u00fatbol local.<\/p>\n\n\n\n<blockquote class=\"wp-block-quote is-layout-flow wp-block-quote-is-layout-flow\">\n<p>\u201cGracias a Dios se dio la oportunidad de volver otra vez a la Liga Paranaense. Ya la est\u00e1bamos extra\u00f1ando un poco\u201d, destac\u00f3 Lapuente al comienzo de la charla.<\/p>\n<\/blockquote>\n\n\n\n<p>El entrenador cont\u00f3 que la propuesta lleg\u00f3 de la mano de Facundo \u00abPachu\u00bb Rivara, quien ya ven\u00eda trabajando con el plantel junto a Iv\u00e1n Ben\u00edtez y Juli\u00e1n Fern\u00e1ndez. \u201cAnteanoche me llam\u00f3 \u00abPachu\u00bb Rivara, nos cont\u00f3 la idea y enseguida nos convenci\u00f3. Hablamos con Nico Mendoza y ayer ya nos hicimos cargo del entrenamiento\u201d, explic\u00f3.<\/p>\n\n\n\n<h4 class=\"wp-block-heading\" id=\"h-trabajo-compromiso-y-motivacion\">Trabajo, compromiso y motivaci\u00f3n<\/h4>\n\n\n\n<p>Con una situaci\u00f3n deportiva complicada, el flamante DT tiene claro que lo primero ser\u00e1 recuperar la confianza del grupo y generar un ambiente positivo. \u201cVamos a trabajar mucho en lo psicol\u00f3gico. Los chicos vienen de una racha dif\u00edcil y la idea es motivarlos, hacerles sentir que pueden lograrlo\u201d, remarc\u00f3 Lapuente.<\/p>\n\n\n\n<p>El nuevo cuerpo t\u00e9cnico buscar\u00e1 reforzar la identidad de Los Toritos y devolverle la competitividad al equipo: \u201cToritos tiene que volver a ser un equipo al que no sea f\u00e1cil jugarle. Hay material y ganas para hacerlo posible.\u201d<\/p>\n\n\n\n<h4 class=\"wp-block-heading\" id=\"h-pensando-en-cerrar-bien-la-copa-clausura\">Pensando en cerrar bien la Copa Clausura<\/h4>\n\n\n\n<p>Si bien la llegada de Lapuente es reciente, el DT ya tiene en mente los pr\u00f3ximos desaf\u00edos: terminar de la mejor manera la Copa Clausura y preparar al equipo para lo que viene. \u201cLes puse de ejemplo lo que pas\u00f3 con Sarmiento de Crespo, que en la fase regular no tuvo buenos resultados y luego se hizo fuerte en los cruces. Esto es f\u00fatbol, todo puede pasar\u201d, se\u00f1al\u00f3.<\/p>\n\n\n\n<p>El objetivo inmediato ser\u00e1 afianzar lo f\u00edsico y lo mental, aprovechando los partidos que restan para construir una base s\u00f3lida. \u201cQueremos que los chicos se sientan bien, motivados y convencidos de que pueden competir de igual a igual con cualquiera\u201d, concluy\u00f3 el entrenador.<\/p>\n\n\n\n<hr class=\"wp-block-separator has-alpha-channel-opacity\"\/>\n\n\n\n<h4 class=\"wp-block-heading\" id=\"h-un-regreso-con-ilusion\">Un regreso con ilusi\u00f3n<\/h4>\n\n\n\n<p>El regreso de Nicol\u00e1s Lapuente a la Liga Paranaense de F\u00fatbol representa una apuesta fuerte por parte de Los Toritos de Chiclana, que conf\u00edan en su experiencia y liderazgo para levantar el \u00e1nimo del plantel y recuperar protagonismo en el torneo.<\/p>\n","protected":false},"excerpt":{"rendered":"<p>El entrenador Nicol\u00e1s Lapuente se suma al cuerpo t\u00e9cnico de Los Toritos de Chiclana, acompa\u00f1ado por su inseparable colaborador, Nicol\u00e1s Mendoza. En di\u00e1logo con \u00abLocos X la Liga\u00bb, el programa oficial de la Liga Paranaense de F\u00fatbol, que se emite por FM Litoral 103.1. El flamante DT cont\u00f3 c\u00f3mo se dio su regreso y cu\u00e1les&#8230;<\/p>\n","protected":false},"author":6,"featured_media":5498,"comment_status":"open","ping_status":"open","sticky":false,"template":"","format":"standard","meta":{"footnotes":""},"categories":[8,2],"tags":[],"class_list":["post-5497","post","type-post","status-publish","format-standard","has-post-thumbnail","hentry","category-masculino","category-noticias"],"featured_image_src":"https:\/\/lpfparana.com.ar\/inicio\/wp-content\/uploads\/2025\/10\/lapuente.jpg","author_info":{"display_name":"Juan Manuel Fernandez","author_link":"https:\/\/lpfparana.com.ar\/inicio\/author\/juanma\/"},"yoast_head":"<!-- This site is optimized with the Yoast SEO Premium plugin v23.3 (Yoast SEO v27.2) - https:\/\/yoast.com\/product\/yoast-seo-premium-wordpress\/ -->\n<title>\u201cVolver a la Liga Paranaense es una alegr\u00eda enorme\u201d -<\/title>\n<meta name=\"description\" content=\"El entrenador Nicol\u00e1s Lapuente se suma al cuerpo t\u00e9cnico de Los Toritos de Chiclana, acompa\u00f1ado por su inseparable colaborador, Nicol\u00e1s\" \/>\n<meta name=\"robots\" content=\"index, follow, max-snippet:-1, max-image-preview:large, max-video-preview:-1\" \/>\n<link rel=\"canonical\" href=\"https:\/\/lpfparana.com.ar\/inicio\/volver-a-la-liga-paranaense-es-una-alegria-enorme\/\" \/>\n<meta property=\"og:locale\" content=\"es_ES\" \/>\n<meta property=\"og:type\" content=\"article\" \/>\n<meta property=\"og:title\" content=\"\u201cVolver a la Liga Paranaense es una alegr\u00eda enorme\u201d\" \/>\n<meta property=\"og:description\" content=\"El entrenador Nicol\u00e1s Lapuente se suma al cuerpo t\u00e9cnico de Los Toritos de Chiclana, acompa\u00f1ado por su inseparable colaborador, Nicol\u00e1s\" \/>\n<meta property=\"og:url\" content=\"https:\/\/lpfparana.com.ar\/inicio\/volver-a-la-liga-paranaense-es-una-alegria-enorme\/\" \/>\n<meta property=\"article:published_time\" content=\"2025-10-29T20:30:00+00:00\" \/>\n<meta property=\"article:modified_time\" content=\"2025-10-29T20:30:02+00:00\" \/>\n<meta property=\"og:image\" content=\"https:\/\/lpfparana.com.ar\/inicio\/wp-content\/uploads\/2025\/10\/lapuente.jpg\" \/>\n\t<meta property=\"og:image:width\" content=\"1280\" \/>\n\t<meta property=\"og:image:height\" content=\"720\" \/>\n\t<meta property=\"og:image:type\" content=\"image\/jpeg\" \/>\n<meta name=\"author\" content=\"Juan Manuel Fernandez\" \/>\n<meta name=\"twitter:card\" content=\"summary_large_image\" \/>\n<meta name=\"twitter:label1\" content=\"Escrito por\" \/>\n\t<meta name=\"twitter:data1\" content=\"Juan Manuel Fernandez\" \/>\n\t<meta name=\"twitter:label2\" content=\"Tiempo de lectura\" \/>\n\t<meta name=\"twitter:data2\" content=\"3 minutos\" \/>\n<script type=\"application\/ld+json\" class=\"yoast-schema-graph\">{\"@context\":\"https:\/\/schema.org\",\"@graph\":[{\"@type\":\"Article\",\"@id\":\"https:\/\/lpfparana.com.ar\/inicio\/volver-a-la-liga-paranaense-es-una-alegria-enorme\/#article\",\"isPartOf\":{\"@id\":\"https:\/\/lpfparana.com.ar\/inicio\/volver-a-la-liga-paranaense-es-una-alegria-enorme\/\"},\"author\":{\"name\":\"Juan Manuel Fernandez\",\"@id\":\"https:\/\/lpfparana.com.ar\/inicio\/#\/schema\/person\/5db3866b404cb9672f70c499a9ede0e1\"},\"headline\":\"\u201cVolver a la Liga Paranaense es una alegr\u00eda enorme\u201d\",\"datePublished\":\"2025-10-29T20:30:00+00:00\",\"dateModified\":\"2025-10-29T20:30:02+00:00\",\"mainEntityOfPage\":{\"@id\":\"https:\/\/lpfparana.com.ar\/inicio\/volver-a-la-liga-paranaense-es-una-alegria-enorme\/\"},\"wordCount\":474,\"commentCount\":0,\"image\":{\"@id\":\"https:\/\/lpfparana.com.ar\/inicio\/volver-a-la-liga-paranaense-es-una-alegria-enorme\/#primaryimage\"},\"thumbnailUrl\":\"https:\/\/lpfparana.com.ar\/inicio\/wp-content\/uploads\/2025\/10\/lapuente.jpg\",\"articleSection\":[\"Masculino\",\"Noticias\"],\"inLanguage\":\"es\",\"potentialAction\":[{\"@type\":\"CommentAction\",\"name\":\"Comment\",\"target\":[\"https:\/\/lpfparana.com.ar\/inicio\/volver-a-la-liga-paranaense-es-una-alegria-enorme\/#respond\"]}]},{\"@type\":\"WebPage\",\"@id\":\"https:\/\/lpfparana.com.ar\/inicio\/volver-a-la-liga-paranaense-es-una-alegria-enorme\/\",\"url\":\"https:\/\/lpfparana.com.ar\/inicio\/volver-a-la-liga-paranaense-es-una-alegria-enorme\/\",\"name\":\"\u201cVolver a la Liga Paranaense es una alegr\u00eda enorme\u201d -\",\"isPartOf\":{\"@id\":\"https:\/\/lpfparana.com.ar\/inicio\/#website\"},\"primaryImageOfPage\":{\"@id\":\"https:\/\/lpfparana.com.ar\/inicio\/volver-a-la-liga-paranaense-es-una-alegria-enorme\/#primaryimage\"},\"image\":{\"@id\":\"https:\/\/lpfparana.com.ar\/inicio\/volver-a-la-liga-paranaense-es-una-alegria-enorme\/#primaryimage\"},\"thumbnailUrl\":\"https:\/\/lpfparana.com.ar\/inicio\/wp-content\/uploads\/2025\/10\/lapuente.jpg\",\"datePublished\":\"2025-10-29T20:30:00+00:00\",\"dateModified\":\"2025-10-29T20:30:02+00:00\",\"author\":{\"@id\":\"https:\/\/lpfparana.com.ar\/inicio\/#\/schema\/person\/5db3866b404cb9672f70c499a9ede0e1\"},\"description\":\"El entrenador Nicol\u00e1s Lapuente se suma al cuerpo t\u00e9cnico de Los Toritos de Chiclana, acompa\u00f1ado por su inseparable colaborador, Nicol\u00e1s\",\"breadcrumb\":{\"@id\":\"https:\/\/lpfparana.com.ar\/inicio\/volver-a-la-liga-paranaense-es-una-alegria-enorme\/#breadcrumb\"},\"inLanguage\":\"es\",\"potentialAction\":[{\"@type\":\"ReadAction\",\"target\":[\"https:\/\/lpfparana.com.ar\/inicio\/volver-a-la-liga-paranaense-es-una-alegria-enorme\/\"]}]},{\"@type\":\"ImageObject\",\"inLanguage\":\"es\",\"@id\":\"https:\/\/lpfparana.com.ar\/inicio\/volver-a-la-liga-paranaense-es-una-alegria-enorme\/#primaryimage\",\"url\":\"https:\/\/lpfparana.com.ar\/inicio\/wp-content\/uploads\/2025\/10\/lapuente.jpg\",\"contentUrl\":\"https:\/\/lpfparana.com.ar\/inicio\/wp-content\/uploads\/2025\/10\/lapuente.jpg\",\"width\":1280,\"height\":720},{\"@type\":\"BreadcrumbList\",\"@id\":\"https:\/\/lpfparana.com.ar\/inicio\/volver-a-la-liga-paranaense-es-una-alegria-enorme\/#breadcrumb\",\"itemListElement\":[{\"@type\":\"ListItem\",\"position\":1,\"name\":\"Portada\",\"item\":\"https:\/\/lpfparana.com.ar\/inicio\/\"},{\"@type\":\"ListItem\",\"position\":2,\"name\":\"\u201cVolver a la Liga Paranaense es una alegr\u00eda enorme\u201d\"}]},{\"@type\":\"WebSite\",\"@id\":\"https:\/\/lpfparana.com.ar\/inicio\/#website\",\"url\":\"https:\/\/lpfparana.com.ar\/inicio\/\",\"name\":\"\",\"description\":\"LPF Paran\u00e1\",\"potentialAction\":[{\"@type\":\"SearchAction\",\"target\":{\"@type\":\"EntryPoint\",\"urlTemplate\":\"https:\/\/lpfparana.com.ar\/inicio\/?s={search_term_string}\"},\"query-input\":{\"@type\":\"PropertyValueSpecification\",\"valueRequired\":true,\"valueName\":\"search_term_string\"}}],\"inLanguage\":\"es\"},{\"@type\":\"Person\",\"@id\":\"https:\/\/lpfparana.com.ar\/inicio\/#\/schema\/person\/5db3866b404cb9672f70c499a9ede0e1\",\"name\":\"Juan Manuel Fernandez\",\"image\":{\"@type\":\"ImageObject\",\"inLanguage\":\"es\",\"@id\":\"https:\/\/secure.gravatar.com\/avatar\/b9ded3b46d997a47d4ffae36e85d6b17e879993cc483e0eae0cf69b9c53626e9?s=96&d=mm&r=g\",\"url\":\"https:\/\/secure.gravatar.com\/avatar\/b9ded3b46d997a47d4ffae36e85d6b17e879993cc483e0eae0cf69b9c53626e9?s=96&d=mm&r=g\",\"contentUrl\":\"https:\/\/secure.gravatar.com\/avatar\/b9ded3b46d997a47d4ffae36e85d6b17e879993cc483e0eae0cf69b9c53626e9?s=96&d=mm&r=g\",\"caption\":\"Juan Manuel Fernandez\"},\"url\":\"https:\/\/lpfparana.com.ar\/inicio\/author\/juanma\/\"}]}<\/script>\n<!-- \/ Yoast SEO Premium plugin. -->","yoast_head_json":{"title":"\u201cVolver a la Liga Paranaense es una alegr\u00eda enorme\u201d -","description":"El entrenador Nicol\u00e1s Lapuente se suma al cuerpo t\u00e9cnico de Los Toritos de Chiclana, acompa\u00f1ado por su inseparable colaborador, Nicol\u00e1s","robots":{"index":"index","follow":"follow","max-snippet":"max-snippet:-1","max-image-preview":"max-image-preview:large","max-video-preview":"max-video-preview:-1"},"canonical":"https:\/\/lpfparana.com.ar\/inicio\/volver-a-la-liga-paranaense-es-una-alegria-enorme\/","og_locale":"es_ES","og_type":"article","og_title":"\u201cVolver a la Liga Paranaense es una alegr\u00eda enorme\u201d","og_description":"El entrenador Nicol\u00e1s Lapuente se suma al cuerpo t\u00e9cnico de Los Toritos de Chiclana, acompa\u00f1ado por su inseparable colaborador, Nicol\u00e1s","og_url":"https:\/\/lpfparana.com.ar\/inicio\/volver-a-la-liga-paranaense-es-una-alegria-enorme\/","article_published_time":"2025-10-29T20:30:00+00:00","article_modified_time":"2025-10-29T20:30:02+00:00","og_image":[{"width":1280,"height":720,"url":"https:\/\/lpfparana.com.ar\/inicio\/wp-content\/uploads\/2025\/10\/lapuente.jpg","type":"image\/jpeg"}],"author":"Juan Manuel Fernandez","twitter_card":"summary_large_image","twitter_misc":{"Escrito por":"Juan Manuel Fernandez","Tiempo de lectura":"3 minutos"},"schema":{"@context":"https:\/\/schema.org","@graph":[{"@type":"Article","@id":"https:\/\/lpfparana.com.ar\/inicio\/volver-a-la-liga-paranaense-es-una-alegria-enorme\/#article","isPartOf":{"@id":"https:\/\/lpfparana.com.ar\/inicio\/volver-a-la-liga-paranaense-es-una-alegria-enorme\/"},"author":{"name":"Juan Manuel Fernandez","@id":"https:\/\/lpfparana.com.ar\/inicio\/#\/schema\/person\/5db3866b404cb9672f70c499a9ede0e1"},"headline":"\u201cVolver a la Liga Paranaense es una alegr\u00eda enorme\u201d","datePublished":"2025-10-29T20:30:00+00:00","dateModified":"2025-10-29T20:30:02+00:00","mainEntityOfPage":{"@id":"https:\/\/lpfparana.com.ar\/inicio\/volver-a-la-liga-paranaense-es-una-alegria-enorme\/"},"wordCount":474,"commentCount":0,"image":{"@id":"https:\/\/lpfparana.com.ar\/inicio\/volver-a-la-liga-paranaense-es-una-alegria-enorme\/#primaryimage"},"thumbnailUrl":"https:\/\/lpfparana.com.ar\/inicio\/wp-content\/uploads\/2025\/10\/lapuente.jpg","articleSection":["Masculino","Noticias"],"inLanguage":"es","potentialAction":[{"@type":"CommentAction","name":"Comment","target":["https:\/\/lpfparana.com.ar\/inicio\/volver-a-la-liga-paranaense-es-una-alegria-enorme\/#respond"]}]},{"@type":"WebPage","@id":"https:\/\/lpfparana.com.ar\/inicio\/volver-a-la-liga-paranaense-es-una-alegria-enorme\/","url":"https:\/\/lpfparana.com.ar\/inicio\/volver-a-la-liga-paranaense-es-una-alegria-enorme\/","name":"\u201cVolver a la Liga Paranaense es una alegr\u00eda enorme\u201d -","isPartOf":{"@id":"https:\/\/lpfparana.com.ar\/inicio\/#website"},"primaryImageOfPage":{"@id":"https:\/\/lpfparana.com.ar\/inicio\/volver-a-la-liga-paranaense-es-una-alegria-enorme\/#primaryimage"},"image":{"@id":"https:\/\/lpfparana.com.ar\/inicio\/volver-a-la-liga-paranaense-es-una-alegria-enorme\/#primaryimage"},"thumbnailUrl":"https:\/\/lpfparana.com.ar\/inicio\/wp-content\/uploads\/2025\/10\/lapuente.jpg","datePublished":"2025-10-29T20:30:00+00:00","dateModified":"2025-10-29T20:30:02+00:00","author":{"@id":"https:\/\/lpfparana.com.ar\/inicio\/#\/schema\/person\/5db3866b404cb9672f70c499a9ede0e1"},"description":"El entrenador Nicol\u00e1s Lapuente se suma al cuerpo t\u00e9cnico de Los Toritos de Chiclana, acompa\u00f1ado por su inseparable colaborador, Nicol\u00e1s","breadcrumb":{"@id":"https:\/\/lpfparana.com.ar\/inicio\/volver-a-la-liga-paranaense-es-una-alegria-enorme\/#breadcrumb"},"inLanguage":"es","potentialAction":[{"@type":"ReadAction","target":["https:\/\/lpfparana.com.ar\/inicio\/volver-a-la-liga-paranaense-es-una-alegria-enorme\/"]}]},{"@type":"ImageObject","inLanguage":"es","@id":"https:\/\/lpfparana.com.ar\/inicio\/volver-a-la-liga-paranaense-es-una-alegria-enorme\/#primaryimage","url":"https:\/\/lpfparana.com.ar\/inicio\/wp-content\/uploads\/2025\/10\/lapuente.jpg","contentUrl":"https:\/\/lpfparana.com.ar\/inicio\/wp-content\/uploads\/2025\/10\/lapuente.jpg","width":1280,"height":720},{"@type":"BreadcrumbList","@id":"https:\/\/lpfparana.com.ar\/inicio\/volver-a-la-liga-paranaense-es-una-alegria-enorme\/#breadcrumb","itemListElement":[{"@type":"ListItem","position":1,"name":"Portada","item":"https:\/\/lpfparana.com.ar\/inicio\/"},{"@type":"ListItem","position":2,"name":"\u201cVolver a la Liga Paranaense es una alegr\u00eda enorme\u201d"}]},{"@type":"WebSite","@id":"https:\/\/lpfparana.com.ar\/inicio\/#website","url":"https:\/\/lpfparana.com.ar\/inicio\/","name":"","description":"LPF Paran\u00e1","potentialAction":[{"@type":"SearchAction","target":{"@type":"EntryPoint","urlTemplate":"https:\/\/lpfparana.com.ar\/inicio\/?s={search_term_string}"},"query-input":{"@type":"PropertyValueSpecification","valueRequired":true,"valueName":"search_term_string"}}],"inLanguage":"es"},{"@type":"Person","@id":"https:\/\/lpfparana.com.ar\/inicio\/#\/schema\/person\/5db3866b404cb9672f70c499a9ede0e1","name":"Juan Manuel Fernandez","image":{"@type":"ImageObject","inLanguage":"es","@id":"https:\/\/secure.gravatar.com\/avatar\/b9ded3b46d997a47d4ffae36e85d6b17e879993cc483e0eae0cf69b9c53626e9?s=96&d=mm&r=g","url":"https:\/\/secure.gravatar.com\/avatar\/b9ded3b46d997a47d4ffae36e85d6b17e879993cc483e0eae0cf69b9c53626e9?s=96&d=mm&r=g","contentUrl":"https:\/\/secure.gravatar.com\/avatar\/b9ded3b46d997a47d4ffae36e85d6b17e879993cc483e0eae0cf69b9c53626e9?s=96&d=mm&r=g","caption":"Juan Manuel Fernandez"},"url":"https:\/\/lpfparana.com.ar\/inicio\/author\/juanma\/"}]}},"_links":{"self":[{"href":"https:\/\/lpfparana.com.ar\/inicio\/wp-json\/wp\/v2\/posts\/5497","targetHints":{"allow":["GET"]}}],"collection":[{"href":"https:\/\/lpfparana.com.ar\/inicio\/wp-json\/wp\/v2\/posts"}],"about":[{"href":"https:\/\/lpfparana.com.ar\/inicio\/wp-json\/wp\/v2\/types\/post"}],"author":[{"embeddable":true,"href":"https:\/\/lpfparana.com.ar\/inicio\/wp-json\/wp\/v2\/users\/6"}],"replies":[{"embeddable":true,"href":"https:\/\/lpfparana.com.ar\/inicio\/wp-json\/wp\/v2\/comments?post=5497"}],"version-history":[{"count":2,"href":"https:\/\/lpfparana.com.ar\/inicio\/wp-json\/wp\/v2\/posts\/5497\/revisions"}],"predecessor-version":[{"id":5508,"href":"https:\/\/lpfparana.com.ar\/inicio\/wp-json\/wp\/v2\/posts\/5497\/revisions\/5508"}],"wp:featuredmedia":[{"embeddable":true,"href":"https:\/\/lpfparana.com.ar\/inicio\/wp-json\/wp\/v2\/media\/5498"}],"wp:attachment":[{"href":"https:\/\/lpfparana.com.ar\/inicio\/wp-json\/wp\/v2\/media?parent=5497"}],"wp:term":[{"taxonomy":"category","embeddable":true,"href":"https:\/\/lpfparana.com.ar\/inicio\/wp-json\/wp\/v2\/categories?post=5497"},{"taxonomy":"post_tag","embeddable":true,"href":"https:\/\/lpfparana.com.ar\/inicio\/wp-json\/wp\/v2\/tags?post=5497"}],"curies":[{"name":"wp","href":"https:\/\/api.w.org\/{rel}","templated":true}]}}