{"id":5494,"date":"2025-10-22T21:04:23","date_gmt":"2025-10-23T00:04:23","guid":{"rendered":"https:\/\/lpfparana.com.ar\/inicio\/?p=5494"},"modified":"2025-10-22T21:04:26","modified_gmt":"2025-10-23T00:04:26","slug":"cuando-se-agrede-a-uno-se-lastima-a-todos","status":"publish","type":"post","link":"https:\/\/lpfparana.com.ar\/inicio\/cuando-se-agrede-a-uno-se-lastima-a-todos\/","title":{"rendered":"Cuando se agrede a uno, se lastima a todos"},"content":{"rendered":"\n<h2 class=\"wp-block-heading\" id=\"h-por-juan-manuel-lopez\">Por Juan Manuel L\u00f3pez <\/h2>\n\n\n\n<p>Lo ocurrido hoy en una cancha de nuestra Liga Paranaense de F\u00fatbol no puede pasar inadvertido. Un futbolista agredi\u00f3 a un \u00e1rbitro, y aunque a simple vista parezca un hecho aislado o una reacci\u00f3n del momento, lo cierto es que se trata de algo mucho m\u00e1s profundo.<br>Cada golpe, cada insulto, cada falta de respeto dentro de una cancha trasciende a los protagonistas directos. No se trata solo de una disputa entre un jugador y un juez. Es una herida que alcanza a todos los que, con esfuerzo y pasi\u00f3n, sostenemos d\u00eda a d\u00eda el f\u00fatbol de nuestra ciudad.<\/p>\n\n\n\n<p>La agresi\u00f3n a un \u00e1rbitro es tambi\u00e9n una agresi\u00f3n a los dirigentes que dedican horas sin cobrar un peso para que la pelota siga rodando; a los entrenadores y colaboradores que trabajan con vocaci\u00f3n formativa; a los periodistas que cubren con profesionalismo la actividad local; y, sobre todo, a los propios jugadores que entienden que el respeto es parte del juego.<\/p>\n\n\n\n<p>El f\u00fatbol paranaense no necesita de la violencia para ser protagonista. Necesita compromiso, educaci\u00f3n y valores. El fair play no es un eslogan: es una forma de construir una liga m\u00e1s grande, m\u00e1s sana y m\u00e1s respetada.<\/p>\n\n\n\n<p>Por eso, repudiar este tipo de hechos no es un gesto formal, sino una obligaci\u00f3n moral. Porque cuando se agrede a uno, se lastima a todos. Y porque solo entendiendo eso, el f\u00fatbol que amamos podr\u00e1 seguir siendo lo que debe ser: una pasi\u00f3n que une, no que destruye.<\/p>\n\n\n\n<p><\/p>\n","protected":false},"excerpt":{"rendered":"<p>Por Juan Manuel L\u00f3pez Lo ocurrido hoy en una cancha de nuestra Liga Paranaense de F\u00fatbol no puede pasar inadvertido. Un futbolista agredi\u00f3 a un \u00e1rbitro, y aunque a simple vista parezca un hecho aislado o una reacci\u00f3n del momento, lo cierto es que se trata de algo mucho m\u00e1s profundo.Cada golpe, cada insulto, cada&#8230;<\/p>\n","protected":false},"author":4,"featured_media":5495,"comment_status":"open","ping_status":"open","sticky":false,"template":"","format":"standard","meta":{"footnotes":""},"categories":[2],"tags":[],"class_list":["post-5494","post","type-post","status-publish","format-standard","has-post-thumbnail","hentry","category-noticias"],"featured_image_src":"https:\/\/lpfparana.com.ar\/inicio\/wp-content\/uploads\/2025\/10\/WhatsApp-Image-2025-10-22-at-21.02.04-e1761177812498.jpeg","author_info":{"display_name":"Juan Manuel L\u00f3pez","author_link":"https:\/\/lpfparana.com.ar\/inicio\/author\/juanito\/"},"yoast_head":"<!-- This site is optimized with the Yoast SEO Premium plugin v23.3 (Yoast SEO v27.2) - https:\/\/yoast.com\/product\/yoast-seo-premium-wordpress\/ -->\n<title>Cuando se agrede a uno, se lastima a todos -<\/title>\n<meta name=\"description\" content=\"Lo ocurrido hoy en una cancha de nuestra Liga Paranaense de F\u00fatbol no puede pasar inadvertido. Un futbolista agredi\u00f3 a un \u00e1rbitro...\" \/>\n<meta name=\"robots\" content=\"index, follow, max-snippet:-1, max-image-preview:large, max-video-preview:-1\" \/>\n<link rel=\"canonical\" href=\"https:\/\/lpfparana.com.ar\/inicio\/cuando-se-agrede-a-uno-se-lastima-a-todos\/\" \/>\n<meta property=\"og:locale\" content=\"es_ES\" \/>\n<meta property=\"og:type\" content=\"article\" \/>\n<meta property=\"og:title\" content=\"Cuando se agrede a uno, se lastima a todos\" \/>\n<meta property=\"og:description\" content=\"Lo ocurrido hoy en una cancha de nuestra Liga Paranaense de F\u00fatbol no puede pasar inadvertido. Un futbolista agredi\u00f3 a un \u00e1rbitro...\" \/>\n<meta property=\"og:url\" content=\"https:\/\/lpfparana.com.ar\/inicio\/cuando-se-agrede-a-uno-se-lastima-a-todos\/\" \/>\n<meta property=\"article:published_time\" content=\"2025-10-23T00:04:23+00:00\" \/>\n<meta property=\"article:modified_time\" content=\"2025-10-23T00:04:26+00:00\" \/>\n<meta property=\"og:image\" content=\"https:\/\/lpfparana.com.ar\/inicio\/wp-content\/uploads\/2025\/10\/WhatsApp-Image-2025-10-22-at-21.02.04-e1761177812498.jpeg\" \/>\n\t<meta property=\"og:image:width\" content=\"960\" \/>\n\t<meta property=\"og:image:height\" content=\"668\" \/>\n\t<meta property=\"og:image:type\" content=\"image\/jpeg\" \/>\n<meta name=\"author\" content=\"Juan Manuel L\u00f3pez\" \/>\n<meta name=\"twitter:card\" content=\"summary_large_image\" \/>\n<meta name=\"twitter:label1\" content=\"Escrito por\" \/>\n\t<meta name=\"twitter:data1\" content=\"Juan Manuel L\u00f3pez\" \/>\n\t<meta name=\"twitter:label2\" content=\"Tiempo de lectura\" \/>\n\t<meta name=\"twitter:data2\" content=\"2 minutos\" \/>\n<script type=\"application\/ld+json\" class=\"yoast-schema-graph\">{\"@context\":\"https:\/\/schema.org\",\"@graph\":[{\"@type\":\"Article\",\"@id\":\"https:\/\/lpfparana.com.ar\/inicio\/cuando-se-agrede-a-uno-se-lastima-a-todos\/#article\",\"isPartOf\":{\"@id\":\"https:\/\/lpfparana.com.ar\/inicio\/cuando-se-agrede-a-uno-se-lastima-a-todos\/\"},\"author\":{\"name\":\"Juan Manuel L\u00f3pez\",\"@id\":\"https:\/\/lpfparana.com.ar\/inicio\/#\/schema\/person\/e4a909baf07553d45f0fb7b76f656d76\"},\"headline\":\"Cuando se agrede a uno, se lastima a todos\",\"datePublished\":\"2025-10-23T00:04:23+00:00\",\"dateModified\":\"2025-10-23T00:04:26+00:00\",\"mainEntityOfPage\":{\"@id\":\"https:\/\/lpfparana.com.ar\/inicio\/cuando-se-agrede-a-uno-se-lastima-a-todos\/\"},\"wordCount\":279,\"commentCount\":0,\"image\":{\"@id\":\"https:\/\/lpfparana.com.ar\/inicio\/cuando-se-agrede-a-uno-se-lastima-a-todos\/#primaryimage\"},\"thumbnailUrl\":\"https:\/\/lpfparana.com.ar\/inicio\/wp-content\/uploads\/2025\/10\/WhatsApp-Image-2025-10-22-at-21.02.04-e1761177812498.jpeg\",\"articleSection\":[\"Noticias\"],\"inLanguage\":\"es\",\"potentialAction\":[{\"@type\":\"CommentAction\",\"name\":\"Comment\",\"target\":[\"https:\/\/lpfparana.com.ar\/inicio\/cuando-se-agrede-a-uno-se-lastima-a-todos\/#respond\"]}]},{\"@type\":\"WebPage\",\"@id\":\"https:\/\/lpfparana.com.ar\/inicio\/cuando-se-agrede-a-uno-se-lastima-a-todos\/\",\"url\":\"https:\/\/lpfparana.com.ar\/inicio\/cuando-se-agrede-a-uno-se-lastima-a-todos\/\",\"name\":\"Cuando se agrede a uno, se lastima a todos -\",\"isPartOf\":{\"@id\":\"https:\/\/lpfparana.com.ar\/inicio\/#website\"},\"primaryImageOfPage\":{\"@id\":\"https:\/\/lpfparana.com.ar\/inicio\/cuando-se-agrede-a-uno-se-lastima-a-todos\/#primaryimage\"},\"image\":{\"@id\":\"https:\/\/lpfparana.com.ar\/inicio\/cuando-se-agrede-a-uno-se-lastima-a-todos\/#primaryimage\"},\"thumbnailUrl\":\"https:\/\/lpfparana.com.ar\/inicio\/wp-content\/uploads\/2025\/10\/WhatsApp-Image-2025-10-22-at-21.02.04-e1761177812498.jpeg\",\"datePublished\":\"2025-10-23T00:04:23+00:00\",\"dateModified\":\"2025-10-23T00:04:26+00:00\",\"author\":{\"@id\":\"https:\/\/lpfparana.com.ar\/inicio\/#\/schema\/person\/e4a909baf07553d45f0fb7b76f656d76\"},\"description\":\"Lo ocurrido hoy en una cancha de nuestra Liga Paranaense de F\u00fatbol no puede pasar inadvertido. Un futbolista agredi\u00f3 a un \u00e1rbitro...\",\"breadcrumb\":{\"@id\":\"https:\/\/lpfparana.com.ar\/inicio\/cuando-se-agrede-a-uno-se-lastima-a-todos\/#breadcrumb\"},\"inLanguage\":\"es\",\"potentialAction\":[{\"@type\":\"ReadAction\",\"target\":[\"https:\/\/lpfparana.com.ar\/inicio\/cuando-se-agrede-a-uno-se-lastima-a-todos\/\"]}]},{\"@type\":\"ImageObject\",\"inLanguage\":\"es\",\"@id\":\"https:\/\/lpfparana.com.ar\/inicio\/cuando-se-agrede-a-uno-se-lastima-a-todos\/#primaryimage\",\"url\":\"https:\/\/lpfparana.com.ar\/inicio\/wp-content\/uploads\/2025\/10\/WhatsApp-Image-2025-10-22-at-21.02.04-e1761177812498.jpeg\",\"contentUrl\":\"https:\/\/lpfparana.com.ar\/inicio\/wp-content\/uploads\/2025\/10\/WhatsApp-Image-2025-10-22-at-21.02.04-e1761177812498.jpeg\",\"width\":960,\"height\":668},{\"@type\":\"BreadcrumbList\",\"@id\":\"https:\/\/lpfparana.com.ar\/inicio\/cuando-se-agrede-a-uno-se-lastima-a-todos\/#breadcrumb\",\"itemListElement\":[{\"@type\":\"ListItem\",\"position\":1,\"name\":\"Portada\",\"item\":\"https:\/\/lpfparana.com.ar\/inicio\/\"},{\"@type\":\"ListItem\",\"position\":2,\"name\":\"Cuando se agrede a uno, se lastima a todos\"}]},{\"@type\":\"WebSite\",\"@id\":\"https:\/\/lpfparana.com.ar\/inicio\/#website\",\"url\":\"https:\/\/lpfparana.com.ar\/inicio\/\",\"name\":\"\",\"description\":\"LPF Paran\u00e1\",\"potentialAction\":[{\"@type\":\"SearchAction\",\"target\":{\"@type\":\"EntryPoint\",\"urlTemplate\":\"https:\/\/lpfparana.com.ar\/inicio\/?s={search_term_string}\"},\"query-input\":{\"@type\":\"PropertyValueSpecification\",\"valueRequired\":true,\"valueName\":\"search_term_string\"}}],\"inLanguage\":\"es\"},{\"@type\":\"Person\",\"@id\":\"https:\/\/lpfparana.com.ar\/inicio\/#\/schema\/person\/e4a909baf07553d45f0fb7b76f656d76\",\"name\":\"Juan Manuel L\u00f3pez\",\"image\":{\"@type\":\"ImageObject\",\"inLanguage\":\"es\",\"@id\":\"https:\/\/secure.gravatar.com\/avatar\/6fd4b36dc88658b1a9f8103e109f47885fcd020443829a5d936ca18f07c3d96c?s=96&d=mm&r=g\",\"url\":\"https:\/\/secure.gravatar.com\/avatar\/6fd4b36dc88658b1a9f8103e109f47885fcd020443829a5d936ca18f07c3d96c?s=96&d=mm&r=g\",\"contentUrl\":\"https:\/\/secure.gravatar.com\/avatar\/6fd4b36dc88658b1a9f8103e109f47885fcd020443829a5d936ca18f07c3d96c?s=96&d=mm&r=g\",\"caption\":\"Juan Manuel L\u00f3pez\"},\"url\":\"https:\/\/lpfparana.com.ar\/inicio\/author\/juanito\/\"}]}<\/script>\n<!-- \/ Yoast SEO Premium plugin. -->","yoast_head_json":{"title":"Cuando se agrede a uno, se lastima a todos -","description":"Lo ocurrido hoy en una cancha de nuestra Liga Paranaense de F\u00fatbol no puede pasar inadvertido. Un futbolista agredi\u00f3 a un \u00e1rbitro...","robots":{"index":"index","follow":"follow","max-snippet":"max-snippet:-1","max-image-preview":"max-image-preview:large","max-video-preview":"max-video-preview:-1"},"canonical":"https:\/\/lpfparana.com.ar\/inicio\/cuando-se-agrede-a-uno-se-lastima-a-todos\/","og_locale":"es_ES","og_type":"article","og_title":"Cuando se agrede a uno, se lastima a todos","og_description":"Lo ocurrido hoy en una cancha de nuestra Liga Paranaense de F\u00fatbol no puede pasar inadvertido. Un futbolista agredi\u00f3 a un \u00e1rbitro...","og_url":"https:\/\/lpfparana.com.ar\/inicio\/cuando-se-agrede-a-uno-se-lastima-a-todos\/","article_published_time":"2025-10-23T00:04:23+00:00","article_modified_time":"2025-10-23T00:04:26+00:00","og_image":[{"width":960,"height":668,"url":"https:\/\/lpfparana.com.ar\/inicio\/wp-content\/uploads\/2025\/10\/WhatsApp-Image-2025-10-22-at-21.02.04-e1761177812498.jpeg","type":"image\/jpeg"}],"author":"Juan Manuel L\u00f3pez","twitter_card":"summary_large_image","twitter_misc":{"Escrito por":"Juan Manuel L\u00f3pez","Tiempo de lectura":"2 minutos"},"schema":{"@context":"https:\/\/schema.org","@graph":[{"@type":"Article","@id":"https:\/\/lpfparana.com.ar\/inicio\/cuando-se-agrede-a-uno-se-lastima-a-todos\/#article","isPartOf":{"@id":"https:\/\/lpfparana.com.ar\/inicio\/cuando-se-agrede-a-uno-se-lastima-a-todos\/"},"author":{"name":"Juan Manuel L\u00f3pez","@id":"https:\/\/lpfparana.com.ar\/inicio\/#\/schema\/person\/e4a909baf07553d45f0fb7b76f656d76"},"headline":"Cuando se agrede a uno, se lastima a todos","datePublished":"2025-10-23T00:04:23+00:00","dateModified":"2025-10-23T00:04:26+00:00","mainEntityOfPage":{"@id":"https:\/\/lpfparana.com.ar\/inicio\/cuando-se-agrede-a-uno-se-lastima-a-todos\/"},"wordCount":279,"commentCount":0,"image":{"@id":"https:\/\/lpfparana.com.ar\/inicio\/cuando-se-agrede-a-uno-se-lastima-a-todos\/#primaryimage"},"thumbnailUrl":"https:\/\/lpfparana.com.ar\/inicio\/wp-content\/uploads\/2025\/10\/WhatsApp-Image-2025-10-22-at-21.02.04-e1761177812498.jpeg","articleSection":["Noticias"],"inLanguage":"es","potentialAction":[{"@type":"CommentAction","name":"Comment","target":["https:\/\/lpfparana.com.ar\/inicio\/cuando-se-agrede-a-uno-se-lastima-a-todos\/#respond"]}]},{"@type":"WebPage","@id":"https:\/\/lpfparana.com.ar\/inicio\/cuando-se-agrede-a-uno-se-lastima-a-todos\/","url":"https:\/\/lpfparana.com.ar\/inicio\/cuando-se-agrede-a-uno-se-lastima-a-todos\/","name":"Cuando se agrede a uno, se lastima a todos -","isPartOf":{"@id":"https:\/\/lpfparana.com.ar\/inicio\/#website"},"primaryImageOfPage":{"@id":"https:\/\/lpfparana.com.ar\/inicio\/cuando-se-agrede-a-uno-se-lastima-a-todos\/#primaryimage"},"image":{"@id":"https:\/\/lpfparana.com.ar\/inicio\/cuando-se-agrede-a-uno-se-lastima-a-todos\/#primaryimage"},"thumbnailUrl":"https:\/\/lpfparana.com.ar\/inicio\/wp-content\/uploads\/2025\/10\/WhatsApp-Image-2025-10-22-at-21.02.04-e1761177812498.jpeg","datePublished":"2025-10-23T00:04:23+00:00","dateModified":"2025-10-23T00:04:26+00:00","author":{"@id":"https:\/\/lpfparana.com.ar\/inicio\/#\/schema\/person\/e4a909baf07553d45f0fb7b76f656d76"},"description":"Lo ocurrido hoy en una cancha de nuestra Liga Paranaense de F\u00fatbol no puede pasar inadvertido. Un futbolista agredi\u00f3 a un \u00e1rbitro...","breadcrumb":{"@id":"https:\/\/lpfparana.com.ar\/inicio\/cuando-se-agrede-a-uno-se-lastima-a-todos\/#breadcrumb"},"inLanguage":"es","potentialAction":[{"@type":"ReadAction","target":["https:\/\/lpfparana.com.ar\/inicio\/cuando-se-agrede-a-uno-se-lastima-a-todos\/"]}]},{"@type":"ImageObject","inLanguage":"es","@id":"https:\/\/lpfparana.com.ar\/inicio\/cuando-se-agrede-a-uno-se-lastima-a-todos\/#primaryimage","url":"https:\/\/lpfparana.com.ar\/inicio\/wp-content\/uploads\/2025\/10\/WhatsApp-Image-2025-10-22-at-21.02.04-e1761177812498.jpeg","contentUrl":"https:\/\/lpfparana.com.ar\/inicio\/wp-content\/uploads\/2025\/10\/WhatsApp-Image-2025-10-22-at-21.02.04-e1761177812498.jpeg","width":960,"height":668},{"@type":"BreadcrumbList","@id":"https:\/\/lpfparana.com.ar\/inicio\/cuando-se-agrede-a-uno-se-lastima-a-todos\/#breadcrumb","itemListElement":[{"@type":"ListItem","position":1,"name":"Portada","item":"https:\/\/lpfparana.com.ar\/inicio\/"},{"@type":"ListItem","position":2,"name":"Cuando se agrede a uno, se lastima a todos"}]},{"@type":"WebSite","@id":"https:\/\/lpfparana.com.ar\/inicio\/#website","url":"https:\/\/lpfparana.com.ar\/inicio\/","name":"","description":"LPF Paran\u00e1","potentialAction":[{"@type":"SearchAction","target":{"@type":"EntryPoint","urlTemplate":"https:\/\/lpfparana.com.ar\/inicio\/?s={search_term_string}"},"query-input":{"@type":"PropertyValueSpecification","valueRequired":true,"valueName":"search_term_string"}}],"inLanguage":"es"},{"@type":"Person","@id":"https:\/\/lpfparana.com.ar\/inicio\/#\/schema\/person\/e4a909baf07553d45f0fb7b76f656d76","name":"Juan Manuel L\u00f3pez","image":{"@type":"ImageObject","inLanguage":"es","@id":"https:\/\/secure.gravatar.com\/avatar\/6fd4b36dc88658b1a9f8103e109f47885fcd020443829a5d936ca18f07c3d96c?s=96&d=mm&r=g","url":"https:\/\/secure.gravatar.com\/avatar\/6fd4b36dc88658b1a9f8103e109f47885fcd020443829a5d936ca18f07c3d96c?s=96&d=mm&r=g","contentUrl":"https:\/\/secure.gravatar.com\/avatar\/6fd4b36dc88658b1a9f8103e109f47885fcd020443829a5d936ca18f07c3d96c?s=96&d=mm&r=g","caption":"Juan Manuel L\u00f3pez"},"url":"https:\/\/lpfparana.com.ar\/inicio\/author\/juanito\/"}]}},"_links":{"self":[{"href":"https:\/\/lpfparana.com.ar\/inicio\/wp-json\/wp\/v2\/posts\/5494","targetHints":{"allow":["GET"]}}],"collection":[{"href":"https:\/\/lpfparana.com.ar\/inicio\/wp-json\/wp\/v2\/posts"}],"about":[{"href":"https:\/\/lpfparana.com.ar\/inicio\/wp-json\/wp\/v2\/types\/post"}],"author":[{"embeddable":true,"href":"https:\/\/lpfparana.com.ar\/inicio\/wp-json\/wp\/v2\/users\/4"}],"replies":[{"embeddable":true,"href":"https:\/\/lpfparana.com.ar\/inicio\/wp-json\/wp\/v2\/comments?post=5494"}],"version-history":[{"count":1,"href":"https:\/\/lpfparana.com.ar\/inicio\/wp-json\/wp\/v2\/posts\/5494\/revisions"}],"predecessor-version":[{"id":5496,"href":"https:\/\/lpfparana.com.ar\/inicio\/wp-json\/wp\/v2\/posts\/5494\/revisions\/5496"}],"wp:featuredmedia":[{"embeddable":true,"href":"https:\/\/lpfparana.com.ar\/inicio\/wp-json\/wp\/v2\/media\/5495"}],"wp:attachment":[{"href":"https:\/\/lpfparana.com.ar\/inicio\/wp-json\/wp\/v2\/media?parent=5494"}],"wp:term":[{"taxonomy":"category","embeddable":true,"href":"https:\/\/lpfparana.com.ar\/inicio\/wp-json\/wp\/v2\/categories?post=5494"},{"taxonomy":"post_tag","embeddable":true,"href":"https:\/\/lpfparana.com.ar\/inicio\/wp-json\/wp\/v2\/tags?post=5494"}],"curies":[{"name":"wp","href":"https:\/\/api.w.org\/{rel}","templated":true}]}}