{"id":5187,"date":"2025-07-04T18:52:31","date_gmt":"2025-07-04T21:52:31","guid":{"rendered":"https:\/\/lpfparana.com.ar\/inicio\/?p=5187"},"modified":"2025-07-04T18:59:20","modified_gmt":"2025-07-04T21:59:20","slug":"la-lpf-avanza-en-un-convenio-inedito-para-el-deporte-entrerriano","status":"publish","type":"post","link":"https:\/\/lpfparana.com.ar\/inicio\/la-lpf-avanza-en-un-convenio-inedito-para-el-deporte-entrerriano\/","title":{"rendered":"La LPF avanza en un convenio in\u00e9dito para el deporte entrerriano"},"content":{"rendered":"\n<h3 class=\"wp-block-heading\" id=\"h-se-realizo-este-viernes-en-una-de-las-aulas-de-la-escuela-normal-donde-funciona-la-facultad-de-humanidades-artes-y-ciencias-sociales-la-primera-reunion-de-trabajo-entre-los-representantes-de-los-clubes-y-los-actores-principales-de-las-diferentes-catedras-que-intervendran\">Se realiz\u00f3 este viernes, en una de las aulas de la Escuela Normal, donde funciona la Facultad de Humanidades, Artes y Ciencias Sociales, la primera reuni\u00f3n de trabajo entre los representantes de los clubes y los actores principales de las diferentes c\u00e1tedras que intervendr\u00e1n.<\/h3>\n\n\n\n<p>Buscando controlar y mejorar en diferentes problem\u00e1ticas que tienen los clubes que componen la Liga Paranaense de F\u00fatbol, la dirigencia local avanza con un proyecto en com\u00fan con la Facultad de Humanidades, Artes y Ciencias Sociales.<\/p>\n\n\n\n<p>Este viernes, Hugo Fontana (coordinador) y Rodolfo Emery (Gerente), junto a dirigentes de algunos clubes locales, se hicieron presente en la Escuela Normal, donde funciona la entidad de estudios mayores, para comenzar a diagramar c\u00f3mo ser\u00e1 el trabajo de campo que comenzar\u00e1 a desarrollarse en once clubes de la capital entrerriana.<\/p>\n\n\n\n<p>Los clubes que estar\u00e1n trabajando en este proyecto ser\u00e1n once en esta primera etapa. Los mismos son: Pe\u00f1arol, Sportivo Urquiza, Ministerio, Atl\u00e9tico Paran\u00e1, Atl\u00e9tico Neuquen Club, Belgrano, Arenas FC, Don Bosco, San Benito, Universitario y Palermo.<\/p>\n\n\n\n<p>Adem\u00e1s de los representantes liguistas, fueron participes de la reuni\u00f3n los encargados de la Secretar\u00eda de Extensi\u00f3n de la Facultad, profesores de distintas \u00e1reas y alumnos.<\/p>\n\n\n\n<h4 class=\"wp-block-heading\" id=\"h-muchas-manos-para-ayudar\">Muchas manos para ayudar<\/h4>\n\n\n\n<p>Con la idea de fortalecer los clubes en la funci\u00f3n social y de contenci\u00f3n, ayudando a eliminar problem\u00e1ticas y abordar aspectos vinculados a la familia, el estudio, las artes y hasta la m\u00fasica, se comenzar\u00e1 a la brevedad a desarrollar una pr\u00e1ctica educativa territorial, que contar\u00e1 con dos etapas muy precisas e importantes. Este proyecto tendr\u00e1 32 alumnos a disposici\u00f3n, con la compa\u00f1\u00eda de profesores y otros actores importantes de la casa de estudios.<\/p>\n\n\n\n<p>En la primera parte se har\u00e1 un abordaje de los clubes, para poder realizar un diagn\u00f3stico, en base a encuestas y v\u00ednculos entre los integrantes de ambas partes. Luego ser\u00e1 la etapa de llevar al campo los proyectos concretos, seg\u00fan las necesidades que se detecten en cada instituci\u00f3n.<\/p>\n\n\n\n<h4 class=\"wp-block-heading\" id=\"h-comunidades-robustas-y-enlazadas\">Comunidades robustas y enlazadas<\/h4>\n\n\n\n<p>La idea principal, m\u00e1s all\u00e1 de atacar problem\u00e1ticas y situaciones puntuales del d\u00eda a d\u00eda de nuestros clubes, es intentar instalar un proyecto a largo plazo, para conseguir cambios reales, con trabajos que trasciendan dirigentes, alumnos y docentes.<\/p>\n\n\n\n<p>Este ambicioso convenio colaborativo y colectivo llega con muchas expectativas de ambas partes. Es por eso que profesores y estudiantes de las diferentes c\u00e1tedras de la facultad se vincular\u00e1n con los clubes para buscar resultados r\u00e1pidos, pero con cimientos que permanezcan en el tiempo. &nbsp;<\/p>\n","protected":false},"excerpt":{"rendered":"<p>Se realiz\u00f3 este viernes, en una de las aulas de la Escuela Normal, donde funciona la Facultad de Humanidades, Artes y Ciencias Sociales, la primera reuni\u00f3n de trabajo entre los representantes de los clubes y los actores principales de las diferentes c\u00e1tedras que intervendr\u00e1n. Buscando controlar y mejorar en diferentes problem\u00e1ticas que tienen los clubes&#8230;<\/p>\n","protected":false},"author":4,"featured_media":5188,"comment_status":"open","ping_status":"open","sticky":false,"template":"","format":"standard","meta":{"footnotes":""},"categories":[7,2],"tags":[],"class_list":["post-5187","post","type-post","status-publish","format-standard","has-post-thumbnail","hentry","category-institucional","category-noticias"],"featured_image_src":"https:\/\/lpfparana.com.ar\/inicio\/wp-content\/uploads\/2025\/07\/20250704_161042-scaled.jpg","author_info":{"display_name":"Juan Manuel L\u00f3pez","author_link":"https:\/\/lpfparana.com.ar\/inicio\/author\/juanito\/"},"yoast_head":"<!-- This site is optimized with the Yoast SEO Premium plugin v23.3 (Yoast SEO v27.2) - https:\/\/yoast.com\/product\/yoast-seo-premium-wordpress\/ -->\n<title>La LPF avanza en un convenio in\u00e9dito para el deporte entrerriano -<\/title>\n<meta name=\"description\" content=\"Se realiz\u00f3 este jueves, en una de las aulas de la Escuela Normal, donde funciona la Facultad de Humanidades, Artes y Ciencias Sociales...\" \/>\n<meta name=\"robots\" content=\"index, follow, max-snippet:-1, max-image-preview:large, max-video-preview:-1\" \/>\n<link rel=\"canonical\" href=\"https:\/\/lpfparana.com.ar\/inicio\/la-lpf-avanza-en-un-convenio-inedito-para-el-deporte-entrerriano\/\" \/>\n<meta property=\"og:locale\" content=\"es_ES\" \/>\n<meta property=\"og:type\" content=\"article\" \/>\n<meta property=\"og:title\" content=\"La LPF avanza en un convenio in\u00e9dito para el deporte entrerriano\" \/>\n<meta property=\"og:description\" content=\"Se realiz\u00f3 este jueves, en una de las aulas de la Escuela Normal, donde funciona la Facultad de Humanidades, Artes y Ciencias Sociales...\" \/>\n<meta property=\"og:url\" content=\"https:\/\/lpfparana.com.ar\/inicio\/la-lpf-avanza-en-un-convenio-inedito-para-el-deporte-entrerriano\/\" \/>\n<meta property=\"article:published_time\" content=\"2025-07-04T21:52:31+00:00\" \/>\n<meta property=\"article:modified_time\" content=\"2025-07-04T21:59:20+00:00\" \/>\n<meta property=\"og:image\" content=\"https:\/\/lpfparana.com.ar\/inicio\/wp-content\/uploads\/2025\/07\/20250704_161042-scaled.jpg\" \/>\n\t<meta property=\"og:image:width\" content=\"2560\" \/>\n\t<meta property=\"og:image:height\" content=\"1196\" \/>\n\t<meta property=\"og:image:type\" content=\"image\/jpeg\" \/>\n<meta name=\"author\" content=\"Juan Manuel L\u00f3pez\" \/>\n<meta name=\"twitter:card\" content=\"summary_large_image\" \/>\n<meta name=\"twitter:label1\" content=\"Escrito por\" \/>\n\t<meta name=\"twitter:data1\" content=\"Juan Manuel L\u00f3pez\" \/>\n\t<meta name=\"twitter:label2\" content=\"Tiempo de lectura\" \/>\n\t<meta name=\"twitter:data2\" content=\"3 minutos\" \/>\n<script type=\"application\/ld+json\" class=\"yoast-schema-graph\">{\"@context\":\"https:\/\/schema.org\",\"@graph\":[{\"@type\":\"Article\",\"@id\":\"https:\/\/lpfparana.com.ar\/inicio\/la-lpf-avanza-en-un-convenio-inedito-para-el-deporte-entrerriano\/#article\",\"isPartOf\":{\"@id\":\"https:\/\/lpfparana.com.ar\/inicio\/la-lpf-avanza-en-un-convenio-inedito-para-el-deporte-entrerriano\/\"},\"author\":{\"name\":\"Juan Manuel L\u00f3pez\",\"@id\":\"https:\/\/lpfparana.com.ar\/inicio\/#\/schema\/person\/e4a909baf07553d45f0fb7b76f656d76\"},\"headline\":\"La LPF avanza en un convenio in\u00e9dito para el deporte entrerriano\",\"datePublished\":\"2025-07-04T21:52:31+00:00\",\"dateModified\":\"2025-07-04T21:59:20+00:00\",\"mainEntityOfPage\":{\"@id\":\"https:\/\/lpfparana.com.ar\/inicio\/la-lpf-avanza-en-un-convenio-inedito-para-el-deporte-entrerriano\/\"},\"wordCount\":451,\"commentCount\":0,\"image\":{\"@id\":\"https:\/\/lpfparana.com.ar\/inicio\/la-lpf-avanza-en-un-convenio-inedito-para-el-deporte-entrerriano\/#primaryimage\"},\"thumbnailUrl\":\"https:\/\/lpfparana.com.ar\/inicio\/wp-content\/uploads\/2025\/07\/20250704_161042-scaled.jpg\",\"articleSection\":[\"Institucional\",\"Noticias\"],\"inLanguage\":\"es\",\"potentialAction\":[{\"@type\":\"CommentAction\",\"name\":\"Comment\",\"target\":[\"https:\/\/lpfparana.com.ar\/inicio\/la-lpf-avanza-en-un-convenio-inedito-para-el-deporte-entrerriano\/#respond\"]}]},{\"@type\":\"WebPage\",\"@id\":\"https:\/\/lpfparana.com.ar\/inicio\/la-lpf-avanza-en-un-convenio-inedito-para-el-deporte-entrerriano\/\",\"url\":\"https:\/\/lpfparana.com.ar\/inicio\/la-lpf-avanza-en-un-convenio-inedito-para-el-deporte-entrerriano\/\",\"name\":\"La LPF avanza en un convenio in\u00e9dito para el deporte entrerriano -\",\"isPartOf\":{\"@id\":\"https:\/\/lpfparana.com.ar\/inicio\/#website\"},\"primaryImageOfPage\":{\"@id\":\"https:\/\/lpfparana.com.ar\/inicio\/la-lpf-avanza-en-un-convenio-inedito-para-el-deporte-entrerriano\/#primaryimage\"},\"image\":{\"@id\":\"https:\/\/lpfparana.com.ar\/inicio\/la-lpf-avanza-en-un-convenio-inedito-para-el-deporte-entrerriano\/#primaryimage\"},\"thumbnailUrl\":\"https:\/\/lpfparana.com.ar\/inicio\/wp-content\/uploads\/2025\/07\/20250704_161042-scaled.jpg\",\"datePublished\":\"2025-07-04T21:52:31+00:00\",\"dateModified\":\"2025-07-04T21:59:20+00:00\",\"author\":{\"@id\":\"https:\/\/lpfparana.com.ar\/inicio\/#\/schema\/person\/e4a909baf07553d45f0fb7b76f656d76\"},\"description\":\"Se realiz\u00f3 este jueves, en una de las aulas de la Escuela Normal, donde funciona la Facultad de Humanidades, Artes y Ciencias Sociales...\",\"breadcrumb\":{\"@id\":\"https:\/\/lpfparana.com.ar\/inicio\/la-lpf-avanza-en-un-convenio-inedito-para-el-deporte-entrerriano\/#breadcrumb\"},\"inLanguage\":\"es\",\"potentialAction\":[{\"@type\":\"ReadAction\",\"target\":[\"https:\/\/lpfparana.com.ar\/inicio\/la-lpf-avanza-en-un-convenio-inedito-para-el-deporte-entrerriano\/\"]}]},{\"@type\":\"ImageObject\",\"inLanguage\":\"es\",\"@id\":\"https:\/\/lpfparana.com.ar\/inicio\/la-lpf-avanza-en-un-convenio-inedito-para-el-deporte-entrerriano\/#primaryimage\",\"url\":\"https:\/\/lpfparana.com.ar\/inicio\/wp-content\/uploads\/2025\/07\/20250704_161042-scaled.jpg\",\"contentUrl\":\"https:\/\/lpfparana.com.ar\/inicio\/wp-content\/uploads\/2025\/07\/20250704_161042-scaled.jpg\",\"width\":2560,\"height\":1196},{\"@type\":\"BreadcrumbList\",\"@id\":\"https:\/\/lpfparana.com.ar\/inicio\/la-lpf-avanza-en-un-convenio-inedito-para-el-deporte-entrerriano\/#breadcrumb\",\"itemListElement\":[{\"@type\":\"ListItem\",\"position\":1,\"name\":\"Portada\",\"item\":\"https:\/\/lpfparana.com.ar\/inicio\/\"},{\"@type\":\"ListItem\",\"position\":2,\"name\":\"La LPF avanza en un convenio in\u00e9dito para el deporte entrerriano\"}]},{\"@type\":\"WebSite\",\"@id\":\"https:\/\/lpfparana.com.ar\/inicio\/#website\",\"url\":\"https:\/\/lpfparana.com.ar\/inicio\/\",\"name\":\"\",\"description\":\"LPF Paran\u00e1\",\"potentialAction\":[{\"@type\":\"SearchAction\",\"target\":{\"@type\":\"EntryPoint\",\"urlTemplate\":\"https:\/\/lpfparana.com.ar\/inicio\/?s={search_term_string}\"},\"query-input\":{\"@type\":\"PropertyValueSpecification\",\"valueRequired\":true,\"valueName\":\"search_term_string\"}}],\"inLanguage\":\"es\"},{\"@type\":\"Person\",\"@id\":\"https:\/\/lpfparana.com.ar\/inicio\/#\/schema\/person\/e4a909baf07553d45f0fb7b76f656d76\",\"name\":\"Juan Manuel L\u00f3pez\",\"image\":{\"@type\":\"ImageObject\",\"inLanguage\":\"es\",\"@id\":\"https:\/\/secure.gravatar.com\/avatar\/6fd4b36dc88658b1a9f8103e109f47885fcd020443829a5d936ca18f07c3d96c?s=96&d=mm&r=g\",\"url\":\"https:\/\/secure.gravatar.com\/avatar\/6fd4b36dc88658b1a9f8103e109f47885fcd020443829a5d936ca18f07c3d96c?s=96&d=mm&r=g\",\"contentUrl\":\"https:\/\/secure.gravatar.com\/avatar\/6fd4b36dc88658b1a9f8103e109f47885fcd020443829a5d936ca18f07c3d96c?s=96&d=mm&r=g\",\"caption\":\"Juan Manuel L\u00f3pez\"},\"url\":\"https:\/\/lpfparana.com.ar\/inicio\/author\/juanito\/\"}]}<\/script>\n<!-- \/ Yoast SEO Premium plugin. -->","yoast_head_json":{"title":"La LPF avanza en un convenio in\u00e9dito para el deporte entrerriano -","description":"Se realiz\u00f3 este jueves, en una de las aulas de la Escuela Normal, donde funciona la Facultad de Humanidades, Artes y Ciencias Sociales...","robots":{"index":"index","follow":"follow","max-snippet":"max-snippet:-1","max-image-preview":"max-image-preview:large","max-video-preview":"max-video-preview:-1"},"canonical":"https:\/\/lpfparana.com.ar\/inicio\/la-lpf-avanza-en-un-convenio-inedito-para-el-deporte-entrerriano\/","og_locale":"es_ES","og_type":"article","og_title":"La LPF avanza en un convenio in\u00e9dito para el deporte entrerriano","og_description":"Se realiz\u00f3 este jueves, en una de las aulas de la Escuela Normal, donde funciona la Facultad de Humanidades, Artes y Ciencias Sociales...","og_url":"https:\/\/lpfparana.com.ar\/inicio\/la-lpf-avanza-en-un-convenio-inedito-para-el-deporte-entrerriano\/","article_published_time":"2025-07-04T21:52:31+00:00","article_modified_time":"2025-07-04T21:59:20+00:00","og_image":[{"width":2560,"height":1196,"url":"https:\/\/lpfparana.com.ar\/inicio\/wp-content\/uploads\/2025\/07\/20250704_161042-scaled.jpg","type":"image\/jpeg"}],"author":"Juan Manuel L\u00f3pez","twitter_card":"summary_large_image","twitter_misc":{"Escrito por":"Juan Manuel L\u00f3pez","Tiempo de lectura":"3 minutos"},"schema":{"@context":"https:\/\/schema.org","@graph":[{"@type":"Article","@id":"https:\/\/lpfparana.com.ar\/inicio\/la-lpf-avanza-en-un-convenio-inedito-para-el-deporte-entrerriano\/#article","isPartOf":{"@id":"https:\/\/lpfparana.com.ar\/inicio\/la-lpf-avanza-en-un-convenio-inedito-para-el-deporte-entrerriano\/"},"author":{"name":"Juan Manuel L\u00f3pez","@id":"https:\/\/lpfparana.com.ar\/inicio\/#\/schema\/person\/e4a909baf07553d45f0fb7b76f656d76"},"headline":"La LPF avanza en un convenio in\u00e9dito para el deporte entrerriano","datePublished":"2025-07-04T21:52:31+00:00","dateModified":"2025-07-04T21:59:20+00:00","mainEntityOfPage":{"@id":"https:\/\/lpfparana.com.ar\/inicio\/la-lpf-avanza-en-un-convenio-inedito-para-el-deporte-entrerriano\/"},"wordCount":451,"commentCount":0,"image":{"@id":"https:\/\/lpfparana.com.ar\/inicio\/la-lpf-avanza-en-un-convenio-inedito-para-el-deporte-entrerriano\/#primaryimage"},"thumbnailUrl":"https:\/\/lpfparana.com.ar\/inicio\/wp-content\/uploads\/2025\/07\/20250704_161042-scaled.jpg","articleSection":["Institucional","Noticias"],"inLanguage":"es","potentialAction":[{"@type":"CommentAction","name":"Comment","target":["https:\/\/lpfparana.com.ar\/inicio\/la-lpf-avanza-en-un-convenio-inedito-para-el-deporte-entrerriano\/#respond"]}]},{"@type":"WebPage","@id":"https:\/\/lpfparana.com.ar\/inicio\/la-lpf-avanza-en-un-convenio-inedito-para-el-deporte-entrerriano\/","url":"https:\/\/lpfparana.com.ar\/inicio\/la-lpf-avanza-en-un-convenio-inedito-para-el-deporte-entrerriano\/","name":"La LPF avanza en un convenio in\u00e9dito para el deporte entrerriano -","isPartOf":{"@id":"https:\/\/lpfparana.com.ar\/inicio\/#website"},"primaryImageOfPage":{"@id":"https:\/\/lpfparana.com.ar\/inicio\/la-lpf-avanza-en-un-convenio-inedito-para-el-deporte-entrerriano\/#primaryimage"},"image":{"@id":"https:\/\/lpfparana.com.ar\/inicio\/la-lpf-avanza-en-un-convenio-inedito-para-el-deporte-entrerriano\/#primaryimage"},"thumbnailUrl":"https:\/\/lpfparana.com.ar\/inicio\/wp-content\/uploads\/2025\/07\/20250704_161042-scaled.jpg","datePublished":"2025-07-04T21:52:31+00:00","dateModified":"2025-07-04T21:59:20+00:00","author":{"@id":"https:\/\/lpfparana.com.ar\/inicio\/#\/schema\/person\/e4a909baf07553d45f0fb7b76f656d76"},"description":"Se realiz\u00f3 este jueves, en una de las aulas de la Escuela Normal, donde funciona la Facultad de Humanidades, Artes y Ciencias Sociales...","breadcrumb":{"@id":"https:\/\/lpfparana.com.ar\/inicio\/la-lpf-avanza-en-un-convenio-inedito-para-el-deporte-entrerriano\/#breadcrumb"},"inLanguage":"es","potentialAction":[{"@type":"ReadAction","target":["https:\/\/lpfparana.com.ar\/inicio\/la-lpf-avanza-en-un-convenio-inedito-para-el-deporte-entrerriano\/"]}]},{"@type":"ImageObject","inLanguage":"es","@id":"https:\/\/lpfparana.com.ar\/inicio\/la-lpf-avanza-en-un-convenio-inedito-para-el-deporte-entrerriano\/#primaryimage","url":"https:\/\/lpfparana.com.ar\/inicio\/wp-content\/uploads\/2025\/07\/20250704_161042-scaled.jpg","contentUrl":"https:\/\/lpfparana.com.ar\/inicio\/wp-content\/uploads\/2025\/07\/20250704_161042-scaled.jpg","width":2560,"height":1196},{"@type":"BreadcrumbList","@id":"https:\/\/lpfparana.com.ar\/inicio\/la-lpf-avanza-en-un-convenio-inedito-para-el-deporte-entrerriano\/#breadcrumb","itemListElement":[{"@type":"ListItem","position":1,"name":"Portada","item":"https:\/\/lpfparana.com.ar\/inicio\/"},{"@type":"ListItem","position":2,"name":"La LPF avanza en un convenio in\u00e9dito para el deporte entrerriano"}]},{"@type":"WebSite","@id":"https:\/\/lpfparana.com.ar\/inicio\/#website","url":"https:\/\/lpfparana.com.ar\/inicio\/","name":"","description":"LPF Paran\u00e1","potentialAction":[{"@type":"SearchAction","target":{"@type":"EntryPoint","urlTemplate":"https:\/\/lpfparana.com.ar\/inicio\/?s={search_term_string}"},"query-input":{"@type":"PropertyValueSpecification","valueRequired":true,"valueName":"search_term_string"}}],"inLanguage":"es"},{"@type":"Person","@id":"https:\/\/lpfparana.com.ar\/inicio\/#\/schema\/person\/e4a909baf07553d45f0fb7b76f656d76","name":"Juan Manuel L\u00f3pez","image":{"@type":"ImageObject","inLanguage":"es","@id":"https:\/\/secure.gravatar.com\/avatar\/6fd4b36dc88658b1a9f8103e109f47885fcd020443829a5d936ca18f07c3d96c?s=96&d=mm&r=g","url":"https:\/\/secure.gravatar.com\/avatar\/6fd4b36dc88658b1a9f8103e109f47885fcd020443829a5d936ca18f07c3d96c?s=96&d=mm&r=g","contentUrl":"https:\/\/secure.gravatar.com\/avatar\/6fd4b36dc88658b1a9f8103e109f47885fcd020443829a5d936ca18f07c3d96c?s=96&d=mm&r=g","caption":"Juan Manuel L\u00f3pez"},"url":"https:\/\/lpfparana.com.ar\/inicio\/author\/juanito\/"}]}},"_links":{"self":[{"href":"https:\/\/lpfparana.com.ar\/inicio\/wp-json\/wp\/v2\/posts\/5187","targetHints":{"allow":["GET"]}}],"collection":[{"href":"https:\/\/lpfparana.com.ar\/inicio\/wp-json\/wp\/v2\/posts"}],"about":[{"href":"https:\/\/lpfparana.com.ar\/inicio\/wp-json\/wp\/v2\/types\/post"}],"author":[{"embeddable":true,"href":"https:\/\/lpfparana.com.ar\/inicio\/wp-json\/wp\/v2\/users\/4"}],"replies":[{"embeddable":true,"href":"https:\/\/lpfparana.com.ar\/inicio\/wp-json\/wp\/v2\/comments?post=5187"}],"version-history":[{"count":2,"href":"https:\/\/lpfparana.com.ar\/inicio\/wp-json\/wp\/v2\/posts\/5187\/revisions"}],"predecessor-version":[{"id":5190,"href":"https:\/\/lpfparana.com.ar\/inicio\/wp-json\/wp\/v2\/posts\/5187\/revisions\/5190"}],"wp:featuredmedia":[{"embeddable":true,"href":"https:\/\/lpfparana.com.ar\/inicio\/wp-json\/wp\/v2\/media\/5188"}],"wp:attachment":[{"href":"https:\/\/lpfparana.com.ar\/inicio\/wp-json\/wp\/v2\/media?parent=5187"}],"wp:term":[{"taxonomy":"category","embeddable":true,"href":"https:\/\/lpfparana.com.ar\/inicio\/wp-json\/wp\/v2\/categories?post=5187"},{"taxonomy":"post_tag","embeddable":true,"href":"https:\/\/lpfparana.com.ar\/inicio\/wp-json\/wp\/v2\/tags?post=5187"}],"curies":[{"name":"wp","href":"https:\/\/api.w.org\/{rel}","templated":true}]}}