{"id":5176,"date":"2025-07-02T19:26:24","date_gmt":"2025-07-02T22:26:24","guid":{"rendered":"https:\/\/lpfparana.com.ar\/inicio\/?p=5176"},"modified":"2025-07-02T19:26:26","modified_gmt":"2025-07-02T22:26:26","slug":"estoy-muy-feliz-de-estar-en-parana","status":"publish","type":"post","link":"https:\/\/lpfparana.com.ar\/inicio\/estoy-muy-feliz-de-estar-en-parana\/","title":{"rendered":"\u201cEstoy muy feliz de estar en Paran\u00e1\u201d"},"content":{"rendered":"\n<h3 class=\"wp-block-heading\" id=\"h-julian-gimenez-director-tecnico-de-la-categoria-sub-23-de-atletico-parana-dialogo-con-locos-x-la-liga-el-programa-oficial-de-la-liga-paranaense-de-futbol-que-se-emite-por-fm-litoral-103-1-mhz-alli-el-dt-se-refirio-a-sus-expectativas-dentro-de-un-club-con-mucha-historia-y-sobre-el-trabajo-de-los-chicos-en-la-reserva-del-club\">Juli\u00e1n Gim\u00e9nez, \u00a0director t\u00e9cnico de la categor\u00eda Sub 23 de Atl\u00e9tico Paran\u00e1, dialog\u00f3 con \u201cLocos X La Liga\u201d, el programa oficial de la Liga Paranaense de F\u00fatbol, que se emite por FM Litoral 103.1 Mhz. All\u00ed el DT se refiri\u00f3 a sus expectativas dentro de un club con mucha historia y sobre el trabajo de los chicos en la reserva del club.<\/h3>\n\n\n\n<p>Juli\u00e1n Gim\u00e9nez, entrenador del equipo Sub 23 de Atl\u00e9tico Paran\u00e1, charl\u00f3 con \u201cLocos X La Liga\u201d y se mostr\u00f3 muy feliz con el presente como DT. Sobre la conformaci\u00f3n de su equipo, el orientador comenz\u00f3 diciendo: \u201cSi contamos con la base del a\u00f1o pasado, los chicos tienen muchas ganas de seguir aprendiendo, peleamos ah\u00ed arriba el torneo. Paran\u00e1 tiene una gran base en inferiores\u201d.<\/p>\n\n\n\n<p>\u00abPersonalmente estoy\u00a0muy contento, me desenvuelvo en un club con mucha historia donde me encontr\u00e9 con Nicol\u00e1s Suarez, que lo conozco hace tiempo y armamos un buen staff\u00bb, destac\u00f3 el DT, para luego asegurar: \u00abLo principal es que se form\u00f3 un grupo de trabajo de excelente personas y muy capaces\u201d.<\/p>\n\n\n\n<p>Dentro de sus primeras declaraciones, Juli\u00e1n mencion\u00f3 el nivel de la liga y la posibilidad de pelear el torneo, haciendo foco en que: \u201cEl trabajo nos\u00a0llev\u00f3 un par de fechas, para lograr lo que quer\u00edamos. La clave est\u00e1 en tratar a los chicos como jugadores de primera, la maduraci\u00f3n de ellos fue r\u00e1pida en lo f\u00edsico y en el juego\u00bb, para luego agregar; \u00abTambi\u00e9n hay que destacar que hay grandes rivales en la Liga, tratamos de tener la competencia alta\u201d.<\/p>\n\n\n\n<h3 class=\"wp-block-heading\" id=\"h-el-crecimiento-de-los-chicos\">El crecimiento de los chicos<\/h3>\n\n\n\n<p>Siguiendo en la misma linea, Gim\u00e9nez hizo referencia a la posibilidad de aprovechar cada oportunidad para los chicos y de esto cont\u00f3: \u201cTenemos un plantel que compite sanamente, uno trata de volcar su experiencia para que los chicos puedan llegar en buen nivel a competir en primera divisi\u00f3n\u201d.<\/p>\n\n\n\n<p>Cerrando su di\u00e1logo con \u201cLocos X La Liga\u201d Gim\u00e9nez hizo menci\u00f3n al objetivo que se trazaron para este a\u00f1o, se\u00f1alando que: \u201cEstamos en el lugar que nos propusimos, peleando arriba entre los cuatro primeros y tambi\u00e9n que algunos de los jugadores que hoy est\u00e1n en el plantel puedan ser soluci\u00f3n en primera, vamos paso a paso, pero cerramos un buen primer semestre en ambas categor\u00edas\u201d.<\/p>\n","protected":false},"excerpt":{"rendered":"<p>Juli\u00e1n Gim\u00e9nez, \u00a0director t\u00e9cnico de la categor\u00eda Sub 23 de Atl\u00e9tico Paran\u00e1, dialog\u00f3 con \u201cLocos X La Liga\u201d, el programa oficial de la Liga Paranaense de F\u00fatbol, que se emite por FM Litoral 103.1 Mhz. All\u00ed el DT se refiri\u00f3 a sus expectativas dentro de un club con mucha historia y sobre el trabajo de&#8230;<\/p>\n","protected":false},"author":4,"featured_media":5177,"comment_status":"open","ping_status":"open","sticky":false,"template":"","format":"standard","meta":{"footnotes":""},"categories":[8,2],"tags":[],"class_list":["post-5176","post","type-post","status-publish","format-standard","has-post-thumbnail","hentry","category-masculino","category-noticias"],"featured_image_src":"https:\/\/lpfparana.com.ar\/inicio\/wp-content\/uploads\/2025\/07\/WhatsApp-Image-2025-07-02-at-14.10.09.jpeg","author_info":{"display_name":"Juan Manuel L\u00f3pez","author_link":"https:\/\/lpfparana.com.ar\/inicio\/author\/juanito\/"},"yoast_head":"<!-- This site is optimized with the Yoast SEO Premium plugin v23.3 (Yoast SEO v27.2) - https:\/\/yoast.com\/product\/yoast-seo-premium-wordpress\/ -->\n<title>\u201cEstoy muy feliz de estar en Paran\u00e1\u201d -<\/title>\n<meta name=\"description\" content=\"Juli\u00e1n Gim\u00e9nez, \u00a0director t\u00e9cnico de la categor\u00eda Sub 23 de Atl\u00e9tico Paran\u00e1, dialog\u00f3 con \u201cLocos X La Liga\u201d, el programa oficial de la LPF...\" \/>\n<meta name=\"robots\" content=\"index, follow, max-snippet:-1, max-image-preview:large, max-video-preview:-1\" \/>\n<link rel=\"canonical\" href=\"https:\/\/lpfparana.com.ar\/inicio\/estoy-muy-feliz-de-estar-en-parana\/\" \/>\n<meta property=\"og:locale\" content=\"es_ES\" \/>\n<meta property=\"og:type\" content=\"article\" \/>\n<meta property=\"og:title\" content=\"\u201cEstoy muy feliz de estar en Paran\u00e1\u201d\" \/>\n<meta property=\"og:description\" content=\"Juli\u00e1n Gim\u00e9nez, \u00a0director t\u00e9cnico de la categor\u00eda Sub 23 de Atl\u00e9tico Paran\u00e1, dialog\u00f3 con \u201cLocos X La Liga\u201d, el programa oficial de la LPF...\" \/>\n<meta property=\"og:url\" content=\"https:\/\/lpfparana.com.ar\/inicio\/estoy-muy-feliz-de-estar-en-parana\/\" \/>\n<meta property=\"article:published_time\" content=\"2025-07-02T22:26:24+00:00\" \/>\n<meta property=\"article:modified_time\" content=\"2025-07-02T22:26:26+00:00\" \/>\n<meta property=\"og:image\" content=\"https:\/\/lpfparana.com.ar\/inicio\/wp-content\/uploads\/2025\/07\/WhatsApp-Image-2025-07-02-at-14.10.09.jpeg\" \/>\n\t<meta property=\"og:image:width\" content=\"1280\" \/>\n\t<meta property=\"og:image:height\" content=\"720\" \/>\n\t<meta property=\"og:image:type\" content=\"image\/jpeg\" \/>\n<meta name=\"author\" content=\"Juan Manuel L\u00f3pez\" \/>\n<meta name=\"twitter:card\" content=\"summary_large_image\" \/>\n<meta name=\"twitter:label1\" content=\"Escrito por\" \/>\n\t<meta name=\"twitter:data1\" content=\"Juan Manuel L\u00f3pez\" \/>\n\t<meta name=\"twitter:label2\" content=\"Tiempo de lectura\" \/>\n\t<meta name=\"twitter:data2\" content=\"2 minutos\" \/>\n<script type=\"application\/ld+json\" class=\"yoast-schema-graph\">{\"@context\":\"https:\/\/schema.org\",\"@graph\":[{\"@type\":\"Article\",\"@id\":\"https:\/\/lpfparana.com.ar\/inicio\/estoy-muy-feliz-de-estar-en-parana\/#article\",\"isPartOf\":{\"@id\":\"https:\/\/lpfparana.com.ar\/inicio\/estoy-muy-feliz-de-estar-en-parana\/\"},\"author\":{\"name\":\"Juan Manuel L\u00f3pez\",\"@id\":\"https:\/\/lpfparana.com.ar\/inicio\/#\/schema\/person\/e4a909baf07553d45f0fb7b76f656d76\"},\"headline\":\"\u201cEstoy muy feliz de estar en Paran\u00e1\u201d\",\"datePublished\":\"2025-07-02T22:26:24+00:00\",\"dateModified\":\"2025-07-02T22:26:26+00:00\",\"mainEntityOfPage\":{\"@id\":\"https:\/\/lpfparana.com.ar\/inicio\/estoy-muy-feliz-de-estar-en-parana\/\"},\"wordCount\":408,\"commentCount\":0,\"image\":{\"@id\":\"https:\/\/lpfparana.com.ar\/inicio\/estoy-muy-feliz-de-estar-en-parana\/#primaryimage\"},\"thumbnailUrl\":\"https:\/\/lpfparana.com.ar\/inicio\/wp-content\/uploads\/2025\/07\/WhatsApp-Image-2025-07-02-at-14.10.09.jpeg\",\"articleSection\":[\"Masculino\",\"Noticias\"],\"inLanguage\":\"es\",\"potentialAction\":[{\"@type\":\"CommentAction\",\"name\":\"Comment\",\"target\":[\"https:\/\/lpfparana.com.ar\/inicio\/estoy-muy-feliz-de-estar-en-parana\/#respond\"]}]},{\"@type\":\"WebPage\",\"@id\":\"https:\/\/lpfparana.com.ar\/inicio\/estoy-muy-feliz-de-estar-en-parana\/\",\"url\":\"https:\/\/lpfparana.com.ar\/inicio\/estoy-muy-feliz-de-estar-en-parana\/\",\"name\":\"\u201cEstoy muy feliz de estar en Paran\u00e1\u201d -\",\"isPartOf\":{\"@id\":\"https:\/\/lpfparana.com.ar\/inicio\/#website\"},\"primaryImageOfPage\":{\"@id\":\"https:\/\/lpfparana.com.ar\/inicio\/estoy-muy-feliz-de-estar-en-parana\/#primaryimage\"},\"image\":{\"@id\":\"https:\/\/lpfparana.com.ar\/inicio\/estoy-muy-feliz-de-estar-en-parana\/#primaryimage\"},\"thumbnailUrl\":\"https:\/\/lpfparana.com.ar\/inicio\/wp-content\/uploads\/2025\/07\/WhatsApp-Image-2025-07-02-at-14.10.09.jpeg\",\"datePublished\":\"2025-07-02T22:26:24+00:00\",\"dateModified\":\"2025-07-02T22:26:26+00:00\",\"author\":{\"@id\":\"https:\/\/lpfparana.com.ar\/inicio\/#\/schema\/person\/e4a909baf07553d45f0fb7b76f656d76\"},\"description\":\"Juli\u00e1n Gim\u00e9nez, \u00a0director t\u00e9cnico de la categor\u00eda Sub 23 de Atl\u00e9tico Paran\u00e1, dialog\u00f3 con \u201cLocos X La Liga\u201d, el programa oficial de la LPF...\",\"breadcrumb\":{\"@id\":\"https:\/\/lpfparana.com.ar\/inicio\/estoy-muy-feliz-de-estar-en-parana\/#breadcrumb\"},\"inLanguage\":\"es\",\"potentialAction\":[{\"@type\":\"ReadAction\",\"target\":[\"https:\/\/lpfparana.com.ar\/inicio\/estoy-muy-feliz-de-estar-en-parana\/\"]}]},{\"@type\":\"ImageObject\",\"inLanguage\":\"es\",\"@id\":\"https:\/\/lpfparana.com.ar\/inicio\/estoy-muy-feliz-de-estar-en-parana\/#primaryimage\",\"url\":\"https:\/\/lpfparana.com.ar\/inicio\/wp-content\/uploads\/2025\/07\/WhatsApp-Image-2025-07-02-at-14.10.09.jpeg\",\"contentUrl\":\"https:\/\/lpfparana.com.ar\/inicio\/wp-content\/uploads\/2025\/07\/WhatsApp-Image-2025-07-02-at-14.10.09.jpeg\",\"width\":1280,\"height\":720},{\"@type\":\"BreadcrumbList\",\"@id\":\"https:\/\/lpfparana.com.ar\/inicio\/estoy-muy-feliz-de-estar-en-parana\/#breadcrumb\",\"itemListElement\":[{\"@type\":\"ListItem\",\"position\":1,\"name\":\"Portada\",\"item\":\"https:\/\/lpfparana.com.ar\/inicio\/\"},{\"@type\":\"ListItem\",\"position\":2,\"name\":\"\u201cEstoy muy feliz de estar en Paran\u00e1\u201d\"}]},{\"@type\":\"WebSite\",\"@id\":\"https:\/\/lpfparana.com.ar\/inicio\/#website\",\"url\":\"https:\/\/lpfparana.com.ar\/inicio\/\",\"name\":\"\",\"description\":\"LPF Paran\u00e1\",\"potentialAction\":[{\"@type\":\"SearchAction\",\"target\":{\"@type\":\"EntryPoint\",\"urlTemplate\":\"https:\/\/lpfparana.com.ar\/inicio\/?s={search_term_string}\"},\"query-input\":{\"@type\":\"PropertyValueSpecification\",\"valueRequired\":true,\"valueName\":\"search_term_string\"}}],\"inLanguage\":\"es\"},{\"@type\":\"Person\",\"@id\":\"https:\/\/lpfparana.com.ar\/inicio\/#\/schema\/person\/e4a909baf07553d45f0fb7b76f656d76\",\"name\":\"Juan Manuel L\u00f3pez\",\"image\":{\"@type\":\"ImageObject\",\"inLanguage\":\"es\",\"@id\":\"https:\/\/secure.gravatar.com\/avatar\/6fd4b36dc88658b1a9f8103e109f47885fcd020443829a5d936ca18f07c3d96c?s=96&d=mm&r=g\",\"url\":\"https:\/\/secure.gravatar.com\/avatar\/6fd4b36dc88658b1a9f8103e109f47885fcd020443829a5d936ca18f07c3d96c?s=96&d=mm&r=g\",\"contentUrl\":\"https:\/\/secure.gravatar.com\/avatar\/6fd4b36dc88658b1a9f8103e109f47885fcd020443829a5d936ca18f07c3d96c?s=96&d=mm&r=g\",\"caption\":\"Juan Manuel L\u00f3pez\"},\"url\":\"https:\/\/lpfparana.com.ar\/inicio\/author\/juanito\/\"}]}<\/script>\n<!-- \/ Yoast SEO Premium plugin. -->","yoast_head_json":{"title":"\u201cEstoy muy feliz de estar en Paran\u00e1\u201d -","description":"Juli\u00e1n Gim\u00e9nez, \u00a0director t\u00e9cnico de la categor\u00eda Sub 23 de Atl\u00e9tico Paran\u00e1, dialog\u00f3 con \u201cLocos X La Liga\u201d, el programa oficial de la LPF...","robots":{"index":"index","follow":"follow","max-snippet":"max-snippet:-1","max-image-preview":"max-image-preview:large","max-video-preview":"max-video-preview:-1"},"canonical":"https:\/\/lpfparana.com.ar\/inicio\/estoy-muy-feliz-de-estar-en-parana\/","og_locale":"es_ES","og_type":"article","og_title":"\u201cEstoy muy feliz de estar en Paran\u00e1\u201d","og_description":"Juli\u00e1n Gim\u00e9nez, \u00a0director t\u00e9cnico de la categor\u00eda Sub 23 de Atl\u00e9tico Paran\u00e1, dialog\u00f3 con \u201cLocos X La Liga\u201d, el programa oficial de la LPF...","og_url":"https:\/\/lpfparana.com.ar\/inicio\/estoy-muy-feliz-de-estar-en-parana\/","article_published_time":"2025-07-02T22:26:24+00:00","article_modified_time":"2025-07-02T22:26:26+00:00","og_image":[{"width":1280,"height":720,"url":"https:\/\/lpfparana.com.ar\/inicio\/wp-content\/uploads\/2025\/07\/WhatsApp-Image-2025-07-02-at-14.10.09.jpeg","type":"image\/jpeg"}],"author":"Juan Manuel L\u00f3pez","twitter_card":"summary_large_image","twitter_misc":{"Escrito por":"Juan Manuel L\u00f3pez","Tiempo de lectura":"2 minutos"},"schema":{"@context":"https:\/\/schema.org","@graph":[{"@type":"Article","@id":"https:\/\/lpfparana.com.ar\/inicio\/estoy-muy-feliz-de-estar-en-parana\/#article","isPartOf":{"@id":"https:\/\/lpfparana.com.ar\/inicio\/estoy-muy-feliz-de-estar-en-parana\/"},"author":{"name":"Juan Manuel L\u00f3pez","@id":"https:\/\/lpfparana.com.ar\/inicio\/#\/schema\/person\/e4a909baf07553d45f0fb7b76f656d76"},"headline":"\u201cEstoy muy feliz de estar en Paran\u00e1\u201d","datePublished":"2025-07-02T22:26:24+00:00","dateModified":"2025-07-02T22:26:26+00:00","mainEntityOfPage":{"@id":"https:\/\/lpfparana.com.ar\/inicio\/estoy-muy-feliz-de-estar-en-parana\/"},"wordCount":408,"commentCount":0,"image":{"@id":"https:\/\/lpfparana.com.ar\/inicio\/estoy-muy-feliz-de-estar-en-parana\/#primaryimage"},"thumbnailUrl":"https:\/\/lpfparana.com.ar\/inicio\/wp-content\/uploads\/2025\/07\/WhatsApp-Image-2025-07-02-at-14.10.09.jpeg","articleSection":["Masculino","Noticias"],"inLanguage":"es","potentialAction":[{"@type":"CommentAction","name":"Comment","target":["https:\/\/lpfparana.com.ar\/inicio\/estoy-muy-feliz-de-estar-en-parana\/#respond"]}]},{"@type":"WebPage","@id":"https:\/\/lpfparana.com.ar\/inicio\/estoy-muy-feliz-de-estar-en-parana\/","url":"https:\/\/lpfparana.com.ar\/inicio\/estoy-muy-feliz-de-estar-en-parana\/","name":"\u201cEstoy muy feliz de estar en Paran\u00e1\u201d -","isPartOf":{"@id":"https:\/\/lpfparana.com.ar\/inicio\/#website"},"primaryImageOfPage":{"@id":"https:\/\/lpfparana.com.ar\/inicio\/estoy-muy-feliz-de-estar-en-parana\/#primaryimage"},"image":{"@id":"https:\/\/lpfparana.com.ar\/inicio\/estoy-muy-feliz-de-estar-en-parana\/#primaryimage"},"thumbnailUrl":"https:\/\/lpfparana.com.ar\/inicio\/wp-content\/uploads\/2025\/07\/WhatsApp-Image-2025-07-02-at-14.10.09.jpeg","datePublished":"2025-07-02T22:26:24+00:00","dateModified":"2025-07-02T22:26:26+00:00","author":{"@id":"https:\/\/lpfparana.com.ar\/inicio\/#\/schema\/person\/e4a909baf07553d45f0fb7b76f656d76"},"description":"Juli\u00e1n Gim\u00e9nez, \u00a0director t\u00e9cnico de la categor\u00eda Sub 23 de Atl\u00e9tico Paran\u00e1, dialog\u00f3 con \u201cLocos X La Liga\u201d, el programa oficial de la LPF...","breadcrumb":{"@id":"https:\/\/lpfparana.com.ar\/inicio\/estoy-muy-feliz-de-estar-en-parana\/#breadcrumb"},"inLanguage":"es","potentialAction":[{"@type":"ReadAction","target":["https:\/\/lpfparana.com.ar\/inicio\/estoy-muy-feliz-de-estar-en-parana\/"]}]},{"@type":"ImageObject","inLanguage":"es","@id":"https:\/\/lpfparana.com.ar\/inicio\/estoy-muy-feliz-de-estar-en-parana\/#primaryimage","url":"https:\/\/lpfparana.com.ar\/inicio\/wp-content\/uploads\/2025\/07\/WhatsApp-Image-2025-07-02-at-14.10.09.jpeg","contentUrl":"https:\/\/lpfparana.com.ar\/inicio\/wp-content\/uploads\/2025\/07\/WhatsApp-Image-2025-07-02-at-14.10.09.jpeg","width":1280,"height":720},{"@type":"BreadcrumbList","@id":"https:\/\/lpfparana.com.ar\/inicio\/estoy-muy-feliz-de-estar-en-parana\/#breadcrumb","itemListElement":[{"@type":"ListItem","position":1,"name":"Portada","item":"https:\/\/lpfparana.com.ar\/inicio\/"},{"@type":"ListItem","position":2,"name":"\u201cEstoy muy feliz de estar en Paran\u00e1\u201d"}]},{"@type":"WebSite","@id":"https:\/\/lpfparana.com.ar\/inicio\/#website","url":"https:\/\/lpfparana.com.ar\/inicio\/","name":"","description":"LPF Paran\u00e1","potentialAction":[{"@type":"SearchAction","target":{"@type":"EntryPoint","urlTemplate":"https:\/\/lpfparana.com.ar\/inicio\/?s={search_term_string}"},"query-input":{"@type":"PropertyValueSpecification","valueRequired":true,"valueName":"search_term_string"}}],"inLanguage":"es"},{"@type":"Person","@id":"https:\/\/lpfparana.com.ar\/inicio\/#\/schema\/person\/e4a909baf07553d45f0fb7b76f656d76","name":"Juan Manuel L\u00f3pez","image":{"@type":"ImageObject","inLanguage":"es","@id":"https:\/\/secure.gravatar.com\/avatar\/6fd4b36dc88658b1a9f8103e109f47885fcd020443829a5d936ca18f07c3d96c?s=96&d=mm&r=g","url":"https:\/\/secure.gravatar.com\/avatar\/6fd4b36dc88658b1a9f8103e109f47885fcd020443829a5d936ca18f07c3d96c?s=96&d=mm&r=g","contentUrl":"https:\/\/secure.gravatar.com\/avatar\/6fd4b36dc88658b1a9f8103e109f47885fcd020443829a5d936ca18f07c3d96c?s=96&d=mm&r=g","caption":"Juan Manuel L\u00f3pez"},"url":"https:\/\/lpfparana.com.ar\/inicio\/author\/juanito\/"}]}},"_links":{"self":[{"href":"https:\/\/lpfparana.com.ar\/inicio\/wp-json\/wp\/v2\/posts\/5176","targetHints":{"allow":["GET"]}}],"collection":[{"href":"https:\/\/lpfparana.com.ar\/inicio\/wp-json\/wp\/v2\/posts"}],"about":[{"href":"https:\/\/lpfparana.com.ar\/inicio\/wp-json\/wp\/v2\/types\/post"}],"author":[{"embeddable":true,"href":"https:\/\/lpfparana.com.ar\/inicio\/wp-json\/wp\/v2\/users\/4"}],"replies":[{"embeddable":true,"href":"https:\/\/lpfparana.com.ar\/inicio\/wp-json\/wp\/v2\/comments?post=5176"}],"version-history":[{"count":1,"href":"https:\/\/lpfparana.com.ar\/inicio\/wp-json\/wp\/v2\/posts\/5176\/revisions"}],"predecessor-version":[{"id":5178,"href":"https:\/\/lpfparana.com.ar\/inicio\/wp-json\/wp\/v2\/posts\/5176\/revisions\/5178"}],"wp:featuredmedia":[{"embeddable":true,"href":"https:\/\/lpfparana.com.ar\/inicio\/wp-json\/wp\/v2\/media\/5177"}],"wp:attachment":[{"href":"https:\/\/lpfparana.com.ar\/inicio\/wp-json\/wp\/v2\/media?parent=5176"}],"wp:term":[{"taxonomy":"category","embeddable":true,"href":"https:\/\/lpfparana.com.ar\/inicio\/wp-json\/wp\/v2\/categories?post=5176"},{"taxonomy":"post_tag","embeddable":true,"href":"https:\/\/lpfparana.com.ar\/inicio\/wp-json\/wp\/v2\/tags?post=5176"}],"curies":[{"name":"wp","href":"https:\/\/api.w.org\/{rel}","templated":true}]}}