{"id":5163,"date":"2025-06-27T16:51:48","date_gmt":"2025-06-27T19:51:48","guid":{"rendered":"https:\/\/lpfparana.com.ar\/inicio\/?p=5163"},"modified":"2025-06-27T16:51:50","modified_gmt":"2025-06-27T19:51:50","slug":"se-juega-la-penultima-fecha-de-la-copa-de-la-liga","status":"publish","type":"post","link":"https:\/\/lpfparana.com.ar\/inicio\/se-juega-la-penultima-fecha-de-la-copa-de-la-liga\/","title":{"rendered":"Se juega la pen\u00faltima fecha de la Copa de la Liga"},"content":{"rendered":"\n<h3 class=\"wp-block-heading\" id=\"h-este-domingo-se-jugaran-los-siete-partidos-correspondientes-a-la-fecha-14-de-manera-simultanea-en-el-duelo-mas-destacado-atletico-parana-cedera-la-localia-y-jugara-en-la-floresta-ante-sportivo-urquiza\">Este domingo se jugar\u00e1n los siete partidos correspondientes a la fecha 14 de manera simult\u00e1nea. En el duelo m\u00e1s destacado, Atl\u00e9tico Paran\u00e1 ceder\u00e1 la local\u00eda y jugar\u00e1 en La Floresta ante Sportivo Urquiza.<\/h3>\n\n\n\n<p>La decimocuarta fecha de la Copa de la Liga \u201cApertura\u201d se jugar\u00e1 este domingo, con siete encuentros que comenzar\u00e1n a las 15.30 y tendr\u00e1n los duelos preliminares Sub 23 desde las 13,30.<\/p>\n\n\n\n<p>El partido saliente de la fecha se jugar\u00e1 en cancha de Sportivo Urquiza, donde la V Azulada enfrentar\u00e1 a Atl\u00e9tico Paran\u00e1, quien por refacciones en el campo de juego, ceder\u00e1 la local\u00eda.<\/p>\n\n\n\n<p>El Decano con un empate se asegura el cuarto lugar, pero debe ganar para intentar aspirar al segundo puesto en la tabla de posiciones. La parada no ser\u00e1 sencilla, ya que el equipo de Romeo Molina viene jugando de manera dura como local y se hace fuerte en su reducto. La V Azulada necesita ganar para ganarle la pulseada a San Benito, con quien comparte el quinto puesto, pero a su vez para intentar acercarse al rival de turno, a quien de vencerlo, podr\u00eda pasar en la fecha final.<\/p>\n\n\n\n<p>Guido V\u00e1zquez ser\u00e1 el \u00e1rbitro en La Floresta, mientras que Javier Stegman y Manuel Sueldo ser\u00e1n sus asistentes.<\/p>\n\n\n\n<h4 class=\"wp-block-heading\" id=\"h-la-ultima-bala\">La \u00faltima bala<\/h4>\n\n\n\n<p>Palermo recibe a Belgrano, en un partido importante para ambos, pero que claramente es decisivo para la visita, ya que quedar\u00e1 libre en la fecha final.<\/p>\n\n\n\n<p>El Rojinegro busca sumar tres puntos para intentar meterse entre los ocho primeros. Actualmente ocupa el puesto once, en una zona de las posiciones donde los equipos est\u00e1n separados por un pu\u00f1ado de unidades.<\/p>\n\n\n\n<p>El Mondoguero debe ganar para alejarse de sus inmediatos perseguidores y as\u00ed aspirar a terminar en la segunda colocaci\u00f3n, algo que actualmente posee. El equipo de Fabi\u00e1n Reynoso viene realizando un gran torneo y busca terminar la fase regular lo m\u00e1s arriba posible.<\/p>\n\n\n\n<p>Para este partido fue designado Alonso Latorre como juez principal, mientras que Santino Gaioli y Gabriel Cappelletti ser\u00e1n los jueces asistentes.<\/p>\n\n\n\n<h4 class=\"wp-block-heading\" id=\"h-en-la-avenida\">En \u201cLa Avenida\u201d<\/h4>\n\n\n\n<p>Don Bosco, que quiere llegar con regularidad a los play off y seguir creciendo en las posiciones, recibir\u00e1 en el estadio Carlos Federik a Universitario, que tendr\u00e1 la chance de mejorar su performance y aspirar a terminar la fase regular en una posici\u00f3n que le permita tener ventaja deportiva en octavos de final.<\/p>\n\n\n\n<p>El Salesiano viene de una importante victoria por 1 a 0 sobre Pe\u00f1arol, mientras que la \u201cU\u201d gole\u00f3 a Camioneros 4 a 0 en la jornada reciente.<\/p>\n\n\n\n<p>Este duelo tendr\u00e1 a V\u00edctor Schneider como el juez principal, quien estar\u00e1 acompa\u00f1ado por Ramiro Nadal\u00edn y J\u00e9sica Weisprot.<\/p>\n\n\n\n<h4 class=\"wp-block-heading\" id=\"h-choque-de-realidades\">Choque de realidades<\/h4>\n\n\n\n<p>Patronato recibir\u00e1 en \u201cLa Capillita\u201d a Pe\u00f1arol. Ambos elencos viven un presente muy distinto y tendr\u00e1n objetivos opuestos en esta contienda.<\/p>\n\n\n\n<p>Patr\u00f3n necesita sumar para sostener el invicto en la competencia, donde ya se asegur\u00f3 el primer lugar y el pasaje a cuartos de final. El Rojinegro podr\u00e1 usar este partido para seguir probando variantes y buscar la recuperaci\u00f3n de algunos futbolistas lesionados, como el caso de su goleador, Leandro Ilari, quien estar\u00e1 ausente por algunas fechas.<\/p>\n\n\n\n<p>Pe\u00f1a, que cay\u00f3 como local ante Don Bosco, intentar\u00e1 defender su 13\u00aa posici\u00f3n (si no gana y Los Toritos suma de a tres, la perder\u00eda). Para el equipo que ahora conduce nuevamente Natalio \u00c1lvarez es una \u00e9poca de transici\u00f3n, buscando cerrar de la mejor manera para evolucionar en lo que resta del a\u00f1o.<\/p>\n\n\n\n<p>Renzo Pitassi ser\u00e1 quien imparta justicia, acompa\u00f1ado por Maximiliano Dur\u00e1n y Fabricio Vargas.<\/p>\n\n\n\n<h4 class=\"wp-block-heading\" id=\"h-mirando-la-parte-superior\">Mirando la parte superior<\/h4>\n\n\n\n<p>Instituto recibir\u00e1 en su cancha a Oro Verde, en un duelo de equipos que conviven en la mitad de tabla y a los cuales los separa apenas una unidad. La Gloria, quien deber\u00e1 presentar un descargo tras el empate ante San Benito (el Santo realiz\u00f3 una presentaci\u00f3n por presunta inclusi\u00f3n indebida de jugadores por parte de Instituto), buscar\u00e1 afianzarse entre los ocho primeros, para tener ventaja deportiva en la siguiente instancia, mientras que su rival, llega con el mismo objetivo, tras caer 4 a 2 el pasado domingo con Patronato, jugando como local.<\/p>\n\n\n\n<p>Para este juego ser\u00e1 Santiago Mainero el juez principal, mientras que Mart\u00edn Gorena y Juan Sauer ser\u00e1n sus asistentes.<\/p>\n\n\n\n<h4 class=\"wp-block-heading\" id=\"h-busca-quedar-segundo\">Busca quedar segundo<\/h4>\n\n\n\n<p>Atl\u00e9tico Neuquen Club, de buen a\u00f1o y con uno de los goleadores del campeonato (Tom\u00e1s Garc\u00eda), recibir\u00e1 en el Sur a San Benito, que viene realizando una gran temporada.<\/p>\n\n\n\n<p>El Ping\u00fci llega tras una derrota sobre el final en la fecha pasada, ante Sportivo Urquiza. El Santo viene de igualar en cero con Instituto.<\/p>\n\n\n\n<p>Para el equipo de Maximiliano Banega una victoria es fundamental. Si gana los dos partidos que tiene por delante, se asegura la segunda colaci\u00f3n en la fase regular y la ventaja deportiva en la mayor\u00eda de los cruces posibles. Para el elenco de Mario Redondo est\u00e1 la chance de mejorar su posici\u00f3n, que actualmente comparte con Sportivo Urquiza, que lo supera por diferencia de gol.<\/p>\n\n\n\n<p>Este compromiso lo tendr\u00e1 a Marino Nadal\u00edn como \u00e1rbitro y a Rodrigo Aldana y Nicol\u00e1s Gonz\u00e1lez como asistentes.<\/p>\n\n\n\n<h4 class=\"wp-block-heading\" id=\"h-quieren-su-primera-victoria\">Quieren su primera victoria<\/h4>\n\n\n\n<p>Los Toritos recibir\u00e1 en barrio San Roque a Argentino Juniors, en un duelo de equipos que intentar\u00e1n sumar tres puntos por primera vez en la competencia. El Toro tienen cuatro puntos, producto de cuatro pardas y ocho derrotas; mientras que el Bicho suma un punto, tras un empate y once derrotas.<\/p>\n\n\n\n<p>Este partido ser\u00e1 clave tambi\u00e9n para intentar escapar del \u00faltimo puesto, incluso Los Toritos puede superar a Pe\u00f1arol en caso de ganar y que el tricolor pierda.<\/p>\n\n\n\n<p>Oscar Bach oficiar\u00e1 de cabeza de la terna, mientras que Gaspar Cappelletti y Dar\u00edo Cancio ser\u00e1n sus asistentes.<\/p>\n\n\n\n<p>En esta fecha quedar\u00e1 libre Camioneros.<\/p>\n","protected":false},"excerpt":{"rendered":"<p>Este domingo se jugar\u00e1n los siete partidos correspondientes a la fecha 14 de manera simult\u00e1nea. En el duelo m\u00e1s destacado, Atl\u00e9tico Paran\u00e1 ceder\u00e1 la local\u00eda y jugar\u00e1 en La Floresta ante Sportivo Urquiza. La decimocuarta fecha de la Copa de la Liga \u201cApertura\u201d se jugar\u00e1 este domingo, con siete encuentros que comenzar\u00e1n a las 15.30&#8230;<\/p>\n","protected":false},"author":4,"featured_media":5164,"comment_status":"open","ping_status":"open","sticky":false,"template":"","format":"standard","meta":{"footnotes":""},"categories":[8,2,3],"tags":[],"class_list":["post-5163","post","type-post","status-publish","format-standard","has-post-thumbnail","hentry","category-masculino","category-noticias","category-primera-division"],"featured_image_src":"https:\/\/lpfparana.com.ar\/inicio\/wp-content\/uploads\/2025\/06\/WhatsApp-Image-2025-06-16-at-17.51.02-1.jpeg","author_info":{"display_name":"Juan Manuel L\u00f3pez","author_link":"https:\/\/lpfparana.com.ar\/inicio\/author\/juanito\/"},"yoast_head":"<!-- This site is optimized with the Yoast SEO Premium plugin v23.3 (Yoast SEO v27.2) - https:\/\/yoast.com\/product\/yoast-seo-premium-wordpress\/ -->\n<title>Se juega la pen\u00faltima fecha de la Copa de la Liga -<\/title>\n<meta name=\"description\" content=\"Este domingo se jugar\u00e1n los siete partidos correspondientes a la fecha 14 de manera simult\u00e1nea. En el duelo m\u00e1s destacado, Atl\u00e9tico Paran\u00e1...\" \/>\n<meta name=\"robots\" content=\"index, follow, max-snippet:-1, max-image-preview:large, max-video-preview:-1\" \/>\n<link rel=\"canonical\" href=\"https:\/\/lpfparana.com.ar\/inicio\/se-juega-la-penultima-fecha-de-la-copa-de-la-liga\/\" \/>\n<meta property=\"og:locale\" content=\"es_ES\" \/>\n<meta property=\"og:type\" content=\"article\" \/>\n<meta property=\"og:title\" content=\"Se juega la pen\u00faltima fecha de la Copa de la Liga\" \/>\n<meta property=\"og:description\" content=\"Este domingo se jugar\u00e1n los siete partidos correspondientes a la fecha 14 de manera simult\u00e1nea. En el duelo m\u00e1s destacado, Atl\u00e9tico Paran\u00e1...\" \/>\n<meta property=\"og:url\" content=\"https:\/\/lpfparana.com.ar\/inicio\/se-juega-la-penultima-fecha-de-la-copa-de-la-liga\/\" \/>\n<meta property=\"article:published_time\" content=\"2025-06-27T19:51:48+00:00\" \/>\n<meta property=\"article:modified_time\" content=\"2025-06-27T19:51:50+00:00\" \/>\n<meta property=\"og:image\" content=\"https:\/\/lpfparana.com.ar\/inicio\/wp-content\/uploads\/2025\/06\/WhatsApp-Image-2025-06-16-at-17.51.02-1.jpeg\" \/>\n\t<meta property=\"og:image:width\" content=\"1600\" \/>\n\t<meta property=\"og:image:height\" content=\"1071\" \/>\n\t<meta property=\"og:image:type\" content=\"image\/jpeg\" \/>\n<meta name=\"author\" content=\"Juan Manuel L\u00f3pez\" \/>\n<meta name=\"twitter:card\" content=\"summary_large_image\" \/>\n<meta name=\"twitter:label1\" content=\"Escrito por\" \/>\n\t<meta name=\"twitter:data1\" content=\"Juan Manuel L\u00f3pez\" \/>\n\t<meta name=\"twitter:label2\" content=\"Tiempo de lectura\" \/>\n\t<meta name=\"twitter:data2\" content=\"5 minutos\" \/>\n<script type=\"application\/ld+json\" class=\"yoast-schema-graph\">{\"@context\":\"https:\/\/schema.org\",\"@graph\":[{\"@type\":\"Article\",\"@id\":\"https:\/\/lpfparana.com.ar\/inicio\/se-juega-la-penultima-fecha-de-la-copa-de-la-liga\/#article\",\"isPartOf\":{\"@id\":\"https:\/\/lpfparana.com.ar\/inicio\/se-juega-la-penultima-fecha-de-la-copa-de-la-liga\/\"},\"author\":{\"name\":\"Juan Manuel L\u00f3pez\",\"@id\":\"https:\/\/lpfparana.com.ar\/inicio\/#\/schema\/person\/e4a909baf07553d45f0fb7b76f656d76\"},\"headline\":\"Se juega la pen\u00faltima fecha de la Copa de la Liga\",\"datePublished\":\"2025-06-27T19:51:48+00:00\",\"dateModified\":\"2025-06-27T19:51:50+00:00\",\"mainEntityOfPage\":{\"@id\":\"https:\/\/lpfparana.com.ar\/inicio\/se-juega-la-penultima-fecha-de-la-copa-de-la-liga\/\"},\"wordCount\":997,\"commentCount\":0,\"image\":{\"@id\":\"https:\/\/lpfparana.com.ar\/inicio\/se-juega-la-penultima-fecha-de-la-copa-de-la-liga\/#primaryimage\"},\"thumbnailUrl\":\"https:\/\/lpfparana.com.ar\/inicio\/wp-content\/uploads\/2025\/06\/WhatsApp-Image-2025-06-16-at-17.51.02-1.jpeg\",\"articleSection\":[\"Masculino\",\"Noticias\",\"Primera Divisi\u00f3n\"],\"inLanguage\":\"es\",\"potentialAction\":[{\"@type\":\"CommentAction\",\"name\":\"Comment\",\"target\":[\"https:\/\/lpfparana.com.ar\/inicio\/se-juega-la-penultima-fecha-de-la-copa-de-la-liga\/#respond\"]}]},{\"@type\":\"WebPage\",\"@id\":\"https:\/\/lpfparana.com.ar\/inicio\/se-juega-la-penultima-fecha-de-la-copa-de-la-liga\/\",\"url\":\"https:\/\/lpfparana.com.ar\/inicio\/se-juega-la-penultima-fecha-de-la-copa-de-la-liga\/\",\"name\":\"Se juega la pen\u00faltima fecha de la Copa de la Liga -\",\"isPartOf\":{\"@id\":\"https:\/\/lpfparana.com.ar\/inicio\/#website\"},\"primaryImageOfPage\":{\"@id\":\"https:\/\/lpfparana.com.ar\/inicio\/se-juega-la-penultima-fecha-de-la-copa-de-la-liga\/#primaryimage\"},\"image\":{\"@id\":\"https:\/\/lpfparana.com.ar\/inicio\/se-juega-la-penultima-fecha-de-la-copa-de-la-liga\/#primaryimage\"},\"thumbnailUrl\":\"https:\/\/lpfparana.com.ar\/inicio\/wp-content\/uploads\/2025\/06\/WhatsApp-Image-2025-06-16-at-17.51.02-1.jpeg\",\"datePublished\":\"2025-06-27T19:51:48+00:00\",\"dateModified\":\"2025-06-27T19:51:50+00:00\",\"author\":{\"@id\":\"https:\/\/lpfparana.com.ar\/inicio\/#\/schema\/person\/e4a909baf07553d45f0fb7b76f656d76\"},\"description\":\"Este domingo se jugar\u00e1n los siete partidos correspondientes a la fecha 14 de manera simult\u00e1nea. En el duelo m\u00e1s destacado, Atl\u00e9tico Paran\u00e1...\",\"breadcrumb\":{\"@id\":\"https:\/\/lpfparana.com.ar\/inicio\/se-juega-la-penultima-fecha-de-la-copa-de-la-liga\/#breadcrumb\"},\"inLanguage\":\"es\",\"potentialAction\":[{\"@type\":\"ReadAction\",\"target\":[\"https:\/\/lpfparana.com.ar\/inicio\/se-juega-la-penultima-fecha-de-la-copa-de-la-liga\/\"]}]},{\"@type\":\"ImageObject\",\"inLanguage\":\"es\",\"@id\":\"https:\/\/lpfparana.com.ar\/inicio\/se-juega-la-penultima-fecha-de-la-copa-de-la-liga\/#primaryimage\",\"url\":\"https:\/\/lpfparana.com.ar\/inicio\/wp-content\/uploads\/2025\/06\/WhatsApp-Image-2025-06-16-at-17.51.02-1.jpeg\",\"contentUrl\":\"https:\/\/lpfparana.com.ar\/inicio\/wp-content\/uploads\/2025\/06\/WhatsApp-Image-2025-06-16-at-17.51.02-1.jpeg\",\"width\":1600,\"height\":1071},{\"@type\":\"BreadcrumbList\",\"@id\":\"https:\/\/lpfparana.com.ar\/inicio\/se-juega-la-penultima-fecha-de-la-copa-de-la-liga\/#breadcrumb\",\"itemListElement\":[{\"@type\":\"ListItem\",\"position\":1,\"name\":\"Portada\",\"item\":\"https:\/\/lpfparana.com.ar\/inicio\/\"},{\"@type\":\"ListItem\",\"position\":2,\"name\":\"Se juega la pen\u00faltima fecha de la Copa de la Liga\"}]},{\"@type\":\"WebSite\",\"@id\":\"https:\/\/lpfparana.com.ar\/inicio\/#website\",\"url\":\"https:\/\/lpfparana.com.ar\/inicio\/\",\"name\":\"\",\"description\":\"LPF Paran\u00e1\",\"potentialAction\":[{\"@type\":\"SearchAction\",\"target\":{\"@type\":\"EntryPoint\",\"urlTemplate\":\"https:\/\/lpfparana.com.ar\/inicio\/?s={search_term_string}\"},\"query-input\":{\"@type\":\"PropertyValueSpecification\",\"valueRequired\":true,\"valueName\":\"search_term_string\"}}],\"inLanguage\":\"es\"},{\"@type\":\"Person\",\"@id\":\"https:\/\/lpfparana.com.ar\/inicio\/#\/schema\/person\/e4a909baf07553d45f0fb7b76f656d76\",\"name\":\"Juan Manuel L\u00f3pez\",\"image\":{\"@type\":\"ImageObject\",\"inLanguage\":\"es\",\"@id\":\"https:\/\/secure.gravatar.com\/avatar\/6fd4b36dc88658b1a9f8103e109f47885fcd020443829a5d936ca18f07c3d96c?s=96&d=mm&r=g\",\"url\":\"https:\/\/secure.gravatar.com\/avatar\/6fd4b36dc88658b1a9f8103e109f47885fcd020443829a5d936ca18f07c3d96c?s=96&d=mm&r=g\",\"contentUrl\":\"https:\/\/secure.gravatar.com\/avatar\/6fd4b36dc88658b1a9f8103e109f47885fcd020443829a5d936ca18f07c3d96c?s=96&d=mm&r=g\",\"caption\":\"Juan Manuel L\u00f3pez\"},\"url\":\"https:\/\/lpfparana.com.ar\/inicio\/author\/juanito\/\"}]}<\/script>\n<!-- \/ Yoast SEO Premium plugin. -->","yoast_head_json":{"title":"Se juega la pen\u00faltima fecha de la Copa de la Liga -","description":"Este domingo se jugar\u00e1n los siete partidos correspondientes a la fecha 14 de manera simult\u00e1nea. En el duelo m\u00e1s destacado, Atl\u00e9tico Paran\u00e1...","robots":{"index":"index","follow":"follow","max-snippet":"max-snippet:-1","max-image-preview":"max-image-preview:large","max-video-preview":"max-video-preview:-1"},"canonical":"https:\/\/lpfparana.com.ar\/inicio\/se-juega-la-penultima-fecha-de-la-copa-de-la-liga\/","og_locale":"es_ES","og_type":"article","og_title":"Se juega la pen\u00faltima fecha de la Copa de la Liga","og_description":"Este domingo se jugar\u00e1n los siete partidos correspondientes a la fecha 14 de manera simult\u00e1nea. En el duelo m\u00e1s destacado, Atl\u00e9tico Paran\u00e1...","og_url":"https:\/\/lpfparana.com.ar\/inicio\/se-juega-la-penultima-fecha-de-la-copa-de-la-liga\/","article_published_time":"2025-06-27T19:51:48+00:00","article_modified_time":"2025-06-27T19:51:50+00:00","og_image":[{"width":1600,"height":1071,"url":"https:\/\/lpfparana.com.ar\/inicio\/wp-content\/uploads\/2025\/06\/WhatsApp-Image-2025-06-16-at-17.51.02-1.jpeg","type":"image\/jpeg"}],"author":"Juan Manuel L\u00f3pez","twitter_card":"summary_large_image","twitter_misc":{"Escrito por":"Juan Manuel L\u00f3pez","Tiempo de lectura":"5 minutos"},"schema":{"@context":"https:\/\/schema.org","@graph":[{"@type":"Article","@id":"https:\/\/lpfparana.com.ar\/inicio\/se-juega-la-penultima-fecha-de-la-copa-de-la-liga\/#article","isPartOf":{"@id":"https:\/\/lpfparana.com.ar\/inicio\/se-juega-la-penultima-fecha-de-la-copa-de-la-liga\/"},"author":{"name":"Juan Manuel L\u00f3pez","@id":"https:\/\/lpfparana.com.ar\/inicio\/#\/schema\/person\/e4a909baf07553d45f0fb7b76f656d76"},"headline":"Se juega la pen\u00faltima fecha de la Copa de la Liga","datePublished":"2025-06-27T19:51:48+00:00","dateModified":"2025-06-27T19:51:50+00:00","mainEntityOfPage":{"@id":"https:\/\/lpfparana.com.ar\/inicio\/se-juega-la-penultima-fecha-de-la-copa-de-la-liga\/"},"wordCount":997,"commentCount":0,"image":{"@id":"https:\/\/lpfparana.com.ar\/inicio\/se-juega-la-penultima-fecha-de-la-copa-de-la-liga\/#primaryimage"},"thumbnailUrl":"https:\/\/lpfparana.com.ar\/inicio\/wp-content\/uploads\/2025\/06\/WhatsApp-Image-2025-06-16-at-17.51.02-1.jpeg","articleSection":["Masculino","Noticias","Primera Divisi\u00f3n"],"inLanguage":"es","potentialAction":[{"@type":"CommentAction","name":"Comment","target":["https:\/\/lpfparana.com.ar\/inicio\/se-juega-la-penultima-fecha-de-la-copa-de-la-liga\/#respond"]}]},{"@type":"WebPage","@id":"https:\/\/lpfparana.com.ar\/inicio\/se-juega-la-penultima-fecha-de-la-copa-de-la-liga\/","url":"https:\/\/lpfparana.com.ar\/inicio\/se-juega-la-penultima-fecha-de-la-copa-de-la-liga\/","name":"Se juega la pen\u00faltima fecha de la Copa de la Liga -","isPartOf":{"@id":"https:\/\/lpfparana.com.ar\/inicio\/#website"},"primaryImageOfPage":{"@id":"https:\/\/lpfparana.com.ar\/inicio\/se-juega-la-penultima-fecha-de-la-copa-de-la-liga\/#primaryimage"},"image":{"@id":"https:\/\/lpfparana.com.ar\/inicio\/se-juega-la-penultima-fecha-de-la-copa-de-la-liga\/#primaryimage"},"thumbnailUrl":"https:\/\/lpfparana.com.ar\/inicio\/wp-content\/uploads\/2025\/06\/WhatsApp-Image-2025-06-16-at-17.51.02-1.jpeg","datePublished":"2025-06-27T19:51:48+00:00","dateModified":"2025-06-27T19:51:50+00:00","author":{"@id":"https:\/\/lpfparana.com.ar\/inicio\/#\/schema\/person\/e4a909baf07553d45f0fb7b76f656d76"},"description":"Este domingo se jugar\u00e1n los siete partidos correspondientes a la fecha 14 de manera simult\u00e1nea. En el duelo m\u00e1s destacado, Atl\u00e9tico Paran\u00e1...","breadcrumb":{"@id":"https:\/\/lpfparana.com.ar\/inicio\/se-juega-la-penultima-fecha-de-la-copa-de-la-liga\/#breadcrumb"},"inLanguage":"es","potentialAction":[{"@type":"ReadAction","target":["https:\/\/lpfparana.com.ar\/inicio\/se-juega-la-penultima-fecha-de-la-copa-de-la-liga\/"]}]},{"@type":"ImageObject","inLanguage":"es","@id":"https:\/\/lpfparana.com.ar\/inicio\/se-juega-la-penultima-fecha-de-la-copa-de-la-liga\/#primaryimage","url":"https:\/\/lpfparana.com.ar\/inicio\/wp-content\/uploads\/2025\/06\/WhatsApp-Image-2025-06-16-at-17.51.02-1.jpeg","contentUrl":"https:\/\/lpfparana.com.ar\/inicio\/wp-content\/uploads\/2025\/06\/WhatsApp-Image-2025-06-16-at-17.51.02-1.jpeg","width":1600,"height":1071},{"@type":"BreadcrumbList","@id":"https:\/\/lpfparana.com.ar\/inicio\/se-juega-la-penultima-fecha-de-la-copa-de-la-liga\/#breadcrumb","itemListElement":[{"@type":"ListItem","position":1,"name":"Portada","item":"https:\/\/lpfparana.com.ar\/inicio\/"},{"@type":"ListItem","position":2,"name":"Se juega la pen\u00faltima fecha de la Copa de la Liga"}]},{"@type":"WebSite","@id":"https:\/\/lpfparana.com.ar\/inicio\/#website","url":"https:\/\/lpfparana.com.ar\/inicio\/","name":"","description":"LPF Paran\u00e1","potentialAction":[{"@type":"SearchAction","target":{"@type":"EntryPoint","urlTemplate":"https:\/\/lpfparana.com.ar\/inicio\/?s={search_term_string}"},"query-input":{"@type":"PropertyValueSpecification","valueRequired":true,"valueName":"search_term_string"}}],"inLanguage":"es"},{"@type":"Person","@id":"https:\/\/lpfparana.com.ar\/inicio\/#\/schema\/person\/e4a909baf07553d45f0fb7b76f656d76","name":"Juan Manuel L\u00f3pez","image":{"@type":"ImageObject","inLanguage":"es","@id":"https:\/\/secure.gravatar.com\/avatar\/6fd4b36dc88658b1a9f8103e109f47885fcd020443829a5d936ca18f07c3d96c?s=96&d=mm&r=g","url":"https:\/\/secure.gravatar.com\/avatar\/6fd4b36dc88658b1a9f8103e109f47885fcd020443829a5d936ca18f07c3d96c?s=96&d=mm&r=g","contentUrl":"https:\/\/secure.gravatar.com\/avatar\/6fd4b36dc88658b1a9f8103e109f47885fcd020443829a5d936ca18f07c3d96c?s=96&d=mm&r=g","caption":"Juan Manuel L\u00f3pez"},"url":"https:\/\/lpfparana.com.ar\/inicio\/author\/juanito\/"}]}},"_links":{"self":[{"href":"https:\/\/lpfparana.com.ar\/inicio\/wp-json\/wp\/v2\/posts\/5163","targetHints":{"allow":["GET"]}}],"collection":[{"href":"https:\/\/lpfparana.com.ar\/inicio\/wp-json\/wp\/v2\/posts"}],"about":[{"href":"https:\/\/lpfparana.com.ar\/inicio\/wp-json\/wp\/v2\/types\/post"}],"author":[{"embeddable":true,"href":"https:\/\/lpfparana.com.ar\/inicio\/wp-json\/wp\/v2\/users\/4"}],"replies":[{"embeddable":true,"href":"https:\/\/lpfparana.com.ar\/inicio\/wp-json\/wp\/v2\/comments?post=5163"}],"version-history":[{"count":1,"href":"https:\/\/lpfparana.com.ar\/inicio\/wp-json\/wp\/v2\/posts\/5163\/revisions"}],"predecessor-version":[{"id":5165,"href":"https:\/\/lpfparana.com.ar\/inicio\/wp-json\/wp\/v2\/posts\/5163\/revisions\/5165"}],"wp:featuredmedia":[{"embeddable":true,"href":"https:\/\/lpfparana.com.ar\/inicio\/wp-json\/wp\/v2\/media\/5164"}],"wp:attachment":[{"href":"https:\/\/lpfparana.com.ar\/inicio\/wp-json\/wp\/v2\/media?parent=5163"}],"wp:term":[{"taxonomy":"category","embeddable":true,"href":"https:\/\/lpfparana.com.ar\/inicio\/wp-json\/wp\/v2\/categories?post=5163"},{"taxonomy":"post_tag","embeddable":true,"href":"https:\/\/lpfparana.com.ar\/inicio\/wp-json\/wp\/v2\/tags?post=5163"}],"curies":[{"name":"wp","href":"https:\/\/api.w.org\/{rel}","templated":true}]}}