{"id":5152,"date":"2025-06-16T18:50:24","date_gmt":"2025-06-16T21:50:24","guid":{"rendered":"https:\/\/lpfparana.com.ar\/inicio\/?p=5152"},"modified":"2025-06-16T18:50:27","modified_gmt":"2025-06-16T21:50:27","slug":"siempre-queremos-ir-por-mas","status":"publish","type":"post","link":"https:\/\/lpfparana.com.ar\/inicio\/siempre-queremos-ir-por-mas\/","title":{"rendered":"\u201cSiempre queremos ir por m\u00e1s\u201d"},"content":{"rendered":"\n<h3 class=\"wp-block-heading\" id=\"h-juan-pablo-giannecchine-director-tecnico-de-san-benito-parana-dialogo-con-locos-x-la-liga-el-programa-oficial-de-la-liga-paranaense-de-futbol-que-se-emite-por-fm-litoral-103-1-mhz\">Juan Pablo Giannecchine, director t\u00e9cnico \u00a0de San Benito Paran\u00e1, di\u00e1logo con \u201cLocos X La Liga\u201d, el programa oficial de la Liga Paranaense de F\u00fatbol que se emite por FM Litoral 103.1 MHz.<\/h3>\n\n\n\n<p>Durante el comienzo de la charla, el DT \u00a0de San Benito Paran\u00e1, Juan Pablo Giannecchine\u00a0cont\u00f3: \u201cHoy contamos con un equipo con muchas juveniles, eso nos pone muy contentos, por el trabajo que venimos realizando en inferiores. Sabemos que es dif\u00edcil mantener el nivel, pero siempre intentamos dar lo mejor\u201d.<\/p>\n\n\n\n<p>Siguiendo en la misma l\u00ednea, Giannecchine &nbsp;dijo: \u201cPara este campeonato sabemos tambi\u00e9n que la exigencia es aun mas, teniendo la doble competencia el plantel no qued\u00f3 corto, por eso tenemos en mente para lo que viene poder reforzar para las competencias que vendr\u00e1n\u201d.<\/p>\n\n\n\n<p><strong>Los objetivos de la instituci\u00f3n<\/strong><\/p>\n\n\n\n<p>El DT del equipo mayor de San Benito Femenino mencion\u00f3: \u201cEl objetivo nuestro siempre es pelear bien arriba, trabajamos con mucha responsabilidad en toda la semana, las chicas que vienen trabajando hace a\u00f1os con nosotros, le transmiten lo mismo a las ni\u00f1as que les toca debutar en primera\u201d.<\/p>\n\n\n\n<p>\u201cSomos realistas tambi\u00e9n, que al no tener la categor\u00eda Sub 16 este a\u00f1o en Liga, nos permite armar un equipo de reserva para que las peque\u00f1as se vayan mechando y no apurar procesos\u201d.<\/p>\n\n\n\n<p><strong>El f\u00fatbol femenino liguista<\/strong><\/p>\n\n\n\n<p>Juan Pablo, con su experiencia en el futbol femenino, dej\u00f3 un mensaje muy importante en cuanto al presente aqu\u00ed en Paran\u00e1 y al respecto cont\u00f3: \u201cPara estar donde estamos a las chicas les exigimos que se brinden al cien, no nos sirve que la cabeza este en fustal o en alg\u00fan torneo Amateur, aqu\u00ed en la ciudad por ah\u00ed pasa eso, pero en nuestro caso, lo primordial es brindarse completamente por el futbol once\u201d.<\/p>\n","protected":false},"excerpt":{"rendered":"<p>Juan Pablo Giannecchine, director t\u00e9cnico \u00a0de San Benito Paran\u00e1, di\u00e1logo con \u201cLocos X La Liga\u201d, el programa oficial de la Liga Paranaense de F\u00fatbol que se emite por FM Litoral 103.1 MHz. Durante el comienzo de la charla, el DT \u00a0de San Benito Paran\u00e1, Juan Pablo Giannecchine\u00a0cont\u00f3: \u201cHoy contamos con un equipo con muchas juveniles,&#8230;<\/p>\n","protected":false},"author":4,"featured_media":5150,"comment_status":"open","ping_status":"open","sticky":false,"template":"","format":"standard","meta":{"footnotes":""},"categories":[5],"tags":[],"class_list":["post-5152","post","type-post","status-publish","format-standard","has-post-thumbnail","hentry","category-femenino"],"featured_image_src":"https:\/\/lpfparana.com.ar\/inicio\/wp-content\/uploads\/2025\/06\/aa3121b8-7c15-482a-99a2-fb887e085709.jpeg","author_info":{"display_name":"Juan Manuel L\u00f3pez","author_link":"https:\/\/lpfparana.com.ar\/inicio\/author\/juanito\/"},"yoast_head":"<!-- This site is optimized with the Yoast SEO Premium plugin v23.3 (Yoast SEO v27.2) - https:\/\/yoast.com\/product\/yoast-seo-premium-wordpress\/ -->\n<title>\u201cSiempre queremos ir por m\u00e1s\u201d -<\/title>\n<meta name=\"robots\" content=\"index, follow, max-snippet:-1, max-image-preview:large, max-video-preview:-1\" \/>\n<link rel=\"canonical\" href=\"https:\/\/lpfparana.com.ar\/inicio\/siempre-queremos-ir-por-mas\/\" \/>\n<meta property=\"og:locale\" content=\"es_ES\" \/>\n<meta property=\"og:type\" content=\"article\" \/>\n<meta property=\"og:title\" content=\"\u201cSiempre queremos ir por m\u00e1s\u201d\" \/>\n<meta property=\"og:description\" content=\"Juan Pablo Giannecchine, director t\u00e9cnico \u00a0de San Benito Paran\u00e1, di\u00e1logo con \u201cLocos X La Liga\u201d, el programa oficial de la Liga Paranaense de F\u00fatbol que se emite por FM Litoral 103.1 MHz. Durante el comienzo de la charla, el DT \u00a0de San Benito Paran\u00e1, Juan Pablo Giannecchine\u00a0cont\u00f3: \u201cHoy contamos con un equipo con muchas juveniles,...\" \/>\n<meta property=\"og:url\" content=\"https:\/\/lpfparana.com.ar\/inicio\/siempre-queremos-ir-por-mas\/\" \/>\n<meta property=\"article:published_time\" content=\"2025-06-16T21:50:24+00:00\" \/>\n<meta property=\"article:modified_time\" content=\"2025-06-16T21:50:27+00:00\" \/>\n<meta property=\"og:image\" content=\"https:\/\/lpfparana.com.ar\/inicio\/wp-content\/uploads\/2025\/06\/aa3121b8-7c15-482a-99a2-fb887e085709.jpeg\" \/>\n\t<meta property=\"og:image:width\" content=\"1280\" \/>\n\t<meta property=\"og:image:height\" content=\"720\" \/>\n\t<meta property=\"og:image:type\" content=\"image\/jpeg\" \/>\n<meta name=\"author\" content=\"Juan Manuel L\u00f3pez\" \/>\n<meta name=\"twitter:card\" content=\"summary_large_image\" \/>\n<meta name=\"twitter:label1\" content=\"Escrito por\" \/>\n\t<meta name=\"twitter:data1\" content=\"Juan Manuel L\u00f3pez\" \/>\n\t<meta name=\"twitter:label2\" content=\"Tiempo de lectura\" \/>\n\t<meta name=\"twitter:data2\" content=\"2 minutos\" \/>\n<script type=\"application\/ld+json\" class=\"yoast-schema-graph\">{\"@context\":\"https:\/\/schema.org\",\"@graph\":[{\"@type\":\"Article\",\"@id\":\"https:\/\/lpfparana.com.ar\/inicio\/siempre-queremos-ir-por-mas\/#article\",\"isPartOf\":{\"@id\":\"https:\/\/lpfparana.com.ar\/inicio\/siempre-queremos-ir-por-mas\/\"},\"author\":{\"name\":\"Juan Manuel L\u00f3pez\",\"@id\":\"https:\/\/lpfparana.com.ar\/inicio\/#\/schema\/person\/e4a909baf07553d45f0fb7b76f656d76\"},\"headline\":\"\u201cSiempre queremos ir por m\u00e1s\u201d\",\"datePublished\":\"2025-06-16T21:50:24+00:00\",\"dateModified\":\"2025-06-16T21:50:27+00:00\",\"mainEntityOfPage\":{\"@id\":\"https:\/\/lpfparana.com.ar\/inicio\/siempre-queremos-ir-por-mas\/\"},\"wordCount\":310,\"commentCount\":0,\"image\":{\"@id\":\"https:\/\/lpfparana.com.ar\/inicio\/siempre-queremos-ir-por-mas\/#primaryimage\"},\"thumbnailUrl\":\"https:\/\/lpfparana.com.ar\/inicio\/wp-content\/uploads\/2025\/06\/aa3121b8-7c15-482a-99a2-fb887e085709.jpeg\",\"articleSection\":[\"Femenino\"],\"inLanguage\":\"es\",\"potentialAction\":[{\"@type\":\"CommentAction\",\"name\":\"Comment\",\"target\":[\"https:\/\/lpfparana.com.ar\/inicio\/siempre-queremos-ir-por-mas\/#respond\"]}]},{\"@type\":\"WebPage\",\"@id\":\"https:\/\/lpfparana.com.ar\/inicio\/siempre-queremos-ir-por-mas\/\",\"url\":\"https:\/\/lpfparana.com.ar\/inicio\/siempre-queremos-ir-por-mas\/\",\"name\":\"\u201cSiempre queremos ir por m\u00e1s\u201d -\",\"isPartOf\":{\"@id\":\"https:\/\/lpfparana.com.ar\/inicio\/#website\"},\"primaryImageOfPage\":{\"@id\":\"https:\/\/lpfparana.com.ar\/inicio\/siempre-queremos-ir-por-mas\/#primaryimage\"},\"image\":{\"@id\":\"https:\/\/lpfparana.com.ar\/inicio\/siempre-queremos-ir-por-mas\/#primaryimage\"},\"thumbnailUrl\":\"https:\/\/lpfparana.com.ar\/inicio\/wp-content\/uploads\/2025\/06\/aa3121b8-7c15-482a-99a2-fb887e085709.jpeg\",\"datePublished\":\"2025-06-16T21:50:24+00:00\",\"dateModified\":\"2025-06-16T21:50:27+00:00\",\"author\":{\"@id\":\"https:\/\/lpfparana.com.ar\/inicio\/#\/schema\/person\/e4a909baf07553d45f0fb7b76f656d76\"},\"breadcrumb\":{\"@id\":\"https:\/\/lpfparana.com.ar\/inicio\/siempre-queremos-ir-por-mas\/#breadcrumb\"},\"inLanguage\":\"es\",\"potentialAction\":[{\"@type\":\"ReadAction\",\"target\":[\"https:\/\/lpfparana.com.ar\/inicio\/siempre-queremos-ir-por-mas\/\"]}]},{\"@type\":\"ImageObject\",\"inLanguage\":\"es\",\"@id\":\"https:\/\/lpfparana.com.ar\/inicio\/siempre-queremos-ir-por-mas\/#primaryimage\",\"url\":\"https:\/\/lpfparana.com.ar\/inicio\/wp-content\/uploads\/2025\/06\/aa3121b8-7c15-482a-99a2-fb887e085709.jpeg\",\"contentUrl\":\"https:\/\/lpfparana.com.ar\/inicio\/wp-content\/uploads\/2025\/06\/aa3121b8-7c15-482a-99a2-fb887e085709.jpeg\",\"width\":1280,\"height\":720},{\"@type\":\"BreadcrumbList\",\"@id\":\"https:\/\/lpfparana.com.ar\/inicio\/siempre-queremos-ir-por-mas\/#breadcrumb\",\"itemListElement\":[{\"@type\":\"ListItem\",\"position\":1,\"name\":\"Portada\",\"item\":\"https:\/\/lpfparana.com.ar\/inicio\/\"},{\"@type\":\"ListItem\",\"position\":2,\"name\":\"\u201cSiempre queremos ir por m\u00e1s\u201d\"}]},{\"@type\":\"WebSite\",\"@id\":\"https:\/\/lpfparana.com.ar\/inicio\/#website\",\"url\":\"https:\/\/lpfparana.com.ar\/inicio\/\",\"name\":\"\",\"description\":\"LPF Paran\u00e1\",\"potentialAction\":[{\"@type\":\"SearchAction\",\"target\":{\"@type\":\"EntryPoint\",\"urlTemplate\":\"https:\/\/lpfparana.com.ar\/inicio\/?s={search_term_string}\"},\"query-input\":{\"@type\":\"PropertyValueSpecification\",\"valueRequired\":true,\"valueName\":\"search_term_string\"}}],\"inLanguage\":\"es\"},{\"@type\":\"Person\",\"@id\":\"https:\/\/lpfparana.com.ar\/inicio\/#\/schema\/person\/e4a909baf07553d45f0fb7b76f656d76\",\"name\":\"Juan Manuel L\u00f3pez\",\"image\":{\"@type\":\"ImageObject\",\"inLanguage\":\"es\",\"@id\":\"https:\/\/secure.gravatar.com\/avatar\/6fd4b36dc88658b1a9f8103e109f47885fcd020443829a5d936ca18f07c3d96c?s=96&d=mm&r=g\",\"url\":\"https:\/\/secure.gravatar.com\/avatar\/6fd4b36dc88658b1a9f8103e109f47885fcd020443829a5d936ca18f07c3d96c?s=96&d=mm&r=g\",\"contentUrl\":\"https:\/\/secure.gravatar.com\/avatar\/6fd4b36dc88658b1a9f8103e109f47885fcd020443829a5d936ca18f07c3d96c?s=96&d=mm&r=g\",\"caption\":\"Juan Manuel L\u00f3pez\"},\"url\":\"https:\/\/lpfparana.com.ar\/inicio\/author\/juanito\/\"}]}<\/script>\n<!-- \/ Yoast SEO Premium plugin. -->","yoast_head_json":{"title":"\u201cSiempre queremos ir por m\u00e1s\u201d -","robots":{"index":"index","follow":"follow","max-snippet":"max-snippet:-1","max-image-preview":"max-image-preview:large","max-video-preview":"max-video-preview:-1"},"canonical":"https:\/\/lpfparana.com.ar\/inicio\/siempre-queremos-ir-por-mas\/","og_locale":"es_ES","og_type":"article","og_title":"\u201cSiempre queremos ir por m\u00e1s\u201d","og_description":"Juan Pablo Giannecchine, director t\u00e9cnico \u00a0de San Benito Paran\u00e1, di\u00e1logo con \u201cLocos X La Liga\u201d, el programa oficial de la Liga Paranaense de F\u00fatbol que se emite por FM Litoral 103.1 MHz. Durante el comienzo de la charla, el DT \u00a0de San Benito Paran\u00e1, Juan Pablo Giannecchine\u00a0cont\u00f3: \u201cHoy contamos con un equipo con muchas juveniles,...","og_url":"https:\/\/lpfparana.com.ar\/inicio\/siempre-queremos-ir-por-mas\/","article_published_time":"2025-06-16T21:50:24+00:00","article_modified_time":"2025-06-16T21:50:27+00:00","og_image":[{"width":1280,"height":720,"url":"https:\/\/lpfparana.com.ar\/inicio\/wp-content\/uploads\/2025\/06\/aa3121b8-7c15-482a-99a2-fb887e085709.jpeg","type":"image\/jpeg"}],"author":"Juan Manuel L\u00f3pez","twitter_card":"summary_large_image","twitter_misc":{"Escrito por":"Juan Manuel L\u00f3pez","Tiempo de lectura":"2 minutos"},"schema":{"@context":"https:\/\/schema.org","@graph":[{"@type":"Article","@id":"https:\/\/lpfparana.com.ar\/inicio\/siempre-queremos-ir-por-mas\/#article","isPartOf":{"@id":"https:\/\/lpfparana.com.ar\/inicio\/siempre-queremos-ir-por-mas\/"},"author":{"name":"Juan Manuel L\u00f3pez","@id":"https:\/\/lpfparana.com.ar\/inicio\/#\/schema\/person\/e4a909baf07553d45f0fb7b76f656d76"},"headline":"\u201cSiempre queremos ir por m\u00e1s\u201d","datePublished":"2025-06-16T21:50:24+00:00","dateModified":"2025-06-16T21:50:27+00:00","mainEntityOfPage":{"@id":"https:\/\/lpfparana.com.ar\/inicio\/siempre-queremos-ir-por-mas\/"},"wordCount":310,"commentCount":0,"image":{"@id":"https:\/\/lpfparana.com.ar\/inicio\/siempre-queremos-ir-por-mas\/#primaryimage"},"thumbnailUrl":"https:\/\/lpfparana.com.ar\/inicio\/wp-content\/uploads\/2025\/06\/aa3121b8-7c15-482a-99a2-fb887e085709.jpeg","articleSection":["Femenino"],"inLanguage":"es","potentialAction":[{"@type":"CommentAction","name":"Comment","target":["https:\/\/lpfparana.com.ar\/inicio\/siempre-queremos-ir-por-mas\/#respond"]}]},{"@type":"WebPage","@id":"https:\/\/lpfparana.com.ar\/inicio\/siempre-queremos-ir-por-mas\/","url":"https:\/\/lpfparana.com.ar\/inicio\/siempre-queremos-ir-por-mas\/","name":"\u201cSiempre queremos ir por m\u00e1s\u201d -","isPartOf":{"@id":"https:\/\/lpfparana.com.ar\/inicio\/#website"},"primaryImageOfPage":{"@id":"https:\/\/lpfparana.com.ar\/inicio\/siempre-queremos-ir-por-mas\/#primaryimage"},"image":{"@id":"https:\/\/lpfparana.com.ar\/inicio\/siempre-queremos-ir-por-mas\/#primaryimage"},"thumbnailUrl":"https:\/\/lpfparana.com.ar\/inicio\/wp-content\/uploads\/2025\/06\/aa3121b8-7c15-482a-99a2-fb887e085709.jpeg","datePublished":"2025-06-16T21:50:24+00:00","dateModified":"2025-06-16T21:50:27+00:00","author":{"@id":"https:\/\/lpfparana.com.ar\/inicio\/#\/schema\/person\/e4a909baf07553d45f0fb7b76f656d76"},"breadcrumb":{"@id":"https:\/\/lpfparana.com.ar\/inicio\/siempre-queremos-ir-por-mas\/#breadcrumb"},"inLanguage":"es","potentialAction":[{"@type":"ReadAction","target":["https:\/\/lpfparana.com.ar\/inicio\/siempre-queremos-ir-por-mas\/"]}]},{"@type":"ImageObject","inLanguage":"es","@id":"https:\/\/lpfparana.com.ar\/inicio\/siempre-queremos-ir-por-mas\/#primaryimage","url":"https:\/\/lpfparana.com.ar\/inicio\/wp-content\/uploads\/2025\/06\/aa3121b8-7c15-482a-99a2-fb887e085709.jpeg","contentUrl":"https:\/\/lpfparana.com.ar\/inicio\/wp-content\/uploads\/2025\/06\/aa3121b8-7c15-482a-99a2-fb887e085709.jpeg","width":1280,"height":720},{"@type":"BreadcrumbList","@id":"https:\/\/lpfparana.com.ar\/inicio\/siempre-queremos-ir-por-mas\/#breadcrumb","itemListElement":[{"@type":"ListItem","position":1,"name":"Portada","item":"https:\/\/lpfparana.com.ar\/inicio\/"},{"@type":"ListItem","position":2,"name":"\u201cSiempre queremos ir por m\u00e1s\u201d"}]},{"@type":"WebSite","@id":"https:\/\/lpfparana.com.ar\/inicio\/#website","url":"https:\/\/lpfparana.com.ar\/inicio\/","name":"","description":"LPF Paran\u00e1","potentialAction":[{"@type":"SearchAction","target":{"@type":"EntryPoint","urlTemplate":"https:\/\/lpfparana.com.ar\/inicio\/?s={search_term_string}"},"query-input":{"@type":"PropertyValueSpecification","valueRequired":true,"valueName":"search_term_string"}}],"inLanguage":"es"},{"@type":"Person","@id":"https:\/\/lpfparana.com.ar\/inicio\/#\/schema\/person\/e4a909baf07553d45f0fb7b76f656d76","name":"Juan Manuel L\u00f3pez","image":{"@type":"ImageObject","inLanguage":"es","@id":"https:\/\/secure.gravatar.com\/avatar\/6fd4b36dc88658b1a9f8103e109f47885fcd020443829a5d936ca18f07c3d96c?s=96&d=mm&r=g","url":"https:\/\/secure.gravatar.com\/avatar\/6fd4b36dc88658b1a9f8103e109f47885fcd020443829a5d936ca18f07c3d96c?s=96&d=mm&r=g","contentUrl":"https:\/\/secure.gravatar.com\/avatar\/6fd4b36dc88658b1a9f8103e109f47885fcd020443829a5d936ca18f07c3d96c?s=96&d=mm&r=g","caption":"Juan Manuel L\u00f3pez"},"url":"https:\/\/lpfparana.com.ar\/inicio\/author\/juanito\/"}]}},"_links":{"self":[{"href":"https:\/\/lpfparana.com.ar\/inicio\/wp-json\/wp\/v2\/posts\/5152","targetHints":{"allow":["GET"]}}],"collection":[{"href":"https:\/\/lpfparana.com.ar\/inicio\/wp-json\/wp\/v2\/posts"}],"about":[{"href":"https:\/\/lpfparana.com.ar\/inicio\/wp-json\/wp\/v2\/types\/post"}],"author":[{"embeddable":true,"href":"https:\/\/lpfparana.com.ar\/inicio\/wp-json\/wp\/v2\/users\/4"}],"replies":[{"embeddable":true,"href":"https:\/\/lpfparana.com.ar\/inicio\/wp-json\/wp\/v2\/comments?post=5152"}],"version-history":[{"count":1,"href":"https:\/\/lpfparana.com.ar\/inicio\/wp-json\/wp\/v2\/posts\/5152\/revisions"}],"predecessor-version":[{"id":5153,"href":"https:\/\/lpfparana.com.ar\/inicio\/wp-json\/wp\/v2\/posts\/5152\/revisions\/5153"}],"wp:featuredmedia":[{"embeddable":true,"href":"https:\/\/lpfparana.com.ar\/inicio\/wp-json\/wp\/v2\/media\/5150"}],"wp:attachment":[{"href":"https:\/\/lpfparana.com.ar\/inicio\/wp-json\/wp\/v2\/media?parent=5152"}],"wp:term":[{"taxonomy":"category","embeddable":true,"href":"https:\/\/lpfparana.com.ar\/inicio\/wp-json\/wp\/v2\/categories?post=5152"},{"taxonomy":"post_tag","embeddable":true,"href":"https:\/\/lpfparana.com.ar\/inicio\/wp-json\/wp\/v2\/tags?post=5152"}],"curies":[{"name":"wp","href":"https:\/\/api.w.org\/{rel}","templated":true}]}}