{"id":5123,"date":"2025-05-21T11:14:47","date_gmt":"2025-05-21T14:14:47","guid":{"rendered":"https:\/\/lpfparana.com.ar\/inicio\/?p=5123"},"modified":"2025-05-21T11:14:50","modified_gmt":"2025-05-21T14:14:50","slug":"estamos-muy-felices-por-este-presente","status":"publish","type":"post","link":"https:\/\/lpfparana.com.ar\/inicio\/estamos-muy-felices-por-este-presente\/","title":{"rendered":"\u201cEstamos muy felices por este presente\u201d"},"content":{"rendered":"\n<h3 class=\"wp-block-heading\" id=\"h-claudio-sonez-presidente-de-academia-crack-y-director-tecnico-del-plantel-femenino-de-primera-division-dialogo-con-locos-x-la-liga-el-programa-oficial-de-la-liga-paranaense-de-futbol-que-se-emite-por-fm-litoral-103-1-mhz\">Claudio So\u00f1ez, presidente de Academia Crack y director t\u00e9cnico del plantel femenino de primera divisi\u00f3n, di\u00e1logo con \u201cLocos X La Liga\u201d, el programa oficial de la Liga Paranaense de F\u00fatbol que se emite por FM Litoral 103.1 Mhz.<\/h3>\n\n\n\n<p>Claudio So\u00f1ez dirigente y DT de Academia Crack, en dialogo por FM Litoral, cont\u00f3: \u201cEstamos muy felices de este presente y con muchas expectativas por la participaci\u00f3n en la Copa Regional Federal Femenina\u201d.<\/p>\n\n\n\n<p>Siguiendo en la misma l\u00ednea, So\u00f1ez dijo: \u201cSi bien el objetivo claro es seguir formando a las ni\u00f1as, esto tan lindo que se nos presenta lo tomamos con mucha responsabilidad, hay un trabajo detr\u00e1s de todo esto y queremos dejar al futbol femenino de la Liga lo mas alto posible\u201d.<\/p>\n\n\n\n<h4 class=\"wp-block-heading\" id=\"h-los-logros-de-la-institucion\">Los logros de la instituci\u00f3n<\/h4>\n\n\n\n<p>El presidente y director t\u00e9cnico del equipo crespense mencion\u00f3: \u201cEn muy poco tiempo logramos grandes cosas, tanto en primera divisi\u00f3n, llegando a una final, ni m\u00e1s ni menos; como as\u00ed tambi\u00e9n en las inferiores\u00bb, para luego agregar: \u00abUno no est\u00e1 solo, tiene un gran acompa\u00f1amiento de gente detr\u00e1s\u201d.<\/p>\n\n\n\n<p>\u201cSomos realistas que esto es algo hist\u00f3rico para la instituci\u00f3n, agradecemos a los padres de las ni\u00f1as por tambi\u00e9n colaborar y ser parte\u201d, asegur\u00f3 Claudio.<\/p>\n\n\n\n<h4 class=\"wp-block-heading\" id=\"h-el-futbol-femenino-liguista\">El f\u00fatbol femenino liguista<\/h4>\n\n\n\n<p>So\u00f1ez como dirigente de Academia habl\u00f3 sobre el futbol femenino en la actualidad, manifestando que: \u201cHoy la Liga Paranaense y el futbol femenino est\u00e1 en constante crecimiento, queremos seguir por ese camino, sabemos que no es f\u00e1cil, pero todos unidos tenemos que seguir luchando por el desarrollo de las ni\u00f1as dentro de este hermoso deporte\u201d.<\/p>\n\n\n\n<p>Cerrando la charla por FM Litoral, Claudio brind\u00f3 detalles a la preparaci\u00f3n de cara a la \u201cCopa Regional Federal\u201d y al respecto resalt\u00f3: \u201cLas chicas est\u00e1n muy entusiasmadas, saben el esfuerzo que estamos haciendo para representar a Academia en este torneo, seguramente tengamos dos o tres refuerzos de cara a la competencia, pero la base la tenemos del a\u00f1o anterior\u00bb.<\/p>\n\n\n\n<p>\u00abEste fin de semana jugaremos frente a un gran rival como lo es Arenas, as\u00ed que dejamos la invitaci\u00f3n abierta para todos\u201d, cerro diciendo el DT de las \u00abcracks\u00bb. <\/p>\n","protected":false},"excerpt":{"rendered":"<p>Claudio So\u00f1ez, presidente de Academia Crack y director t\u00e9cnico del plantel femenino de primera divisi\u00f3n, di\u00e1logo con \u201cLocos X La Liga\u201d, el programa oficial de la Liga Paranaense de F\u00fatbol que se emite por FM Litoral 103.1 Mhz. Claudio So\u00f1ez dirigente y DT de Academia Crack, en dialogo por FM Litoral, cont\u00f3: \u201cEstamos muy felices&#8230;<\/p>\n","protected":false},"author":4,"featured_media":5121,"comment_status":"open","ping_status":"open","sticky":false,"template":"","format":"standard","meta":{"footnotes":""},"categories":[5,2],"tags":[],"class_list":["post-5123","post","type-post","status-publish","format-standard","has-post-thumbnail","hentry","category-femenino","category-noticias"],"featured_image_src":"https:\/\/lpfparana.com.ar\/inicio\/wp-content\/uploads\/2025\/05\/academia.jpg","author_info":{"display_name":"Juan Manuel L\u00f3pez","author_link":"https:\/\/lpfparana.com.ar\/inicio\/author\/juanito\/"},"yoast_head":"<!-- This site is optimized with the Yoast SEO Premium plugin v23.3 (Yoast SEO v27.2) - https:\/\/yoast.com\/product\/yoast-seo-premium-wordpress\/ -->\n<title>\u201cEstamos muy felices por este presente\u201d -<\/title>\n<meta name=\"description\" content=\"Claudio So\u00f1ez, presidente de Academia Crack y director t\u00e9cnico del plantel femenino de primera divisi\u00f3n, di\u00e1logo con \u201cLocos X La Liga\u201d...\" \/>\n<meta name=\"robots\" content=\"index, follow, max-snippet:-1, max-image-preview:large, max-video-preview:-1\" \/>\n<link rel=\"canonical\" href=\"https:\/\/lpfparana.com.ar\/inicio\/estamos-muy-felices-por-este-presente\/\" \/>\n<meta property=\"og:locale\" content=\"es_ES\" \/>\n<meta property=\"og:type\" content=\"article\" \/>\n<meta property=\"og:title\" content=\"\u201cEstamos muy felices por este presente\u201d\" \/>\n<meta property=\"og:description\" content=\"Claudio So\u00f1ez, presidente de Academia Crack y director t\u00e9cnico del plantel femenino de primera divisi\u00f3n, di\u00e1logo con \u201cLocos X La Liga\u201d...\" \/>\n<meta property=\"og:url\" content=\"https:\/\/lpfparana.com.ar\/inicio\/estamos-muy-felices-por-este-presente\/\" \/>\n<meta property=\"article:published_time\" content=\"2025-05-21T14:14:47+00:00\" \/>\n<meta property=\"article:modified_time\" content=\"2025-05-21T14:14:50+00:00\" \/>\n<meta property=\"og:image\" content=\"https:\/\/lpfparana.com.ar\/inicio\/wp-content\/uploads\/2025\/05\/academia.jpg\" \/>\n\t<meta property=\"og:image:width\" content=\"1280\" \/>\n\t<meta property=\"og:image:height\" content=\"720\" \/>\n\t<meta property=\"og:image:type\" content=\"image\/jpeg\" \/>\n<meta name=\"author\" content=\"Juan Manuel L\u00f3pez\" \/>\n<meta name=\"twitter:card\" content=\"summary_large_image\" \/>\n<meta name=\"twitter:label1\" content=\"Escrito por\" \/>\n\t<meta name=\"twitter:data1\" content=\"Juan Manuel L\u00f3pez\" \/>\n\t<meta name=\"twitter:label2\" content=\"Tiempo de lectura\" \/>\n\t<meta name=\"twitter:data2\" content=\"2 minutos\" \/>\n<script type=\"application\/ld+json\" class=\"yoast-schema-graph\">{\"@context\":\"https:\/\/schema.org\",\"@graph\":[{\"@type\":\"Article\",\"@id\":\"https:\/\/lpfparana.com.ar\/inicio\/estamos-muy-felices-por-este-presente\/#article\",\"isPartOf\":{\"@id\":\"https:\/\/lpfparana.com.ar\/inicio\/estamos-muy-felices-por-este-presente\/\"},\"author\":{\"name\":\"Juan Manuel L\u00f3pez\",\"@id\":\"https:\/\/lpfparana.com.ar\/inicio\/#\/schema\/person\/e4a909baf07553d45f0fb7b76f656d76\"},\"headline\":\"\u201cEstamos muy felices por este presente\u201d\",\"datePublished\":\"2025-05-21T14:14:47+00:00\",\"dateModified\":\"2025-05-21T14:14:50+00:00\",\"mainEntityOfPage\":{\"@id\":\"https:\/\/lpfparana.com.ar\/inicio\/estamos-muy-felices-por-este-presente\/\"},\"wordCount\":382,\"commentCount\":0,\"image\":{\"@id\":\"https:\/\/lpfparana.com.ar\/inicio\/estamos-muy-felices-por-este-presente\/#primaryimage\"},\"thumbnailUrl\":\"https:\/\/lpfparana.com.ar\/inicio\/wp-content\/uploads\/2025\/05\/academia.jpg\",\"articleSection\":[\"Femenino\",\"Noticias\"],\"inLanguage\":\"es\",\"potentialAction\":[{\"@type\":\"CommentAction\",\"name\":\"Comment\",\"target\":[\"https:\/\/lpfparana.com.ar\/inicio\/estamos-muy-felices-por-este-presente\/#respond\"]}]},{\"@type\":\"WebPage\",\"@id\":\"https:\/\/lpfparana.com.ar\/inicio\/estamos-muy-felices-por-este-presente\/\",\"url\":\"https:\/\/lpfparana.com.ar\/inicio\/estamos-muy-felices-por-este-presente\/\",\"name\":\"\u201cEstamos muy felices por este presente\u201d -\",\"isPartOf\":{\"@id\":\"https:\/\/lpfparana.com.ar\/inicio\/#website\"},\"primaryImageOfPage\":{\"@id\":\"https:\/\/lpfparana.com.ar\/inicio\/estamos-muy-felices-por-este-presente\/#primaryimage\"},\"image\":{\"@id\":\"https:\/\/lpfparana.com.ar\/inicio\/estamos-muy-felices-por-este-presente\/#primaryimage\"},\"thumbnailUrl\":\"https:\/\/lpfparana.com.ar\/inicio\/wp-content\/uploads\/2025\/05\/academia.jpg\",\"datePublished\":\"2025-05-21T14:14:47+00:00\",\"dateModified\":\"2025-05-21T14:14:50+00:00\",\"author\":{\"@id\":\"https:\/\/lpfparana.com.ar\/inicio\/#\/schema\/person\/e4a909baf07553d45f0fb7b76f656d76\"},\"description\":\"Claudio So\u00f1ez, presidente de Academia Crack y director t\u00e9cnico del plantel femenino de primera divisi\u00f3n, di\u00e1logo con \u201cLocos X La Liga\u201d...\",\"breadcrumb\":{\"@id\":\"https:\/\/lpfparana.com.ar\/inicio\/estamos-muy-felices-por-este-presente\/#breadcrumb\"},\"inLanguage\":\"es\",\"potentialAction\":[{\"@type\":\"ReadAction\",\"target\":[\"https:\/\/lpfparana.com.ar\/inicio\/estamos-muy-felices-por-este-presente\/\"]}]},{\"@type\":\"ImageObject\",\"inLanguage\":\"es\",\"@id\":\"https:\/\/lpfparana.com.ar\/inicio\/estamos-muy-felices-por-este-presente\/#primaryimage\",\"url\":\"https:\/\/lpfparana.com.ar\/inicio\/wp-content\/uploads\/2025\/05\/academia.jpg\",\"contentUrl\":\"https:\/\/lpfparana.com.ar\/inicio\/wp-content\/uploads\/2025\/05\/academia.jpg\",\"width\":1280,\"height\":720},{\"@type\":\"BreadcrumbList\",\"@id\":\"https:\/\/lpfparana.com.ar\/inicio\/estamos-muy-felices-por-este-presente\/#breadcrumb\",\"itemListElement\":[{\"@type\":\"ListItem\",\"position\":1,\"name\":\"Portada\",\"item\":\"https:\/\/lpfparana.com.ar\/inicio\/\"},{\"@type\":\"ListItem\",\"position\":2,\"name\":\"\u201cEstamos muy felices por este presente\u201d\"}]},{\"@type\":\"WebSite\",\"@id\":\"https:\/\/lpfparana.com.ar\/inicio\/#website\",\"url\":\"https:\/\/lpfparana.com.ar\/inicio\/\",\"name\":\"\",\"description\":\"LPF Paran\u00e1\",\"potentialAction\":[{\"@type\":\"SearchAction\",\"target\":{\"@type\":\"EntryPoint\",\"urlTemplate\":\"https:\/\/lpfparana.com.ar\/inicio\/?s={search_term_string}\"},\"query-input\":{\"@type\":\"PropertyValueSpecification\",\"valueRequired\":true,\"valueName\":\"search_term_string\"}}],\"inLanguage\":\"es\"},{\"@type\":\"Person\",\"@id\":\"https:\/\/lpfparana.com.ar\/inicio\/#\/schema\/person\/e4a909baf07553d45f0fb7b76f656d76\",\"name\":\"Juan Manuel L\u00f3pez\",\"image\":{\"@type\":\"ImageObject\",\"inLanguage\":\"es\",\"@id\":\"https:\/\/secure.gravatar.com\/avatar\/6fd4b36dc88658b1a9f8103e109f47885fcd020443829a5d936ca18f07c3d96c?s=96&d=mm&r=g\",\"url\":\"https:\/\/secure.gravatar.com\/avatar\/6fd4b36dc88658b1a9f8103e109f47885fcd020443829a5d936ca18f07c3d96c?s=96&d=mm&r=g\",\"contentUrl\":\"https:\/\/secure.gravatar.com\/avatar\/6fd4b36dc88658b1a9f8103e109f47885fcd020443829a5d936ca18f07c3d96c?s=96&d=mm&r=g\",\"caption\":\"Juan Manuel L\u00f3pez\"},\"url\":\"https:\/\/lpfparana.com.ar\/inicio\/author\/juanito\/\"}]}<\/script>\n<!-- \/ Yoast SEO Premium plugin. -->","yoast_head_json":{"title":"\u201cEstamos muy felices por este presente\u201d -","description":"Claudio So\u00f1ez, presidente de Academia Crack y director t\u00e9cnico del plantel femenino de primera divisi\u00f3n, di\u00e1logo con \u201cLocos X La Liga\u201d...","robots":{"index":"index","follow":"follow","max-snippet":"max-snippet:-1","max-image-preview":"max-image-preview:large","max-video-preview":"max-video-preview:-1"},"canonical":"https:\/\/lpfparana.com.ar\/inicio\/estamos-muy-felices-por-este-presente\/","og_locale":"es_ES","og_type":"article","og_title":"\u201cEstamos muy felices por este presente\u201d","og_description":"Claudio So\u00f1ez, presidente de Academia Crack y director t\u00e9cnico del plantel femenino de primera divisi\u00f3n, di\u00e1logo con \u201cLocos X La Liga\u201d...","og_url":"https:\/\/lpfparana.com.ar\/inicio\/estamos-muy-felices-por-este-presente\/","article_published_time":"2025-05-21T14:14:47+00:00","article_modified_time":"2025-05-21T14:14:50+00:00","og_image":[{"width":1280,"height":720,"url":"https:\/\/lpfparana.com.ar\/inicio\/wp-content\/uploads\/2025\/05\/academia.jpg","type":"image\/jpeg"}],"author":"Juan Manuel L\u00f3pez","twitter_card":"summary_large_image","twitter_misc":{"Escrito por":"Juan Manuel L\u00f3pez","Tiempo de lectura":"2 minutos"},"schema":{"@context":"https:\/\/schema.org","@graph":[{"@type":"Article","@id":"https:\/\/lpfparana.com.ar\/inicio\/estamos-muy-felices-por-este-presente\/#article","isPartOf":{"@id":"https:\/\/lpfparana.com.ar\/inicio\/estamos-muy-felices-por-este-presente\/"},"author":{"name":"Juan Manuel L\u00f3pez","@id":"https:\/\/lpfparana.com.ar\/inicio\/#\/schema\/person\/e4a909baf07553d45f0fb7b76f656d76"},"headline":"\u201cEstamos muy felices por este presente\u201d","datePublished":"2025-05-21T14:14:47+00:00","dateModified":"2025-05-21T14:14:50+00:00","mainEntityOfPage":{"@id":"https:\/\/lpfparana.com.ar\/inicio\/estamos-muy-felices-por-este-presente\/"},"wordCount":382,"commentCount":0,"image":{"@id":"https:\/\/lpfparana.com.ar\/inicio\/estamos-muy-felices-por-este-presente\/#primaryimage"},"thumbnailUrl":"https:\/\/lpfparana.com.ar\/inicio\/wp-content\/uploads\/2025\/05\/academia.jpg","articleSection":["Femenino","Noticias"],"inLanguage":"es","potentialAction":[{"@type":"CommentAction","name":"Comment","target":["https:\/\/lpfparana.com.ar\/inicio\/estamos-muy-felices-por-este-presente\/#respond"]}]},{"@type":"WebPage","@id":"https:\/\/lpfparana.com.ar\/inicio\/estamos-muy-felices-por-este-presente\/","url":"https:\/\/lpfparana.com.ar\/inicio\/estamos-muy-felices-por-este-presente\/","name":"\u201cEstamos muy felices por este presente\u201d -","isPartOf":{"@id":"https:\/\/lpfparana.com.ar\/inicio\/#website"},"primaryImageOfPage":{"@id":"https:\/\/lpfparana.com.ar\/inicio\/estamos-muy-felices-por-este-presente\/#primaryimage"},"image":{"@id":"https:\/\/lpfparana.com.ar\/inicio\/estamos-muy-felices-por-este-presente\/#primaryimage"},"thumbnailUrl":"https:\/\/lpfparana.com.ar\/inicio\/wp-content\/uploads\/2025\/05\/academia.jpg","datePublished":"2025-05-21T14:14:47+00:00","dateModified":"2025-05-21T14:14:50+00:00","author":{"@id":"https:\/\/lpfparana.com.ar\/inicio\/#\/schema\/person\/e4a909baf07553d45f0fb7b76f656d76"},"description":"Claudio So\u00f1ez, presidente de Academia Crack y director t\u00e9cnico del plantel femenino de primera divisi\u00f3n, di\u00e1logo con \u201cLocos X La Liga\u201d...","breadcrumb":{"@id":"https:\/\/lpfparana.com.ar\/inicio\/estamos-muy-felices-por-este-presente\/#breadcrumb"},"inLanguage":"es","potentialAction":[{"@type":"ReadAction","target":["https:\/\/lpfparana.com.ar\/inicio\/estamos-muy-felices-por-este-presente\/"]}]},{"@type":"ImageObject","inLanguage":"es","@id":"https:\/\/lpfparana.com.ar\/inicio\/estamos-muy-felices-por-este-presente\/#primaryimage","url":"https:\/\/lpfparana.com.ar\/inicio\/wp-content\/uploads\/2025\/05\/academia.jpg","contentUrl":"https:\/\/lpfparana.com.ar\/inicio\/wp-content\/uploads\/2025\/05\/academia.jpg","width":1280,"height":720},{"@type":"BreadcrumbList","@id":"https:\/\/lpfparana.com.ar\/inicio\/estamos-muy-felices-por-este-presente\/#breadcrumb","itemListElement":[{"@type":"ListItem","position":1,"name":"Portada","item":"https:\/\/lpfparana.com.ar\/inicio\/"},{"@type":"ListItem","position":2,"name":"\u201cEstamos muy felices por este presente\u201d"}]},{"@type":"WebSite","@id":"https:\/\/lpfparana.com.ar\/inicio\/#website","url":"https:\/\/lpfparana.com.ar\/inicio\/","name":"","description":"LPF Paran\u00e1","potentialAction":[{"@type":"SearchAction","target":{"@type":"EntryPoint","urlTemplate":"https:\/\/lpfparana.com.ar\/inicio\/?s={search_term_string}"},"query-input":{"@type":"PropertyValueSpecification","valueRequired":true,"valueName":"search_term_string"}}],"inLanguage":"es"},{"@type":"Person","@id":"https:\/\/lpfparana.com.ar\/inicio\/#\/schema\/person\/e4a909baf07553d45f0fb7b76f656d76","name":"Juan Manuel L\u00f3pez","image":{"@type":"ImageObject","inLanguage":"es","@id":"https:\/\/secure.gravatar.com\/avatar\/6fd4b36dc88658b1a9f8103e109f47885fcd020443829a5d936ca18f07c3d96c?s=96&d=mm&r=g","url":"https:\/\/secure.gravatar.com\/avatar\/6fd4b36dc88658b1a9f8103e109f47885fcd020443829a5d936ca18f07c3d96c?s=96&d=mm&r=g","contentUrl":"https:\/\/secure.gravatar.com\/avatar\/6fd4b36dc88658b1a9f8103e109f47885fcd020443829a5d936ca18f07c3d96c?s=96&d=mm&r=g","caption":"Juan Manuel L\u00f3pez"},"url":"https:\/\/lpfparana.com.ar\/inicio\/author\/juanito\/"}]}},"_links":{"self":[{"href":"https:\/\/lpfparana.com.ar\/inicio\/wp-json\/wp\/v2\/posts\/5123","targetHints":{"allow":["GET"]}}],"collection":[{"href":"https:\/\/lpfparana.com.ar\/inicio\/wp-json\/wp\/v2\/posts"}],"about":[{"href":"https:\/\/lpfparana.com.ar\/inicio\/wp-json\/wp\/v2\/types\/post"}],"author":[{"embeddable":true,"href":"https:\/\/lpfparana.com.ar\/inicio\/wp-json\/wp\/v2\/users\/4"}],"replies":[{"embeddable":true,"href":"https:\/\/lpfparana.com.ar\/inicio\/wp-json\/wp\/v2\/comments?post=5123"}],"version-history":[{"count":1,"href":"https:\/\/lpfparana.com.ar\/inicio\/wp-json\/wp\/v2\/posts\/5123\/revisions"}],"predecessor-version":[{"id":5124,"href":"https:\/\/lpfparana.com.ar\/inicio\/wp-json\/wp\/v2\/posts\/5123\/revisions\/5124"}],"wp:featuredmedia":[{"embeddable":true,"href":"https:\/\/lpfparana.com.ar\/inicio\/wp-json\/wp\/v2\/media\/5121"}],"wp:attachment":[{"href":"https:\/\/lpfparana.com.ar\/inicio\/wp-json\/wp\/v2\/media?parent=5123"}],"wp:term":[{"taxonomy":"category","embeddable":true,"href":"https:\/\/lpfparana.com.ar\/inicio\/wp-json\/wp\/v2\/categories?post=5123"},{"taxonomy":"post_tag","embeddable":true,"href":"https:\/\/lpfparana.com.ar\/inicio\/wp-json\/wp\/v2\/tags?post=5123"}],"curies":[{"name":"wp","href":"https:\/\/api.w.org\/{rel}","templated":true}]}}