{"id":5059,"date":"2025-04-26T10:11:46","date_gmt":"2025-04-26T13:11:46","guid":{"rendered":"https:\/\/lpfparana.com.ar\/inicio\/?p=5059"},"modified":"2025-04-26T10:11:48","modified_gmt":"2025-04-26T13:11:48","slug":"la-copa-tunel-subfluvial-femenina-ya-esta-en-marcha","status":"publish","type":"post","link":"https:\/\/lpfparana.com.ar\/inicio\/la-copa-tunel-subfluvial-femenina-ya-esta-en-marcha\/","title":{"rendered":"La \u201cCopa T\u00fanel Subfluvial Femenina\u201d ya est\u00e1 en marcha"},"content":{"rendered":"\n<h3 class=\"wp-block-heading\" id=\"h-durante-esta-semana-se-comenzaron-a-definir-detallen-en-referencia-al-certamen-que-comenzara-en-el-segundo-semestres-del-2025-y-que-contara-con-la-participacion-de-ocho-equipos-de-la-liga-paranaense-y-ocho-de-la-liga-santafesina\">Durante esta semana, se comenzaron a definir detallen en referencia al certamen que comenzar\u00e1 en el segundo semestres del 2025 y que contar\u00e1 con la participaci\u00f3n de ocho equipos de la Liga Paranaense y ocho de la Liga Santafesina.<\/h3>\n\n\n\n<p>A comienzos del 2025 la llegada de la \u201cCopa T\u00fanel Subfluvial\u201d irrumpi\u00f3 en el f\u00fatbol de la zona, con un certamen que gener\u00f3 muchas expectativas, que con el correr del certamen se fueron cumpliendo. Una competencia in\u00e9dita con premios deportivos y econ\u00f3micos, pero adem\u00e1s sin costos para los clubes participantes.<\/p>\n\n\n\n<p>Esta semana, en la ciudad de Santa Fe, se comenz\u00f3 a organizar la edici\u00f3n femenina del campeonato, que tendr\u00e1 16 elencos participando, ocho de cada liga. En el segundo semestre de este a\u00f1o, se comenzar\u00e1 a desarrollar, buscando que tenga la misma impronta o mejor, que la que tuvo el torneo masculino.<\/p>\n\n\n\n<p>Para comenzar a definir detalles, adem\u00e1s del presidente de la Liga Santafesina, Leandro Birollo y el gerente de la Liga Paranaense, Rodolfo Emery, estuvieron las principales referentes de la mesa femenina de cada ente regulador.<\/p>\n\n\n\n<p>Viviana Servidio y Alejandra Hass, presidenta y vicepresidenta de la mesa femenil de la liga santafesina, fueron las representantes de la LSF, mientras que Pamela Tortul y Maricel Leal estuvieron presentes representando al f\u00fatbol de Paran\u00e1.<\/p>\n\n\n\n<p>Durante las pr\u00f3ximas semanas seguir\u00e1n las reuniones, buscando tener un certamen bien organizado, que vaya aceitando cuestiones inherentes a la log\u00edstica y que siga elevando la vara, que ya dej\u00f3 alta el certamen que consagr\u00f3 a Patronato.<\/p>\n\n\n\n<figure class=\"wp-block-image size-large is-resized\"><a href=\"https:\/\/lpfparana.com.ar\/inicio\/wp-content\/uploads\/2025\/04\/WhatsApp-Image-2025-04-24-at-21.40.00-scaled.jpeg\"><img fetchpriority=\"high\" decoding=\"async\" width=\"576\" height=\"1024\" src=\"https:\/\/lpfparana.com.ar\/inicio\/wp-content\/uploads\/2025\/04\/WhatsApp-Image-2025-04-24-at-21.40.00-576x1024.jpeg\" alt=\"\" class=\"wp-image-5061\" style=\"width:592px;height:auto\" srcset=\"https:\/\/lpfparana.com.ar\/inicio\/wp-content\/uploads\/2025\/04\/WhatsApp-Image-2025-04-24-at-21.40.00-576x1024.jpeg 576w, https:\/\/lpfparana.com.ar\/inicio\/wp-content\/uploads\/2025\/04\/WhatsApp-Image-2025-04-24-at-21.40.00-169x300.jpeg 169w, https:\/\/lpfparana.com.ar\/inicio\/wp-content\/uploads\/2025\/04\/WhatsApp-Image-2025-04-24-at-21.40.00-768x1365.jpeg 768w, https:\/\/lpfparana.com.ar\/inicio\/wp-content\/uploads\/2025\/04\/WhatsApp-Image-2025-04-24-at-21.40.00-864x1536.jpeg 864w, https:\/\/lpfparana.com.ar\/inicio\/wp-content\/uploads\/2025\/04\/WhatsApp-Image-2025-04-24-at-21.40.00-1152x2048.jpeg 1152w, https:\/\/lpfparana.com.ar\/inicio\/wp-content\/uploads\/2025\/04\/WhatsApp-Image-2025-04-24-at-21.40.00-scaled.jpeg 1440w\" sizes=\"(max-width: 576px) 100vw, 576px\" \/><\/a><\/figure>\n","protected":false},"excerpt":{"rendered":"<p>Durante esta semana, se comenzaron a definir detallen en referencia al certamen que comenzar\u00e1 en el segundo semestres del 2025 y que contar\u00e1 con la participaci\u00f3n de ocho equipos de la Liga Paranaense y ocho de la Liga Santafesina. A comienzos del 2025 la llegada de la \u201cCopa T\u00fanel Subfluvial\u201d irrumpi\u00f3 en el f\u00fatbol de&#8230;<\/p>\n","protected":false},"author":4,"featured_media":5060,"comment_status":"open","ping_status":"open","sticky":false,"template":"","format":"standard","meta":{"footnotes":""},"categories":[7,2],"tags":[],"class_list":["post-5059","post","type-post","status-publish","format-standard","has-post-thumbnail","hentry","category-institucional","category-noticias"],"featured_image_src":"https:\/\/lpfparana.com.ar\/inicio\/wp-content\/uploads\/2025\/04\/WhatsApp-Image-2025-04-24-at-21.40.23-scaled.jpeg","author_info":{"display_name":"Juan Manuel L\u00f3pez","author_link":"https:\/\/lpfparana.com.ar\/inicio\/author\/juanito\/"},"yoast_head":"<!-- This site is optimized with the Yoast SEO Premium plugin v23.3 (Yoast SEO v27.2) - https:\/\/yoast.com\/product\/yoast-seo-premium-wordpress\/ -->\n<title>La \u201cCopa T\u00fanel Subfluvial Femenina\u201d ya est\u00e1 en marcha -<\/title>\n<meta name=\"description\" content=\"Durante esta semana, se comenzaron a definir detallen en referencia al certamen que comenzar\u00e1 en el segundo semestres del 2025 y que...\" \/>\n<meta name=\"robots\" content=\"index, follow, max-snippet:-1, max-image-preview:large, max-video-preview:-1\" \/>\n<link rel=\"canonical\" href=\"https:\/\/lpfparana.com.ar\/inicio\/la-copa-tunel-subfluvial-femenina-ya-esta-en-marcha\/\" \/>\n<meta property=\"og:locale\" content=\"es_ES\" \/>\n<meta property=\"og:type\" content=\"article\" \/>\n<meta property=\"og:title\" content=\"La \u201cCopa T\u00fanel Subfluvial Femenina\u201d ya est\u00e1 en marcha\" \/>\n<meta property=\"og:description\" content=\"Durante esta semana, se comenzaron a definir detallen en referencia al certamen que comenzar\u00e1 en el segundo semestres del 2025 y que...\" \/>\n<meta property=\"og:url\" content=\"https:\/\/lpfparana.com.ar\/inicio\/la-copa-tunel-subfluvial-femenina-ya-esta-en-marcha\/\" \/>\n<meta property=\"article:published_time\" content=\"2025-04-26T13:11:46+00:00\" \/>\n<meta property=\"article:modified_time\" content=\"2025-04-26T13:11:48+00:00\" \/>\n<meta property=\"og:image\" content=\"https:\/\/lpfparana.com.ar\/inicio\/wp-content\/uploads\/2025\/04\/WhatsApp-Image-2025-04-24-at-21.40.23-scaled.jpeg\" \/>\n\t<meta property=\"og:image:width\" content=\"2560\" \/>\n\t<meta property=\"og:image:height\" content=\"2133\" \/>\n\t<meta property=\"og:image:type\" content=\"image\/jpeg\" \/>\n<meta name=\"author\" content=\"Juan Manuel L\u00f3pez\" \/>\n<meta name=\"twitter:card\" content=\"summary_large_image\" \/>\n<meta name=\"twitter:label1\" content=\"Escrito por\" \/>\n\t<meta name=\"twitter:data1\" content=\"Juan Manuel L\u00f3pez\" \/>\n\t<meta name=\"twitter:label2\" content=\"Tiempo de lectura\" \/>\n\t<meta name=\"twitter:data2\" content=\"2 minutos\" \/>\n<script type=\"application\/ld+json\" class=\"yoast-schema-graph\">{\"@context\":\"https:\/\/schema.org\",\"@graph\":[{\"@type\":\"Article\",\"@id\":\"https:\/\/lpfparana.com.ar\/inicio\/la-copa-tunel-subfluvial-femenina-ya-esta-en-marcha\/#article\",\"isPartOf\":{\"@id\":\"https:\/\/lpfparana.com.ar\/inicio\/la-copa-tunel-subfluvial-femenina-ya-esta-en-marcha\/\"},\"author\":{\"name\":\"Juan Manuel L\u00f3pez\",\"@id\":\"https:\/\/lpfparana.com.ar\/inicio\/#\/schema\/person\/e4a909baf07553d45f0fb7b76f656d76\"},\"headline\":\"La \u201cCopa T\u00fanel Subfluvial Femenina\u201d ya est\u00e1 en marcha\",\"datePublished\":\"2025-04-26T13:11:46+00:00\",\"dateModified\":\"2025-04-26T13:11:48+00:00\",\"mainEntityOfPage\":{\"@id\":\"https:\/\/lpfparana.com.ar\/inicio\/la-copa-tunel-subfluvial-femenina-ya-esta-en-marcha\/\"},\"wordCount\":269,\"commentCount\":0,\"image\":{\"@id\":\"https:\/\/lpfparana.com.ar\/inicio\/la-copa-tunel-subfluvial-femenina-ya-esta-en-marcha\/#primaryimage\"},\"thumbnailUrl\":\"https:\/\/lpfparana.com.ar\/inicio\/wp-content\/uploads\/2025\/04\/WhatsApp-Image-2025-04-24-at-21.40.23-scaled.jpeg\",\"articleSection\":[\"Institucional\",\"Noticias\"],\"inLanguage\":\"es\",\"potentialAction\":[{\"@type\":\"CommentAction\",\"name\":\"Comment\",\"target\":[\"https:\/\/lpfparana.com.ar\/inicio\/la-copa-tunel-subfluvial-femenina-ya-esta-en-marcha\/#respond\"]}]},{\"@type\":\"WebPage\",\"@id\":\"https:\/\/lpfparana.com.ar\/inicio\/la-copa-tunel-subfluvial-femenina-ya-esta-en-marcha\/\",\"url\":\"https:\/\/lpfparana.com.ar\/inicio\/la-copa-tunel-subfluvial-femenina-ya-esta-en-marcha\/\",\"name\":\"La \u201cCopa T\u00fanel Subfluvial Femenina\u201d ya est\u00e1 en marcha -\",\"isPartOf\":{\"@id\":\"https:\/\/lpfparana.com.ar\/inicio\/#website\"},\"primaryImageOfPage\":{\"@id\":\"https:\/\/lpfparana.com.ar\/inicio\/la-copa-tunel-subfluvial-femenina-ya-esta-en-marcha\/#primaryimage\"},\"image\":{\"@id\":\"https:\/\/lpfparana.com.ar\/inicio\/la-copa-tunel-subfluvial-femenina-ya-esta-en-marcha\/#primaryimage\"},\"thumbnailUrl\":\"https:\/\/lpfparana.com.ar\/inicio\/wp-content\/uploads\/2025\/04\/WhatsApp-Image-2025-04-24-at-21.40.23-scaled.jpeg\",\"datePublished\":\"2025-04-26T13:11:46+00:00\",\"dateModified\":\"2025-04-26T13:11:48+00:00\",\"author\":{\"@id\":\"https:\/\/lpfparana.com.ar\/inicio\/#\/schema\/person\/e4a909baf07553d45f0fb7b76f656d76\"},\"description\":\"Durante esta semana, se comenzaron a definir detallen en referencia al certamen que comenzar\u00e1 en el segundo semestres del 2025 y que...\",\"breadcrumb\":{\"@id\":\"https:\/\/lpfparana.com.ar\/inicio\/la-copa-tunel-subfluvial-femenina-ya-esta-en-marcha\/#breadcrumb\"},\"inLanguage\":\"es\",\"potentialAction\":[{\"@type\":\"ReadAction\",\"target\":[\"https:\/\/lpfparana.com.ar\/inicio\/la-copa-tunel-subfluvial-femenina-ya-esta-en-marcha\/\"]}]},{\"@type\":\"ImageObject\",\"inLanguage\":\"es\",\"@id\":\"https:\/\/lpfparana.com.ar\/inicio\/la-copa-tunel-subfluvial-femenina-ya-esta-en-marcha\/#primaryimage\",\"url\":\"https:\/\/lpfparana.com.ar\/inicio\/wp-content\/uploads\/2025\/04\/WhatsApp-Image-2025-04-24-at-21.40.23-scaled.jpeg\",\"contentUrl\":\"https:\/\/lpfparana.com.ar\/inicio\/wp-content\/uploads\/2025\/04\/WhatsApp-Image-2025-04-24-at-21.40.23-scaled.jpeg\",\"width\":2560,\"height\":2133},{\"@type\":\"BreadcrumbList\",\"@id\":\"https:\/\/lpfparana.com.ar\/inicio\/la-copa-tunel-subfluvial-femenina-ya-esta-en-marcha\/#breadcrumb\",\"itemListElement\":[{\"@type\":\"ListItem\",\"position\":1,\"name\":\"Portada\",\"item\":\"https:\/\/lpfparana.com.ar\/inicio\/\"},{\"@type\":\"ListItem\",\"position\":2,\"name\":\"La \u201cCopa T\u00fanel Subfluvial Femenina\u201d ya est\u00e1 en marcha\"}]},{\"@type\":\"WebSite\",\"@id\":\"https:\/\/lpfparana.com.ar\/inicio\/#website\",\"url\":\"https:\/\/lpfparana.com.ar\/inicio\/\",\"name\":\"\",\"description\":\"LPF Paran\u00e1\",\"potentialAction\":[{\"@type\":\"SearchAction\",\"target\":{\"@type\":\"EntryPoint\",\"urlTemplate\":\"https:\/\/lpfparana.com.ar\/inicio\/?s={search_term_string}\"},\"query-input\":{\"@type\":\"PropertyValueSpecification\",\"valueRequired\":true,\"valueName\":\"search_term_string\"}}],\"inLanguage\":\"es\"},{\"@type\":\"Person\",\"@id\":\"https:\/\/lpfparana.com.ar\/inicio\/#\/schema\/person\/e4a909baf07553d45f0fb7b76f656d76\",\"name\":\"Juan Manuel L\u00f3pez\",\"image\":{\"@type\":\"ImageObject\",\"inLanguage\":\"es\",\"@id\":\"https:\/\/secure.gravatar.com\/avatar\/6fd4b36dc88658b1a9f8103e109f47885fcd020443829a5d936ca18f07c3d96c?s=96&d=mm&r=g\",\"url\":\"https:\/\/secure.gravatar.com\/avatar\/6fd4b36dc88658b1a9f8103e109f47885fcd020443829a5d936ca18f07c3d96c?s=96&d=mm&r=g\",\"contentUrl\":\"https:\/\/secure.gravatar.com\/avatar\/6fd4b36dc88658b1a9f8103e109f47885fcd020443829a5d936ca18f07c3d96c?s=96&d=mm&r=g\",\"caption\":\"Juan Manuel L\u00f3pez\"},\"url\":\"https:\/\/lpfparana.com.ar\/inicio\/author\/juanito\/\"}]}<\/script>\n<!-- \/ Yoast SEO Premium plugin. -->","yoast_head_json":{"title":"La \u201cCopa T\u00fanel Subfluvial Femenina\u201d ya est\u00e1 en marcha -","description":"Durante esta semana, se comenzaron a definir detallen en referencia al certamen que comenzar\u00e1 en el segundo semestres del 2025 y que...","robots":{"index":"index","follow":"follow","max-snippet":"max-snippet:-1","max-image-preview":"max-image-preview:large","max-video-preview":"max-video-preview:-1"},"canonical":"https:\/\/lpfparana.com.ar\/inicio\/la-copa-tunel-subfluvial-femenina-ya-esta-en-marcha\/","og_locale":"es_ES","og_type":"article","og_title":"La \u201cCopa T\u00fanel Subfluvial Femenina\u201d ya est\u00e1 en marcha","og_description":"Durante esta semana, se comenzaron a definir detallen en referencia al certamen que comenzar\u00e1 en el segundo semestres del 2025 y que...","og_url":"https:\/\/lpfparana.com.ar\/inicio\/la-copa-tunel-subfluvial-femenina-ya-esta-en-marcha\/","article_published_time":"2025-04-26T13:11:46+00:00","article_modified_time":"2025-04-26T13:11:48+00:00","og_image":[{"width":2560,"height":2133,"url":"https:\/\/lpfparana.com.ar\/inicio\/wp-content\/uploads\/2025\/04\/WhatsApp-Image-2025-04-24-at-21.40.23-scaled.jpeg","type":"image\/jpeg"}],"author":"Juan Manuel L\u00f3pez","twitter_card":"summary_large_image","twitter_misc":{"Escrito por":"Juan Manuel L\u00f3pez","Tiempo de lectura":"2 minutos"},"schema":{"@context":"https:\/\/schema.org","@graph":[{"@type":"Article","@id":"https:\/\/lpfparana.com.ar\/inicio\/la-copa-tunel-subfluvial-femenina-ya-esta-en-marcha\/#article","isPartOf":{"@id":"https:\/\/lpfparana.com.ar\/inicio\/la-copa-tunel-subfluvial-femenina-ya-esta-en-marcha\/"},"author":{"name":"Juan Manuel L\u00f3pez","@id":"https:\/\/lpfparana.com.ar\/inicio\/#\/schema\/person\/e4a909baf07553d45f0fb7b76f656d76"},"headline":"La \u201cCopa T\u00fanel Subfluvial Femenina\u201d ya est\u00e1 en marcha","datePublished":"2025-04-26T13:11:46+00:00","dateModified":"2025-04-26T13:11:48+00:00","mainEntityOfPage":{"@id":"https:\/\/lpfparana.com.ar\/inicio\/la-copa-tunel-subfluvial-femenina-ya-esta-en-marcha\/"},"wordCount":269,"commentCount":0,"image":{"@id":"https:\/\/lpfparana.com.ar\/inicio\/la-copa-tunel-subfluvial-femenina-ya-esta-en-marcha\/#primaryimage"},"thumbnailUrl":"https:\/\/lpfparana.com.ar\/inicio\/wp-content\/uploads\/2025\/04\/WhatsApp-Image-2025-04-24-at-21.40.23-scaled.jpeg","articleSection":["Institucional","Noticias"],"inLanguage":"es","potentialAction":[{"@type":"CommentAction","name":"Comment","target":["https:\/\/lpfparana.com.ar\/inicio\/la-copa-tunel-subfluvial-femenina-ya-esta-en-marcha\/#respond"]}]},{"@type":"WebPage","@id":"https:\/\/lpfparana.com.ar\/inicio\/la-copa-tunel-subfluvial-femenina-ya-esta-en-marcha\/","url":"https:\/\/lpfparana.com.ar\/inicio\/la-copa-tunel-subfluvial-femenina-ya-esta-en-marcha\/","name":"La \u201cCopa T\u00fanel Subfluvial Femenina\u201d ya est\u00e1 en marcha -","isPartOf":{"@id":"https:\/\/lpfparana.com.ar\/inicio\/#website"},"primaryImageOfPage":{"@id":"https:\/\/lpfparana.com.ar\/inicio\/la-copa-tunel-subfluvial-femenina-ya-esta-en-marcha\/#primaryimage"},"image":{"@id":"https:\/\/lpfparana.com.ar\/inicio\/la-copa-tunel-subfluvial-femenina-ya-esta-en-marcha\/#primaryimage"},"thumbnailUrl":"https:\/\/lpfparana.com.ar\/inicio\/wp-content\/uploads\/2025\/04\/WhatsApp-Image-2025-04-24-at-21.40.23-scaled.jpeg","datePublished":"2025-04-26T13:11:46+00:00","dateModified":"2025-04-26T13:11:48+00:00","author":{"@id":"https:\/\/lpfparana.com.ar\/inicio\/#\/schema\/person\/e4a909baf07553d45f0fb7b76f656d76"},"description":"Durante esta semana, se comenzaron a definir detallen en referencia al certamen que comenzar\u00e1 en el segundo semestres del 2025 y que...","breadcrumb":{"@id":"https:\/\/lpfparana.com.ar\/inicio\/la-copa-tunel-subfluvial-femenina-ya-esta-en-marcha\/#breadcrumb"},"inLanguage":"es","potentialAction":[{"@type":"ReadAction","target":["https:\/\/lpfparana.com.ar\/inicio\/la-copa-tunel-subfluvial-femenina-ya-esta-en-marcha\/"]}]},{"@type":"ImageObject","inLanguage":"es","@id":"https:\/\/lpfparana.com.ar\/inicio\/la-copa-tunel-subfluvial-femenina-ya-esta-en-marcha\/#primaryimage","url":"https:\/\/lpfparana.com.ar\/inicio\/wp-content\/uploads\/2025\/04\/WhatsApp-Image-2025-04-24-at-21.40.23-scaled.jpeg","contentUrl":"https:\/\/lpfparana.com.ar\/inicio\/wp-content\/uploads\/2025\/04\/WhatsApp-Image-2025-04-24-at-21.40.23-scaled.jpeg","width":2560,"height":2133},{"@type":"BreadcrumbList","@id":"https:\/\/lpfparana.com.ar\/inicio\/la-copa-tunel-subfluvial-femenina-ya-esta-en-marcha\/#breadcrumb","itemListElement":[{"@type":"ListItem","position":1,"name":"Portada","item":"https:\/\/lpfparana.com.ar\/inicio\/"},{"@type":"ListItem","position":2,"name":"La \u201cCopa T\u00fanel Subfluvial Femenina\u201d ya est\u00e1 en marcha"}]},{"@type":"WebSite","@id":"https:\/\/lpfparana.com.ar\/inicio\/#website","url":"https:\/\/lpfparana.com.ar\/inicio\/","name":"","description":"LPF Paran\u00e1","potentialAction":[{"@type":"SearchAction","target":{"@type":"EntryPoint","urlTemplate":"https:\/\/lpfparana.com.ar\/inicio\/?s={search_term_string}"},"query-input":{"@type":"PropertyValueSpecification","valueRequired":true,"valueName":"search_term_string"}}],"inLanguage":"es"},{"@type":"Person","@id":"https:\/\/lpfparana.com.ar\/inicio\/#\/schema\/person\/e4a909baf07553d45f0fb7b76f656d76","name":"Juan Manuel L\u00f3pez","image":{"@type":"ImageObject","inLanguage":"es","@id":"https:\/\/secure.gravatar.com\/avatar\/6fd4b36dc88658b1a9f8103e109f47885fcd020443829a5d936ca18f07c3d96c?s=96&d=mm&r=g","url":"https:\/\/secure.gravatar.com\/avatar\/6fd4b36dc88658b1a9f8103e109f47885fcd020443829a5d936ca18f07c3d96c?s=96&d=mm&r=g","contentUrl":"https:\/\/secure.gravatar.com\/avatar\/6fd4b36dc88658b1a9f8103e109f47885fcd020443829a5d936ca18f07c3d96c?s=96&d=mm&r=g","caption":"Juan Manuel L\u00f3pez"},"url":"https:\/\/lpfparana.com.ar\/inicio\/author\/juanito\/"}]}},"_links":{"self":[{"href":"https:\/\/lpfparana.com.ar\/inicio\/wp-json\/wp\/v2\/posts\/5059","targetHints":{"allow":["GET"]}}],"collection":[{"href":"https:\/\/lpfparana.com.ar\/inicio\/wp-json\/wp\/v2\/posts"}],"about":[{"href":"https:\/\/lpfparana.com.ar\/inicio\/wp-json\/wp\/v2\/types\/post"}],"author":[{"embeddable":true,"href":"https:\/\/lpfparana.com.ar\/inicio\/wp-json\/wp\/v2\/users\/4"}],"replies":[{"embeddable":true,"href":"https:\/\/lpfparana.com.ar\/inicio\/wp-json\/wp\/v2\/comments?post=5059"}],"version-history":[{"count":1,"href":"https:\/\/lpfparana.com.ar\/inicio\/wp-json\/wp\/v2\/posts\/5059\/revisions"}],"predecessor-version":[{"id":5062,"href":"https:\/\/lpfparana.com.ar\/inicio\/wp-json\/wp\/v2\/posts\/5059\/revisions\/5062"}],"wp:featuredmedia":[{"embeddable":true,"href":"https:\/\/lpfparana.com.ar\/inicio\/wp-json\/wp\/v2\/media\/5060"}],"wp:attachment":[{"href":"https:\/\/lpfparana.com.ar\/inicio\/wp-json\/wp\/v2\/media?parent=5059"}],"wp:term":[{"taxonomy":"category","embeddable":true,"href":"https:\/\/lpfparana.com.ar\/inicio\/wp-json\/wp\/v2\/categories?post=5059"},{"taxonomy":"post_tag","embeddable":true,"href":"https:\/\/lpfparana.com.ar\/inicio\/wp-json\/wp\/v2\/tags?post=5059"}],"curies":[{"name":"wp","href":"https:\/\/api.w.org\/{rel}","templated":true}]}}