{"id":5053,"date":"2025-04-24T20:27:56","date_gmt":"2025-04-24T23:27:56","guid":{"rendered":"https:\/\/lpfparana.com.ar\/inicio\/?p=5053"},"modified":"2025-04-24T20:28:39","modified_gmt":"2025-04-24T23:28:39","slug":"el-futbol-me-devolvio-la-vida","status":"publish","type":"post","link":"https:\/\/lpfparana.com.ar\/inicio\/el-futbol-me-devolvio-la-vida\/","title":{"rendered":"\u00abEl f\u00fatbol me devolvi\u00f3 la vida\u00bb"},"content":{"rendered":"\n<h3 class=\"wp-block-heading\" id=\"h-pablo-emili-ex-jugador-de-belgrano-patronato-y-palermo-dentro-de-la-liga-paranaense-dialogo-con-locos-x-la-liga-el-programa-oficial-de-la-liga-paranaense-de-futbol-alli-el-paranaense-destaco-el-momento-que-esta-viviendo-italia-el-movimiento-de-los-fieles-en-roma-en-cuanto-al-fallecimiento-del-papa-francisco-en-estos-dias-y-su-objetivo-dentro-de-lo-futbolistico-alli-en-viejo-continente\">Pablo Emili, ex jugador de Belgrano, Patronato y Palermo dentro de la Liga Paranaense dialog\u00f3 con \u201cLocos X La Liga\u201d, el programa oficial de la Liga Paranaense de F\u00fatbol. All\u00ed el paranaense destac\u00f3 el momento que est\u00e1 viviendo Italia, el movimiento de los fieles en Roma en cuanto al fallecimiento del papa Francisco en estos d\u00edas y su objetivo dentro de lo futbol\u00edstico all\u00ed en viejo continente.<\/h3>\n\n\n\n<p>Pablo Emili vive un hermoso presente. El ex jugador de la Liga Paranaense, en dialogo con \u201cLocos X La Lita\u201d cont\u00f3: \u201cEl futbol me devolvi\u00f3 la vida, hoy gracias a la fe y creer que todo se puede, estoy jugando el deporte que m\u00e1s amo\u00bb. <\/p>\n\n\n\n<p>En la continuidad de la charla, el futbolista expres\u00f3: \u00abCost\u00f3 la adaptaci\u00f3n, pero ac\u00e1 me devolvieron las ganas de continuar ligado al futbol. Se extra\u00f1a a la familia, pero se muy bien que so\u00f1\u00e9 siempre por estar en este momento\u201d.<\/p>\n\n\n\n<p>En la continuidad de su charla radial, Emili dijo: \u201dActualmente estoy jugando en el \u00cddolo Calcio (Categor\u00eda Promozione). Este a\u00f1o me contrataron, vivo con Joaqu\u00edn Bottegal, ex Patronato, nos llevamos muy bien, queremos intentar dejar al equipo en la categor\u00eda y estamos luchando y esforz\u00e1ndonos para poder lograrlo\u201d.<\/p>\n\n\n\n<h4 class=\"wp-block-heading\" id=\"h-su-visita-a-roma\"><strong>Su visita a Roma<\/strong><\/h4>\n\n\n\n<p>En cuanto a la oportunidad de poder estar cerca del Papa Francisco en el Vaticano, para poder despedir sus restos, el paranaense mencion\u00f3: \u201cEs impresionante la cantidad de fieles, a mi este Papa me cambio la mentalidad, hoy soy fiel y estoy ac\u00e1 por muchas cosas que me quedaron de \u00e9l. Ma\u00f1ana voy a tener la oportunidad de poder despedirlo\u201d.<\/p>\n\n\n\n<p>Durante la charla con \u201cLocos X La Liga\u201d Emili agradeci\u00f3 a los dirigentes por dejarlo viajar estos d\u00edas all\u00ed, al Vaticano, destacando que: \u201dNo quiero dejar de mencionar a los dirigentes del club que me dejaron estar ac\u00e1, estoy hasta el s\u00e1bado si Dios quiere, ma\u00f1ana lo despedir\u00e9 y la verdad que se me pasan muchas cosas por mi cuerpo, mezcla de sentimientos\u201d.<\/p>\n\n\n\n<p><strong>Su objetivo personal<\/strong><\/p>\n\n\n\n<p>Cerrando la conversaci\u00f3n, Pablo hizo hincapi\u00e9 en este a\u00f1o 2025, en su objetivo personal, manifestando que: \u201cQuiero darle un buen porvenir a mi hijo, lo extra\u00f1o mucho, pero eso me hace m\u00e1s fuerte, junto al equipo lucharemos para mantener la categor\u00eda, ac\u00e1 en Italia el futbol es muy distinto, cuatro a cinco categor\u00edas son de elite, mi mente est\u00e1 puesta en poder lograrlo y no descender\u201d.<\/p>\n","protected":false},"excerpt":{"rendered":"<p>Pablo Emili, ex jugador de Belgrano, Patronato y Palermo dentro de la Liga Paranaense dialog\u00f3 con \u201cLocos X La Liga\u201d, el programa oficial de la Liga Paranaense de F\u00fatbol. All\u00ed el paranaense destac\u00f3 el momento que est\u00e1 viviendo Italia, el movimiento de los fieles en Roma en cuanto al fallecimiento del papa Francisco en estos&#8230;<\/p>\n","protected":false},"author":4,"featured_media":5045,"comment_status":"open","ping_status":"open","sticky":false,"template":"","format":"standard","meta":{"footnotes":""},"categories":[8,2],"tags":[],"class_list":["post-5053","post","type-post","status-publish","format-standard","has-post-thumbnail","hentry","category-masculino","category-noticias"],"featured_image_src":"https:\/\/lpfparana.com.ar\/inicio\/wp-content\/uploads\/2025\/04\/enili.jpg","author_info":{"display_name":"Juan Manuel L\u00f3pez","author_link":"https:\/\/lpfparana.com.ar\/inicio\/author\/juanito\/"},"yoast_head":"<!-- This site is optimized with the Yoast SEO Premium plugin v23.3 (Yoast SEO v27.2) - https:\/\/yoast.com\/product\/yoast-seo-premium-wordpress\/ -->\n<title>&quot;El f\u00fatbol me devolvi\u00f3 la vida&quot; -<\/title>\n<meta name=\"description\" content=\"Pablo Emili, ex jugador de Belgrano, Patronato y Palermo dentro de la Liga Paranaense dialog\u00f3 con \u201cLocos X La Liga\u201d...\" \/>\n<meta name=\"robots\" content=\"index, follow, max-snippet:-1, max-image-preview:large, max-video-preview:-1\" \/>\n<link rel=\"canonical\" href=\"https:\/\/lpfparana.com.ar\/inicio\/el-futbol-me-devolvio-la-vida\/\" \/>\n<meta property=\"og:locale\" content=\"es_ES\" \/>\n<meta property=\"og:type\" content=\"article\" \/>\n<meta property=\"og:title\" content=\"&quot;El f\u00fatbol me devolvi\u00f3 la vida&quot;\" \/>\n<meta property=\"og:description\" content=\"Pablo Emili, ex jugador de Belgrano, Patronato y Palermo dentro de la Liga Paranaense dialog\u00f3 con \u201cLocos X La Liga\u201d...\" \/>\n<meta property=\"og:url\" content=\"https:\/\/lpfparana.com.ar\/inicio\/el-futbol-me-devolvio-la-vida\/\" \/>\n<meta property=\"article:published_time\" content=\"2025-04-24T23:27:56+00:00\" \/>\n<meta property=\"article:modified_time\" content=\"2025-04-24T23:28:39+00:00\" \/>\n<meta property=\"og:image\" content=\"https:\/\/lpfparana.com.ar\/inicio\/wp-content\/uploads\/2025\/04\/enili.jpg\" \/>\n\t<meta property=\"og:image:width\" content=\"1280\" \/>\n\t<meta property=\"og:image:height\" content=\"720\" \/>\n\t<meta property=\"og:image:type\" content=\"image\/jpeg\" \/>\n<meta name=\"author\" content=\"Juan Manuel L\u00f3pez\" \/>\n<meta name=\"twitter:card\" content=\"summary_large_image\" \/>\n<meta name=\"twitter:label1\" content=\"Escrito por\" \/>\n\t<meta name=\"twitter:data1\" content=\"Juan Manuel L\u00f3pez\" \/>\n\t<meta name=\"twitter:label2\" content=\"Tiempo de lectura\" \/>\n\t<meta name=\"twitter:data2\" content=\"2 minutos\" \/>\n<script type=\"application\/ld+json\" class=\"yoast-schema-graph\">{\"@context\":\"https:\/\/schema.org\",\"@graph\":[{\"@type\":\"Article\",\"@id\":\"https:\/\/lpfparana.com.ar\/inicio\/el-futbol-me-devolvio-la-vida\/#article\",\"isPartOf\":{\"@id\":\"https:\/\/lpfparana.com.ar\/inicio\/el-futbol-me-devolvio-la-vida\/\"},\"author\":{\"name\":\"Juan Manuel L\u00f3pez\",\"@id\":\"https:\/\/lpfparana.com.ar\/inicio\/#\/schema\/person\/e4a909baf07553d45f0fb7b76f656d76\"},\"headline\":\"\u00abEl f\u00fatbol me devolvi\u00f3 la vida\u00bb\",\"datePublished\":\"2025-04-24T23:27:56+00:00\",\"dateModified\":\"2025-04-24T23:28:39+00:00\",\"mainEntityOfPage\":{\"@id\":\"https:\/\/lpfparana.com.ar\/inicio\/el-futbol-me-devolvio-la-vida\/\"},\"wordCount\":423,\"commentCount\":0,\"image\":{\"@id\":\"https:\/\/lpfparana.com.ar\/inicio\/el-futbol-me-devolvio-la-vida\/#primaryimage\"},\"thumbnailUrl\":\"https:\/\/lpfparana.com.ar\/inicio\/wp-content\/uploads\/2025\/04\/enili.jpg\",\"articleSection\":[\"Masculino\",\"Noticias\"],\"inLanguage\":\"es\",\"potentialAction\":[{\"@type\":\"CommentAction\",\"name\":\"Comment\",\"target\":[\"https:\/\/lpfparana.com.ar\/inicio\/el-futbol-me-devolvio-la-vida\/#respond\"]}]},{\"@type\":\"WebPage\",\"@id\":\"https:\/\/lpfparana.com.ar\/inicio\/el-futbol-me-devolvio-la-vida\/\",\"url\":\"https:\/\/lpfparana.com.ar\/inicio\/el-futbol-me-devolvio-la-vida\/\",\"name\":\"\\\"El f\u00fatbol me devolvi\u00f3 la vida\\\" -\",\"isPartOf\":{\"@id\":\"https:\/\/lpfparana.com.ar\/inicio\/#website\"},\"primaryImageOfPage\":{\"@id\":\"https:\/\/lpfparana.com.ar\/inicio\/el-futbol-me-devolvio-la-vida\/#primaryimage\"},\"image\":{\"@id\":\"https:\/\/lpfparana.com.ar\/inicio\/el-futbol-me-devolvio-la-vida\/#primaryimage\"},\"thumbnailUrl\":\"https:\/\/lpfparana.com.ar\/inicio\/wp-content\/uploads\/2025\/04\/enili.jpg\",\"datePublished\":\"2025-04-24T23:27:56+00:00\",\"dateModified\":\"2025-04-24T23:28:39+00:00\",\"author\":{\"@id\":\"https:\/\/lpfparana.com.ar\/inicio\/#\/schema\/person\/e4a909baf07553d45f0fb7b76f656d76\"},\"description\":\"Pablo Emili, ex jugador de Belgrano, Patronato y Palermo dentro de la Liga Paranaense dialog\u00f3 con \u201cLocos X La Liga\u201d...\",\"breadcrumb\":{\"@id\":\"https:\/\/lpfparana.com.ar\/inicio\/el-futbol-me-devolvio-la-vida\/#breadcrumb\"},\"inLanguage\":\"es\",\"potentialAction\":[{\"@type\":\"ReadAction\",\"target\":[\"https:\/\/lpfparana.com.ar\/inicio\/el-futbol-me-devolvio-la-vida\/\"]}]},{\"@type\":\"ImageObject\",\"inLanguage\":\"es\",\"@id\":\"https:\/\/lpfparana.com.ar\/inicio\/el-futbol-me-devolvio-la-vida\/#primaryimage\",\"url\":\"https:\/\/lpfparana.com.ar\/inicio\/wp-content\/uploads\/2025\/04\/enili.jpg\",\"contentUrl\":\"https:\/\/lpfparana.com.ar\/inicio\/wp-content\/uploads\/2025\/04\/enili.jpg\",\"width\":1280,\"height\":720},{\"@type\":\"BreadcrumbList\",\"@id\":\"https:\/\/lpfparana.com.ar\/inicio\/el-futbol-me-devolvio-la-vida\/#breadcrumb\",\"itemListElement\":[{\"@type\":\"ListItem\",\"position\":1,\"name\":\"Portada\",\"item\":\"https:\/\/lpfparana.com.ar\/inicio\/\"},{\"@type\":\"ListItem\",\"position\":2,\"name\":\"&#8220;El f\u00fatbol me devolvi\u00f3 la vida&#8221;\"}]},{\"@type\":\"WebSite\",\"@id\":\"https:\/\/lpfparana.com.ar\/inicio\/#website\",\"url\":\"https:\/\/lpfparana.com.ar\/inicio\/\",\"name\":\"\",\"description\":\"LPF Paran\u00e1\",\"potentialAction\":[{\"@type\":\"SearchAction\",\"target\":{\"@type\":\"EntryPoint\",\"urlTemplate\":\"https:\/\/lpfparana.com.ar\/inicio\/?s={search_term_string}\"},\"query-input\":{\"@type\":\"PropertyValueSpecification\",\"valueRequired\":true,\"valueName\":\"search_term_string\"}}],\"inLanguage\":\"es\"},{\"@type\":\"Person\",\"@id\":\"https:\/\/lpfparana.com.ar\/inicio\/#\/schema\/person\/e4a909baf07553d45f0fb7b76f656d76\",\"name\":\"Juan Manuel L\u00f3pez\",\"image\":{\"@type\":\"ImageObject\",\"inLanguage\":\"es\",\"@id\":\"https:\/\/secure.gravatar.com\/avatar\/6fd4b36dc88658b1a9f8103e109f47885fcd020443829a5d936ca18f07c3d96c?s=96&d=mm&r=g\",\"url\":\"https:\/\/secure.gravatar.com\/avatar\/6fd4b36dc88658b1a9f8103e109f47885fcd020443829a5d936ca18f07c3d96c?s=96&d=mm&r=g\",\"contentUrl\":\"https:\/\/secure.gravatar.com\/avatar\/6fd4b36dc88658b1a9f8103e109f47885fcd020443829a5d936ca18f07c3d96c?s=96&d=mm&r=g\",\"caption\":\"Juan Manuel L\u00f3pez\"},\"url\":\"https:\/\/lpfparana.com.ar\/inicio\/author\/juanito\/\"}]}<\/script>\n<!-- \/ Yoast SEO Premium plugin. -->","yoast_head_json":{"title":"\"El f\u00fatbol me devolvi\u00f3 la vida\" -","description":"Pablo Emili, ex jugador de Belgrano, Patronato y Palermo dentro de la Liga Paranaense dialog\u00f3 con \u201cLocos X La Liga\u201d...","robots":{"index":"index","follow":"follow","max-snippet":"max-snippet:-1","max-image-preview":"max-image-preview:large","max-video-preview":"max-video-preview:-1"},"canonical":"https:\/\/lpfparana.com.ar\/inicio\/el-futbol-me-devolvio-la-vida\/","og_locale":"es_ES","og_type":"article","og_title":"\"El f\u00fatbol me devolvi\u00f3 la vida\"","og_description":"Pablo Emili, ex jugador de Belgrano, Patronato y Palermo dentro de la Liga Paranaense dialog\u00f3 con \u201cLocos X La Liga\u201d...","og_url":"https:\/\/lpfparana.com.ar\/inicio\/el-futbol-me-devolvio-la-vida\/","article_published_time":"2025-04-24T23:27:56+00:00","article_modified_time":"2025-04-24T23:28:39+00:00","og_image":[{"width":1280,"height":720,"url":"https:\/\/lpfparana.com.ar\/inicio\/wp-content\/uploads\/2025\/04\/enili.jpg","type":"image\/jpeg"}],"author":"Juan Manuel L\u00f3pez","twitter_card":"summary_large_image","twitter_misc":{"Escrito por":"Juan Manuel L\u00f3pez","Tiempo de lectura":"2 minutos"},"schema":{"@context":"https:\/\/schema.org","@graph":[{"@type":"Article","@id":"https:\/\/lpfparana.com.ar\/inicio\/el-futbol-me-devolvio-la-vida\/#article","isPartOf":{"@id":"https:\/\/lpfparana.com.ar\/inicio\/el-futbol-me-devolvio-la-vida\/"},"author":{"name":"Juan Manuel L\u00f3pez","@id":"https:\/\/lpfparana.com.ar\/inicio\/#\/schema\/person\/e4a909baf07553d45f0fb7b76f656d76"},"headline":"\u00abEl f\u00fatbol me devolvi\u00f3 la vida\u00bb","datePublished":"2025-04-24T23:27:56+00:00","dateModified":"2025-04-24T23:28:39+00:00","mainEntityOfPage":{"@id":"https:\/\/lpfparana.com.ar\/inicio\/el-futbol-me-devolvio-la-vida\/"},"wordCount":423,"commentCount":0,"image":{"@id":"https:\/\/lpfparana.com.ar\/inicio\/el-futbol-me-devolvio-la-vida\/#primaryimage"},"thumbnailUrl":"https:\/\/lpfparana.com.ar\/inicio\/wp-content\/uploads\/2025\/04\/enili.jpg","articleSection":["Masculino","Noticias"],"inLanguage":"es","potentialAction":[{"@type":"CommentAction","name":"Comment","target":["https:\/\/lpfparana.com.ar\/inicio\/el-futbol-me-devolvio-la-vida\/#respond"]}]},{"@type":"WebPage","@id":"https:\/\/lpfparana.com.ar\/inicio\/el-futbol-me-devolvio-la-vida\/","url":"https:\/\/lpfparana.com.ar\/inicio\/el-futbol-me-devolvio-la-vida\/","name":"\"El f\u00fatbol me devolvi\u00f3 la vida\" -","isPartOf":{"@id":"https:\/\/lpfparana.com.ar\/inicio\/#website"},"primaryImageOfPage":{"@id":"https:\/\/lpfparana.com.ar\/inicio\/el-futbol-me-devolvio-la-vida\/#primaryimage"},"image":{"@id":"https:\/\/lpfparana.com.ar\/inicio\/el-futbol-me-devolvio-la-vida\/#primaryimage"},"thumbnailUrl":"https:\/\/lpfparana.com.ar\/inicio\/wp-content\/uploads\/2025\/04\/enili.jpg","datePublished":"2025-04-24T23:27:56+00:00","dateModified":"2025-04-24T23:28:39+00:00","author":{"@id":"https:\/\/lpfparana.com.ar\/inicio\/#\/schema\/person\/e4a909baf07553d45f0fb7b76f656d76"},"description":"Pablo Emili, ex jugador de Belgrano, Patronato y Palermo dentro de la Liga Paranaense dialog\u00f3 con \u201cLocos X La Liga\u201d...","breadcrumb":{"@id":"https:\/\/lpfparana.com.ar\/inicio\/el-futbol-me-devolvio-la-vida\/#breadcrumb"},"inLanguage":"es","potentialAction":[{"@type":"ReadAction","target":["https:\/\/lpfparana.com.ar\/inicio\/el-futbol-me-devolvio-la-vida\/"]}]},{"@type":"ImageObject","inLanguage":"es","@id":"https:\/\/lpfparana.com.ar\/inicio\/el-futbol-me-devolvio-la-vida\/#primaryimage","url":"https:\/\/lpfparana.com.ar\/inicio\/wp-content\/uploads\/2025\/04\/enili.jpg","contentUrl":"https:\/\/lpfparana.com.ar\/inicio\/wp-content\/uploads\/2025\/04\/enili.jpg","width":1280,"height":720},{"@type":"BreadcrumbList","@id":"https:\/\/lpfparana.com.ar\/inicio\/el-futbol-me-devolvio-la-vida\/#breadcrumb","itemListElement":[{"@type":"ListItem","position":1,"name":"Portada","item":"https:\/\/lpfparana.com.ar\/inicio\/"},{"@type":"ListItem","position":2,"name":"&#8220;El f\u00fatbol me devolvi\u00f3 la vida&#8221;"}]},{"@type":"WebSite","@id":"https:\/\/lpfparana.com.ar\/inicio\/#website","url":"https:\/\/lpfparana.com.ar\/inicio\/","name":"","description":"LPF Paran\u00e1","potentialAction":[{"@type":"SearchAction","target":{"@type":"EntryPoint","urlTemplate":"https:\/\/lpfparana.com.ar\/inicio\/?s={search_term_string}"},"query-input":{"@type":"PropertyValueSpecification","valueRequired":true,"valueName":"search_term_string"}}],"inLanguage":"es"},{"@type":"Person","@id":"https:\/\/lpfparana.com.ar\/inicio\/#\/schema\/person\/e4a909baf07553d45f0fb7b76f656d76","name":"Juan Manuel L\u00f3pez","image":{"@type":"ImageObject","inLanguage":"es","@id":"https:\/\/secure.gravatar.com\/avatar\/6fd4b36dc88658b1a9f8103e109f47885fcd020443829a5d936ca18f07c3d96c?s=96&d=mm&r=g","url":"https:\/\/secure.gravatar.com\/avatar\/6fd4b36dc88658b1a9f8103e109f47885fcd020443829a5d936ca18f07c3d96c?s=96&d=mm&r=g","contentUrl":"https:\/\/secure.gravatar.com\/avatar\/6fd4b36dc88658b1a9f8103e109f47885fcd020443829a5d936ca18f07c3d96c?s=96&d=mm&r=g","caption":"Juan Manuel L\u00f3pez"},"url":"https:\/\/lpfparana.com.ar\/inicio\/author\/juanito\/"}]}},"_links":{"self":[{"href":"https:\/\/lpfparana.com.ar\/inicio\/wp-json\/wp\/v2\/posts\/5053","targetHints":{"allow":["GET"]}}],"collection":[{"href":"https:\/\/lpfparana.com.ar\/inicio\/wp-json\/wp\/v2\/posts"}],"about":[{"href":"https:\/\/lpfparana.com.ar\/inicio\/wp-json\/wp\/v2\/types\/post"}],"author":[{"embeddable":true,"href":"https:\/\/lpfparana.com.ar\/inicio\/wp-json\/wp\/v2\/users\/4"}],"replies":[{"embeddable":true,"href":"https:\/\/lpfparana.com.ar\/inicio\/wp-json\/wp\/v2\/comments?post=5053"}],"version-history":[{"count":2,"href":"https:\/\/lpfparana.com.ar\/inicio\/wp-json\/wp\/v2\/posts\/5053\/revisions"}],"predecessor-version":[{"id":5055,"href":"https:\/\/lpfparana.com.ar\/inicio\/wp-json\/wp\/v2\/posts\/5053\/revisions\/5055"}],"wp:featuredmedia":[{"embeddable":true,"href":"https:\/\/lpfparana.com.ar\/inicio\/wp-json\/wp\/v2\/media\/5045"}],"wp:attachment":[{"href":"https:\/\/lpfparana.com.ar\/inicio\/wp-json\/wp\/v2\/media?parent=5053"}],"wp:term":[{"taxonomy":"category","embeddable":true,"href":"https:\/\/lpfparana.com.ar\/inicio\/wp-json\/wp\/v2\/categories?post=5053"},{"taxonomy":"post_tag","embeddable":true,"href":"https:\/\/lpfparana.com.ar\/inicio\/wp-json\/wp\/v2\/tags?post=5053"}],"curies":[{"name":"wp","href":"https:\/\/api.w.org\/{rel}","templated":true}]}}