{"id":5050,"date":"2025-04-24T20:17:28","date_gmt":"2025-04-24T23:17:28","guid":{"rendered":"https:\/\/lpfparana.com.ar\/inicio\/?p=5050"},"modified":"2025-04-24T20:18:51","modified_gmt":"2025-04-24T23:18:51","slug":"hoy-los-clubes-estan-comprometidos","status":"publish","type":"post","link":"https:\/\/lpfparana.com.ar\/inicio\/hoy-los-clubes-estan-comprometidos\/","title":{"rendered":"\u00abHoy los clubes est\u00e1n comprometidos\u00bb"},"content":{"rendered":"\n<h3 class=\"wp-block-heading\" id=\"h-alejandro-schneider-presidente-de-la-liga-paranaense-de-futbol-dialogo-con-locos-x-la-liga-el-programa-oficial-liguista-que-se-emite-por-fm-litoral-103-1-mhz-el-principal-exponente-de-la-entidad-madre-del-balompie-hogareno-se-refirio-al-nuevo-aniversario-de-la-lpf-y-el-crecimiento-que-viene-teniendo\">Alejandro Schneider, Presidente de la Liga Paranaense de F\u00fatbol, di\u00e1logo con \u00abLocos X La Liga\u00bb, el programa oficial liguista que se emite por FM Litoral 103.1 Mhz. El principal exponente de la entidad madre del balompi\u00e9 hogare\u00f1o se refiri\u00f3 al nuevo aniversario de la LPF y el crecimiento que viene teniendo.<\/h3>\n\n\n\n<p> Durante el comienzo de la charla con \u00abLocos X La Liga\u00bb, Alejandro Schneider cont\u00f3: \u00abUno personalmente est\u00e1 m\u00e1s comprometido, sintiendo a la Liga como propia y ojal\u00e1 los clubes que la componen as\u00ed la sientan tambi\u00e9n\u00bb.<\/p>\n\n\n\n<p> Siguiendo en la misma linea, remarc\u00f3: \u00abM\u00e1s all\u00e1 de qu\u00e9 Alejandro Schneider la presida, la LPF es de los treinta y un clubes que forman parte de ella, y seguiremos trabajando y comprometidos en seguir creciendo\u00bb. <\/p>\n\n\n\n<h4 class=\"wp-block-heading\" id=\"h-el-crecimiento-de-la-liga-paranaense-de-futbol\">El crecimiento de la Liga Paranaense de f\u00fatbol <\/h4>\n\n\n\n<p>Alejandro Schneider en su rol como presidente de la LPF, se refiri\u00f3 al crecimiento del ente local y sobre ello resalt\u00f3: \u00abCuando uno inici\u00f3 el rol de presidente, buscaba mejorarla en todos los aspectos y buscamos siempre crecer, y eso incluye el pedir ayuda a los dem\u00e1s clubes de nuestra Liga\u00bb. <\/p>\n\n\n\n<p>Uno de los primeros objetivos que logr\u00f3 cumplir el actual presidente de la Liga era una mejor convivencia entre las instituciones y sobre esto cont\u00f3: \u00abHoy los clubes est\u00e1n comprometidos, son solidarios y se ayudan entre ellos, cuando antes estaban enemistados y eso fue algo que logramos cambiar\u00bb.<\/p>\n\n\n\n<h4 class=\"wp-block-heading\" id=\"h-la-importancia-de-tener-un-predio-deportivo\">La importancia de tener un predio deportivo <\/h4>\n\n\n\n<p>Alejandro no dej\u00f3 pasar por alto la menci\u00f3n sobre los trabajos que se vienen en el predio que est\u00e1 ubicado en Av. Jorge Newbery al 5000 y sobre ello dijo: \u00abTener el predio de la Liga, era algo que quer\u00edamos tener desde el comienzo de nuestra gesti\u00f3n, y para que nuestros chicos se motiven y sigan creciendo ten\u00edamos que tener un lugar para que jueguen a la altura de las circunstancias\u00bb.<\/p>\n\n\n\n<p>Continuando con sus declaraciones, el presidente liguista mencion\u00f3: \u00abEstas pr\u00f3ximas semanas ya seguiremos trabajando en el predio para hacer la resiembra del c\u00e9sped de invierno y los chicos no cortaran con la actividad porque se jugar\u00e1 en el predio Chapino, mientras trabajamos en el nuestro\u00bb.<\/p>\n\n\n\n<p>\u00abVolveremos a jugar en nuestro predio una vez que est\u00e9 todo sembrado y en un nivel profesional, eso entusiasma a los chicos para ir a jugar\u00bb.<\/p>\n\n\n\n<h4 class=\"wp-block-heading\" id=\"h-el-equipo-de-trabajo\">El equipo de trabajo <\/h4>\n\n\n\n<p>Finalizando el di\u00e1logo por FM Litoral, Alejandro Schneider, reflexion\u00f3 sobre el grupo de trabajo con el que cuenta y sobre ello cont\u00f3: \u00abCuando comenz\u00f3 mi gesti\u00f3n en el 2018, hab\u00eda una sola persona trabajando en la Liga y ahora ya es un grupo amplio, porque tambi\u00e9n se duplic\u00f3 la cantidad de jugadores, hoy en d\u00eda hay m\u00e1s de siete mil futbolistas siendo parte de nuestra liga\u00bb.<\/p>\n\n\n\n<p>Cerrando la charla con \u00abLocos X La Liga\u00bb Schneider resalt\u00f3: \u00abEs necesario tener un staff de trabajo grande, y  el mantenimiento del equipo no se hace con plata de los clubes, si no con los ingresos del predio, porque aparte somos una de las pocas ligas que no le cobra inscripci\u00f3n y tampoco mantenimiento a los clubes, como si realmente se hace en otras ligas\u00bb.<\/p>\n","protected":false},"excerpt":{"rendered":"<p>Alejandro Schneider, Presidente de la Liga Paranaense de F\u00fatbol, di\u00e1logo con \u00abLocos X La Liga\u00bb, el programa oficial liguista que se emite por FM Litoral 103.1 Mhz. El principal exponente de la entidad madre del balompi\u00e9 hogare\u00f1o se refiri\u00f3 al nuevo aniversario de la LPF y el crecimiento que viene teniendo. Durante el comienzo de&#8230;<\/p>\n","protected":false},"author":4,"featured_media":5048,"comment_status":"open","ping_status":"open","sticky":false,"template":"","format":"standard","meta":{"footnotes":""},"categories":[7,2],"tags":[78,106,61],"class_list":["post-5050","post","type-post","status-publish","format-standard","has-post-thumbnail","hentry","category-institucional","category-noticias","tag-fm-litoral","tag-locos-por-la-liga","tag-primera-a"],"featured_image_src":"https:\/\/lpfparana.com.ar\/inicio\/wp-content\/uploads\/2025\/04\/IMG-20250424-WA0190.jpg","author_info":{"display_name":"Juan Manuel L\u00f3pez","author_link":"https:\/\/lpfparana.com.ar\/inicio\/author\/juanito\/"},"yoast_head":"<!-- This site is optimized with the Yoast SEO Premium plugin v23.3 (Yoast SEO v27.2) - https:\/\/yoast.com\/product\/yoast-seo-premium-wordpress\/ -->\n<title>&quot;Hoy los clubes est\u00e1n comprometidos&quot; -<\/title>\n<meta name=\"description\" content=\"Alejandro Schneider, Presidente de la Liga Paranaense de F\u00fatbol, di\u00e1logo con &quot;Locos X La Liga&quot;, el programa oficial liguista que se emite....\" \/>\n<meta name=\"robots\" content=\"index, follow, max-snippet:-1, max-image-preview:large, max-video-preview:-1\" \/>\n<link rel=\"canonical\" href=\"https:\/\/lpfparana.com.ar\/inicio\/hoy-los-clubes-estan-comprometidos\/\" \/>\n<meta property=\"og:locale\" content=\"es_ES\" \/>\n<meta property=\"og:type\" content=\"article\" \/>\n<meta property=\"og:title\" content=\"&quot;Hoy los clubes est\u00e1n comprometidos&quot;\" \/>\n<meta property=\"og:description\" content=\"Alejandro Schneider, Presidente de la Liga Paranaense de F\u00fatbol, di\u00e1logo con &quot;Locos X La Liga&quot;, el programa oficial liguista que se emite....\" \/>\n<meta property=\"og:url\" content=\"https:\/\/lpfparana.com.ar\/inicio\/hoy-los-clubes-estan-comprometidos\/\" \/>\n<meta property=\"article:published_time\" content=\"2025-04-24T23:17:28+00:00\" \/>\n<meta property=\"article:modified_time\" content=\"2025-04-24T23:18:51+00:00\" \/>\n<meta property=\"og:image\" content=\"https:\/\/lpfparana.com.ar\/inicio\/wp-content\/uploads\/2025\/04\/IMG-20250424-WA0190.jpg\" \/>\n\t<meta property=\"og:image:width\" content=\"1280\" \/>\n\t<meta property=\"og:image:height\" content=\"720\" \/>\n\t<meta property=\"og:image:type\" content=\"image\/jpeg\" \/>\n<meta name=\"author\" content=\"Juan Manuel L\u00f3pez\" \/>\n<meta name=\"twitter:card\" content=\"summary_large_image\" \/>\n<meta name=\"twitter:label1\" content=\"Escrito por\" \/>\n\t<meta name=\"twitter:data1\" content=\"Juan Manuel L\u00f3pez\" \/>\n\t<meta name=\"twitter:label2\" content=\"Tiempo de lectura\" \/>\n\t<meta name=\"twitter:data2\" content=\"3 minutos\" \/>\n<script type=\"application\/ld+json\" class=\"yoast-schema-graph\">{\"@context\":\"https:\/\/schema.org\",\"@graph\":[{\"@type\":\"Article\",\"@id\":\"https:\/\/lpfparana.com.ar\/inicio\/hoy-los-clubes-estan-comprometidos\/#article\",\"isPartOf\":{\"@id\":\"https:\/\/lpfparana.com.ar\/inicio\/hoy-los-clubes-estan-comprometidos\/\"},\"author\":{\"name\":\"Juan Manuel L\u00f3pez\",\"@id\":\"https:\/\/lpfparana.com.ar\/inicio\/#\/schema\/person\/e4a909baf07553d45f0fb7b76f656d76\"},\"headline\":\"\u00abHoy los clubes est\u00e1n comprometidos\u00bb\",\"datePublished\":\"2025-04-24T23:17:28+00:00\",\"dateModified\":\"2025-04-24T23:18:51+00:00\",\"mainEntityOfPage\":{\"@id\":\"https:\/\/lpfparana.com.ar\/inicio\/hoy-los-clubes-estan-comprometidos\/\"},\"wordCount\":539,\"commentCount\":0,\"image\":{\"@id\":\"https:\/\/lpfparana.com.ar\/inicio\/hoy-los-clubes-estan-comprometidos\/#primaryimage\"},\"thumbnailUrl\":\"https:\/\/lpfparana.com.ar\/inicio\/wp-content\/uploads\/2025\/04\/IMG-20250424-WA0190.jpg\",\"keywords\":[\"FM Litoral\",\"Locos por la Liga\",\"Primera A\"],\"articleSection\":[\"Institucional\",\"Noticias\"],\"inLanguage\":\"es\",\"potentialAction\":[{\"@type\":\"CommentAction\",\"name\":\"Comment\",\"target\":[\"https:\/\/lpfparana.com.ar\/inicio\/hoy-los-clubes-estan-comprometidos\/#respond\"]}]},{\"@type\":\"WebPage\",\"@id\":\"https:\/\/lpfparana.com.ar\/inicio\/hoy-los-clubes-estan-comprometidos\/\",\"url\":\"https:\/\/lpfparana.com.ar\/inicio\/hoy-los-clubes-estan-comprometidos\/\",\"name\":\"\\\"Hoy los clubes est\u00e1n comprometidos\\\" -\",\"isPartOf\":{\"@id\":\"https:\/\/lpfparana.com.ar\/inicio\/#website\"},\"primaryImageOfPage\":{\"@id\":\"https:\/\/lpfparana.com.ar\/inicio\/hoy-los-clubes-estan-comprometidos\/#primaryimage\"},\"image\":{\"@id\":\"https:\/\/lpfparana.com.ar\/inicio\/hoy-los-clubes-estan-comprometidos\/#primaryimage\"},\"thumbnailUrl\":\"https:\/\/lpfparana.com.ar\/inicio\/wp-content\/uploads\/2025\/04\/IMG-20250424-WA0190.jpg\",\"datePublished\":\"2025-04-24T23:17:28+00:00\",\"dateModified\":\"2025-04-24T23:18:51+00:00\",\"author\":{\"@id\":\"https:\/\/lpfparana.com.ar\/inicio\/#\/schema\/person\/e4a909baf07553d45f0fb7b76f656d76\"},\"description\":\"Alejandro Schneider, Presidente de la Liga Paranaense de F\u00fatbol, di\u00e1logo con \\\"Locos X La Liga\\\", el programa oficial liguista que se emite....\",\"breadcrumb\":{\"@id\":\"https:\/\/lpfparana.com.ar\/inicio\/hoy-los-clubes-estan-comprometidos\/#breadcrumb\"},\"inLanguage\":\"es\",\"potentialAction\":[{\"@type\":\"ReadAction\",\"target\":[\"https:\/\/lpfparana.com.ar\/inicio\/hoy-los-clubes-estan-comprometidos\/\"]}]},{\"@type\":\"ImageObject\",\"inLanguage\":\"es\",\"@id\":\"https:\/\/lpfparana.com.ar\/inicio\/hoy-los-clubes-estan-comprometidos\/#primaryimage\",\"url\":\"https:\/\/lpfparana.com.ar\/inicio\/wp-content\/uploads\/2025\/04\/IMG-20250424-WA0190.jpg\",\"contentUrl\":\"https:\/\/lpfparana.com.ar\/inicio\/wp-content\/uploads\/2025\/04\/IMG-20250424-WA0190.jpg\",\"width\":1280,\"height\":720},{\"@type\":\"BreadcrumbList\",\"@id\":\"https:\/\/lpfparana.com.ar\/inicio\/hoy-los-clubes-estan-comprometidos\/#breadcrumb\",\"itemListElement\":[{\"@type\":\"ListItem\",\"position\":1,\"name\":\"Portada\",\"item\":\"https:\/\/lpfparana.com.ar\/inicio\/\"},{\"@type\":\"ListItem\",\"position\":2,\"name\":\"&#8220;Hoy los clubes est\u00e1n comprometidos&#8221;\"}]},{\"@type\":\"WebSite\",\"@id\":\"https:\/\/lpfparana.com.ar\/inicio\/#website\",\"url\":\"https:\/\/lpfparana.com.ar\/inicio\/\",\"name\":\"\",\"description\":\"LPF Paran\u00e1\",\"potentialAction\":[{\"@type\":\"SearchAction\",\"target\":{\"@type\":\"EntryPoint\",\"urlTemplate\":\"https:\/\/lpfparana.com.ar\/inicio\/?s={search_term_string}\"},\"query-input\":{\"@type\":\"PropertyValueSpecification\",\"valueRequired\":true,\"valueName\":\"search_term_string\"}}],\"inLanguage\":\"es\"},{\"@type\":\"Person\",\"@id\":\"https:\/\/lpfparana.com.ar\/inicio\/#\/schema\/person\/e4a909baf07553d45f0fb7b76f656d76\",\"name\":\"Juan Manuel L\u00f3pez\",\"image\":{\"@type\":\"ImageObject\",\"inLanguage\":\"es\",\"@id\":\"https:\/\/secure.gravatar.com\/avatar\/6fd4b36dc88658b1a9f8103e109f47885fcd020443829a5d936ca18f07c3d96c?s=96&d=mm&r=g\",\"url\":\"https:\/\/secure.gravatar.com\/avatar\/6fd4b36dc88658b1a9f8103e109f47885fcd020443829a5d936ca18f07c3d96c?s=96&d=mm&r=g\",\"contentUrl\":\"https:\/\/secure.gravatar.com\/avatar\/6fd4b36dc88658b1a9f8103e109f47885fcd020443829a5d936ca18f07c3d96c?s=96&d=mm&r=g\",\"caption\":\"Juan Manuel L\u00f3pez\"},\"url\":\"https:\/\/lpfparana.com.ar\/inicio\/author\/juanito\/\"}]}<\/script>\n<!-- \/ Yoast SEO Premium plugin. -->","yoast_head_json":{"title":"\"Hoy los clubes est\u00e1n comprometidos\" -","description":"Alejandro Schneider, Presidente de la Liga Paranaense de F\u00fatbol, di\u00e1logo con \"Locos X La Liga\", el programa oficial liguista que se emite....","robots":{"index":"index","follow":"follow","max-snippet":"max-snippet:-1","max-image-preview":"max-image-preview:large","max-video-preview":"max-video-preview:-1"},"canonical":"https:\/\/lpfparana.com.ar\/inicio\/hoy-los-clubes-estan-comprometidos\/","og_locale":"es_ES","og_type":"article","og_title":"\"Hoy los clubes est\u00e1n comprometidos\"","og_description":"Alejandro Schneider, Presidente de la Liga Paranaense de F\u00fatbol, di\u00e1logo con \"Locos X La Liga\", el programa oficial liguista que se emite....","og_url":"https:\/\/lpfparana.com.ar\/inicio\/hoy-los-clubes-estan-comprometidos\/","article_published_time":"2025-04-24T23:17:28+00:00","article_modified_time":"2025-04-24T23:18:51+00:00","og_image":[{"width":1280,"height":720,"url":"https:\/\/lpfparana.com.ar\/inicio\/wp-content\/uploads\/2025\/04\/IMG-20250424-WA0190.jpg","type":"image\/jpeg"}],"author":"Juan Manuel L\u00f3pez","twitter_card":"summary_large_image","twitter_misc":{"Escrito por":"Juan Manuel L\u00f3pez","Tiempo de lectura":"3 minutos"},"schema":{"@context":"https:\/\/schema.org","@graph":[{"@type":"Article","@id":"https:\/\/lpfparana.com.ar\/inicio\/hoy-los-clubes-estan-comprometidos\/#article","isPartOf":{"@id":"https:\/\/lpfparana.com.ar\/inicio\/hoy-los-clubes-estan-comprometidos\/"},"author":{"name":"Juan Manuel L\u00f3pez","@id":"https:\/\/lpfparana.com.ar\/inicio\/#\/schema\/person\/e4a909baf07553d45f0fb7b76f656d76"},"headline":"\u00abHoy los clubes est\u00e1n comprometidos\u00bb","datePublished":"2025-04-24T23:17:28+00:00","dateModified":"2025-04-24T23:18:51+00:00","mainEntityOfPage":{"@id":"https:\/\/lpfparana.com.ar\/inicio\/hoy-los-clubes-estan-comprometidos\/"},"wordCount":539,"commentCount":0,"image":{"@id":"https:\/\/lpfparana.com.ar\/inicio\/hoy-los-clubes-estan-comprometidos\/#primaryimage"},"thumbnailUrl":"https:\/\/lpfparana.com.ar\/inicio\/wp-content\/uploads\/2025\/04\/IMG-20250424-WA0190.jpg","keywords":["FM Litoral","Locos por la Liga","Primera A"],"articleSection":["Institucional","Noticias"],"inLanguage":"es","potentialAction":[{"@type":"CommentAction","name":"Comment","target":["https:\/\/lpfparana.com.ar\/inicio\/hoy-los-clubes-estan-comprometidos\/#respond"]}]},{"@type":"WebPage","@id":"https:\/\/lpfparana.com.ar\/inicio\/hoy-los-clubes-estan-comprometidos\/","url":"https:\/\/lpfparana.com.ar\/inicio\/hoy-los-clubes-estan-comprometidos\/","name":"\"Hoy los clubes est\u00e1n comprometidos\" -","isPartOf":{"@id":"https:\/\/lpfparana.com.ar\/inicio\/#website"},"primaryImageOfPage":{"@id":"https:\/\/lpfparana.com.ar\/inicio\/hoy-los-clubes-estan-comprometidos\/#primaryimage"},"image":{"@id":"https:\/\/lpfparana.com.ar\/inicio\/hoy-los-clubes-estan-comprometidos\/#primaryimage"},"thumbnailUrl":"https:\/\/lpfparana.com.ar\/inicio\/wp-content\/uploads\/2025\/04\/IMG-20250424-WA0190.jpg","datePublished":"2025-04-24T23:17:28+00:00","dateModified":"2025-04-24T23:18:51+00:00","author":{"@id":"https:\/\/lpfparana.com.ar\/inicio\/#\/schema\/person\/e4a909baf07553d45f0fb7b76f656d76"},"description":"Alejandro Schneider, Presidente de la Liga Paranaense de F\u00fatbol, di\u00e1logo con \"Locos X La Liga\", el programa oficial liguista que se emite....","breadcrumb":{"@id":"https:\/\/lpfparana.com.ar\/inicio\/hoy-los-clubes-estan-comprometidos\/#breadcrumb"},"inLanguage":"es","potentialAction":[{"@type":"ReadAction","target":["https:\/\/lpfparana.com.ar\/inicio\/hoy-los-clubes-estan-comprometidos\/"]}]},{"@type":"ImageObject","inLanguage":"es","@id":"https:\/\/lpfparana.com.ar\/inicio\/hoy-los-clubes-estan-comprometidos\/#primaryimage","url":"https:\/\/lpfparana.com.ar\/inicio\/wp-content\/uploads\/2025\/04\/IMG-20250424-WA0190.jpg","contentUrl":"https:\/\/lpfparana.com.ar\/inicio\/wp-content\/uploads\/2025\/04\/IMG-20250424-WA0190.jpg","width":1280,"height":720},{"@type":"BreadcrumbList","@id":"https:\/\/lpfparana.com.ar\/inicio\/hoy-los-clubes-estan-comprometidos\/#breadcrumb","itemListElement":[{"@type":"ListItem","position":1,"name":"Portada","item":"https:\/\/lpfparana.com.ar\/inicio\/"},{"@type":"ListItem","position":2,"name":"&#8220;Hoy los clubes est\u00e1n comprometidos&#8221;"}]},{"@type":"WebSite","@id":"https:\/\/lpfparana.com.ar\/inicio\/#website","url":"https:\/\/lpfparana.com.ar\/inicio\/","name":"","description":"LPF Paran\u00e1","potentialAction":[{"@type":"SearchAction","target":{"@type":"EntryPoint","urlTemplate":"https:\/\/lpfparana.com.ar\/inicio\/?s={search_term_string}"},"query-input":{"@type":"PropertyValueSpecification","valueRequired":true,"valueName":"search_term_string"}}],"inLanguage":"es"},{"@type":"Person","@id":"https:\/\/lpfparana.com.ar\/inicio\/#\/schema\/person\/e4a909baf07553d45f0fb7b76f656d76","name":"Juan Manuel L\u00f3pez","image":{"@type":"ImageObject","inLanguage":"es","@id":"https:\/\/secure.gravatar.com\/avatar\/6fd4b36dc88658b1a9f8103e109f47885fcd020443829a5d936ca18f07c3d96c?s=96&d=mm&r=g","url":"https:\/\/secure.gravatar.com\/avatar\/6fd4b36dc88658b1a9f8103e109f47885fcd020443829a5d936ca18f07c3d96c?s=96&d=mm&r=g","contentUrl":"https:\/\/secure.gravatar.com\/avatar\/6fd4b36dc88658b1a9f8103e109f47885fcd020443829a5d936ca18f07c3d96c?s=96&d=mm&r=g","caption":"Juan Manuel L\u00f3pez"},"url":"https:\/\/lpfparana.com.ar\/inicio\/author\/juanito\/"}]}},"_links":{"self":[{"href":"https:\/\/lpfparana.com.ar\/inicio\/wp-json\/wp\/v2\/posts\/5050","targetHints":{"allow":["GET"]}}],"collection":[{"href":"https:\/\/lpfparana.com.ar\/inicio\/wp-json\/wp\/v2\/posts"}],"about":[{"href":"https:\/\/lpfparana.com.ar\/inicio\/wp-json\/wp\/v2\/types\/post"}],"author":[{"embeddable":true,"href":"https:\/\/lpfparana.com.ar\/inicio\/wp-json\/wp\/v2\/users\/4"}],"replies":[{"embeddable":true,"href":"https:\/\/lpfparana.com.ar\/inicio\/wp-json\/wp\/v2\/comments?post=5050"}],"version-history":[{"count":2,"href":"https:\/\/lpfparana.com.ar\/inicio\/wp-json\/wp\/v2\/posts\/5050\/revisions"}],"predecessor-version":[{"id":5052,"href":"https:\/\/lpfparana.com.ar\/inicio\/wp-json\/wp\/v2\/posts\/5050\/revisions\/5052"}],"wp:featuredmedia":[{"embeddable":true,"href":"https:\/\/lpfparana.com.ar\/inicio\/wp-json\/wp\/v2\/media\/5048"}],"wp:attachment":[{"href":"https:\/\/lpfparana.com.ar\/inicio\/wp-json\/wp\/v2\/media?parent=5050"}],"wp:term":[{"taxonomy":"category","embeddable":true,"href":"https:\/\/lpfparana.com.ar\/inicio\/wp-json\/wp\/v2\/categories?post=5050"},{"taxonomy":"post_tag","embeddable":true,"href":"https:\/\/lpfparana.com.ar\/inicio\/wp-json\/wp\/v2\/tags?post=5050"}],"curies":[{"name":"wp","href":"https:\/\/api.w.org\/{rel}","templated":true}]}}