{"id":5035,"date":"2025-04-23T21:19:14","date_gmt":"2025-04-24T00:19:14","guid":{"rendered":"https:\/\/lpfparana.com.ar\/inicio\/?p=5035"},"modified":"2025-04-23T21:19:16","modified_gmt":"2025-04-24T00:19:16","slug":"la-cancha-esta-quedando-muy-linda","status":"publish","type":"post","link":"https:\/\/lpfparana.com.ar\/inicio\/la-cancha-esta-quedando-muy-linda\/","title":{"rendered":"\u201cLa cancha est\u00e1 quedando muy linda\u201d"},"content":{"rendered":"\n<h3 class=\"wp-block-heading\" id=\"h-oscar-barbieri-presidente-del-club-don-bosco-dialogo-con-locos-x-la-liga-el-programa-oficial-de-la-liga-paranaense-de-futbol\"><strong>Oscar Barbieri, presidente<\/strong> <strong>del Club Don Bosco, dialog\u00f3 con \u201cLocos X La Liga\u201d, el programa oficial de la Liga Paranaense de F\u00fatbol.<\/strong><\/h3>\n\n\n\n<p>En el dialogo radial por FM Litoral, Oscar Barbieri charl\u00f3 sobre la memoria del Papa Francisco tras su fallecimiento, destacando su impacto en la juventud y la Iglesia Cat\u00f3lica, as\u00ed como su humildad. El Salesiano adem\u00e1s hizo menci\u00f3n al trabajo que vienen realizando dentro de la instituci\u00f3n que preside.<\/p>\n\n\n\n<p>En el comienzo de la charla y con mucha emoci\u00f3n Oscar hizo referencia al impacto que causo la p\u00e9rdida del Papa Francisco, mencionando que: \u201cFue una perdida muy importante para la iglesia y los que llevamos el catolic\u00edsimo dentro del coraz\u00f3n. El papa nos ense\u00f1\u00f3 lo que es el respeto, la humildad y que lo que realmente vale es la sencillez. La apertura hacia lo m\u00e1s j\u00f3venes tambi\u00e9n fue algo que jam\u00e1s olvidaremos\u201d.<\/p>\n\n\n\n<p>Siguiendo en la misma l\u00ednea y haciendo referencia al oratorio que tienen dentro del club, aclar\u00f3: \u201cPronto tendr\u00e1 un reconocimiento tambi\u00e9n para la municipalidad, en donde exhibiremos tambi\u00e9n la imagen del Papa con la camiseta de nuestro amado club\u201d.<\/p>\n\n\n\n<h4 class=\"wp-block-heading\" id=\"h-la-gestion\">La gesti\u00f3n<\/h4>\n\n\n\n<p>Barbieri est\u00e1 abocado a lo institucional, pero tambi\u00e9n siguiendo de cerca a todos los deportes que se practican dentro del club. Sobre lo que se viene por delante, \u201cPatita\u201d declar\u00f3: \u201cEl club creci\u00f3 mucho en todos los deportes, hoy el acompa\u00f1amiento de los socios y de las familias se nota mucho\u00bb. <\/p>\n\n\n\n<p>\u00abLa gente hist\u00f3ricamente acompa\u00f1\u00f3, no solo los m\u00e1s peque\u00f1os y los adolescentes, sino que m\u00e1s a\u00fan los padres y madres que continuamente colaboran en lo que sea necesario\u201d, asegur\u00f3 el presidente salesiano.<\/p>\n\n\n\n<h4 class=\"wp-block-heading\" id=\"h-el-trabajo-del-campo\">El trabajo del campo<\/h4>\n\n\n\n<p>En la \u00faltima parte de la entrevista, el mandatario de Don Bosco hizo referencia al trabajo del c\u00e9sped del campo de juego, se\u00f1alando que: \u201cEl campo se lo ve muy lindo, Yamil Ismail, junto al gran equipo detr\u00e1s, vienen trabajando a destajo, siempre es un lujo ver la cancha en este hermoso estado, si bien lleva un cuidado especial por la cantidad de chicos que la utilizan, la cancha hist\u00f3ricamente se mantuvo en gran nivel\u201d.<\/p>\n\n\n\n<figure class=\"wp-block-gallery has-nested-images columns-default is-cropped wp-block-gallery-1 is-layout-flex wp-block-gallery-is-layout-flex\">\n<figure class=\"wp-block-image size-large\"><a href=\"https:\/\/lpfparana.com.ar\/inicio\/wp-content\/uploads\/2025\/04\/WhatsApp-Image-2025-04-22-at-21.23.37-1.jpeg\"><img fetchpriority=\"high\" decoding=\"async\" width=\"1024\" height=\"576\" data-id=\"5036\" src=\"https:\/\/lpfparana.com.ar\/inicio\/wp-content\/uploads\/2025\/04\/WhatsApp-Image-2025-04-22-at-21.23.37-1-1024x576.jpeg\" alt=\"\" class=\"wp-image-5036\" srcset=\"https:\/\/lpfparana.com.ar\/inicio\/wp-content\/uploads\/2025\/04\/WhatsApp-Image-2025-04-22-at-21.23.37-1-1024x576.jpeg 1024w, https:\/\/lpfparana.com.ar\/inicio\/wp-content\/uploads\/2025\/04\/WhatsApp-Image-2025-04-22-at-21.23.37-1-300x169.jpeg 300w, https:\/\/lpfparana.com.ar\/inicio\/wp-content\/uploads\/2025\/04\/WhatsApp-Image-2025-04-22-at-21.23.37-1-768x432.jpeg 768w, https:\/\/lpfparana.com.ar\/inicio\/wp-content\/uploads\/2025\/04\/WhatsApp-Image-2025-04-22-at-21.23.37-1.jpeg 1280w\" sizes=\"(max-width: 1024px) 100vw, 1024px\" \/><\/a><\/figure>\n\n\n\n<figure class=\"wp-block-image size-large\"><a href=\"https:\/\/lpfparana.com.ar\/inicio\/wp-content\/uploads\/2025\/04\/WhatsApp-Image-2025-04-22-at-21.23.37.jpeg\"><img decoding=\"async\" width=\"1024\" height=\"576\" data-id=\"5037\" src=\"https:\/\/lpfparana.com.ar\/inicio\/wp-content\/uploads\/2025\/04\/WhatsApp-Image-2025-04-22-at-21.23.37-1024x576.jpeg\" alt=\"\" class=\"wp-image-5037\" srcset=\"https:\/\/lpfparana.com.ar\/inicio\/wp-content\/uploads\/2025\/04\/WhatsApp-Image-2025-04-22-at-21.23.37-1024x576.jpeg 1024w, https:\/\/lpfparana.com.ar\/inicio\/wp-content\/uploads\/2025\/04\/WhatsApp-Image-2025-04-22-at-21.23.37-300x169.jpeg 300w, https:\/\/lpfparana.com.ar\/inicio\/wp-content\/uploads\/2025\/04\/WhatsApp-Image-2025-04-22-at-21.23.37-768x432.jpeg 768w, https:\/\/lpfparana.com.ar\/inicio\/wp-content\/uploads\/2025\/04\/WhatsApp-Image-2025-04-22-at-21.23.37.jpeg 1280w\" sizes=\"(max-width: 1024px) 100vw, 1024px\" \/><\/a><\/figure>\n<\/figure>\n","protected":false},"excerpt":{"rendered":"<p>Oscar Barbieri, presidente del Club Don Bosco, dialog\u00f3 con \u201cLocos X La Liga\u201d, el programa oficial de la Liga Paranaense de F\u00fatbol. En el dialogo radial por FM Litoral, Oscar Barbieri charl\u00f3 sobre la memoria del Papa Francisco tras su fallecimiento, destacando su impacto en la juventud y la Iglesia Cat\u00f3lica, as\u00ed como su humildad&#8230;.<\/p>\n","protected":false},"author":4,"featured_media":5033,"comment_status":"open","ping_status":"open","sticky":false,"template":"","format":"standard","meta":{"footnotes":""},"categories":[2],"tags":[],"class_list":["post-5035","post","type-post","status-publish","format-standard","has-post-thumbnail","hentry","category-noticias"],"featured_image_src":"https:\/\/lpfparana.com.ar\/inicio\/wp-content\/uploads\/2025\/04\/oscar.jpg","author_info":{"display_name":"Juan Manuel L\u00f3pez","author_link":"https:\/\/lpfparana.com.ar\/inicio\/author\/juanito\/"},"yoast_head":"<!-- This site is optimized with the Yoast SEO Premium plugin v23.3 (Yoast SEO v27.2) - https:\/\/yoast.com\/product\/yoast-seo-premium-wordpress\/ -->\n<title>\u201cLa cancha est\u00e1 quedando muy linda\u201d -<\/title>\n<meta name=\"description\" content=\"Oscar Barbieri, presidente del Club Don Bosco, dialog\u00f3 con \u201cLocos X La Liga\u201d, el programa oficial de la Liga Paranaense de F\u00fatbol.\" \/>\n<meta name=\"robots\" content=\"index, follow, max-snippet:-1, max-image-preview:large, max-video-preview:-1\" \/>\n<link rel=\"canonical\" href=\"https:\/\/lpfparana.com.ar\/inicio\/la-cancha-esta-quedando-muy-linda\/\" \/>\n<meta property=\"og:locale\" content=\"es_ES\" \/>\n<meta property=\"og:type\" content=\"article\" \/>\n<meta property=\"og:title\" content=\"\u201cLa cancha est\u00e1 quedando muy linda\u201d\" \/>\n<meta property=\"og:description\" content=\"Oscar Barbieri, presidente del Club Don Bosco, dialog\u00f3 con \u201cLocos X La Liga\u201d, el programa oficial de la Liga Paranaense de F\u00fatbol.\" \/>\n<meta property=\"og:url\" content=\"https:\/\/lpfparana.com.ar\/inicio\/la-cancha-esta-quedando-muy-linda\/\" \/>\n<meta property=\"article:published_time\" content=\"2025-04-24T00:19:14+00:00\" \/>\n<meta property=\"article:modified_time\" content=\"2025-04-24T00:19:16+00:00\" \/>\n<meta property=\"og:image\" content=\"https:\/\/lpfparana.com.ar\/inicio\/wp-content\/uploads\/2025\/04\/oscar.jpg\" \/>\n\t<meta property=\"og:image:width\" content=\"1280\" \/>\n\t<meta property=\"og:image:height\" content=\"720\" \/>\n\t<meta property=\"og:image:type\" content=\"image\/jpeg\" \/>\n<meta name=\"author\" content=\"Juan Manuel L\u00f3pez\" \/>\n<meta name=\"twitter:card\" content=\"summary_large_image\" \/>\n<meta name=\"twitter:label1\" content=\"Escrito por\" \/>\n\t<meta name=\"twitter:data1\" content=\"Juan Manuel L\u00f3pez\" \/>\n\t<meta name=\"twitter:label2\" content=\"Tiempo de lectura\" \/>\n\t<meta name=\"twitter:data2\" content=\"2 minutos\" \/>\n<script type=\"application\/ld+json\" class=\"yoast-schema-graph\">{\"@context\":\"https:\/\/schema.org\",\"@graph\":[{\"@type\":\"Article\",\"@id\":\"https:\/\/lpfparana.com.ar\/inicio\/la-cancha-esta-quedando-muy-linda\/#article\",\"isPartOf\":{\"@id\":\"https:\/\/lpfparana.com.ar\/inicio\/la-cancha-esta-quedando-muy-linda\/\"},\"author\":{\"name\":\"Juan Manuel L\u00f3pez\",\"@id\":\"https:\/\/lpfparana.com.ar\/inicio\/#\/schema\/person\/e4a909baf07553d45f0fb7b76f656d76\"},\"headline\":\"\u201cLa cancha est\u00e1 quedando muy linda\u201d\",\"datePublished\":\"2025-04-24T00:19:14+00:00\",\"dateModified\":\"2025-04-24T00:19:16+00:00\",\"mainEntityOfPage\":{\"@id\":\"https:\/\/lpfparana.com.ar\/inicio\/la-cancha-esta-quedando-muy-linda\/\"},\"wordCount\":381,\"commentCount\":0,\"image\":{\"@id\":\"https:\/\/lpfparana.com.ar\/inicio\/la-cancha-esta-quedando-muy-linda\/#primaryimage\"},\"thumbnailUrl\":\"https:\/\/lpfparana.com.ar\/inicio\/wp-content\/uploads\/2025\/04\/oscar.jpg\",\"articleSection\":[\"Noticias\"],\"inLanguage\":\"es\",\"potentialAction\":[{\"@type\":\"CommentAction\",\"name\":\"Comment\",\"target\":[\"https:\/\/lpfparana.com.ar\/inicio\/la-cancha-esta-quedando-muy-linda\/#respond\"]}]},{\"@type\":\"WebPage\",\"@id\":\"https:\/\/lpfparana.com.ar\/inicio\/la-cancha-esta-quedando-muy-linda\/\",\"url\":\"https:\/\/lpfparana.com.ar\/inicio\/la-cancha-esta-quedando-muy-linda\/\",\"name\":\"\u201cLa cancha est\u00e1 quedando muy linda\u201d -\",\"isPartOf\":{\"@id\":\"https:\/\/lpfparana.com.ar\/inicio\/#website\"},\"primaryImageOfPage\":{\"@id\":\"https:\/\/lpfparana.com.ar\/inicio\/la-cancha-esta-quedando-muy-linda\/#primaryimage\"},\"image\":{\"@id\":\"https:\/\/lpfparana.com.ar\/inicio\/la-cancha-esta-quedando-muy-linda\/#primaryimage\"},\"thumbnailUrl\":\"https:\/\/lpfparana.com.ar\/inicio\/wp-content\/uploads\/2025\/04\/oscar.jpg\",\"datePublished\":\"2025-04-24T00:19:14+00:00\",\"dateModified\":\"2025-04-24T00:19:16+00:00\",\"author\":{\"@id\":\"https:\/\/lpfparana.com.ar\/inicio\/#\/schema\/person\/e4a909baf07553d45f0fb7b76f656d76\"},\"description\":\"Oscar Barbieri, presidente del Club Don Bosco, dialog\u00f3 con \u201cLocos X La Liga\u201d, el programa oficial de la Liga Paranaense de F\u00fatbol.\",\"breadcrumb\":{\"@id\":\"https:\/\/lpfparana.com.ar\/inicio\/la-cancha-esta-quedando-muy-linda\/#breadcrumb\"},\"inLanguage\":\"es\",\"potentialAction\":[{\"@type\":\"ReadAction\",\"target\":[\"https:\/\/lpfparana.com.ar\/inicio\/la-cancha-esta-quedando-muy-linda\/\"]}]},{\"@type\":\"ImageObject\",\"inLanguage\":\"es\",\"@id\":\"https:\/\/lpfparana.com.ar\/inicio\/la-cancha-esta-quedando-muy-linda\/#primaryimage\",\"url\":\"https:\/\/lpfparana.com.ar\/inicio\/wp-content\/uploads\/2025\/04\/oscar.jpg\",\"contentUrl\":\"https:\/\/lpfparana.com.ar\/inicio\/wp-content\/uploads\/2025\/04\/oscar.jpg\",\"width\":1280,\"height\":720},{\"@type\":\"BreadcrumbList\",\"@id\":\"https:\/\/lpfparana.com.ar\/inicio\/la-cancha-esta-quedando-muy-linda\/#breadcrumb\",\"itemListElement\":[{\"@type\":\"ListItem\",\"position\":1,\"name\":\"Portada\",\"item\":\"https:\/\/lpfparana.com.ar\/inicio\/\"},{\"@type\":\"ListItem\",\"position\":2,\"name\":\"\u201cLa cancha est\u00e1 quedando muy linda\u201d\"}]},{\"@type\":\"WebSite\",\"@id\":\"https:\/\/lpfparana.com.ar\/inicio\/#website\",\"url\":\"https:\/\/lpfparana.com.ar\/inicio\/\",\"name\":\"\",\"description\":\"LPF Paran\u00e1\",\"potentialAction\":[{\"@type\":\"SearchAction\",\"target\":{\"@type\":\"EntryPoint\",\"urlTemplate\":\"https:\/\/lpfparana.com.ar\/inicio\/?s={search_term_string}\"},\"query-input\":{\"@type\":\"PropertyValueSpecification\",\"valueRequired\":true,\"valueName\":\"search_term_string\"}}],\"inLanguage\":\"es\"},{\"@type\":\"Person\",\"@id\":\"https:\/\/lpfparana.com.ar\/inicio\/#\/schema\/person\/e4a909baf07553d45f0fb7b76f656d76\",\"name\":\"Juan Manuel L\u00f3pez\",\"image\":{\"@type\":\"ImageObject\",\"inLanguage\":\"es\",\"@id\":\"https:\/\/secure.gravatar.com\/avatar\/6fd4b36dc88658b1a9f8103e109f47885fcd020443829a5d936ca18f07c3d96c?s=96&d=mm&r=g\",\"url\":\"https:\/\/secure.gravatar.com\/avatar\/6fd4b36dc88658b1a9f8103e109f47885fcd020443829a5d936ca18f07c3d96c?s=96&d=mm&r=g\",\"contentUrl\":\"https:\/\/secure.gravatar.com\/avatar\/6fd4b36dc88658b1a9f8103e109f47885fcd020443829a5d936ca18f07c3d96c?s=96&d=mm&r=g\",\"caption\":\"Juan Manuel L\u00f3pez\"},\"url\":\"https:\/\/lpfparana.com.ar\/inicio\/author\/juanito\/\"}]}<\/script>\n<!-- \/ Yoast SEO Premium plugin. -->","yoast_head_json":{"title":"\u201cLa cancha est\u00e1 quedando muy linda\u201d -","description":"Oscar Barbieri, presidente del Club Don Bosco, dialog\u00f3 con \u201cLocos X La Liga\u201d, el programa oficial de la Liga Paranaense de F\u00fatbol.","robots":{"index":"index","follow":"follow","max-snippet":"max-snippet:-1","max-image-preview":"max-image-preview:large","max-video-preview":"max-video-preview:-1"},"canonical":"https:\/\/lpfparana.com.ar\/inicio\/la-cancha-esta-quedando-muy-linda\/","og_locale":"es_ES","og_type":"article","og_title":"\u201cLa cancha est\u00e1 quedando muy linda\u201d","og_description":"Oscar Barbieri, presidente del Club Don Bosco, dialog\u00f3 con \u201cLocos X La Liga\u201d, el programa oficial de la Liga Paranaense de F\u00fatbol.","og_url":"https:\/\/lpfparana.com.ar\/inicio\/la-cancha-esta-quedando-muy-linda\/","article_published_time":"2025-04-24T00:19:14+00:00","article_modified_time":"2025-04-24T00:19:16+00:00","og_image":[{"width":1280,"height":720,"url":"https:\/\/lpfparana.com.ar\/inicio\/wp-content\/uploads\/2025\/04\/oscar.jpg","type":"image\/jpeg"}],"author":"Juan Manuel L\u00f3pez","twitter_card":"summary_large_image","twitter_misc":{"Escrito por":"Juan Manuel L\u00f3pez","Tiempo de lectura":"2 minutos"},"schema":{"@context":"https:\/\/schema.org","@graph":[{"@type":"Article","@id":"https:\/\/lpfparana.com.ar\/inicio\/la-cancha-esta-quedando-muy-linda\/#article","isPartOf":{"@id":"https:\/\/lpfparana.com.ar\/inicio\/la-cancha-esta-quedando-muy-linda\/"},"author":{"name":"Juan Manuel L\u00f3pez","@id":"https:\/\/lpfparana.com.ar\/inicio\/#\/schema\/person\/e4a909baf07553d45f0fb7b76f656d76"},"headline":"\u201cLa cancha est\u00e1 quedando muy linda\u201d","datePublished":"2025-04-24T00:19:14+00:00","dateModified":"2025-04-24T00:19:16+00:00","mainEntityOfPage":{"@id":"https:\/\/lpfparana.com.ar\/inicio\/la-cancha-esta-quedando-muy-linda\/"},"wordCount":381,"commentCount":0,"image":{"@id":"https:\/\/lpfparana.com.ar\/inicio\/la-cancha-esta-quedando-muy-linda\/#primaryimage"},"thumbnailUrl":"https:\/\/lpfparana.com.ar\/inicio\/wp-content\/uploads\/2025\/04\/oscar.jpg","articleSection":["Noticias"],"inLanguage":"es","potentialAction":[{"@type":"CommentAction","name":"Comment","target":["https:\/\/lpfparana.com.ar\/inicio\/la-cancha-esta-quedando-muy-linda\/#respond"]}]},{"@type":"WebPage","@id":"https:\/\/lpfparana.com.ar\/inicio\/la-cancha-esta-quedando-muy-linda\/","url":"https:\/\/lpfparana.com.ar\/inicio\/la-cancha-esta-quedando-muy-linda\/","name":"\u201cLa cancha est\u00e1 quedando muy linda\u201d -","isPartOf":{"@id":"https:\/\/lpfparana.com.ar\/inicio\/#website"},"primaryImageOfPage":{"@id":"https:\/\/lpfparana.com.ar\/inicio\/la-cancha-esta-quedando-muy-linda\/#primaryimage"},"image":{"@id":"https:\/\/lpfparana.com.ar\/inicio\/la-cancha-esta-quedando-muy-linda\/#primaryimage"},"thumbnailUrl":"https:\/\/lpfparana.com.ar\/inicio\/wp-content\/uploads\/2025\/04\/oscar.jpg","datePublished":"2025-04-24T00:19:14+00:00","dateModified":"2025-04-24T00:19:16+00:00","author":{"@id":"https:\/\/lpfparana.com.ar\/inicio\/#\/schema\/person\/e4a909baf07553d45f0fb7b76f656d76"},"description":"Oscar Barbieri, presidente del Club Don Bosco, dialog\u00f3 con \u201cLocos X La Liga\u201d, el programa oficial de la Liga Paranaense de F\u00fatbol.","breadcrumb":{"@id":"https:\/\/lpfparana.com.ar\/inicio\/la-cancha-esta-quedando-muy-linda\/#breadcrumb"},"inLanguage":"es","potentialAction":[{"@type":"ReadAction","target":["https:\/\/lpfparana.com.ar\/inicio\/la-cancha-esta-quedando-muy-linda\/"]}]},{"@type":"ImageObject","inLanguage":"es","@id":"https:\/\/lpfparana.com.ar\/inicio\/la-cancha-esta-quedando-muy-linda\/#primaryimage","url":"https:\/\/lpfparana.com.ar\/inicio\/wp-content\/uploads\/2025\/04\/oscar.jpg","contentUrl":"https:\/\/lpfparana.com.ar\/inicio\/wp-content\/uploads\/2025\/04\/oscar.jpg","width":1280,"height":720},{"@type":"BreadcrumbList","@id":"https:\/\/lpfparana.com.ar\/inicio\/la-cancha-esta-quedando-muy-linda\/#breadcrumb","itemListElement":[{"@type":"ListItem","position":1,"name":"Portada","item":"https:\/\/lpfparana.com.ar\/inicio\/"},{"@type":"ListItem","position":2,"name":"\u201cLa cancha est\u00e1 quedando muy linda\u201d"}]},{"@type":"WebSite","@id":"https:\/\/lpfparana.com.ar\/inicio\/#website","url":"https:\/\/lpfparana.com.ar\/inicio\/","name":"","description":"LPF Paran\u00e1","potentialAction":[{"@type":"SearchAction","target":{"@type":"EntryPoint","urlTemplate":"https:\/\/lpfparana.com.ar\/inicio\/?s={search_term_string}"},"query-input":{"@type":"PropertyValueSpecification","valueRequired":true,"valueName":"search_term_string"}}],"inLanguage":"es"},{"@type":"Person","@id":"https:\/\/lpfparana.com.ar\/inicio\/#\/schema\/person\/e4a909baf07553d45f0fb7b76f656d76","name":"Juan Manuel L\u00f3pez","image":{"@type":"ImageObject","inLanguage":"es","@id":"https:\/\/secure.gravatar.com\/avatar\/6fd4b36dc88658b1a9f8103e109f47885fcd020443829a5d936ca18f07c3d96c?s=96&d=mm&r=g","url":"https:\/\/secure.gravatar.com\/avatar\/6fd4b36dc88658b1a9f8103e109f47885fcd020443829a5d936ca18f07c3d96c?s=96&d=mm&r=g","contentUrl":"https:\/\/secure.gravatar.com\/avatar\/6fd4b36dc88658b1a9f8103e109f47885fcd020443829a5d936ca18f07c3d96c?s=96&d=mm&r=g","caption":"Juan Manuel L\u00f3pez"},"url":"https:\/\/lpfparana.com.ar\/inicio\/author\/juanito\/"}]}},"_links":{"self":[{"href":"https:\/\/lpfparana.com.ar\/inicio\/wp-json\/wp\/v2\/posts\/5035","targetHints":{"allow":["GET"]}}],"collection":[{"href":"https:\/\/lpfparana.com.ar\/inicio\/wp-json\/wp\/v2\/posts"}],"about":[{"href":"https:\/\/lpfparana.com.ar\/inicio\/wp-json\/wp\/v2\/types\/post"}],"author":[{"embeddable":true,"href":"https:\/\/lpfparana.com.ar\/inicio\/wp-json\/wp\/v2\/users\/4"}],"replies":[{"embeddable":true,"href":"https:\/\/lpfparana.com.ar\/inicio\/wp-json\/wp\/v2\/comments?post=5035"}],"version-history":[{"count":1,"href":"https:\/\/lpfparana.com.ar\/inicio\/wp-json\/wp\/v2\/posts\/5035\/revisions"}],"predecessor-version":[{"id":5038,"href":"https:\/\/lpfparana.com.ar\/inicio\/wp-json\/wp\/v2\/posts\/5035\/revisions\/5038"}],"wp:featuredmedia":[{"embeddable":true,"href":"https:\/\/lpfparana.com.ar\/inicio\/wp-json\/wp\/v2\/media\/5033"}],"wp:attachment":[{"href":"https:\/\/lpfparana.com.ar\/inicio\/wp-json\/wp\/v2\/media?parent=5035"}],"wp:term":[{"taxonomy":"category","embeddable":true,"href":"https:\/\/lpfparana.com.ar\/inicio\/wp-json\/wp\/v2\/categories?post=5035"},{"taxonomy":"post_tag","embeddable":true,"href":"https:\/\/lpfparana.com.ar\/inicio\/wp-json\/wp\/v2\/tags?post=5035"}],"curies":[{"name":"wp","href":"https:\/\/api.w.org\/{rel}","templated":true}]}}