{"id":4961,"date":"2025-03-27T15:41:46","date_gmt":"2025-03-27T18:41:46","guid":{"rendered":"https:\/\/lpfparana.com.ar\/inicio\/?p=4961"},"modified":"2025-03-27T15:41:48","modified_gmt":"2025-03-27T18:41:48","slug":"estamos-entusiasmados-con-el-debut","status":"publish","type":"post","link":"https:\/\/lpfparana.com.ar\/inicio\/estamos-entusiasmados-con-el-debut\/","title":{"rendered":"\u201cEstamos entusiasmados con el debut\u201d"},"content":{"rendered":"\n<h3 class=\"wp-block-heading\" id=\"h-uriel-motta-director-tecnico-del-primer-equipo-de-universitario-femenino-dialogo-con-locos-x-la-liga-el-programa-oficial-de-la-liga-paranaense-de-futbol-que-se-emite-por-fm-litoral-103-1-mhz-alli-el-dt-hizo-mencion-a-la-preparacion-de-cara-a-la-temporada-2025-el-analisis-del-primer-rival-y-el-entusiasmo-de-las-jugadoras-de-cara-al-comienzo-del-torneo\">Uriel Motta, director t\u00e9cnico del primer equipo de Universitario Femenino, dialog\u00f3 con \u201cLocos X La Liga\u201d, el programa oficial de la Liga Paranaense de F\u00fatbol, que se emite por FM Litoral 103.1 MHz. All\u00ed el DT hizo menci\u00f3n a la preparaci\u00f3n de cara a la temporada 2025, el an\u00e1lisis del primer rival y el entusiasmo de las jugadoras de cara al comienzo del Torneo.<\/h3>\n\n\n\n<p>Durante el comienzo de la charla con \u201cLocos X La Liga\u201d, Uriel Motta, director t\u00e9cnico del conjunto femenino de Universitario, cont\u00f3: \u201cEstoy muy agradecido con la dirigencia por confiar nuevamente en nuestro trabajo para este a\u00f1o, debutar en nuestra cancha nos da mucha felicidad, porque sabemos de todo el esfuerzo de la comisi\u00f3n para que hoy se encuentre en excelente condiciones\u201d.<\/p>\n\n\n\n<p>Siguiendo la misma t\u00f3nica y en cuanto al cambio en la instituci\u00f3n, Uriel destac\u00f3: \u201cDesde la llegada de Leonardo Acosta y la comisi\u00f3n actual, el club tiene vida, las chicas entrenan con muchas ganas.<\/p>\n\n\n\n<h4 class=\"wp-block-heading\" id=\"h-el-trabajo-del-equipo\">El trabajo del equipo<\/h4>\n\n\n\n<p>Pensando en el debut ante Belgrano y la preparaci\u00f3n para la primera fecha Motta aclar\u00f3: \u201cVenimos trabajando muy bien, con una gran convocatoria de chicas que se han sumado de otros clubes y manteniendo algunas jugadoras del a\u00f1o anterior. En estas semanas los trabajos fueron intensos, en arena y tambi\u00e9n dentro del campo, llegamos bien al debut\u201d.<\/p>\n\n\n\n<p>En cuanto al rival, entrenador dio su opini\u00f3n, se\u00f1alando que: \u201cSabemos que Belgrano es un equipo nuevo, pero tiene grandes jugadoras y con experiencia. El cuerpo t\u00e9cnico conoce el femenino, pero nosotros sabemos que el trabajo fue bueno, as\u00ed que intentaremos plasmarlo el d\u00eda s\u00e1bado cuando las recibamos\u201d.<\/p>\n\n\n\n<h4 class=\"wp-block-heading\" id=\"h-el-objetivo\">El objetivo<\/h4>\n\n\n\n<p>En el final de la entrevista, Uriel hizo menci\u00f3n al objetivo para este Torneo Clasificatorio a la Copa T\u00fanel Subfluvial, manifestando que: \u00abSea la competencia que sea, saldremos a jugar de igual forma, pero por supuesto que tiene un condimento positivo el saber que est\u00e1 la posibilidad de la clasificaci\u00f3n. Como se\u00f1alamos con las chicas, ponernos ya est\u00e1 camiseta nos demanda compromiso y trabajo a conciencia\u201d.<\/p>\n\n\n\n<p><\/p>\n","protected":false},"excerpt":{"rendered":"<p>Uriel Motta, director t\u00e9cnico del primer equipo de Universitario Femenino, dialog\u00f3 con \u201cLocos X La Liga\u201d, el programa oficial de la Liga Paranaense de F\u00fatbol, que se emite por FM Litoral 103.1 MHz. All\u00ed el DT hizo menci\u00f3n a la preparaci\u00f3n de cara a la temporada 2025, el an\u00e1lisis del primer rival y el entusiasmo&#8230;<\/p>\n","protected":false},"author":4,"featured_media":4958,"comment_status":"open","ping_status":"open","sticky":false,"template":"","format":"standard","meta":{"footnotes":""},"categories":[5,2],"tags":[],"class_list":["post-4961","post","type-post","status-publish","format-standard","has-post-thumbnail","hentry","category-femenino","category-noticias"],"featured_image_src":"https:\/\/lpfparana.com.ar\/inicio\/wp-content\/uploads\/2025\/03\/universitario.jpg","author_info":{"display_name":"Juan Manuel L\u00f3pez","author_link":"https:\/\/lpfparana.com.ar\/inicio\/author\/juanito\/"},"yoast_head":"<!-- This site is optimized with the Yoast SEO Premium plugin v23.3 (Yoast SEO v27.2) - https:\/\/yoast.com\/product\/yoast-seo-premium-wordpress\/ -->\n<title>\u201cEstamos entusiasmados con el debut\u201d -<\/title>\n<meta name=\"description\" content=\"Uriel Motta, director t\u00e9cnico del primer equipo de Universitario Femenino, dialog\u00f3 con \u201cLocos X La Liga\u201d, el programa oficial de la Liga...\" \/>\n<meta name=\"robots\" content=\"index, follow, max-snippet:-1, max-image-preview:large, max-video-preview:-1\" \/>\n<link rel=\"canonical\" href=\"https:\/\/lpfparana.com.ar\/inicio\/estamos-entusiasmados-con-el-debut\/\" \/>\n<meta property=\"og:locale\" content=\"es_ES\" \/>\n<meta property=\"og:type\" content=\"article\" \/>\n<meta property=\"og:title\" content=\"\u201cEstamos entusiasmados con el debut\u201d\" \/>\n<meta property=\"og:description\" content=\"Uriel Motta, director t\u00e9cnico del primer equipo de Universitario Femenino, dialog\u00f3 con \u201cLocos X La Liga\u201d, el programa oficial de la Liga...\" \/>\n<meta property=\"og:url\" content=\"https:\/\/lpfparana.com.ar\/inicio\/estamos-entusiasmados-con-el-debut\/\" \/>\n<meta property=\"article:published_time\" content=\"2025-03-27T18:41:46+00:00\" \/>\n<meta property=\"article:modified_time\" content=\"2025-03-27T18:41:48+00:00\" \/>\n<meta property=\"og:image\" content=\"https:\/\/lpfparana.com.ar\/inicio\/wp-content\/uploads\/2025\/03\/universitario.jpg\" \/>\n\t<meta property=\"og:image:width\" content=\"1280\" \/>\n\t<meta property=\"og:image:height\" content=\"720\" \/>\n\t<meta property=\"og:image:type\" content=\"image\/jpeg\" \/>\n<meta name=\"author\" content=\"Juan Manuel L\u00f3pez\" \/>\n<meta name=\"twitter:card\" content=\"summary_large_image\" \/>\n<meta name=\"twitter:label1\" content=\"Escrito por\" \/>\n\t<meta name=\"twitter:data1\" content=\"Juan Manuel L\u00f3pez\" \/>\n\t<meta name=\"twitter:label2\" content=\"Tiempo de lectura\" \/>\n\t<meta name=\"twitter:data2\" content=\"2 minutos\" \/>\n<script type=\"application\/ld+json\" class=\"yoast-schema-graph\">{\"@context\":\"https:\/\/schema.org\",\"@graph\":[{\"@type\":\"Article\",\"@id\":\"https:\/\/lpfparana.com.ar\/inicio\/estamos-entusiasmados-con-el-debut\/#article\",\"isPartOf\":{\"@id\":\"https:\/\/lpfparana.com.ar\/inicio\/estamos-entusiasmados-con-el-debut\/\"},\"author\":{\"name\":\"Juan Manuel L\u00f3pez\",\"@id\":\"https:\/\/lpfparana.com.ar\/inicio\/#\/schema\/person\/e4a909baf07553d45f0fb7b76f656d76\"},\"headline\":\"\u201cEstamos entusiasmados con el debut\u201d\",\"datePublished\":\"2025-03-27T18:41:46+00:00\",\"dateModified\":\"2025-03-27T18:41:48+00:00\",\"mainEntityOfPage\":{\"@id\":\"https:\/\/lpfparana.com.ar\/inicio\/estamos-entusiasmados-con-el-debut\/\"},\"wordCount\":362,\"commentCount\":0,\"image\":{\"@id\":\"https:\/\/lpfparana.com.ar\/inicio\/estamos-entusiasmados-con-el-debut\/#primaryimage\"},\"thumbnailUrl\":\"https:\/\/lpfparana.com.ar\/inicio\/wp-content\/uploads\/2025\/03\/universitario.jpg\",\"articleSection\":[\"Femenino\",\"Noticias\"],\"inLanguage\":\"es\",\"potentialAction\":[{\"@type\":\"CommentAction\",\"name\":\"Comment\",\"target\":[\"https:\/\/lpfparana.com.ar\/inicio\/estamos-entusiasmados-con-el-debut\/#respond\"]}]},{\"@type\":\"WebPage\",\"@id\":\"https:\/\/lpfparana.com.ar\/inicio\/estamos-entusiasmados-con-el-debut\/\",\"url\":\"https:\/\/lpfparana.com.ar\/inicio\/estamos-entusiasmados-con-el-debut\/\",\"name\":\"\u201cEstamos entusiasmados con el debut\u201d -\",\"isPartOf\":{\"@id\":\"https:\/\/lpfparana.com.ar\/inicio\/#website\"},\"primaryImageOfPage\":{\"@id\":\"https:\/\/lpfparana.com.ar\/inicio\/estamos-entusiasmados-con-el-debut\/#primaryimage\"},\"image\":{\"@id\":\"https:\/\/lpfparana.com.ar\/inicio\/estamos-entusiasmados-con-el-debut\/#primaryimage\"},\"thumbnailUrl\":\"https:\/\/lpfparana.com.ar\/inicio\/wp-content\/uploads\/2025\/03\/universitario.jpg\",\"datePublished\":\"2025-03-27T18:41:46+00:00\",\"dateModified\":\"2025-03-27T18:41:48+00:00\",\"author\":{\"@id\":\"https:\/\/lpfparana.com.ar\/inicio\/#\/schema\/person\/e4a909baf07553d45f0fb7b76f656d76\"},\"description\":\"Uriel Motta, director t\u00e9cnico del primer equipo de Universitario Femenino, dialog\u00f3 con \u201cLocos X La Liga\u201d, el programa oficial de la Liga...\",\"breadcrumb\":{\"@id\":\"https:\/\/lpfparana.com.ar\/inicio\/estamos-entusiasmados-con-el-debut\/#breadcrumb\"},\"inLanguage\":\"es\",\"potentialAction\":[{\"@type\":\"ReadAction\",\"target\":[\"https:\/\/lpfparana.com.ar\/inicio\/estamos-entusiasmados-con-el-debut\/\"]}]},{\"@type\":\"ImageObject\",\"inLanguage\":\"es\",\"@id\":\"https:\/\/lpfparana.com.ar\/inicio\/estamos-entusiasmados-con-el-debut\/#primaryimage\",\"url\":\"https:\/\/lpfparana.com.ar\/inicio\/wp-content\/uploads\/2025\/03\/universitario.jpg\",\"contentUrl\":\"https:\/\/lpfparana.com.ar\/inicio\/wp-content\/uploads\/2025\/03\/universitario.jpg\",\"width\":1280,\"height\":720},{\"@type\":\"BreadcrumbList\",\"@id\":\"https:\/\/lpfparana.com.ar\/inicio\/estamos-entusiasmados-con-el-debut\/#breadcrumb\",\"itemListElement\":[{\"@type\":\"ListItem\",\"position\":1,\"name\":\"Portada\",\"item\":\"https:\/\/lpfparana.com.ar\/inicio\/\"},{\"@type\":\"ListItem\",\"position\":2,\"name\":\"\u201cEstamos entusiasmados con el debut\u201d\"}]},{\"@type\":\"WebSite\",\"@id\":\"https:\/\/lpfparana.com.ar\/inicio\/#website\",\"url\":\"https:\/\/lpfparana.com.ar\/inicio\/\",\"name\":\"\",\"description\":\"LPF Paran\u00e1\",\"potentialAction\":[{\"@type\":\"SearchAction\",\"target\":{\"@type\":\"EntryPoint\",\"urlTemplate\":\"https:\/\/lpfparana.com.ar\/inicio\/?s={search_term_string}\"},\"query-input\":{\"@type\":\"PropertyValueSpecification\",\"valueRequired\":true,\"valueName\":\"search_term_string\"}}],\"inLanguage\":\"es\"},{\"@type\":\"Person\",\"@id\":\"https:\/\/lpfparana.com.ar\/inicio\/#\/schema\/person\/e4a909baf07553d45f0fb7b76f656d76\",\"name\":\"Juan Manuel L\u00f3pez\",\"image\":{\"@type\":\"ImageObject\",\"inLanguage\":\"es\",\"@id\":\"https:\/\/secure.gravatar.com\/avatar\/6fd4b36dc88658b1a9f8103e109f47885fcd020443829a5d936ca18f07c3d96c?s=96&d=mm&r=g\",\"url\":\"https:\/\/secure.gravatar.com\/avatar\/6fd4b36dc88658b1a9f8103e109f47885fcd020443829a5d936ca18f07c3d96c?s=96&d=mm&r=g\",\"contentUrl\":\"https:\/\/secure.gravatar.com\/avatar\/6fd4b36dc88658b1a9f8103e109f47885fcd020443829a5d936ca18f07c3d96c?s=96&d=mm&r=g\",\"caption\":\"Juan Manuel L\u00f3pez\"},\"url\":\"https:\/\/lpfparana.com.ar\/inicio\/author\/juanito\/\"}]}<\/script>\n<!-- \/ Yoast SEO Premium plugin. -->","yoast_head_json":{"title":"\u201cEstamos entusiasmados con el debut\u201d -","description":"Uriel Motta, director t\u00e9cnico del primer equipo de Universitario Femenino, dialog\u00f3 con \u201cLocos X La Liga\u201d, el programa oficial de la Liga...","robots":{"index":"index","follow":"follow","max-snippet":"max-snippet:-1","max-image-preview":"max-image-preview:large","max-video-preview":"max-video-preview:-1"},"canonical":"https:\/\/lpfparana.com.ar\/inicio\/estamos-entusiasmados-con-el-debut\/","og_locale":"es_ES","og_type":"article","og_title":"\u201cEstamos entusiasmados con el debut\u201d","og_description":"Uriel Motta, director t\u00e9cnico del primer equipo de Universitario Femenino, dialog\u00f3 con \u201cLocos X La Liga\u201d, el programa oficial de la Liga...","og_url":"https:\/\/lpfparana.com.ar\/inicio\/estamos-entusiasmados-con-el-debut\/","article_published_time":"2025-03-27T18:41:46+00:00","article_modified_time":"2025-03-27T18:41:48+00:00","og_image":[{"width":1280,"height":720,"url":"https:\/\/lpfparana.com.ar\/inicio\/wp-content\/uploads\/2025\/03\/universitario.jpg","type":"image\/jpeg"}],"author":"Juan Manuel L\u00f3pez","twitter_card":"summary_large_image","twitter_misc":{"Escrito por":"Juan Manuel L\u00f3pez","Tiempo de lectura":"2 minutos"},"schema":{"@context":"https:\/\/schema.org","@graph":[{"@type":"Article","@id":"https:\/\/lpfparana.com.ar\/inicio\/estamos-entusiasmados-con-el-debut\/#article","isPartOf":{"@id":"https:\/\/lpfparana.com.ar\/inicio\/estamos-entusiasmados-con-el-debut\/"},"author":{"name":"Juan Manuel L\u00f3pez","@id":"https:\/\/lpfparana.com.ar\/inicio\/#\/schema\/person\/e4a909baf07553d45f0fb7b76f656d76"},"headline":"\u201cEstamos entusiasmados con el debut\u201d","datePublished":"2025-03-27T18:41:46+00:00","dateModified":"2025-03-27T18:41:48+00:00","mainEntityOfPage":{"@id":"https:\/\/lpfparana.com.ar\/inicio\/estamos-entusiasmados-con-el-debut\/"},"wordCount":362,"commentCount":0,"image":{"@id":"https:\/\/lpfparana.com.ar\/inicio\/estamos-entusiasmados-con-el-debut\/#primaryimage"},"thumbnailUrl":"https:\/\/lpfparana.com.ar\/inicio\/wp-content\/uploads\/2025\/03\/universitario.jpg","articleSection":["Femenino","Noticias"],"inLanguage":"es","potentialAction":[{"@type":"CommentAction","name":"Comment","target":["https:\/\/lpfparana.com.ar\/inicio\/estamos-entusiasmados-con-el-debut\/#respond"]}]},{"@type":"WebPage","@id":"https:\/\/lpfparana.com.ar\/inicio\/estamos-entusiasmados-con-el-debut\/","url":"https:\/\/lpfparana.com.ar\/inicio\/estamos-entusiasmados-con-el-debut\/","name":"\u201cEstamos entusiasmados con el debut\u201d -","isPartOf":{"@id":"https:\/\/lpfparana.com.ar\/inicio\/#website"},"primaryImageOfPage":{"@id":"https:\/\/lpfparana.com.ar\/inicio\/estamos-entusiasmados-con-el-debut\/#primaryimage"},"image":{"@id":"https:\/\/lpfparana.com.ar\/inicio\/estamos-entusiasmados-con-el-debut\/#primaryimage"},"thumbnailUrl":"https:\/\/lpfparana.com.ar\/inicio\/wp-content\/uploads\/2025\/03\/universitario.jpg","datePublished":"2025-03-27T18:41:46+00:00","dateModified":"2025-03-27T18:41:48+00:00","author":{"@id":"https:\/\/lpfparana.com.ar\/inicio\/#\/schema\/person\/e4a909baf07553d45f0fb7b76f656d76"},"description":"Uriel Motta, director t\u00e9cnico del primer equipo de Universitario Femenino, dialog\u00f3 con \u201cLocos X La Liga\u201d, el programa oficial de la Liga...","breadcrumb":{"@id":"https:\/\/lpfparana.com.ar\/inicio\/estamos-entusiasmados-con-el-debut\/#breadcrumb"},"inLanguage":"es","potentialAction":[{"@type":"ReadAction","target":["https:\/\/lpfparana.com.ar\/inicio\/estamos-entusiasmados-con-el-debut\/"]}]},{"@type":"ImageObject","inLanguage":"es","@id":"https:\/\/lpfparana.com.ar\/inicio\/estamos-entusiasmados-con-el-debut\/#primaryimage","url":"https:\/\/lpfparana.com.ar\/inicio\/wp-content\/uploads\/2025\/03\/universitario.jpg","contentUrl":"https:\/\/lpfparana.com.ar\/inicio\/wp-content\/uploads\/2025\/03\/universitario.jpg","width":1280,"height":720},{"@type":"BreadcrumbList","@id":"https:\/\/lpfparana.com.ar\/inicio\/estamos-entusiasmados-con-el-debut\/#breadcrumb","itemListElement":[{"@type":"ListItem","position":1,"name":"Portada","item":"https:\/\/lpfparana.com.ar\/inicio\/"},{"@type":"ListItem","position":2,"name":"\u201cEstamos entusiasmados con el debut\u201d"}]},{"@type":"WebSite","@id":"https:\/\/lpfparana.com.ar\/inicio\/#website","url":"https:\/\/lpfparana.com.ar\/inicio\/","name":"","description":"LPF Paran\u00e1","potentialAction":[{"@type":"SearchAction","target":{"@type":"EntryPoint","urlTemplate":"https:\/\/lpfparana.com.ar\/inicio\/?s={search_term_string}"},"query-input":{"@type":"PropertyValueSpecification","valueRequired":true,"valueName":"search_term_string"}}],"inLanguage":"es"},{"@type":"Person","@id":"https:\/\/lpfparana.com.ar\/inicio\/#\/schema\/person\/e4a909baf07553d45f0fb7b76f656d76","name":"Juan Manuel L\u00f3pez","image":{"@type":"ImageObject","inLanguage":"es","@id":"https:\/\/secure.gravatar.com\/avatar\/6fd4b36dc88658b1a9f8103e109f47885fcd020443829a5d936ca18f07c3d96c?s=96&d=mm&r=g","url":"https:\/\/secure.gravatar.com\/avatar\/6fd4b36dc88658b1a9f8103e109f47885fcd020443829a5d936ca18f07c3d96c?s=96&d=mm&r=g","contentUrl":"https:\/\/secure.gravatar.com\/avatar\/6fd4b36dc88658b1a9f8103e109f47885fcd020443829a5d936ca18f07c3d96c?s=96&d=mm&r=g","caption":"Juan Manuel L\u00f3pez"},"url":"https:\/\/lpfparana.com.ar\/inicio\/author\/juanito\/"}]}},"_links":{"self":[{"href":"https:\/\/lpfparana.com.ar\/inicio\/wp-json\/wp\/v2\/posts\/4961","targetHints":{"allow":["GET"]}}],"collection":[{"href":"https:\/\/lpfparana.com.ar\/inicio\/wp-json\/wp\/v2\/posts"}],"about":[{"href":"https:\/\/lpfparana.com.ar\/inicio\/wp-json\/wp\/v2\/types\/post"}],"author":[{"embeddable":true,"href":"https:\/\/lpfparana.com.ar\/inicio\/wp-json\/wp\/v2\/users\/4"}],"replies":[{"embeddable":true,"href":"https:\/\/lpfparana.com.ar\/inicio\/wp-json\/wp\/v2\/comments?post=4961"}],"version-history":[{"count":1,"href":"https:\/\/lpfparana.com.ar\/inicio\/wp-json\/wp\/v2\/posts\/4961\/revisions"}],"predecessor-version":[{"id":4962,"href":"https:\/\/lpfparana.com.ar\/inicio\/wp-json\/wp\/v2\/posts\/4961\/revisions\/4962"}],"wp:featuredmedia":[{"embeddable":true,"href":"https:\/\/lpfparana.com.ar\/inicio\/wp-json\/wp\/v2\/media\/4958"}],"wp:attachment":[{"href":"https:\/\/lpfparana.com.ar\/inicio\/wp-json\/wp\/v2\/media?parent=4961"}],"wp:term":[{"taxonomy":"category","embeddable":true,"href":"https:\/\/lpfparana.com.ar\/inicio\/wp-json\/wp\/v2\/categories?post=4961"},{"taxonomy":"post_tag","embeddable":true,"href":"https:\/\/lpfparana.com.ar\/inicio\/wp-json\/wp\/v2\/tags?post=4961"}],"curies":[{"name":"wp","href":"https:\/\/api.w.org\/{rel}","templated":true}]}}