{"id":4845,"date":"2025-03-07T10:09:38","date_gmt":"2025-03-07T13:09:38","guid":{"rendered":"https:\/\/lpfparana.com.ar\/inicio\/?p=4845"},"modified":"2025-03-07T10:09:41","modified_gmt":"2025-03-07T13:09:41","slug":"este-ano-vamos-por-todo","status":"publish","type":"post","link":"https:\/\/lpfparana.com.ar\/inicio\/este-ano-vamos-por-todo\/","title":{"rendered":"\u201cEste a\u00f1o vamos por todo\u201d"},"content":{"rendered":"\n<h3 class=\"wp-block-heading\" id=\"h-tomas-cardozo-arquero-de-san-benito-hablo-con-locos-x-la-liga-el-programa-oficial-de-la-liga-paranaense-de-futbol-que-se-emite-por-fm-litoral-103-1-mhz-alli-el-joven-futbolista-de-23-anos-conto-sobre-la-preparacion-para-esta-temporada-2025-del-plantel-y-valoro-el-nuevo-cuerpo-tecnico\">Tom\u00e1s Cardozo, arquero de San Benito, habl\u00f3 con \u201cLocos X La Liga\u201d, el programa oficial de la Liga Paranaense de Futbol, que se emite por FM Litoral 103.1 Mhz. All\u00ed el joven futbolista de 23 a\u00f1os cont\u00f3 sobre la preparaci\u00f3n para esta temporada 2025 del plantel y valor\u00f3 el nuevo cuerpo t\u00e9cnico.<\/h3>\n\n\n\n<p>Tom\u00e1s Cardozo, arquero de San Benito, durante el comienzo de la charla con \u201cLocos X La Liga\u201d, brind\u00f3 detalles sobre la preparaci\u00f3n que vienen realizando bajo el mando de Mario Redondo, destacando que: \u201cMario es un DT muy intenso, tiene las cosas claras, su llegada al club fue muy positiva\u201d.<\/p>\n\n\n\n<p>Dentro de las primeras declaraciones, Cardozo se refiri\u00f3 al plantel y a c\u00f3mo va a estar conformado este a\u00f1o, aclarando que: \u201cSomos un plantel joven, mucho de los chicos que estaban el a\u00f1o pasado se quedaron, sienten mucho la camiseta as\u00ed que vamos por todo, tambi\u00e9n se sum\u00f3 Cersofios que viene de Universitario y la vuelta de Fabio Quir\u00f3s en la delantera\u201d<\/p>\n\n\n\n<h4 class=\"wp-block-heading\" id=\"h-su-presente-personal\">Su presente personal<\/h4>\n\n\n\n<p>Continuando con el dialogo, el arquero se refiri\u00f3 a su presente, destacando que: \u201cEstoy muy feliz de volver al club, San Benito es mi segunda casa, venia de dos a\u00f1os sin jugar, por eso me estoy preparando muy bien, me toc\u00f3 ir a Belgrano y Atl\u00e9tico Paran\u00e1, si bien no jugu\u00e9 partidos oficiales lo tom\u00e9 como una experiencia positiva\u201d.<\/p>\n\n\n\n<p>El apellido Cardozo dentro de San Benito es muy importante, es por eso que al hablar de su familia, el guardameta mencion\u00f3: \u201cMi familia es el gran sost\u00e9n que tengo, ellos est\u00e1n en todo momento, ojal\u00e1 me toque jugar con mi hermano &#8216;Toto&#8217;, el siente la camiseta al igual que yo. Ya lo vamos a convencer junto a mi hermano Juli\u00e1n de que retorne\u201d.<\/p>\n\n\n\n<p>En el final del dialogo Tomas hizo menci\u00f3n del avance dentro de la instituci\u00f3n, manifestando que: \u201cEl club estos a\u00f1os avanz\u00f3 mucho. Mariano (Tofolini, presidente de San Benito) viene trabajando muy bien. Tenemos una cancha en excelentes condiciones y los jugadores sentimos el apoyo de los dirigentes, es por eso que este a\u00f1o todos unidos daremos lo mejor para dejar al club bien arriba\u201d.<\/p>\n","protected":false},"excerpt":{"rendered":"<p>Tom\u00e1s Cardozo, arquero de San Benito, habl\u00f3 con \u201cLocos X La Liga\u201d, el programa oficial de la Liga Paranaense de Futbol, que se emite por FM Litoral 103.1 Mhz. All\u00ed el joven futbolista de 23 a\u00f1os cont\u00f3 sobre la preparaci\u00f3n para esta temporada 2025 del plantel y valor\u00f3 el nuevo cuerpo t\u00e9cnico. Tom\u00e1s Cardozo, arquero&#8230;<\/p>\n","protected":false},"author":4,"featured_media":4840,"comment_status":"open","ping_status":"open","sticky":false,"template":"","format":"standard","meta":{"footnotes":""},"categories":[8,2,3],"tags":[],"class_list":["post-4845","post","type-post","status-publish","format-standard","has-post-thumbnail","hentry","category-masculino","category-noticias","category-primera-division"],"featured_image_src":"https:\/\/lpfparana.com.ar\/inicio\/wp-content\/uploads\/2025\/03\/cardoz.jpg","author_info":{"display_name":"Juan Manuel L\u00f3pez","author_link":"https:\/\/lpfparana.com.ar\/inicio\/author\/juanito\/"},"yoast_head":"<!-- This site is optimized with the Yoast SEO Premium plugin v23.3 (Yoast SEO v27.2) - https:\/\/yoast.com\/product\/yoast-seo-premium-wordpress\/ -->\n<title>\u201cEste a\u00f1o vamos por todo\u201d -<\/title>\n<meta name=\"description\" content=\"Tom\u00e1s Cardozo, arquero de San Benito, habl\u00f3 con \u201cLocos X La Liga\u201d, el programa oficial de la Liga Paranaense de Futbol, que se emite por...\" \/>\n<meta name=\"robots\" content=\"index, follow, max-snippet:-1, max-image-preview:large, max-video-preview:-1\" \/>\n<link rel=\"canonical\" href=\"https:\/\/lpfparana.com.ar\/inicio\/este-ano-vamos-por-todo\/\" \/>\n<meta property=\"og:locale\" content=\"es_ES\" \/>\n<meta property=\"og:type\" content=\"article\" \/>\n<meta property=\"og:title\" content=\"\u201cEste a\u00f1o vamos por todo\u201d\" \/>\n<meta property=\"og:description\" content=\"Tom\u00e1s Cardozo, arquero de San Benito, habl\u00f3 con \u201cLocos X La Liga\u201d, el programa oficial de la Liga Paranaense de Futbol, que se emite por...\" \/>\n<meta property=\"og:url\" content=\"https:\/\/lpfparana.com.ar\/inicio\/este-ano-vamos-por-todo\/\" \/>\n<meta property=\"article:published_time\" content=\"2025-03-07T13:09:38+00:00\" \/>\n<meta property=\"article:modified_time\" content=\"2025-03-07T13:09:41+00:00\" \/>\n<meta property=\"og:image\" content=\"https:\/\/lpfparana.com.ar\/inicio\/wp-content\/uploads\/2025\/03\/cardoz.jpg\" \/>\n\t<meta property=\"og:image:width\" content=\"1280\" \/>\n\t<meta property=\"og:image:height\" content=\"720\" \/>\n\t<meta property=\"og:image:type\" content=\"image\/jpeg\" \/>\n<meta name=\"author\" content=\"Juan Manuel L\u00f3pez\" \/>\n<meta name=\"twitter:card\" content=\"summary_large_image\" \/>\n<meta name=\"twitter:label1\" content=\"Escrito por\" \/>\n\t<meta name=\"twitter:data1\" content=\"Juan Manuel L\u00f3pez\" \/>\n\t<meta name=\"twitter:label2\" content=\"Tiempo de lectura\" \/>\n\t<meta name=\"twitter:data2\" content=\"2 minutos\" \/>\n<script type=\"application\/ld+json\" class=\"yoast-schema-graph\">{\"@context\":\"https:\/\/schema.org\",\"@graph\":[{\"@type\":\"Article\",\"@id\":\"https:\/\/lpfparana.com.ar\/inicio\/este-ano-vamos-por-todo\/#article\",\"isPartOf\":{\"@id\":\"https:\/\/lpfparana.com.ar\/inicio\/este-ano-vamos-por-todo\/\"},\"author\":{\"name\":\"Juan Manuel L\u00f3pez\",\"@id\":\"https:\/\/lpfparana.com.ar\/inicio\/#\/schema\/person\/e4a909baf07553d45f0fb7b76f656d76\"},\"headline\":\"\u201cEste a\u00f1o vamos por todo\u201d\",\"datePublished\":\"2025-03-07T13:09:38+00:00\",\"dateModified\":\"2025-03-07T13:09:41+00:00\",\"mainEntityOfPage\":{\"@id\":\"https:\/\/lpfparana.com.ar\/inicio\/este-ano-vamos-por-todo\/\"},\"wordCount\":377,\"commentCount\":0,\"image\":{\"@id\":\"https:\/\/lpfparana.com.ar\/inicio\/este-ano-vamos-por-todo\/#primaryimage\"},\"thumbnailUrl\":\"https:\/\/lpfparana.com.ar\/inicio\/wp-content\/uploads\/2025\/03\/cardoz.jpg\",\"articleSection\":[\"Masculino\",\"Noticias\",\"Primera Divisi\u00f3n\"],\"inLanguage\":\"es\",\"potentialAction\":[{\"@type\":\"CommentAction\",\"name\":\"Comment\",\"target\":[\"https:\/\/lpfparana.com.ar\/inicio\/este-ano-vamos-por-todo\/#respond\"]}]},{\"@type\":\"WebPage\",\"@id\":\"https:\/\/lpfparana.com.ar\/inicio\/este-ano-vamos-por-todo\/\",\"url\":\"https:\/\/lpfparana.com.ar\/inicio\/este-ano-vamos-por-todo\/\",\"name\":\"\u201cEste a\u00f1o vamos por todo\u201d -\",\"isPartOf\":{\"@id\":\"https:\/\/lpfparana.com.ar\/inicio\/#website\"},\"primaryImageOfPage\":{\"@id\":\"https:\/\/lpfparana.com.ar\/inicio\/este-ano-vamos-por-todo\/#primaryimage\"},\"image\":{\"@id\":\"https:\/\/lpfparana.com.ar\/inicio\/este-ano-vamos-por-todo\/#primaryimage\"},\"thumbnailUrl\":\"https:\/\/lpfparana.com.ar\/inicio\/wp-content\/uploads\/2025\/03\/cardoz.jpg\",\"datePublished\":\"2025-03-07T13:09:38+00:00\",\"dateModified\":\"2025-03-07T13:09:41+00:00\",\"author\":{\"@id\":\"https:\/\/lpfparana.com.ar\/inicio\/#\/schema\/person\/e4a909baf07553d45f0fb7b76f656d76\"},\"description\":\"Tom\u00e1s Cardozo, arquero de San Benito, habl\u00f3 con \u201cLocos X La Liga\u201d, el programa oficial de la Liga Paranaense de Futbol, que se emite por...\",\"breadcrumb\":{\"@id\":\"https:\/\/lpfparana.com.ar\/inicio\/este-ano-vamos-por-todo\/#breadcrumb\"},\"inLanguage\":\"es\",\"potentialAction\":[{\"@type\":\"ReadAction\",\"target\":[\"https:\/\/lpfparana.com.ar\/inicio\/este-ano-vamos-por-todo\/\"]}]},{\"@type\":\"ImageObject\",\"inLanguage\":\"es\",\"@id\":\"https:\/\/lpfparana.com.ar\/inicio\/este-ano-vamos-por-todo\/#primaryimage\",\"url\":\"https:\/\/lpfparana.com.ar\/inicio\/wp-content\/uploads\/2025\/03\/cardoz.jpg\",\"contentUrl\":\"https:\/\/lpfparana.com.ar\/inicio\/wp-content\/uploads\/2025\/03\/cardoz.jpg\",\"width\":1280,\"height\":720},{\"@type\":\"BreadcrumbList\",\"@id\":\"https:\/\/lpfparana.com.ar\/inicio\/este-ano-vamos-por-todo\/#breadcrumb\",\"itemListElement\":[{\"@type\":\"ListItem\",\"position\":1,\"name\":\"Portada\",\"item\":\"https:\/\/lpfparana.com.ar\/inicio\/\"},{\"@type\":\"ListItem\",\"position\":2,\"name\":\"\u201cEste a\u00f1o vamos por todo\u201d\"}]},{\"@type\":\"WebSite\",\"@id\":\"https:\/\/lpfparana.com.ar\/inicio\/#website\",\"url\":\"https:\/\/lpfparana.com.ar\/inicio\/\",\"name\":\"\",\"description\":\"LPF Paran\u00e1\",\"potentialAction\":[{\"@type\":\"SearchAction\",\"target\":{\"@type\":\"EntryPoint\",\"urlTemplate\":\"https:\/\/lpfparana.com.ar\/inicio\/?s={search_term_string}\"},\"query-input\":{\"@type\":\"PropertyValueSpecification\",\"valueRequired\":true,\"valueName\":\"search_term_string\"}}],\"inLanguage\":\"es\"},{\"@type\":\"Person\",\"@id\":\"https:\/\/lpfparana.com.ar\/inicio\/#\/schema\/person\/e4a909baf07553d45f0fb7b76f656d76\",\"name\":\"Juan Manuel L\u00f3pez\",\"image\":{\"@type\":\"ImageObject\",\"inLanguage\":\"es\",\"@id\":\"https:\/\/secure.gravatar.com\/avatar\/6fd4b36dc88658b1a9f8103e109f47885fcd020443829a5d936ca18f07c3d96c?s=96&d=mm&r=g\",\"url\":\"https:\/\/secure.gravatar.com\/avatar\/6fd4b36dc88658b1a9f8103e109f47885fcd020443829a5d936ca18f07c3d96c?s=96&d=mm&r=g\",\"contentUrl\":\"https:\/\/secure.gravatar.com\/avatar\/6fd4b36dc88658b1a9f8103e109f47885fcd020443829a5d936ca18f07c3d96c?s=96&d=mm&r=g\",\"caption\":\"Juan Manuel L\u00f3pez\"},\"url\":\"https:\/\/lpfparana.com.ar\/inicio\/author\/juanito\/\"}]}<\/script>\n<!-- \/ Yoast SEO Premium plugin. -->","yoast_head_json":{"title":"\u201cEste a\u00f1o vamos por todo\u201d -","description":"Tom\u00e1s Cardozo, arquero de San Benito, habl\u00f3 con \u201cLocos X La Liga\u201d, el programa oficial de la Liga Paranaense de Futbol, que se emite por...","robots":{"index":"index","follow":"follow","max-snippet":"max-snippet:-1","max-image-preview":"max-image-preview:large","max-video-preview":"max-video-preview:-1"},"canonical":"https:\/\/lpfparana.com.ar\/inicio\/este-ano-vamos-por-todo\/","og_locale":"es_ES","og_type":"article","og_title":"\u201cEste a\u00f1o vamos por todo\u201d","og_description":"Tom\u00e1s Cardozo, arquero de San Benito, habl\u00f3 con \u201cLocos X La Liga\u201d, el programa oficial de la Liga Paranaense de Futbol, que se emite por...","og_url":"https:\/\/lpfparana.com.ar\/inicio\/este-ano-vamos-por-todo\/","article_published_time":"2025-03-07T13:09:38+00:00","article_modified_time":"2025-03-07T13:09:41+00:00","og_image":[{"width":1280,"height":720,"url":"https:\/\/lpfparana.com.ar\/inicio\/wp-content\/uploads\/2025\/03\/cardoz.jpg","type":"image\/jpeg"}],"author":"Juan Manuel L\u00f3pez","twitter_card":"summary_large_image","twitter_misc":{"Escrito por":"Juan Manuel L\u00f3pez","Tiempo de lectura":"2 minutos"},"schema":{"@context":"https:\/\/schema.org","@graph":[{"@type":"Article","@id":"https:\/\/lpfparana.com.ar\/inicio\/este-ano-vamos-por-todo\/#article","isPartOf":{"@id":"https:\/\/lpfparana.com.ar\/inicio\/este-ano-vamos-por-todo\/"},"author":{"name":"Juan Manuel L\u00f3pez","@id":"https:\/\/lpfparana.com.ar\/inicio\/#\/schema\/person\/e4a909baf07553d45f0fb7b76f656d76"},"headline":"\u201cEste a\u00f1o vamos por todo\u201d","datePublished":"2025-03-07T13:09:38+00:00","dateModified":"2025-03-07T13:09:41+00:00","mainEntityOfPage":{"@id":"https:\/\/lpfparana.com.ar\/inicio\/este-ano-vamos-por-todo\/"},"wordCount":377,"commentCount":0,"image":{"@id":"https:\/\/lpfparana.com.ar\/inicio\/este-ano-vamos-por-todo\/#primaryimage"},"thumbnailUrl":"https:\/\/lpfparana.com.ar\/inicio\/wp-content\/uploads\/2025\/03\/cardoz.jpg","articleSection":["Masculino","Noticias","Primera Divisi\u00f3n"],"inLanguage":"es","potentialAction":[{"@type":"CommentAction","name":"Comment","target":["https:\/\/lpfparana.com.ar\/inicio\/este-ano-vamos-por-todo\/#respond"]}]},{"@type":"WebPage","@id":"https:\/\/lpfparana.com.ar\/inicio\/este-ano-vamos-por-todo\/","url":"https:\/\/lpfparana.com.ar\/inicio\/este-ano-vamos-por-todo\/","name":"\u201cEste a\u00f1o vamos por todo\u201d -","isPartOf":{"@id":"https:\/\/lpfparana.com.ar\/inicio\/#website"},"primaryImageOfPage":{"@id":"https:\/\/lpfparana.com.ar\/inicio\/este-ano-vamos-por-todo\/#primaryimage"},"image":{"@id":"https:\/\/lpfparana.com.ar\/inicio\/este-ano-vamos-por-todo\/#primaryimage"},"thumbnailUrl":"https:\/\/lpfparana.com.ar\/inicio\/wp-content\/uploads\/2025\/03\/cardoz.jpg","datePublished":"2025-03-07T13:09:38+00:00","dateModified":"2025-03-07T13:09:41+00:00","author":{"@id":"https:\/\/lpfparana.com.ar\/inicio\/#\/schema\/person\/e4a909baf07553d45f0fb7b76f656d76"},"description":"Tom\u00e1s Cardozo, arquero de San Benito, habl\u00f3 con \u201cLocos X La Liga\u201d, el programa oficial de la Liga Paranaense de Futbol, que se emite por...","breadcrumb":{"@id":"https:\/\/lpfparana.com.ar\/inicio\/este-ano-vamos-por-todo\/#breadcrumb"},"inLanguage":"es","potentialAction":[{"@type":"ReadAction","target":["https:\/\/lpfparana.com.ar\/inicio\/este-ano-vamos-por-todo\/"]}]},{"@type":"ImageObject","inLanguage":"es","@id":"https:\/\/lpfparana.com.ar\/inicio\/este-ano-vamos-por-todo\/#primaryimage","url":"https:\/\/lpfparana.com.ar\/inicio\/wp-content\/uploads\/2025\/03\/cardoz.jpg","contentUrl":"https:\/\/lpfparana.com.ar\/inicio\/wp-content\/uploads\/2025\/03\/cardoz.jpg","width":1280,"height":720},{"@type":"BreadcrumbList","@id":"https:\/\/lpfparana.com.ar\/inicio\/este-ano-vamos-por-todo\/#breadcrumb","itemListElement":[{"@type":"ListItem","position":1,"name":"Portada","item":"https:\/\/lpfparana.com.ar\/inicio\/"},{"@type":"ListItem","position":2,"name":"\u201cEste a\u00f1o vamos por todo\u201d"}]},{"@type":"WebSite","@id":"https:\/\/lpfparana.com.ar\/inicio\/#website","url":"https:\/\/lpfparana.com.ar\/inicio\/","name":"","description":"LPF Paran\u00e1","potentialAction":[{"@type":"SearchAction","target":{"@type":"EntryPoint","urlTemplate":"https:\/\/lpfparana.com.ar\/inicio\/?s={search_term_string}"},"query-input":{"@type":"PropertyValueSpecification","valueRequired":true,"valueName":"search_term_string"}}],"inLanguage":"es"},{"@type":"Person","@id":"https:\/\/lpfparana.com.ar\/inicio\/#\/schema\/person\/e4a909baf07553d45f0fb7b76f656d76","name":"Juan Manuel L\u00f3pez","image":{"@type":"ImageObject","inLanguage":"es","@id":"https:\/\/secure.gravatar.com\/avatar\/6fd4b36dc88658b1a9f8103e109f47885fcd020443829a5d936ca18f07c3d96c?s=96&d=mm&r=g","url":"https:\/\/secure.gravatar.com\/avatar\/6fd4b36dc88658b1a9f8103e109f47885fcd020443829a5d936ca18f07c3d96c?s=96&d=mm&r=g","contentUrl":"https:\/\/secure.gravatar.com\/avatar\/6fd4b36dc88658b1a9f8103e109f47885fcd020443829a5d936ca18f07c3d96c?s=96&d=mm&r=g","caption":"Juan Manuel L\u00f3pez"},"url":"https:\/\/lpfparana.com.ar\/inicio\/author\/juanito\/"}]}},"_links":{"self":[{"href":"https:\/\/lpfparana.com.ar\/inicio\/wp-json\/wp\/v2\/posts\/4845","targetHints":{"allow":["GET"]}}],"collection":[{"href":"https:\/\/lpfparana.com.ar\/inicio\/wp-json\/wp\/v2\/posts"}],"about":[{"href":"https:\/\/lpfparana.com.ar\/inicio\/wp-json\/wp\/v2\/types\/post"}],"author":[{"embeddable":true,"href":"https:\/\/lpfparana.com.ar\/inicio\/wp-json\/wp\/v2\/users\/4"}],"replies":[{"embeddable":true,"href":"https:\/\/lpfparana.com.ar\/inicio\/wp-json\/wp\/v2\/comments?post=4845"}],"version-history":[{"count":1,"href":"https:\/\/lpfparana.com.ar\/inicio\/wp-json\/wp\/v2\/posts\/4845\/revisions"}],"predecessor-version":[{"id":4846,"href":"https:\/\/lpfparana.com.ar\/inicio\/wp-json\/wp\/v2\/posts\/4845\/revisions\/4846"}],"wp:featuredmedia":[{"embeddable":true,"href":"https:\/\/lpfparana.com.ar\/inicio\/wp-json\/wp\/v2\/media\/4840"}],"wp:attachment":[{"href":"https:\/\/lpfparana.com.ar\/inicio\/wp-json\/wp\/v2\/media?parent=4845"}],"wp:term":[{"taxonomy":"category","embeddable":true,"href":"https:\/\/lpfparana.com.ar\/inicio\/wp-json\/wp\/v2\/categories?post=4845"},{"taxonomy":"post_tag","embeddable":true,"href":"https:\/\/lpfparana.com.ar\/inicio\/wp-json\/wp\/v2\/tags?post=4845"}],"curies":[{"name":"wp","href":"https:\/\/api.w.org\/{rel}","templated":true}]}}