{"id":4828,"date":"2025-03-05T17:21:42","date_gmt":"2025-03-05T20:21:42","guid":{"rendered":"https:\/\/lpfparana.com.ar\/inicio\/?p=4828"},"modified":"2025-03-05T17:21:45","modified_gmt":"2025-03-05T20:21:45","slug":"estoy-feliz-de-continuar-en-la-institucion","status":"publish","type":"post","link":"https:\/\/lpfparana.com.ar\/inicio\/estoy-feliz-de-continuar-en-la-institucion\/","title":{"rendered":"\u201cEstoy feliz de continuar en la instituci\u00f3n\u201d"},"content":{"rendered":"\n<h2 class=\"wp-block-heading\" id=\"h-nicolas-suarez-director-tecnico-de-atletico-parana-charlo-con-locos-x-la-liga-el-programa-oficial-de-la-liga-paranaense-de-futbol-durante-la-conversacion-el-dt-aseguro-que-el-principal-objetivo-es-competir-y-llegar-lo-mas-lejos-en-esta-temporada\">Nicol\u00e1s Suarez, director t\u00e9cnico de Atl\u00e9tico Paran\u00e1 charl\u00f3 con \u201cLocos X La Liga\u201d, el programa oficial de la Liga Paranaense de F\u00fatbol. Durante la conversaci\u00f3n el DT asegur\u00f3 que el principal objetivo es competir y llegar lo m\u00e1s lejos en esta temporada.<\/h2>\n\n\n\n<p>Nicol\u00e1s Suarez, director t\u00e9cnico de la primera divisi\u00f3n de Atl\u00e9tico Paran\u00e1, en la entrevista brindada a \u201cLocos X La Liga\u201d habl\u00f3 de todo lo que ser\u00e1 esta temporada 2025, e hizo un balance de su primera experiencia como DT del equipo mayor, tanto en la Copa de la Liga, como en la Copa T\u00fanel Subfluvial.<\/p>\n\n\n\n<p>En el comienzo del dialogo, Nicolas se refiri\u00f3 al \u00faltimo a\u00f1o en Atl\u00e9tico Paran\u00e1, relatando que: \u201cEl a\u00f1o pasado fue positivo para nosotros, llegamos a instancias de semifinales en Liga y armamos un gran plantel que hoy ser\u00e1n la base de este torneo\u00bb. <\/p>\n\n\n\n<p>\u00abPor Copa T\u00fanel Subfluvial, el partido de ida frente a Gimnasia y Esgrima de Ciudadela fue muy bueno y en la vuelta no pudimos plasmar nuestro juego. Pero me quedo con que de los errores se aprende y este a\u00f1o apuntamos a estar a la altura de las competencias\u201d, destac\u00f3 Su\u00e1rez. <\/p>\n\n\n\n<h4 class=\"wp-block-heading\" id=\"h-el-armado-del-equipo\">El armado del equipo<\/h4>\n\n\n\n<p>El DT tambi\u00e9n comento como vienen siendo los d\u00edas de entrenamiento y lo que ser\u00e1 el armado del equipo para la temporada 2025, remarcando que: \u201cArrancamos este lunes, tenemos 3 semanas de trabajos intensos, por lo planificado llegaremos bien\u00bb. <\/p>\n\n\n\n<p>\u00abLos chicos se van sumando de a poco luego de un fin de semana de feriado, contaremos con David Correa que nos brindar\u00e1 experiencia y despu\u00e9s con la mayor\u00eda de los chicos del \u00faltimo a\u00f1o y sumando alg\u00fan refuerzo m\u00e1s\u201d, asegur\u00f3 Nico. <\/p>\n\n\n\n<h4 class=\"wp-block-heading\" id=\"h-la-competencia\">La competencia<\/h4>\n\n\n\n<p>En el final del dialog\u00f3 el entrenador hizo referencia a la competencia actual de la Liga, resaltando que: \u201cLa Liga Paranaense ha crecido mucho, por ah\u00ed veo comentarios negativos, pero de gente que opina desde afuera. Estando adentro sabemos que hay buen material de j\u00f3venes y las competencias han ido creciendo, el nivel hoy de nuestra liga es muy bueno y por eso muchos jugadores han decidido regresar. Siempre se puede ir por m\u00e1s, pero se nota un cambio positivo\u201d.<\/p>\n\n\n\n<p><\/p>\n","protected":false},"excerpt":{"rendered":"<p>Nicol\u00e1s Suarez, director t\u00e9cnico de Atl\u00e9tico Paran\u00e1 charl\u00f3 con \u201cLocos X La Liga\u201d, el programa oficial de la Liga Paranaense de F\u00fatbol. Durante la conversaci\u00f3n el DT asegur\u00f3 que el principal objetivo es competir y llegar lo m\u00e1s lejos en esta temporada. Nicol\u00e1s Suarez, director t\u00e9cnico de la primera divisi\u00f3n de Atl\u00e9tico Paran\u00e1, en la&#8230;<\/p>\n","protected":false},"author":4,"featured_media":4825,"comment_status":"open","ping_status":"open","sticky":false,"template":"","format":"standard","meta":{"footnotes":""},"categories":[8,2,3,1],"tags":[],"class_list":["post-4828","post","type-post","status-publish","format-standard","has-post-thumbnail","hentry","category-masculino","category-noticias","category-primera-division","category-sin-categoria"],"featured_image_src":"https:\/\/lpfparana.com.ar\/inicio\/wp-content\/uploads\/2025\/03\/suarez.jpg","author_info":{"display_name":"Juan Manuel L\u00f3pez","author_link":"https:\/\/lpfparana.com.ar\/inicio\/author\/juanito\/"},"yoast_head":"<!-- This site is optimized with the Yoast SEO Premium plugin v23.3 (Yoast SEO v27.2) - https:\/\/yoast.com\/product\/yoast-seo-premium-wordpress\/ -->\n<title>\u201cEstoy feliz de continuar en la instituci\u00f3n\u201d -<\/title>\n<meta name=\"description\" content=\"Nicol\u00e1s Suarez, director t\u00e9cnico de Atl\u00e9tico Paran\u00e1 charl\u00f3 con \u201cLocos X La Liga\u201d, el programa oficial de la Liga Paranaense...\" \/>\n<meta name=\"robots\" content=\"index, follow, max-snippet:-1, max-image-preview:large, max-video-preview:-1\" \/>\n<link rel=\"canonical\" href=\"https:\/\/lpfparana.com.ar\/inicio\/estoy-feliz-de-continuar-en-la-institucion\/\" \/>\n<meta property=\"og:locale\" content=\"es_ES\" \/>\n<meta property=\"og:type\" content=\"article\" \/>\n<meta property=\"og:title\" content=\"\u201cEstoy feliz de continuar en la instituci\u00f3n\u201d\" \/>\n<meta property=\"og:description\" content=\"Nicol\u00e1s Suarez, director t\u00e9cnico de Atl\u00e9tico Paran\u00e1 charl\u00f3 con \u201cLocos X La Liga\u201d, el programa oficial de la Liga Paranaense...\" \/>\n<meta property=\"og:url\" content=\"https:\/\/lpfparana.com.ar\/inicio\/estoy-feliz-de-continuar-en-la-institucion\/\" \/>\n<meta property=\"article:published_time\" content=\"2025-03-05T20:21:42+00:00\" \/>\n<meta property=\"article:modified_time\" content=\"2025-03-05T20:21:45+00:00\" \/>\n<meta property=\"og:image\" content=\"https:\/\/lpfparana.com.ar\/inicio\/wp-content\/uploads\/2025\/03\/suarez.jpg\" \/>\n\t<meta property=\"og:image:width\" content=\"1280\" \/>\n\t<meta property=\"og:image:height\" content=\"720\" \/>\n\t<meta property=\"og:image:type\" content=\"image\/jpeg\" \/>\n<meta name=\"author\" content=\"Juan Manuel L\u00f3pez\" \/>\n<meta name=\"twitter:card\" content=\"summary_large_image\" \/>\n<meta name=\"twitter:label1\" content=\"Escrito por\" \/>\n\t<meta name=\"twitter:data1\" content=\"Juan Manuel L\u00f3pez\" \/>\n\t<meta name=\"twitter:label2\" content=\"Tiempo de lectura\" \/>\n\t<meta name=\"twitter:data2\" content=\"2 minutos\" \/>\n<script type=\"application\/ld+json\" class=\"yoast-schema-graph\">{\"@context\":\"https:\/\/schema.org\",\"@graph\":[{\"@type\":\"Article\",\"@id\":\"https:\/\/lpfparana.com.ar\/inicio\/estoy-feliz-de-continuar-en-la-institucion\/#article\",\"isPartOf\":{\"@id\":\"https:\/\/lpfparana.com.ar\/inicio\/estoy-feliz-de-continuar-en-la-institucion\/\"},\"author\":{\"name\":\"Juan Manuel L\u00f3pez\",\"@id\":\"https:\/\/lpfparana.com.ar\/inicio\/#\/schema\/person\/e4a909baf07553d45f0fb7b76f656d76\"},\"headline\":\"\u201cEstoy feliz de continuar en la instituci\u00f3n\u201d\",\"datePublished\":\"2025-03-05T20:21:42+00:00\",\"dateModified\":\"2025-03-05T20:21:45+00:00\",\"mainEntityOfPage\":{\"@id\":\"https:\/\/lpfparana.com.ar\/inicio\/estoy-feliz-de-continuar-en-la-institucion\/\"},\"wordCount\":390,\"commentCount\":0,\"image\":{\"@id\":\"https:\/\/lpfparana.com.ar\/inicio\/estoy-feliz-de-continuar-en-la-institucion\/#primaryimage\"},\"thumbnailUrl\":\"https:\/\/lpfparana.com.ar\/inicio\/wp-content\/uploads\/2025\/03\/suarez.jpg\",\"articleSection\":[\"Masculino\",\"Noticias\",\"Primera Divisi\u00f3n\"],\"inLanguage\":\"es\",\"potentialAction\":[{\"@type\":\"CommentAction\",\"name\":\"Comment\",\"target\":[\"https:\/\/lpfparana.com.ar\/inicio\/estoy-feliz-de-continuar-en-la-institucion\/#respond\"]}]},{\"@type\":\"WebPage\",\"@id\":\"https:\/\/lpfparana.com.ar\/inicio\/estoy-feliz-de-continuar-en-la-institucion\/\",\"url\":\"https:\/\/lpfparana.com.ar\/inicio\/estoy-feliz-de-continuar-en-la-institucion\/\",\"name\":\"\u201cEstoy feliz de continuar en la instituci\u00f3n\u201d -\",\"isPartOf\":{\"@id\":\"https:\/\/lpfparana.com.ar\/inicio\/#website\"},\"primaryImageOfPage\":{\"@id\":\"https:\/\/lpfparana.com.ar\/inicio\/estoy-feliz-de-continuar-en-la-institucion\/#primaryimage\"},\"image\":{\"@id\":\"https:\/\/lpfparana.com.ar\/inicio\/estoy-feliz-de-continuar-en-la-institucion\/#primaryimage\"},\"thumbnailUrl\":\"https:\/\/lpfparana.com.ar\/inicio\/wp-content\/uploads\/2025\/03\/suarez.jpg\",\"datePublished\":\"2025-03-05T20:21:42+00:00\",\"dateModified\":\"2025-03-05T20:21:45+00:00\",\"author\":{\"@id\":\"https:\/\/lpfparana.com.ar\/inicio\/#\/schema\/person\/e4a909baf07553d45f0fb7b76f656d76\"},\"description\":\"Nicol\u00e1s Suarez, director t\u00e9cnico de Atl\u00e9tico Paran\u00e1 charl\u00f3 con \u201cLocos X La Liga\u201d, el programa oficial de la Liga Paranaense...\",\"breadcrumb\":{\"@id\":\"https:\/\/lpfparana.com.ar\/inicio\/estoy-feliz-de-continuar-en-la-institucion\/#breadcrumb\"},\"inLanguage\":\"es\",\"potentialAction\":[{\"@type\":\"ReadAction\",\"target\":[\"https:\/\/lpfparana.com.ar\/inicio\/estoy-feliz-de-continuar-en-la-institucion\/\"]}]},{\"@type\":\"ImageObject\",\"inLanguage\":\"es\",\"@id\":\"https:\/\/lpfparana.com.ar\/inicio\/estoy-feliz-de-continuar-en-la-institucion\/#primaryimage\",\"url\":\"https:\/\/lpfparana.com.ar\/inicio\/wp-content\/uploads\/2025\/03\/suarez.jpg\",\"contentUrl\":\"https:\/\/lpfparana.com.ar\/inicio\/wp-content\/uploads\/2025\/03\/suarez.jpg\",\"width\":1280,\"height\":720},{\"@type\":\"BreadcrumbList\",\"@id\":\"https:\/\/lpfparana.com.ar\/inicio\/estoy-feliz-de-continuar-en-la-institucion\/#breadcrumb\",\"itemListElement\":[{\"@type\":\"ListItem\",\"position\":1,\"name\":\"Portada\",\"item\":\"https:\/\/lpfparana.com.ar\/inicio\/\"},{\"@type\":\"ListItem\",\"position\":2,\"name\":\"\u201cEstoy feliz de continuar en la instituci\u00f3n\u201d\"}]},{\"@type\":\"WebSite\",\"@id\":\"https:\/\/lpfparana.com.ar\/inicio\/#website\",\"url\":\"https:\/\/lpfparana.com.ar\/inicio\/\",\"name\":\"\",\"description\":\"LPF Paran\u00e1\",\"potentialAction\":[{\"@type\":\"SearchAction\",\"target\":{\"@type\":\"EntryPoint\",\"urlTemplate\":\"https:\/\/lpfparana.com.ar\/inicio\/?s={search_term_string}\"},\"query-input\":{\"@type\":\"PropertyValueSpecification\",\"valueRequired\":true,\"valueName\":\"search_term_string\"}}],\"inLanguage\":\"es\"},{\"@type\":\"Person\",\"@id\":\"https:\/\/lpfparana.com.ar\/inicio\/#\/schema\/person\/e4a909baf07553d45f0fb7b76f656d76\",\"name\":\"Juan Manuel L\u00f3pez\",\"image\":{\"@type\":\"ImageObject\",\"inLanguage\":\"es\",\"@id\":\"https:\/\/secure.gravatar.com\/avatar\/6fd4b36dc88658b1a9f8103e109f47885fcd020443829a5d936ca18f07c3d96c?s=96&d=mm&r=g\",\"url\":\"https:\/\/secure.gravatar.com\/avatar\/6fd4b36dc88658b1a9f8103e109f47885fcd020443829a5d936ca18f07c3d96c?s=96&d=mm&r=g\",\"contentUrl\":\"https:\/\/secure.gravatar.com\/avatar\/6fd4b36dc88658b1a9f8103e109f47885fcd020443829a5d936ca18f07c3d96c?s=96&d=mm&r=g\",\"caption\":\"Juan Manuel L\u00f3pez\"},\"url\":\"https:\/\/lpfparana.com.ar\/inicio\/author\/juanito\/\"}]}<\/script>\n<!-- \/ Yoast SEO Premium plugin. -->","yoast_head_json":{"title":"\u201cEstoy feliz de continuar en la instituci\u00f3n\u201d -","description":"Nicol\u00e1s Suarez, director t\u00e9cnico de Atl\u00e9tico Paran\u00e1 charl\u00f3 con \u201cLocos X La Liga\u201d, el programa oficial de la Liga Paranaense...","robots":{"index":"index","follow":"follow","max-snippet":"max-snippet:-1","max-image-preview":"max-image-preview:large","max-video-preview":"max-video-preview:-1"},"canonical":"https:\/\/lpfparana.com.ar\/inicio\/estoy-feliz-de-continuar-en-la-institucion\/","og_locale":"es_ES","og_type":"article","og_title":"\u201cEstoy feliz de continuar en la instituci\u00f3n\u201d","og_description":"Nicol\u00e1s Suarez, director t\u00e9cnico de Atl\u00e9tico Paran\u00e1 charl\u00f3 con \u201cLocos X La Liga\u201d, el programa oficial de la Liga Paranaense...","og_url":"https:\/\/lpfparana.com.ar\/inicio\/estoy-feliz-de-continuar-en-la-institucion\/","article_published_time":"2025-03-05T20:21:42+00:00","article_modified_time":"2025-03-05T20:21:45+00:00","og_image":[{"width":1280,"height":720,"url":"https:\/\/lpfparana.com.ar\/inicio\/wp-content\/uploads\/2025\/03\/suarez.jpg","type":"image\/jpeg"}],"author":"Juan Manuel L\u00f3pez","twitter_card":"summary_large_image","twitter_misc":{"Escrito por":"Juan Manuel L\u00f3pez","Tiempo de lectura":"2 minutos"},"schema":{"@context":"https:\/\/schema.org","@graph":[{"@type":"Article","@id":"https:\/\/lpfparana.com.ar\/inicio\/estoy-feliz-de-continuar-en-la-institucion\/#article","isPartOf":{"@id":"https:\/\/lpfparana.com.ar\/inicio\/estoy-feliz-de-continuar-en-la-institucion\/"},"author":{"name":"Juan Manuel L\u00f3pez","@id":"https:\/\/lpfparana.com.ar\/inicio\/#\/schema\/person\/e4a909baf07553d45f0fb7b76f656d76"},"headline":"\u201cEstoy feliz de continuar en la instituci\u00f3n\u201d","datePublished":"2025-03-05T20:21:42+00:00","dateModified":"2025-03-05T20:21:45+00:00","mainEntityOfPage":{"@id":"https:\/\/lpfparana.com.ar\/inicio\/estoy-feliz-de-continuar-en-la-institucion\/"},"wordCount":390,"commentCount":0,"image":{"@id":"https:\/\/lpfparana.com.ar\/inicio\/estoy-feliz-de-continuar-en-la-institucion\/#primaryimage"},"thumbnailUrl":"https:\/\/lpfparana.com.ar\/inicio\/wp-content\/uploads\/2025\/03\/suarez.jpg","articleSection":["Masculino","Noticias","Primera Divisi\u00f3n"],"inLanguage":"es","potentialAction":[{"@type":"CommentAction","name":"Comment","target":["https:\/\/lpfparana.com.ar\/inicio\/estoy-feliz-de-continuar-en-la-institucion\/#respond"]}]},{"@type":"WebPage","@id":"https:\/\/lpfparana.com.ar\/inicio\/estoy-feliz-de-continuar-en-la-institucion\/","url":"https:\/\/lpfparana.com.ar\/inicio\/estoy-feliz-de-continuar-en-la-institucion\/","name":"\u201cEstoy feliz de continuar en la instituci\u00f3n\u201d -","isPartOf":{"@id":"https:\/\/lpfparana.com.ar\/inicio\/#website"},"primaryImageOfPage":{"@id":"https:\/\/lpfparana.com.ar\/inicio\/estoy-feliz-de-continuar-en-la-institucion\/#primaryimage"},"image":{"@id":"https:\/\/lpfparana.com.ar\/inicio\/estoy-feliz-de-continuar-en-la-institucion\/#primaryimage"},"thumbnailUrl":"https:\/\/lpfparana.com.ar\/inicio\/wp-content\/uploads\/2025\/03\/suarez.jpg","datePublished":"2025-03-05T20:21:42+00:00","dateModified":"2025-03-05T20:21:45+00:00","author":{"@id":"https:\/\/lpfparana.com.ar\/inicio\/#\/schema\/person\/e4a909baf07553d45f0fb7b76f656d76"},"description":"Nicol\u00e1s Suarez, director t\u00e9cnico de Atl\u00e9tico Paran\u00e1 charl\u00f3 con \u201cLocos X La Liga\u201d, el programa oficial de la Liga Paranaense...","breadcrumb":{"@id":"https:\/\/lpfparana.com.ar\/inicio\/estoy-feliz-de-continuar-en-la-institucion\/#breadcrumb"},"inLanguage":"es","potentialAction":[{"@type":"ReadAction","target":["https:\/\/lpfparana.com.ar\/inicio\/estoy-feliz-de-continuar-en-la-institucion\/"]}]},{"@type":"ImageObject","inLanguage":"es","@id":"https:\/\/lpfparana.com.ar\/inicio\/estoy-feliz-de-continuar-en-la-institucion\/#primaryimage","url":"https:\/\/lpfparana.com.ar\/inicio\/wp-content\/uploads\/2025\/03\/suarez.jpg","contentUrl":"https:\/\/lpfparana.com.ar\/inicio\/wp-content\/uploads\/2025\/03\/suarez.jpg","width":1280,"height":720},{"@type":"BreadcrumbList","@id":"https:\/\/lpfparana.com.ar\/inicio\/estoy-feliz-de-continuar-en-la-institucion\/#breadcrumb","itemListElement":[{"@type":"ListItem","position":1,"name":"Portada","item":"https:\/\/lpfparana.com.ar\/inicio\/"},{"@type":"ListItem","position":2,"name":"\u201cEstoy feliz de continuar en la instituci\u00f3n\u201d"}]},{"@type":"WebSite","@id":"https:\/\/lpfparana.com.ar\/inicio\/#website","url":"https:\/\/lpfparana.com.ar\/inicio\/","name":"","description":"LPF Paran\u00e1","potentialAction":[{"@type":"SearchAction","target":{"@type":"EntryPoint","urlTemplate":"https:\/\/lpfparana.com.ar\/inicio\/?s={search_term_string}"},"query-input":{"@type":"PropertyValueSpecification","valueRequired":true,"valueName":"search_term_string"}}],"inLanguage":"es"},{"@type":"Person","@id":"https:\/\/lpfparana.com.ar\/inicio\/#\/schema\/person\/e4a909baf07553d45f0fb7b76f656d76","name":"Juan Manuel L\u00f3pez","image":{"@type":"ImageObject","inLanguage":"es","@id":"https:\/\/secure.gravatar.com\/avatar\/6fd4b36dc88658b1a9f8103e109f47885fcd020443829a5d936ca18f07c3d96c?s=96&d=mm&r=g","url":"https:\/\/secure.gravatar.com\/avatar\/6fd4b36dc88658b1a9f8103e109f47885fcd020443829a5d936ca18f07c3d96c?s=96&d=mm&r=g","contentUrl":"https:\/\/secure.gravatar.com\/avatar\/6fd4b36dc88658b1a9f8103e109f47885fcd020443829a5d936ca18f07c3d96c?s=96&d=mm&r=g","caption":"Juan Manuel L\u00f3pez"},"url":"https:\/\/lpfparana.com.ar\/inicio\/author\/juanito\/"}]}},"_links":{"self":[{"href":"https:\/\/lpfparana.com.ar\/inicio\/wp-json\/wp\/v2\/posts\/4828","targetHints":{"allow":["GET"]}}],"collection":[{"href":"https:\/\/lpfparana.com.ar\/inicio\/wp-json\/wp\/v2\/posts"}],"about":[{"href":"https:\/\/lpfparana.com.ar\/inicio\/wp-json\/wp\/v2\/types\/post"}],"author":[{"embeddable":true,"href":"https:\/\/lpfparana.com.ar\/inicio\/wp-json\/wp\/v2\/users\/4"}],"replies":[{"embeddable":true,"href":"https:\/\/lpfparana.com.ar\/inicio\/wp-json\/wp\/v2\/comments?post=4828"}],"version-history":[{"count":1,"href":"https:\/\/lpfparana.com.ar\/inicio\/wp-json\/wp\/v2\/posts\/4828\/revisions"}],"predecessor-version":[{"id":4831,"href":"https:\/\/lpfparana.com.ar\/inicio\/wp-json\/wp\/v2\/posts\/4828\/revisions\/4831"}],"wp:featuredmedia":[{"embeddable":true,"href":"https:\/\/lpfparana.com.ar\/inicio\/wp-json\/wp\/v2\/media\/4825"}],"wp:attachment":[{"href":"https:\/\/lpfparana.com.ar\/inicio\/wp-json\/wp\/v2\/media?parent=4828"}],"wp:term":[{"taxonomy":"category","embeddable":true,"href":"https:\/\/lpfparana.com.ar\/inicio\/wp-json\/wp\/v2\/categories?post=4828"},{"taxonomy":"post_tag","embeddable":true,"href":"https:\/\/lpfparana.com.ar\/inicio\/wp-json\/wp\/v2\/tags?post=4828"}],"curies":[{"name":"wp","href":"https:\/\/api.w.org\/{rel}","templated":true}]}}