{"id":4787,"date":"2025-02-22T11:36:45","date_gmt":"2025-02-22T14:36:45","guid":{"rendered":"https:\/\/lpfparana.com.ar\/inicio\/?p=4787"},"modified":"2025-02-22T11:36:47","modified_gmt":"2025-02-22T14:36:47","slug":"asi-luce-el-predio-de-la-liga-esperando-a-los-mas-chicos","status":"publish","type":"post","link":"https:\/\/lpfparana.com.ar\/inicio\/asi-luce-el-predio-de-la-liga-esperando-a-los-mas-chicos\/","title":{"rendered":"As\u00ed luce el predio de La Liga, esperando a los m\u00e1s chicos"},"content":{"rendered":"\n<h3 class=\"wp-block-heading\" id=\"h-el-recinto-de-la-lpf-esta-en-impecables-condiciones-gracias-al-trabajo-realizado-en-epoca-estival-ademas-del-mantenimiento-y-puesta-en-valor-de-los-campos-de-juego-hubo-otras-obras-que-se-podran-disfrutar-en-las-competencias-del-2025\">El recinto de la LPF est\u00e1 en impecables condiciones, gracias al trabajo realizado en \u00e9poca estival. Adem\u00e1s del mantenimiento y puesta en valor de los campos de juego, hubo otras obras que se podr\u00e1n disfrutar en las competencias del 2025.<\/h3>\n\n\n\n<p>La Liga Paranaense de F\u00fatbol hace un par de a\u00f1os viene trabajando muy fuerte en el \u201cPredio de la Liga\u201d, que se encuentra ubicado en Av. Jorge Newbery al 5000 de la capital provincial. Luego de un arduo trabajo durante el verano, est\u00e1 en impecables condiciones para afrontar un a\u00f1o cargado de actividades.<\/p>\n\n\n\n<p>El esfuerzo realizado durante los meses en donde los peque\u00f1os jugadores liguistas estuvieron de vacaciones dio sus frutos y en la actualidad el predio de la LPF luce diez puntos. Hubo un gran esfuerzo desde lo econ\u00f3mico y tambi\u00e9n desde lo humano.<\/p>\n\n\n\n<p>Los trabajadores que d\u00eda a d\u00eda est\u00e1n al frente del cuidado y la mejora del lugar, realizaron una terea extraordinaria y la puesta en valor del recinto donde los m\u00e1s peque\u00f1os de nuestro f\u00fatbol se van a divertir y desarrollar, se encuentra mejor que nunca.<\/p>\n\n\n\n<p>Sera un a\u00f1o con muchos partidos, con risada y abrazos. Habr\u00e1 gritos de gol y festejos. Pero tambi\u00e9n tendremos cada vez mejores partidos, porque los chicos podr\u00e1n expresar los que van aprendiendo en un lugar acorde para la pr\u00e1ctica de este deporte. Ya las canchas no son un limitante para nuestros ni\u00f1os.<\/p>\n\n\n\n<p>La Liga adem\u00e1s del mantenimiento, va realizando obras para potenciar el lugar, para que cada vez que la familia vaya a acompa\u00f1ar a los jugadores, encuentre un lugar m\u00e1s c\u00f3modo, agradable y acorde a lo que se va a compartir.<\/p>\n\n\n\n<figure class=\"wp-block-gallery has-nested-images columns-default is-cropped wp-block-gallery-1 is-layout-flex wp-block-gallery-is-layout-flex\">\n<figure class=\"wp-block-image size-large\"><a href=\"https:\/\/lpfparana.com.ar\/inicio\/wp-content\/uploads\/2025\/02\/12.jpg\"><img fetchpriority=\"high\" decoding=\"async\" width=\"1024\" height=\"768\" data-id=\"4793\" src=\"https:\/\/lpfparana.com.ar\/inicio\/wp-content\/uploads\/2025\/02\/12-1024x768.jpg\" alt=\"\" class=\"wp-image-4793\" srcset=\"https:\/\/lpfparana.com.ar\/inicio\/wp-content\/uploads\/2025\/02\/12-1024x768.jpg 1024w, https:\/\/lpfparana.com.ar\/inicio\/wp-content\/uploads\/2025\/02\/12-300x225.jpg 300w, https:\/\/lpfparana.com.ar\/inicio\/wp-content\/uploads\/2025\/02\/12-768x576.jpg 768w, https:\/\/lpfparana.com.ar\/inicio\/wp-content\/uploads\/2025\/02\/12.jpg 1500w\" sizes=\"(max-width: 1024px) 100vw, 1024px\" \/><\/a><\/figure>\n\n\n\n<figure class=\"wp-block-image size-large\"><a href=\"https:\/\/lpfparana.com.ar\/inicio\/wp-content\/uploads\/2025\/02\/11.jpg\"><img decoding=\"async\" width=\"1024\" height=\"768\" data-id=\"4794\" src=\"https:\/\/lpfparana.com.ar\/inicio\/wp-content\/uploads\/2025\/02\/11-1024x768.jpg\" alt=\"\" class=\"wp-image-4794\" srcset=\"https:\/\/lpfparana.com.ar\/inicio\/wp-content\/uploads\/2025\/02\/11-1024x768.jpg 1024w, https:\/\/lpfparana.com.ar\/inicio\/wp-content\/uploads\/2025\/02\/11-300x225.jpg 300w, https:\/\/lpfparana.com.ar\/inicio\/wp-content\/uploads\/2025\/02\/11-768x576.jpg 768w, https:\/\/lpfparana.com.ar\/inicio\/wp-content\/uploads\/2025\/02\/11.jpg 1500w\" sizes=\"(max-width: 1024px) 100vw, 1024px\" \/><\/a><\/figure>\n\n\n\n<figure class=\"wp-block-image size-large\"><a href=\"https:\/\/lpfparana.com.ar\/inicio\/wp-content\/uploads\/2025\/02\/10.jpg\"><img decoding=\"async\" width=\"1024\" height=\"768\" data-id=\"4791\" src=\"https:\/\/lpfparana.com.ar\/inicio\/wp-content\/uploads\/2025\/02\/10-1024x768.jpg\" alt=\"\" class=\"wp-image-4791\" srcset=\"https:\/\/lpfparana.com.ar\/inicio\/wp-content\/uploads\/2025\/02\/10-1024x768.jpg 1024w, https:\/\/lpfparana.com.ar\/inicio\/wp-content\/uploads\/2025\/02\/10-300x225.jpg 300w, https:\/\/lpfparana.com.ar\/inicio\/wp-content\/uploads\/2025\/02\/10-768x576.jpg 768w, https:\/\/lpfparana.com.ar\/inicio\/wp-content\/uploads\/2025\/02\/10.jpg 1500w\" sizes=\"(max-width: 1024px) 100vw, 1024px\" \/><\/a><\/figure>\n\n\n\n<figure class=\"wp-block-image size-large\"><a href=\"https:\/\/lpfparana.com.ar\/inicio\/wp-content\/uploads\/2025\/02\/9.jpg\"><img loading=\"lazy\" decoding=\"async\" width=\"1024\" height=\"496\" data-id=\"4788\" src=\"https:\/\/lpfparana.com.ar\/inicio\/wp-content\/uploads\/2025\/02\/9-1024x496.jpg\" alt=\"\" class=\"wp-image-4788\" srcset=\"https:\/\/lpfparana.com.ar\/inicio\/wp-content\/uploads\/2025\/02\/9-1024x496.jpg 1024w, https:\/\/lpfparana.com.ar\/inicio\/wp-content\/uploads\/2025\/02\/9-300x145.jpg 300w, https:\/\/lpfparana.com.ar\/inicio\/wp-content\/uploads\/2025\/02\/9-768x372.jpg 768w, https:\/\/lpfparana.com.ar\/inicio\/wp-content\/uploads\/2025\/02\/9.jpg 1397w\" sizes=\"(max-width: 1024px) 100vw, 1024px\" \/><\/a><\/figure>\n\n\n\n<figure class=\"wp-block-image size-large\"><a href=\"https:\/\/lpfparana.com.ar\/inicio\/wp-content\/uploads\/2025\/02\/8.jpg\"><img loading=\"lazy\" decoding=\"async\" width=\"1024\" height=\"600\" data-id=\"4789\" src=\"https:\/\/lpfparana.com.ar\/inicio\/wp-content\/uploads\/2025\/02\/8-1024x600.jpg\" alt=\"\" class=\"wp-image-4789\" srcset=\"https:\/\/lpfparana.com.ar\/inicio\/wp-content\/uploads\/2025\/02\/8-1024x600.jpg 1024w, https:\/\/lpfparana.com.ar\/inicio\/wp-content\/uploads\/2025\/02\/8-300x176.jpg 300w, https:\/\/lpfparana.com.ar\/inicio\/wp-content\/uploads\/2025\/02\/8-768x450.jpg 768w, https:\/\/lpfparana.com.ar\/inicio\/wp-content\/uploads\/2025\/02\/8.jpg 1251w\" sizes=\"(max-width: 1024px) 100vw, 1024px\" \/><\/a><\/figure>\n\n\n\n<figure class=\"wp-block-image size-large\"><a href=\"https:\/\/lpfparana.com.ar\/inicio\/wp-content\/uploads\/2025\/02\/7.jpg\"><img loading=\"lazy\" decoding=\"async\" width=\"1024\" height=\"528\" data-id=\"4790\" src=\"https:\/\/lpfparana.com.ar\/inicio\/wp-content\/uploads\/2025\/02\/7-1024x528.jpg\" alt=\"\" class=\"wp-image-4790\" srcset=\"https:\/\/lpfparana.com.ar\/inicio\/wp-content\/uploads\/2025\/02\/7-1024x528.jpg 1024w, https:\/\/lpfparana.com.ar\/inicio\/wp-content\/uploads\/2025\/02\/7-300x155.jpg 300w, https:\/\/lpfparana.com.ar\/inicio\/wp-content\/uploads\/2025\/02\/7-768x396.jpg 768w, https:\/\/lpfparana.com.ar\/inicio\/wp-content\/uploads\/2025\/02\/7.jpg 1500w\" sizes=\"(max-width: 1024px) 100vw, 1024px\" \/><\/a><\/figure>\n\n\n\n<figure class=\"wp-block-image size-large\"><a href=\"https:\/\/lpfparana.com.ar\/inicio\/wp-content\/uploads\/2025\/02\/6.jpg\"><img loading=\"lazy\" decoding=\"async\" width=\"1024\" height=\"672\" data-id=\"4799\" src=\"https:\/\/lpfparana.com.ar\/inicio\/wp-content\/uploads\/2025\/02\/6-1024x672.jpg\" alt=\"\" class=\"wp-image-4799\" srcset=\"https:\/\/lpfparana.com.ar\/inicio\/wp-content\/uploads\/2025\/02\/6-1024x672.jpg 1024w, https:\/\/lpfparana.com.ar\/inicio\/wp-content\/uploads\/2025\/02\/6-300x197.jpg 300w, https:\/\/lpfparana.com.ar\/inicio\/wp-content\/uploads\/2025\/02\/6-768x504.jpg 768w, https:\/\/lpfparana.com.ar\/inicio\/wp-content\/uploads\/2025\/02\/6.jpg 1500w\" sizes=\"(max-width: 1024px) 100vw, 1024px\" \/><\/a><\/figure>\n\n\n\n<figure class=\"wp-block-image size-large\"><a href=\"https:\/\/lpfparana.com.ar\/inicio\/wp-content\/uploads\/2025\/02\/5.jpg\"><img loading=\"lazy\" decoding=\"async\" width=\"1024\" height=\"768\" data-id=\"4797\" src=\"https:\/\/lpfparana.com.ar\/inicio\/wp-content\/uploads\/2025\/02\/5-1024x768.jpg\" alt=\"\" class=\"wp-image-4797\" srcset=\"https:\/\/lpfparana.com.ar\/inicio\/wp-content\/uploads\/2025\/02\/5-1024x768.jpg 1024w, https:\/\/lpfparana.com.ar\/inicio\/wp-content\/uploads\/2025\/02\/5-300x225.jpg 300w, https:\/\/lpfparana.com.ar\/inicio\/wp-content\/uploads\/2025\/02\/5-768x576.jpg 768w, https:\/\/lpfparana.com.ar\/inicio\/wp-content\/uploads\/2025\/02\/5.jpg 1500w\" sizes=\"(max-width: 1024px) 100vw, 1024px\" \/><\/a><\/figure>\n\n\n\n<figure class=\"wp-block-image size-large\"><a href=\"https:\/\/lpfparana.com.ar\/inicio\/wp-content\/uploads\/2025\/02\/4.jpg\"><img loading=\"lazy\" decoding=\"async\" width=\"1024\" height=\"768\" data-id=\"4796\" src=\"https:\/\/lpfparana.com.ar\/inicio\/wp-content\/uploads\/2025\/02\/4-1024x768.jpg\" alt=\"\" class=\"wp-image-4796\" srcset=\"https:\/\/lpfparana.com.ar\/inicio\/wp-content\/uploads\/2025\/02\/4-1024x768.jpg 1024w, https:\/\/lpfparana.com.ar\/inicio\/wp-content\/uploads\/2025\/02\/4-300x225.jpg 300w, https:\/\/lpfparana.com.ar\/inicio\/wp-content\/uploads\/2025\/02\/4-768x576.jpg 768w, https:\/\/lpfparana.com.ar\/inicio\/wp-content\/uploads\/2025\/02\/4.jpg 1500w\" sizes=\"(max-width: 1024px) 100vw, 1024px\" \/><\/a><\/figure>\n\n\n\n<figure class=\"wp-block-image size-large\"><a href=\"https:\/\/lpfparana.com.ar\/inicio\/wp-content\/uploads\/2025\/02\/3.jpg\"><img loading=\"lazy\" decoding=\"async\" width=\"1024\" height=\"768\" data-id=\"4798\" src=\"https:\/\/lpfparana.com.ar\/inicio\/wp-content\/uploads\/2025\/02\/3-1024x768.jpg\" alt=\"\" class=\"wp-image-4798\" srcset=\"https:\/\/lpfparana.com.ar\/inicio\/wp-content\/uploads\/2025\/02\/3-1024x768.jpg 1024w, https:\/\/lpfparana.com.ar\/inicio\/wp-content\/uploads\/2025\/02\/3-300x225.jpg 300w, https:\/\/lpfparana.com.ar\/inicio\/wp-content\/uploads\/2025\/02\/3-768x576.jpg 768w, https:\/\/lpfparana.com.ar\/inicio\/wp-content\/uploads\/2025\/02\/3.jpg 1500w\" sizes=\"(max-width: 1024px) 100vw, 1024px\" \/><\/a><\/figure>\n\n\n\n<figure class=\"wp-block-image size-large\"><a href=\"https:\/\/lpfparana.com.ar\/inicio\/wp-content\/uploads\/2025\/02\/2.jpg\"><img loading=\"lazy\" decoding=\"async\" width=\"1024\" height=\"768\" data-id=\"4795\" src=\"https:\/\/lpfparana.com.ar\/inicio\/wp-content\/uploads\/2025\/02\/2-1024x768.jpg\" alt=\"\" class=\"wp-image-4795\" srcset=\"https:\/\/lpfparana.com.ar\/inicio\/wp-content\/uploads\/2025\/02\/2-1024x768.jpg 1024w, https:\/\/lpfparana.com.ar\/inicio\/wp-content\/uploads\/2025\/02\/2-300x225.jpg 300w, https:\/\/lpfparana.com.ar\/inicio\/wp-content\/uploads\/2025\/02\/2-768x576.jpg 768w, https:\/\/lpfparana.com.ar\/inicio\/wp-content\/uploads\/2025\/02\/2.jpg 1500w\" sizes=\"(max-width: 1024px) 100vw, 1024px\" \/><\/a><\/figure>\n\n\n\n<figure class=\"wp-block-image size-large\"><a href=\"https:\/\/lpfparana.com.ar\/inicio\/wp-content\/uploads\/2025\/02\/1.jpg\"><img loading=\"lazy\" decoding=\"async\" width=\"1024\" height=\"768\" data-id=\"4792\" src=\"https:\/\/lpfparana.com.ar\/inicio\/wp-content\/uploads\/2025\/02\/1-1024x768.jpg\" alt=\"\" class=\"wp-image-4792\" srcset=\"https:\/\/lpfparana.com.ar\/inicio\/wp-content\/uploads\/2025\/02\/1-1024x768.jpg 1024w, https:\/\/lpfparana.com.ar\/inicio\/wp-content\/uploads\/2025\/02\/1-300x225.jpg 300w, https:\/\/lpfparana.com.ar\/inicio\/wp-content\/uploads\/2025\/02\/1-768x576.jpg 768w, https:\/\/lpfparana.com.ar\/inicio\/wp-content\/uploads\/2025\/02\/1.jpg 1500w\" sizes=\"(max-width: 1024px) 100vw, 1024px\" \/><\/a><\/figure>\n<\/figure>\n","protected":false},"excerpt":{"rendered":"<p>El recinto de la LPF est\u00e1 en impecables condiciones, gracias al trabajo realizado en \u00e9poca estival. Adem\u00e1s del mantenimiento y puesta en valor de los campos de juego, hubo otras obras que se podr\u00e1n disfrutar en las competencias del 2025. La Liga Paranaense de F\u00fatbol hace un par de a\u00f1os viene trabajando muy fuerte en&#8230;<\/p>\n","protected":false},"author":4,"featured_media":4800,"comment_status":"open","ping_status":"open","sticky":false,"template":"","format":"standard","meta":{"footnotes":""},"categories":[7,2],"tags":[],"class_list":["post-4787","post","type-post","status-publish","format-standard","has-post-thumbnail","hentry","category-institucional","category-noticias"],"featured_image_src":"https:\/\/lpfparana.com.ar\/inicio\/wp-content\/uploads\/2025\/02\/13.jpg","author_info":{"display_name":"Juan Manuel L\u00f3pez","author_link":"https:\/\/lpfparana.com.ar\/inicio\/author\/juanito\/"},"yoast_head":"<!-- This site is optimized with the Yoast SEO Premium plugin v23.3 (Yoast SEO v27.2) - https:\/\/yoast.com\/product\/yoast-seo-premium-wordpress\/ -->\n<title>As\u00ed luce el predio de La Liga, esperando a los m\u00e1s chicos -<\/title>\n<meta name=\"description\" content=\"El recinto de la LPF est\u00e1 en impecables condiciones, gracias al trabajo realizado en \u00e9poca estival. Adem\u00e1s del mantenimiento y puesta en...\" \/>\n<meta name=\"robots\" content=\"index, follow, max-snippet:-1, max-image-preview:large, max-video-preview:-1\" \/>\n<link rel=\"canonical\" href=\"https:\/\/lpfparana.com.ar\/inicio\/asi-luce-el-predio-de-la-liga-esperando-a-los-mas-chicos\/\" \/>\n<meta property=\"og:locale\" content=\"es_ES\" \/>\n<meta property=\"og:type\" content=\"article\" \/>\n<meta property=\"og:title\" content=\"As\u00ed luce el predio de La Liga, esperando a los m\u00e1s chicos\" \/>\n<meta property=\"og:description\" content=\"El recinto de la LPF est\u00e1 en impecables condiciones, gracias al trabajo realizado en \u00e9poca estival. Adem\u00e1s del mantenimiento y puesta en...\" \/>\n<meta property=\"og:url\" content=\"https:\/\/lpfparana.com.ar\/inicio\/asi-luce-el-predio-de-la-liga-esperando-a-los-mas-chicos\/\" \/>\n<meta property=\"article:published_time\" content=\"2025-02-22T14:36:45+00:00\" \/>\n<meta property=\"article:modified_time\" content=\"2025-02-22T14:36:47+00:00\" \/>\n<meta property=\"og:image\" content=\"https:\/\/lpfparana.com.ar\/inicio\/wp-content\/uploads\/2025\/02\/13.jpg\" \/>\n\t<meta property=\"og:image:width\" content=\"1500\" \/>\n\t<meta property=\"og:image:height\" content=\"729\" \/>\n\t<meta property=\"og:image:type\" content=\"image\/jpeg\" \/>\n<meta name=\"author\" content=\"Juan Manuel L\u00f3pez\" \/>\n<meta name=\"twitter:card\" content=\"summary_large_image\" \/>\n<meta name=\"twitter:label1\" content=\"Escrito por\" \/>\n\t<meta name=\"twitter:data1\" content=\"Juan Manuel L\u00f3pez\" \/>\n\t<meta name=\"twitter:label2\" content=\"Tiempo de lectura\" \/>\n\t<meta name=\"twitter:data2\" content=\"4 minutos\" \/>\n<script type=\"application\/ld+json\" class=\"yoast-schema-graph\">{\"@context\":\"https:\/\/schema.org\",\"@graph\":[{\"@type\":\"Article\",\"@id\":\"https:\/\/lpfparana.com.ar\/inicio\/asi-luce-el-predio-de-la-liga-esperando-a-los-mas-chicos\/#article\",\"isPartOf\":{\"@id\":\"https:\/\/lpfparana.com.ar\/inicio\/asi-luce-el-predio-de-la-liga-esperando-a-los-mas-chicos\/\"},\"author\":{\"name\":\"Juan Manuel L\u00f3pez\",\"@id\":\"https:\/\/lpfparana.com.ar\/inicio\/#\/schema\/person\/e4a909baf07553d45f0fb7b76f656d76\"},\"headline\":\"As\u00ed luce el predio de La Liga, esperando a los m\u00e1s chicos\",\"datePublished\":\"2025-02-22T14:36:45+00:00\",\"dateModified\":\"2025-02-22T14:36:47+00:00\",\"mainEntityOfPage\":{\"@id\":\"https:\/\/lpfparana.com.ar\/inicio\/asi-luce-el-predio-de-la-liga-esperando-a-los-mas-chicos\/\"},\"wordCount\":306,\"commentCount\":0,\"image\":{\"@id\":\"https:\/\/lpfparana.com.ar\/inicio\/asi-luce-el-predio-de-la-liga-esperando-a-los-mas-chicos\/#primaryimage\"},\"thumbnailUrl\":\"https:\/\/lpfparana.com.ar\/inicio\/wp-content\/uploads\/2025\/02\/13.jpg\",\"articleSection\":[\"Institucional\",\"Noticias\"],\"inLanguage\":\"es\",\"potentialAction\":[{\"@type\":\"CommentAction\",\"name\":\"Comment\",\"target\":[\"https:\/\/lpfparana.com.ar\/inicio\/asi-luce-el-predio-de-la-liga-esperando-a-los-mas-chicos\/#respond\"]}]},{\"@type\":\"WebPage\",\"@id\":\"https:\/\/lpfparana.com.ar\/inicio\/asi-luce-el-predio-de-la-liga-esperando-a-los-mas-chicos\/\",\"url\":\"https:\/\/lpfparana.com.ar\/inicio\/asi-luce-el-predio-de-la-liga-esperando-a-los-mas-chicos\/\",\"name\":\"As\u00ed luce el predio de La Liga, esperando a los m\u00e1s chicos -\",\"isPartOf\":{\"@id\":\"https:\/\/lpfparana.com.ar\/inicio\/#website\"},\"primaryImageOfPage\":{\"@id\":\"https:\/\/lpfparana.com.ar\/inicio\/asi-luce-el-predio-de-la-liga-esperando-a-los-mas-chicos\/#primaryimage\"},\"image\":{\"@id\":\"https:\/\/lpfparana.com.ar\/inicio\/asi-luce-el-predio-de-la-liga-esperando-a-los-mas-chicos\/#primaryimage\"},\"thumbnailUrl\":\"https:\/\/lpfparana.com.ar\/inicio\/wp-content\/uploads\/2025\/02\/13.jpg\",\"datePublished\":\"2025-02-22T14:36:45+00:00\",\"dateModified\":\"2025-02-22T14:36:47+00:00\",\"author\":{\"@id\":\"https:\/\/lpfparana.com.ar\/inicio\/#\/schema\/person\/e4a909baf07553d45f0fb7b76f656d76\"},\"description\":\"El recinto de la LPF est\u00e1 en impecables condiciones, gracias al trabajo realizado en \u00e9poca estival. Adem\u00e1s del mantenimiento y puesta en...\",\"breadcrumb\":{\"@id\":\"https:\/\/lpfparana.com.ar\/inicio\/asi-luce-el-predio-de-la-liga-esperando-a-los-mas-chicos\/#breadcrumb\"},\"inLanguage\":\"es\",\"potentialAction\":[{\"@type\":\"ReadAction\",\"target\":[\"https:\/\/lpfparana.com.ar\/inicio\/asi-luce-el-predio-de-la-liga-esperando-a-los-mas-chicos\/\"]}]},{\"@type\":\"ImageObject\",\"inLanguage\":\"es\",\"@id\":\"https:\/\/lpfparana.com.ar\/inicio\/asi-luce-el-predio-de-la-liga-esperando-a-los-mas-chicos\/#primaryimage\",\"url\":\"https:\/\/lpfparana.com.ar\/inicio\/wp-content\/uploads\/2025\/02\/13.jpg\",\"contentUrl\":\"https:\/\/lpfparana.com.ar\/inicio\/wp-content\/uploads\/2025\/02\/13.jpg\",\"width\":1500,\"height\":729},{\"@type\":\"BreadcrumbList\",\"@id\":\"https:\/\/lpfparana.com.ar\/inicio\/asi-luce-el-predio-de-la-liga-esperando-a-los-mas-chicos\/#breadcrumb\",\"itemListElement\":[{\"@type\":\"ListItem\",\"position\":1,\"name\":\"Portada\",\"item\":\"https:\/\/lpfparana.com.ar\/inicio\/\"},{\"@type\":\"ListItem\",\"position\":2,\"name\":\"As\u00ed luce el predio de La Liga, esperando a los m\u00e1s chicos\"}]},{\"@type\":\"WebSite\",\"@id\":\"https:\/\/lpfparana.com.ar\/inicio\/#website\",\"url\":\"https:\/\/lpfparana.com.ar\/inicio\/\",\"name\":\"\",\"description\":\"LPF Paran\u00e1\",\"potentialAction\":[{\"@type\":\"SearchAction\",\"target\":{\"@type\":\"EntryPoint\",\"urlTemplate\":\"https:\/\/lpfparana.com.ar\/inicio\/?s={search_term_string}\"},\"query-input\":{\"@type\":\"PropertyValueSpecification\",\"valueRequired\":true,\"valueName\":\"search_term_string\"}}],\"inLanguage\":\"es\"},{\"@type\":\"Person\",\"@id\":\"https:\/\/lpfparana.com.ar\/inicio\/#\/schema\/person\/e4a909baf07553d45f0fb7b76f656d76\",\"name\":\"Juan Manuel L\u00f3pez\",\"image\":{\"@type\":\"ImageObject\",\"inLanguage\":\"es\",\"@id\":\"https:\/\/secure.gravatar.com\/avatar\/6fd4b36dc88658b1a9f8103e109f47885fcd020443829a5d936ca18f07c3d96c?s=96&d=mm&r=g\",\"url\":\"https:\/\/secure.gravatar.com\/avatar\/6fd4b36dc88658b1a9f8103e109f47885fcd020443829a5d936ca18f07c3d96c?s=96&d=mm&r=g\",\"contentUrl\":\"https:\/\/secure.gravatar.com\/avatar\/6fd4b36dc88658b1a9f8103e109f47885fcd020443829a5d936ca18f07c3d96c?s=96&d=mm&r=g\",\"caption\":\"Juan Manuel L\u00f3pez\"},\"url\":\"https:\/\/lpfparana.com.ar\/inicio\/author\/juanito\/\"}]}<\/script>\n<!-- \/ Yoast SEO Premium plugin. -->","yoast_head_json":{"title":"As\u00ed luce el predio de La Liga, esperando a los m\u00e1s chicos -","description":"El recinto de la LPF est\u00e1 en impecables condiciones, gracias al trabajo realizado en \u00e9poca estival. Adem\u00e1s del mantenimiento y puesta en...","robots":{"index":"index","follow":"follow","max-snippet":"max-snippet:-1","max-image-preview":"max-image-preview:large","max-video-preview":"max-video-preview:-1"},"canonical":"https:\/\/lpfparana.com.ar\/inicio\/asi-luce-el-predio-de-la-liga-esperando-a-los-mas-chicos\/","og_locale":"es_ES","og_type":"article","og_title":"As\u00ed luce el predio de La Liga, esperando a los m\u00e1s chicos","og_description":"El recinto de la LPF est\u00e1 en impecables condiciones, gracias al trabajo realizado en \u00e9poca estival. Adem\u00e1s del mantenimiento y puesta en...","og_url":"https:\/\/lpfparana.com.ar\/inicio\/asi-luce-el-predio-de-la-liga-esperando-a-los-mas-chicos\/","article_published_time":"2025-02-22T14:36:45+00:00","article_modified_time":"2025-02-22T14:36:47+00:00","og_image":[{"width":1500,"height":729,"url":"https:\/\/lpfparana.com.ar\/inicio\/wp-content\/uploads\/2025\/02\/13.jpg","type":"image\/jpeg"}],"author":"Juan Manuel L\u00f3pez","twitter_card":"summary_large_image","twitter_misc":{"Escrito por":"Juan Manuel L\u00f3pez","Tiempo de lectura":"4 minutos"},"schema":{"@context":"https:\/\/schema.org","@graph":[{"@type":"Article","@id":"https:\/\/lpfparana.com.ar\/inicio\/asi-luce-el-predio-de-la-liga-esperando-a-los-mas-chicos\/#article","isPartOf":{"@id":"https:\/\/lpfparana.com.ar\/inicio\/asi-luce-el-predio-de-la-liga-esperando-a-los-mas-chicos\/"},"author":{"name":"Juan Manuel L\u00f3pez","@id":"https:\/\/lpfparana.com.ar\/inicio\/#\/schema\/person\/e4a909baf07553d45f0fb7b76f656d76"},"headline":"As\u00ed luce el predio de La Liga, esperando a los m\u00e1s chicos","datePublished":"2025-02-22T14:36:45+00:00","dateModified":"2025-02-22T14:36:47+00:00","mainEntityOfPage":{"@id":"https:\/\/lpfparana.com.ar\/inicio\/asi-luce-el-predio-de-la-liga-esperando-a-los-mas-chicos\/"},"wordCount":306,"commentCount":0,"image":{"@id":"https:\/\/lpfparana.com.ar\/inicio\/asi-luce-el-predio-de-la-liga-esperando-a-los-mas-chicos\/#primaryimage"},"thumbnailUrl":"https:\/\/lpfparana.com.ar\/inicio\/wp-content\/uploads\/2025\/02\/13.jpg","articleSection":["Institucional","Noticias"],"inLanguage":"es","potentialAction":[{"@type":"CommentAction","name":"Comment","target":["https:\/\/lpfparana.com.ar\/inicio\/asi-luce-el-predio-de-la-liga-esperando-a-los-mas-chicos\/#respond"]}]},{"@type":"WebPage","@id":"https:\/\/lpfparana.com.ar\/inicio\/asi-luce-el-predio-de-la-liga-esperando-a-los-mas-chicos\/","url":"https:\/\/lpfparana.com.ar\/inicio\/asi-luce-el-predio-de-la-liga-esperando-a-los-mas-chicos\/","name":"As\u00ed luce el predio de La Liga, esperando a los m\u00e1s chicos -","isPartOf":{"@id":"https:\/\/lpfparana.com.ar\/inicio\/#website"},"primaryImageOfPage":{"@id":"https:\/\/lpfparana.com.ar\/inicio\/asi-luce-el-predio-de-la-liga-esperando-a-los-mas-chicos\/#primaryimage"},"image":{"@id":"https:\/\/lpfparana.com.ar\/inicio\/asi-luce-el-predio-de-la-liga-esperando-a-los-mas-chicos\/#primaryimage"},"thumbnailUrl":"https:\/\/lpfparana.com.ar\/inicio\/wp-content\/uploads\/2025\/02\/13.jpg","datePublished":"2025-02-22T14:36:45+00:00","dateModified":"2025-02-22T14:36:47+00:00","author":{"@id":"https:\/\/lpfparana.com.ar\/inicio\/#\/schema\/person\/e4a909baf07553d45f0fb7b76f656d76"},"description":"El recinto de la LPF est\u00e1 en impecables condiciones, gracias al trabajo realizado en \u00e9poca estival. Adem\u00e1s del mantenimiento y puesta en...","breadcrumb":{"@id":"https:\/\/lpfparana.com.ar\/inicio\/asi-luce-el-predio-de-la-liga-esperando-a-los-mas-chicos\/#breadcrumb"},"inLanguage":"es","potentialAction":[{"@type":"ReadAction","target":["https:\/\/lpfparana.com.ar\/inicio\/asi-luce-el-predio-de-la-liga-esperando-a-los-mas-chicos\/"]}]},{"@type":"ImageObject","inLanguage":"es","@id":"https:\/\/lpfparana.com.ar\/inicio\/asi-luce-el-predio-de-la-liga-esperando-a-los-mas-chicos\/#primaryimage","url":"https:\/\/lpfparana.com.ar\/inicio\/wp-content\/uploads\/2025\/02\/13.jpg","contentUrl":"https:\/\/lpfparana.com.ar\/inicio\/wp-content\/uploads\/2025\/02\/13.jpg","width":1500,"height":729},{"@type":"BreadcrumbList","@id":"https:\/\/lpfparana.com.ar\/inicio\/asi-luce-el-predio-de-la-liga-esperando-a-los-mas-chicos\/#breadcrumb","itemListElement":[{"@type":"ListItem","position":1,"name":"Portada","item":"https:\/\/lpfparana.com.ar\/inicio\/"},{"@type":"ListItem","position":2,"name":"As\u00ed luce el predio de La Liga, esperando a los m\u00e1s chicos"}]},{"@type":"WebSite","@id":"https:\/\/lpfparana.com.ar\/inicio\/#website","url":"https:\/\/lpfparana.com.ar\/inicio\/","name":"","description":"LPF Paran\u00e1","potentialAction":[{"@type":"SearchAction","target":{"@type":"EntryPoint","urlTemplate":"https:\/\/lpfparana.com.ar\/inicio\/?s={search_term_string}"},"query-input":{"@type":"PropertyValueSpecification","valueRequired":true,"valueName":"search_term_string"}}],"inLanguage":"es"},{"@type":"Person","@id":"https:\/\/lpfparana.com.ar\/inicio\/#\/schema\/person\/e4a909baf07553d45f0fb7b76f656d76","name":"Juan Manuel L\u00f3pez","image":{"@type":"ImageObject","inLanguage":"es","@id":"https:\/\/secure.gravatar.com\/avatar\/6fd4b36dc88658b1a9f8103e109f47885fcd020443829a5d936ca18f07c3d96c?s=96&d=mm&r=g","url":"https:\/\/secure.gravatar.com\/avatar\/6fd4b36dc88658b1a9f8103e109f47885fcd020443829a5d936ca18f07c3d96c?s=96&d=mm&r=g","contentUrl":"https:\/\/secure.gravatar.com\/avatar\/6fd4b36dc88658b1a9f8103e109f47885fcd020443829a5d936ca18f07c3d96c?s=96&d=mm&r=g","caption":"Juan Manuel L\u00f3pez"},"url":"https:\/\/lpfparana.com.ar\/inicio\/author\/juanito\/"}]}},"_links":{"self":[{"href":"https:\/\/lpfparana.com.ar\/inicio\/wp-json\/wp\/v2\/posts\/4787","targetHints":{"allow":["GET"]}}],"collection":[{"href":"https:\/\/lpfparana.com.ar\/inicio\/wp-json\/wp\/v2\/posts"}],"about":[{"href":"https:\/\/lpfparana.com.ar\/inicio\/wp-json\/wp\/v2\/types\/post"}],"author":[{"embeddable":true,"href":"https:\/\/lpfparana.com.ar\/inicio\/wp-json\/wp\/v2\/users\/4"}],"replies":[{"embeddable":true,"href":"https:\/\/lpfparana.com.ar\/inicio\/wp-json\/wp\/v2\/comments?post=4787"}],"version-history":[{"count":1,"href":"https:\/\/lpfparana.com.ar\/inicio\/wp-json\/wp\/v2\/posts\/4787\/revisions"}],"predecessor-version":[{"id":4801,"href":"https:\/\/lpfparana.com.ar\/inicio\/wp-json\/wp\/v2\/posts\/4787\/revisions\/4801"}],"wp:featuredmedia":[{"embeddable":true,"href":"https:\/\/lpfparana.com.ar\/inicio\/wp-json\/wp\/v2\/media\/4800"}],"wp:attachment":[{"href":"https:\/\/lpfparana.com.ar\/inicio\/wp-json\/wp\/v2\/media?parent=4787"}],"wp:term":[{"taxonomy":"category","embeddable":true,"href":"https:\/\/lpfparana.com.ar\/inicio\/wp-json\/wp\/v2\/categories?post=4787"},{"taxonomy":"post_tag","embeddable":true,"href":"https:\/\/lpfparana.com.ar\/inicio\/wp-json\/wp\/v2\/tags?post=4787"}],"curies":[{"name":"wp","href":"https:\/\/api.w.org\/{rel}","templated":true}]}}