{"id":4780,"date":"2025-02-22T11:02:52","date_gmt":"2025-02-22T14:02:52","guid":{"rendered":"https:\/\/lpfparana.com.ar\/inicio\/?p=4780"},"modified":"2025-02-22T11:02:54","modified_gmt":"2025-02-22T14:02:54","slug":"alejandro-schneider-se-reunio-con-dirigentes-de-diamante","status":"publish","type":"post","link":"https:\/\/lpfparana.com.ar\/inicio\/alejandro-schneider-se-reunio-con-dirigentes-de-diamante\/","title":{"rendered":"Alejandro Schneider se reuni\u00f3 con dirigentes de Diamante"},"content":{"rendered":"\n<h3 class=\"wp-block-heading\" id=\"h-el-presidente-de-la-liga-paranaense-de-futbol-mantuvo-una-reunion-con-directivos-de-los-equipos-de-la-liga-diamantina-donde-se-abarcaron-temas-importantes-en-referencia-a-la-temporada-que-se-avecina\">El presidente de la Liga Paranaense de F\u00fatbol, mantuvo una reuni\u00f3n con directivos de los equipos de la Liga Diamantina, donde se abarcaron temas importantes en referencia a la temporada que se avecina.<\/h3>\n\n\n\n<p>Durante la noche de este viernes, Alejandro Schneider, presidente de la Liga Paranaense de F\u00fatbol, se reuni\u00f3 con los distintos dirigentes de los clubes de la Liga Diamantina que participar\u00e1n en la Copa de la Liga. La reuni\u00f3n tuvo lugar en el Club Don Bosco, donde se trataron temas importantes.<\/p>\n\n\n\n<p>Dentro de las principales novedades, se confirm\u00f3 la participaci\u00f3n de los ochos equipos de la liga de la Ciudad Blanca para la primera competencia que tendr\u00e1 la LPF en el 2025. La Copa de la Liga Paranaense, que dar\u00e1 inicio para las categor\u00edas mayores el 30 de marzo. <\/p>\n\n\n\n<p>En Primera Divisi\u00f3n masculina ser\u00e1n 24 equipos los que formar\u00e1n parte de la competencia. De estos, 16 son de la LPF y los restantes ochos elencos ser\u00e1n los invitados de la Liga Diamantina.<\/p>\n\n\n\n<p>En Primera Masculina se dividir\u00e1n en cuatro zonas de seis equipos (cuatro de Paran\u00e1 y dos de Diamante en cada grupo), clasificando los cuatro primeros de cada zona a octavos de final. Se har\u00e1 una tabla general y se ir\u00e1n cruzando el equipo que finaliz\u00f3 1 con el clasificado 16 y as\u00ed sucesivamente. Todav\u00eda quedan algunos detalles a definir.<\/p>\n\n\n\n<h4 class=\"wp-block-heading\" id=\"h-jugaran-con-el-reglamento-de-la-lpf\">Jugar\u00e1n con el reglamento de la LPF<\/h4>\n\n\n\n<p>Uno de los detalles que se dej\u00f3 en claro en la reuni\u00f3n, fue qu\u00e9 los equipos provenientes de la Liga Diamantina jugar\u00e1n y formar\u00e1n parte de la LPF, respetando el reglamento que tiene la Liga Paranaense de F\u00fatbol, por tanto tampoco podr\u00e1n tener jugadores mayores de la categor\u00eda 1990, entre otras cuestiones. <\/p>\n\n\n\n<p>La mesa directiva tambi\u00e9n les inform\u00f3 sobre el tope en el precio de la entrada para la actual temporada, el cual ser\u00e1 de 4.000 (cuatro mil) pesos c\u00f3mo m\u00e1ximo, quedando a consideraci\u00f3n de cada club si desea cobrar un monto menor al establecido.<\/p>\n\n\n\n<h4 class=\"wp-block-heading\" id=\"h-capacitaciones\">Capacitaciones <\/h4>\n\n\n\n<p>Los equipos de la Liga Diamantina tendr\u00e1n capacitaciones para el uso del sistema COMET, algo fundamental para su participaci\u00f3n en la Liga Paranaense de F\u00fatbol. Los equipos de la LPF vienen trabajando con dicho sistema para tener mejores herramientas y achicar al m\u00e1ximo el margen de error a la hora de presentar las listas de buena fe de cada partido.<\/p>\n","protected":false},"excerpt":{"rendered":"<p>El presidente de la Liga Paranaense de F\u00fatbol, mantuvo una reuni\u00f3n con directivos de los equipos de la Liga Diamantina, donde se abarcaron temas importantes en referencia a la temporada que se avecina. Durante la noche de este viernes, Alejandro Schneider, presidente de la Liga Paranaense de F\u00fatbol, se reuni\u00f3 con los distintos dirigentes de&#8230;<\/p>\n","protected":false},"author":8,"featured_media":4785,"comment_status":"open","ping_status":"open","sticky":false,"template":"","format":"standard","meta":{"footnotes":""},"categories":[7,2],"tags":[],"class_list":["post-4780","post","type-post","status-publish","format-standard","has-post-thumbnail","hentry","category-institucional","category-noticias"],"featured_image_src":"https:\/\/lpfparana.com.ar\/inicio\/wp-content\/uploads\/2025\/02\/20250221_203536-scaled.jpg","author_info":{"display_name":"Uriel Vazquez","author_link":"https:\/\/lpfparana.com.ar\/inicio\/author\/uriel\/"},"yoast_head":"<!-- This site is optimized with the Yoast SEO Premium plugin v23.3 (Yoast SEO v27.2) - https:\/\/yoast.com\/product\/yoast-seo-premium-wordpress\/ -->\n<title>Alejandro Schneider se reuni\u00f3 con dirigentes de Diamante -<\/title>\n<meta name=\"description\" content=\"El m\u00e1ximo dirigente de la Liga Paranaense de F\u00fatbol, mantuvo una reuni\u00f3n con directivos de los equipos de la Liga Diamantina, donde se...\" \/>\n<meta name=\"robots\" content=\"index, follow, max-snippet:-1, max-image-preview:large, max-video-preview:-1\" \/>\n<link rel=\"canonical\" href=\"https:\/\/lpfparana.com.ar\/inicio\/alejandro-schneider-se-reunio-con-dirigentes-de-diamante\/\" \/>\n<meta property=\"og:locale\" content=\"es_ES\" \/>\n<meta property=\"og:type\" content=\"article\" \/>\n<meta property=\"og:title\" content=\"Alejandro Schneider se reuni\u00f3 con dirigentes de Diamante\" \/>\n<meta property=\"og:description\" content=\"El m\u00e1ximo dirigente de la Liga Paranaense de F\u00fatbol, mantuvo una reuni\u00f3n con directivos de los equipos de la Liga Diamantina, donde se...\" \/>\n<meta property=\"og:url\" content=\"https:\/\/lpfparana.com.ar\/inicio\/alejandro-schneider-se-reunio-con-dirigentes-de-diamante\/\" \/>\n<meta property=\"article:published_time\" content=\"2025-02-22T14:02:52+00:00\" \/>\n<meta property=\"article:modified_time\" content=\"2025-02-22T14:02:54+00:00\" \/>\n<meta property=\"og:image\" content=\"https:\/\/lpfparana.com.ar\/inicio\/wp-content\/uploads\/2025\/02\/20250221_203536-scaled.jpg\" \/>\n\t<meta property=\"og:image:width\" content=\"2560\" \/>\n\t<meta property=\"og:image:height\" content=\"1441\" \/>\n\t<meta property=\"og:image:type\" content=\"image\/jpeg\" \/>\n<meta name=\"author\" content=\"Uriel Vazquez\" \/>\n<meta name=\"twitter:card\" content=\"summary_large_image\" \/>\n<meta name=\"twitter:label1\" content=\"Escrito por\" \/>\n\t<meta name=\"twitter:data1\" content=\"Uriel Vazquez\" \/>\n\t<meta name=\"twitter:label2\" content=\"Tiempo de lectura\" \/>\n\t<meta name=\"twitter:data2\" content=\"2 minutos\" \/>\n<script type=\"application\/ld+json\" class=\"yoast-schema-graph\">{\"@context\":\"https:\/\/schema.org\",\"@graph\":[{\"@type\":\"Article\",\"@id\":\"https:\/\/lpfparana.com.ar\/inicio\/alejandro-schneider-se-reunio-con-dirigentes-de-diamante\/#article\",\"isPartOf\":{\"@id\":\"https:\/\/lpfparana.com.ar\/inicio\/alejandro-schneider-se-reunio-con-dirigentes-de-diamante\/\"},\"author\":{\"name\":\"Uriel Vazquez\",\"@id\":\"https:\/\/lpfparana.com.ar\/inicio\/#\/schema\/person\/07e09b1ab407955db225d5798fbe3c29\"},\"headline\":\"Alejandro Schneider se reuni\u00f3 con dirigentes de Diamante\",\"datePublished\":\"2025-02-22T14:02:52+00:00\",\"dateModified\":\"2025-02-22T14:02:54+00:00\",\"mainEntityOfPage\":{\"@id\":\"https:\/\/lpfparana.com.ar\/inicio\/alejandro-schneider-se-reunio-con-dirigentes-de-diamante\/\"},\"wordCount\":415,\"commentCount\":0,\"image\":{\"@id\":\"https:\/\/lpfparana.com.ar\/inicio\/alejandro-schneider-se-reunio-con-dirigentes-de-diamante\/#primaryimage\"},\"thumbnailUrl\":\"https:\/\/lpfparana.com.ar\/inicio\/wp-content\/uploads\/2025\/02\/20250221_203536-scaled.jpg\",\"articleSection\":[\"Institucional\",\"Noticias\"],\"inLanguage\":\"es\",\"potentialAction\":[{\"@type\":\"CommentAction\",\"name\":\"Comment\",\"target\":[\"https:\/\/lpfparana.com.ar\/inicio\/alejandro-schneider-se-reunio-con-dirigentes-de-diamante\/#respond\"]}]},{\"@type\":\"WebPage\",\"@id\":\"https:\/\/lpfparana.com.ar\/inicio\/alejandro-schneider-se-reunio-con-dirigentes-de-diamante\/\",\"url\":\"https:\/\/lpfparana.com.ar\/inicio\/alejandro-schneider-se-reunio-con-dirigentes-de-diamante\/\",\"name\":\"Alejandro Schneider se reuni\u00f3 con dirigentes de Diamante -\",\"isPartOf\":{\"@id\":\"https:\/\/lpfparana.com.ar\/inicio\/#website\"},\"primaryImageOfPage\":{\"@id\":\"https:\/\/lpfparana.com.ar\/inicio\/alejandro-schneider-se-reunio-con-dirigentes-de-diamante\/#primaryimage\"},\"image\":{\"@id\":\"https:\/\/lpfparana.com.ar\/inicio\/alejandro-schneider-se-reunio-con-dirigentes-de-diamante\/#primaryimage\"},\"thumbnailUrl\":\"https:\/\/lpfparana.com.ar\/inicio\/wp-content\/uploads\/2025\/02\/20250221_203536-scaled.jpg\",\"datePublished\":\"2025-02-22T14:02:52+00:00\",\"dateModified\":\"2025-02-22T14:02:54+00:00\",\"author\":{\"@id\":\"https:\/\/lpfparana.com.ar\/inicio\/#\/schema\/person\/07e09b1ab407955db225d5798fbe3c29\"},\"description\":\"El m\u00e1ximo dirigente de la Liga Paranaense de F\u00fatbol, mantuvo una reuni\u00f3n con directivos de los equipos de la Liga Diamantina, donde se...\",\"breadcrumb\":{\"@id\":\"https:\/\/lpfparana.com.ar\/inicio\/alejandro-schneider-se-reunio-con-dirigentes-de-diamante\/#breadcrumb\"},\"inLanguage\":\"es\",\"potentialAction\":[{\"@type\":\"ReadAction\",\"target\":[\"https:\/\/lpfparana.com.ar\/inicio\/alejandro-schneider-se-reunio-con-dirigentes-de-diamante\/\"]}]},{\"@type\":\"ImageObject\",\"inLanguage\":\"es\",\"@id\":\"https:\/\/lpfparana.com.ar\/inicio\/alejandro-schneider-se-reunio-con-dirigentes-de-diamante\/#primaryimage\",\"url\":\"https:\/\/lpfparana.com.ar\/inicio\/wp-content\/uploads\/2025\/02\/20250221_203536-scaled.jpg\",\"contentUrl\":\"https:\/\/lpfparana.com.ar\/inicio\/wp-content\/uploads\/2025\/02\/20250221_203536-scaled.jpg\",\"width\":2560,\"height\":1441},{\"@type\":\"BreadcrumbList\",\"@id\":\"https:\/\/lpfparana.com.ar\/inicio\/alejandro-schneider-se-reunio-con-dirigentes-de-diamante\/#breadcrumb\",\"itemListElement\":[{\"@type\":\"ListItem\",\"position\":1,\"name\":\"Portada\",\"item\":\"https:\/\/lpfparana.com.ar\/inicio\/\"},{\"@type\":\"ListItem\",\"position\":2,\"name\":\"Alejandro Schneider se reuni\u00f3 con dirigentes de Diamante\"}]},{\"@type\":\"WebSite\",\"@id\":\"https:\/\/lpfparana.com.ar\/inicio\/#website\",\"url\":\"https:\/\/lpfparana.com.ar\/inicio\/\",\"name\":\"\",\"description\":\"LPF Paran\u00e1\",\"potentialAction\":[{\"@type\":\"SearchAction\",\"target\":{\"@type\":\"EntryPoint\",\"urlTemplate\":\"https:\/\/lpfparana.com.ar\/inicio\/?s={search_term_string}\"},\"query-input\":{\"@type\":\"PropertyValueSpecification\",\"valueRequired\":true,\"valueName\":\"search_term_string\"}}],\"inLanguage\":\"es\"},{\"@type\":\"Person\",\"@id\":\"https:\/\/lpfparana.com.ar\/inicio\/#\/schema\/person\/07e09b1ab407955db225d5798fbe3c29\",\"name\":\"Uriel Vazquez\",\"image\":{\"@type\":\"ImageObject\",\"inLanguage\":\"es\",\"@id\":\"https:\/\/secure.gravatar.com\/avatar\/6f6434a31569ea3eb181dc2d6f625ccfa8d5d0cd27b2fe7eab38888e37d146f6?s=96&d=mm&r=g\",\"url\":\"https:\/\/secure.gravatar.com\/avatar\/6f6434a31569ea3eb181dc2d6f625ccfa8d5d0cd27b2fe7eab38888e37d146f6?s=96&d=mm&r=g\",\"contentUrl\":\"https:\/\/secure.gravatar.com\/avatar\/6f6434a31569ea3eb181dc2d6f625ccfa8d5d0cd27b2fe7eab38888e37d146f6?s=96&d=mm&r=g\",\"caption\":\"Uriel Vazquez\"},\"url\":\"https:\/\/lpfparana.com.ar\/inicio\/author\/uriel\/\"}]}<\/script>\n<!-- \/ Yoast SEO Premium plugin. -->","yoast_head_json":{"title":"Alejandro Schneider se reuni\u00f3 con dirigentes de Diamante -","description":"El m\u00e1ximo dirigente de la Liga Paranaense de F\u00fatbol, mantuvo una reuni\u00f3n con directivos de los equipos de la Liga Diamantina, donde se...","robots":{"index":"index","follow":"follow","max-snippet":"max-snippet:-1","max-image-preview":"max-image-preview:large","max-video-preview":"max-video-preview:-1"},"canonical":"https:\/\/lpfparana.com.ar\/inicio\/alejandro-schneider-se-reunio-con-dirigentes-de-diamante\/","og_locale":"es_ES","og_type":"article","og_title":"Alejandro Schneider se reuni\u00f3 con dirigentes de Diamante","og_description":"El m\u00e1ximo dirigente de la Liga Paranaense de F\u00fatbol, mantuvo una reuni\u00f3n con directivos de los equipos de la Liga Diamantina, donde se...","og_url":"https:\/\/lpfparana.com.ar\/inicio\/alejandro-schneider-se-reunio-con-dirigentes-de-diamante\/","article_published_time":"2025-02-22T14:02:52+00:00","article_modified_time":"2025-02-22T14:02:54+00:00","og_image":[{"width":2560,"height":1441,"url":"https:\/\/lpfparana.com.ar\/inicio\/wp-content\/uploads\/2025\/02\/20250221_203536-scaled.jpg","type":"image\/jpeg"}],"author":"Uriel Vazquez","twitter_card":"summary_large_image","twitter_misc":{"Escrito por":"Uriel Vazquez","Tiempo de lectura":"2 minutos"},"schema":{"@context":"https:\/\/schema.org","@graph":[{"@type":"Article","@id":"https:\/\/lpfparana.com.ar\/inicio\/alejandro-schneider-se-reunio-con-dirigentes-de-diamante\/#article","isPartOf":{"@id":"https:\/\/lpfparana.com.ar\/inicio\/alejandro-schneider-se-reunio-con-dirigentes-de-diamante\/"},"author":{"name":"Uriel Vazquez","@id":"https:\/\/lpfparana.com.ar\/inicio\/#\/schema\/person\/07e09b1ab407955db225d5798fbe3c29"},"headline":"Alejandro Schneider se reuni\u00f3 con dirigentes de Diamante","datePublished":"2025-02-22T14:02:52+00:00","dateModified":"2025-02-22T14:02:54+00:00","mainEntityOfPage":{"@id":"https:\/\/lpfparana.com.ar\/inicio\/alejandro-schneider-se-reunio-con-dirigentes-de-diamante\/"},"wordCount":415,"commentCount":0,"image":{"@id":"https:\/\/lpfparana.com.ar\/inicio\/alejandro-schneider-se-reunio-con-dirigentes-de-diamante\/#primaryimage"},"thumbnailUrl":"https:\/\/lpfparana.com.ar\/inicio\/wp-content\/uploads\/2025\/02\/20250221_203536-scaled.jpg","articleSection":["Institucional","Noticias"],"inLanguage":"es","potentialAction":[{"@type":"CommentAction","name":"Comment","target":["https:\/\/lpfparana.com.ar\/inicio\/alejandro-schneider-se-reunio-con-dirigentes-de-diamante\/#respond"]}]},{"@type":"WebPage","@id":"https:\/\/lpfparana.com.ar\/inicio\/alejandro-schneider-se-reunio-con-dirigentes-de-diamante\/","url":"https:\/\/lpfparana.com.ar\/inicio\/alejandro-schneider-se-reunio-con-dirigentes-de-diamante\/","name":"Alejandro Schneider se reuni\u00f3 con dirigentes de Diamante -","isPartOf":{"@id":"https:\/\/lpfparana.com.ar\/inicio\/#website"},"primaryImageOfPage":{"@id":"https:\/\/lpfparana.com.ar\/inicio\/alejandro-schneider-se-reunio-con-dirigentes-de-diamante\/#primaryimage"},"image":{"@id":"https:\/\/lpfparana.com.ar\/inicio\/alejandro-schneider-se-reunio-con-dirigentes-de-diamante\/#primaryimage"},"thumbnailUrl":"https:\/\/lpfparana.com.ar\/inicio\/wp-content\/uploads\/2025\/02\/20250221_203536-scaled.jpg","datePublished":"2025-02-22T14:02:52+00:00","dateModified":"2025-02-22T14:02:54+00:00","author":{"@id":"https:\/\/lpfparana.com.ar\/inicio\/#\/schema\/person\/07e09b1ab407955db225d5798fbe3c29"},"description":"El m\u00e1ximo dirigente de la Liga Paranaense de F\u00fatbol, mantuvo una reuni\u00f3n con directivos de los equipos de la Liga Diamantina, donde se...","breadcrumb":{"@id":"https:\/\/lpfparana.com.ar\/inicio\/alejandro-schneider-se-reunio-con-dirigentes-de-diamante\/#breadcrumb"},"inLanguage":"es","potentialAction":[{"@type":"ReadAction","target":["https:\/\/lpfparana.com.ar\/inicio\/alejandro-schneider-se-reunio-con-dirigentes-de-diamante\/"]}]},{"@type":"ImageObject","inLanguage":"es","@id":"https:\/\/lpfparana.com.ar\/inicio\/alejandro-schneider-se-reunio-con-dirigentes-de-diamante\/#primaryimage","url":"https:\/\/lpfparana.com.ar\/inicio\/wp-content\/uploads\/2025\/02\/20250221_203536-scaled.jpg","contentUrl":"https:\/\/lpfparana.com.ar\/inicio\/wp-content\/uploads\/2025\/02\/20250221_203536-scaled.jpg","width":2560,"height":1441},{"@type":"BreadcrumbList","@id":"https:\/\/lpfparana.com.ar\/inicio\/alejandro-schneider-se-reunio-con-dirigentes-de-diamante\/#breadcrumb","itemListElement":[{"@type":"ListItem","position":1,"name":"Portada","item":"https:\/\/lpfparana.com.ar\/inicio\/"},{"@type":"ListItem","position":2,"name":"Alejandro Schneider se reuni\u00f3 con dirigentes de Diamante"}]},{"@type":"WebSite","@id":"https:\/\/lpfparana.com.ar\/inicio\/#website","url":"https:\/\/lpfparana.com.ar\/inicio\/","name":"","description":"LPF Paran\u00e1","potentialAction":[{"@type":"SearchAction","target":{"@type":"EntryPoint","urlTemplate":"https:\/\/lpfparana.com.ar\/inicio\/?s={search_term_string}"},"query-input":{"@type":"PropertyValueSpecification","valueRequired":true,"valueName":"search_term_string"}}],"inLanguage":"es"},{"@type":"Person","@id":"https:\/\/lpfparana.com.ar\/inicio\/#\/schema\/person\/07e09b1ab407955db225d5798fbe3c29","name":"Uriel Vazquez","image":{"@type":"ImageObject","inLanguage":"es","@id":"https:\/\/secure.gravatar.com\/avatar\/6f6434a31569ea3eb181dc2d6f625ccfa8d5d0cd27b2fe7eab38888e37d146f6?s=96&d=mm&r=g","url":"https:\/\/secure.gravatar.com\/avatar\/6f6434a31569ea3eb181dc2d6f625ccfa8d5d0cd27b2fe7eab38888e37d146f6?s=96&d=mm&r=g","contentUrl":"https:\/\/secure.gravatar.com\/avatar\/6f6434a31569ea3eb181dc2d6f625ccfa8d5d0cd27b2fe7eab38888e37d146f6?s=96&d=mm&r=g","caption":"Uriel Vazquez"},"url":"https:\/\/lpfparana.com.ar\/inicio\/author\/uriel\/"}]}},"_links":{"self":[{"href":"https:\/\/lpfparana.com.ar\/inicio\/wp-json\/wp\/v2\/posts\/4780","targetHints":{"allow":["GET"]}}],"collection":[{"href":"https:\/\/lpfparana.com.ar\/inicio\/wp-json\/wp\/v2\/posts"}],"about":[{"href":"https:\/\/lpfparana.com.ar\/inicio\/wp-json\/wp\/v2\/types\/post"}],"author":[{"embeddable":true,"href":"https:\/\/lpfparana.com.ar\/inicio\/wp-json\/wp\/v2\/users\/8"}],"replies":[{"embeddable":true,"href":"https:\/\/lpfparana.com.ar\/inicio\/wp-json\/wp\/v2\/comments?post=4780"}],"version-history":[{"count":2,"href":"https:\/\/lpfparana.com.ar\/inicio\/wp-json\/wp\/v2\/posts\/4780\/revisions"}],"predecessor-version":[{"id":4786,"href":"https:\/\/lpfparana.com.ar\/inicio\/wp-json\/wp\/v2\/posts\/4780\/revisions\/4786"}],"wp:featuredmedia":[{"embeddable":true,"href":"https:\/\/lpfparana.com.ar\/inicio\/wp-json\/wp\/v2\/media\/4785"}],"wp:attachment":[{"href":"https:\/\/lpfparana.com.ar\/inicio\/wp-json\/wp\/v2\/media?parent=4780"}],"wp:term":[{"taxonomy":"category","embeddable":true,"href":"https:\/\/lpfparana.com.ar\/inicio\/wp-json\/wp\/v2\/categories?post=4780"},{"taxonomy":"post_tag","embeddable":true,"href":"https:\/\/lpfparana.com.ar\/inicio\/wp-json\/wp\/v2\/tags?post=4780"}],"curies":[{"name":"wp","href":"https:\/\/api.w.org\/{rel}","templated":true}]}}