{"id":4771,"date":"2025-02-22T10:45:33","date_gmt":"2025-02-22T13:45:33","guid":{"rendered":"https:\/\/lpfparana.com.ar\/inicio\/?p=4771"},"modified":"2025-02-22T10:45:35","modified_gmt":"2025-02-22T13:45:35","slug":"queremos-seguir-fomentando-el-semillero","status":"publish","type":"post","link":"https:\/\/lpfparana.com.ar\/inicio\/queremos-seguir-fomentando-el-semillero\/","title":{"rendered":"\u201cQueremos seguir fomentando el semillero\u201d"},"content":{"rendered":"\n<h3 class=\"wp-block-heading\" id=\"h-carolina-benke-presidenta-de-arenas-fc-charlo-con-locos-x-la-liga-el-programa-oficial-de-la-liga-paranaense-de-futbol-durante-la-conversacion-la-ex-futbolista-aseguro-que-el-principal-objetivo-es-seguir-fomentando-y-desarrollando-sus-categorias-formativas\">Carolina Benke, Presidenta de Arenas FC charl\u00f3 con \u201cLocos X La Liga\u201d, el programa oficial de la Liga Paranaense de F\u00fatbol\u201d. Durante la conversaci\u00f3n, la ex futbolista asegur\u00f3 que el principal objetivo es seguir fomentando y desarrollando sus categor\u00edas formativas.<\/h3>\n\n\n\n<p>Carolina Benke, m\u00e1xima dirigente de Arenas FC, en la entrevista brindada a \u201cLocos X La Liga\u201d habl\u00f3 de todo, de cara al inicio de la temporada 2025. Los preparativos del club, la nueva categor\u00eda Sub 10, la importancia de poder competir en la Copa T\u00fanel Subfluvial. Adem\u00e1s dej\u00f3 su opini\u00f3n en cuanto a San Benito y su participaci\u00f3n en Copa Federal.<\/p>\n\n\n\n<p>En el comienzo de la charla, la presidenta de Arenas, coment\u00f3 sobre el comienzo de las actividades, relatando que: \u201cVamos por la cuarta semana de preparaci\u00f3n, sabemos que la Liga es muy competitiva, es por eso que armamos un solo equipo, que estar\u00e1 mezclado con chicas de experiencia y j\u00f3venes de nuestras inferiores\u201d.<\/p>\n\n\n\n<p>Carolina, en la misma sinton\u00eda y en referencia al plantel y las competencias, manifest\u00f3: \u201cElegimos dejar un equipo para este a\u00f1o, porque somos conscientes de los altos costos, nos enfocamos como siempre en nuestras juveniles y seguir formando ni\u00f1as que puedan so\u00f1ar con jugar en Primera Divisi\u00f3n en nuestro equipo y quien te dice llegar al profesionalismo\u201d.<\/p>\n\n\n\n<h4 class=\"wp-block-heading\" id=\"h-categoria-sub-10\">Categor\u00eda Sub 10<\/h4>\n\n\n\n<p>Este a\u00f1o la categor\u00eda Sub 10 para Arenas, y las dem\u00e1s instituciones, ser\u00e1 algo de gran importancia y en base a esto, la referente se\u00f1al\u00f3: \u201cEs una categor\u00eda que para este 2025 tendr\u00e1 mucho rodaje, hoy las ni\u00f1as vienen con mucho entusiasmo a entrenar y eso a m\u00ed y a la gente que me acompa\u00f1a nos hace muy feliz. Las acompa\u00f1aremos y educaremos con mucho amor y responsabilidad\u201d.<\/p>\n\n\n\n<h4 class=\"wp-block-heading\" id=\"h-la-copa-tunel-subfluvial\">La Copa T\u00fanel Subfluvial<\/h4>\n\n\n\n<p>\u201cEsta competencia es un gran acierto de los dirigentes, si bien hace un tempo se ven\u00eda manejando la posibilidad, ahora ya es un echo. Permitir\u00e1 medirse con equipos de una liga grande como es la de Santa Fe, es crucial para el desarrollo del f\u00fatbol femenino\u201d.<\/p>\n\n\n\n<p>En el final de la entrevista, Carolina hizo menci\u00f3n al hecho hist\u00f3rico que vivi\u00f3 el futbol femenino, cuando hace algunos d\u00edas, San Benito jug\u00f3 por Copa Federal ante Boca Juniors. En referencia a esto, Benke opin\u00f3: \u201cSe del esfuerzo de San Benito, es por eso que me pone muy feliz esto que sucedi\u00f3 para el f\u00fatbol femenino de nuestra Liga. Son puertas que se les abren al futbol del interior, es solo el comienzo de algo muy lindo y positivo que se puede venir\u201d.<\/p>\n\n\n\n<p><\/p>\n","protected":false},"excerpt":{"rendered":"<p>Carolina Benke, Presidenta de Arenas FC charl\u00f3 con \u201cLocos X La Liga\u201d, el programa oficial de la Liga Paranaense de F\u00fatbol\u201d. Durante la conversaci\u00f3n, la ex futbolista asegur\u00f3 que el principal objetivo es seguir fomentando y desarrollando sus categor\u00edas formativas. Carolina Benke, m\u00e1xima dirigente de Arenas FC, en la entrevista brindada a \u201cLocos X La&#8230;<\/p>\n","protected":false},"author":6,"featured_media":4772,"comment_status":"open","ping_status":"open","sticky":false,"template":"","format":"standard","meta":{"footnotes":""},"categories":[5,7,2],"tags":[],"class_list":["post-4771","post","type-post","status-publish","format-standard","has-post-thumbnail","hentry","category-femenino","category-institucional","category-noticias"],"featured_image_src":"https:\/\/lpfparana.com.ar\/inicio\/wp-content\/uploads\/2025\/02\/fb19951c-7129-45f5-a33f-072058b49e6b.jpeg","author_info":{"display_name":"Juan Manuel Fernandez","author_link":"https:\/\/lpfparana.com.ar\/inicio\/author\/juanma\/"},"yoast_head":"<!-- This site is optimized with the Yoast SEO Premium plugin v23.3 (Yoast SEO v27.2) - https:\/\/yoast.com\/product\/yoast-seo-premium-wordpress\/ -->\n<title>\u201cQueremos seguir fomentando el semillero\u201d -<\/title>\n<meta name=\"robots\" content=\"index, follow, max-snippet:-1, max-image-preview:large, max-video-preview:-1\" \/>\n<link rel=\"canonical\" href=\"https:\/\/lpfparana.com.ar\/inicio\/queremos-seguir-fomentando-el-semillero\/\" \/>\n<meta property=\"og:locale\" content=\"es_ES\" \/>\n<meta property=\"og:type\" content=\"article\" \/>\n<meta property=\"og:title\" content=\"\u201cQueremos seguir fomentando el semillero\u201d\" \/>\n<meta property=\"og:description\" content=\"Carolina Benke, Presidenta de Arenas FC charl\u00f3 con \u201cLocos X La Liga\u201d, el programa oficial de la Liga Paranaense de F\u00fatbol\u201d. Durante la conversaci\u00f3n, la ex futbolista asegur\u00f3 que el principal objetivo es seguir fomentando y desarrollando sus categor\u00edas formativas. Carolina Benke, m\u00e1xima dirigente de Arenas FC, en la entrevista brindada a \u201cLocos X La...\" \/>\n<meta property=\"og:url\" content=\"https:\/\/lpfparana.com.ar\/inicio\/queremos-seguir-fomentando-el-semillero\/\" \/>\n<meta property=\"article:published_time\" content=\"2025-02-22T13:45:33+00:00\" \/>\n<meta property=\"article:modified_time\" content=\"2025-02-22T13:45:35+00:00\" \/>\n<meta property=\"og:image\" content=\"https:\/\/lpfparana.com.ar\/inicio\/wp-content\/uploads\/2025\/02\/fb19951c-7129-45f5-a33f-072058b49e6b.jpeg\" \/>\n\t<meta property=\"og:image:width\" content=\"1280\" \/>\n\t<meta property=\"og:image:height\" content=\"720\" \/>\n\t<meta property=\"og:image:type\" content=\"image\/jpeg\" \/>\n<meta name=\"author\" content=\"Juan Manuel Fernandez\" \/>\n<meta name=\"twitter:card\" content=\"summary_large_image\" \/>\n<meta name=\"twitter:label1\" content=\"Escrito por\" \/>\n\t<meta name=\"twitter:data1\" content=\"Juan Manuel Fernandez\" \/>\n\t<meta name=\"twitter:label2\" content=\"Tiempo de lectura\" \/>\n\t<meta name=\"twitter:data2\" content=\"3 minutos\" \/>\n<script type=\"application\/ld+json\" class=\"yoast-schema-graph\">{\"@context\":\"https:\/\/schema.org\",\"@graph\":[{\"@type\":\"Article\",\"@id\":\"https:\/\/lpfparana.com.ar\/inicio\/queremos-seguir-fomentando-el-semillero\/#article\",\"isPartOf\":{\"@id\":\"https:\/\/lpfparana.com.ar\/inicio\/queremos-seguir-fomentando-el-semillero\/\"},\"author\":{\"name\":\"Juan Manuel Fernandez\",\"@id\":\"https:\/\/lpfparana.com.ar\/inicio\/#\/schema\/person\/5db3866b404cb9672f70c499a9ede0e1\"},\"headline\":\"\u201cQueremos seguir fomentando el semillero\u201d\",\"datePublished\":\"2025-02-22T13:45:33+00:00\",\"dateModified\":\"2025-02-22T13:45:35+00:00\",\"mainEntityOfPage\":{\"@id\":\"https:\/\/lpfparana.com.ar\/inicio\/queremos-seguir-fomentando-el-semillero\/\"},\"wordCount\":448,\"commentCount\":0,\"image\":{\"@id\":\"https:\/\/lpfparana.com.ar\/inicio\/queremos-seguir-fomentando-el-semillero\/#primaryimage\"},\"thumbnailUrl\":\"https:\/\/lpfparana.com.ar\/inicio\/wp-content\/uploads\/2025\/02\/fb19951c-7129-45f5-a33f-072058b49e6b.jpeg\",\"articleSection\":[\"Femenino\",\"Institucional\",\"Noticias\"],\"inLanguage\":\"es\",\"potentialAction\":[{\"@type\":\"CommentAction\",\"name\":\"Comment\",\"target\":[\"https:\/\/lpfparana.com.ar\/inicio\/queremos-seguir-fomentando-el-semillero\/#respond\"]}]},{\"@type\":\"WebPage\",\"@id\":\"https:\/\/lpfparana.com.ar\/inicio\/queremos-seguir-fomentando-el-semillero\/\",\"url\":\"https:\/\/lpfparana.com.ar\/inicio\/queremos-seguir-fomentando-el-semillero\/\",\"name\":\"\u201cQueremos seguir fomentando el semillero\u201d -\",\"isPartOf\":{\"@id\":\"https:\/\/lpfparana.com.ar\/inicio\/#website\"},\"primaryImageOfPage\":{\"@id\":\"https:\/\/lpfparana.com.ar\/inicio\/queremos-seguir-fomentando-el-semillero\/#primaryimage\"},\"image\":{\"@id\":\"https:\/\/lpfparana.com.ar\/inicio\/queremos-seguir-fomentando-el-semillero\/#primaryimage\"},\"thumbnailUrl\":\"https:\/\/lpfparana.com.ar\/inicio\/wp-content\/uploads\/2025\/02\/fb19951c-7129-45f5-a33f-072058b49e6b.jpeg\",\"datePublished\":\"2025-02-22T13:45:33+00:00\",\"dateModified\":\"2025-02-22T13:45:35+00:00\",\"author\":{\"@id\":\"https:\/\/lpfparana.com.ar\/inicio\/#\/schema\/person\/5db3866b404cb9672f70c499a9ede0e1\"},\"breadcrumb\":{\"@id\":\"https:\/\/lpfparana.com.ar\/inicio\/queremos-seguir-fomentando-el-semillero\/#breadcrumb\"},\"inLanguage\":\"es\",\"potentialAction\":[{\"@type\":\"ReadAction\",\"target\":[\"https:\/\/lpfparana.com.ar\/inicio\/queremos-seguir-fomentando-el-semillero\/\"]}]},{\"@type\":\"ImageObject\",\"inLanguage\":\"es\",\"@id\":\"https:\/\/lpfparana.com.ar\/inicio\/queremos-seguir-fomentando-el-semillero\/#primaryimage\",\"url\":\"https:\/\/lpfparana.com.ar\/inicio\/wp-content\/uploads\/2025\/02\/fb19951c-7129-45f5-a33f-072058b49e6b.jpeg\",\"contentUrl\":\"https:\/\/lpfparana.com.ar\/inicio\/wp-content\/uploads\/2025\/02\/fb19951c-7129-45f5-a33f-072058b49e6b.jpeg\",\"width\":1280,\"height\":720},{\"@type\":\"BreadcrumbList\",\"@id\":\"https:\/\/lpfparana.com.ar\/inicio\/queremos-seguir-fomentando-el-semillero\/#breadcrumb\",\"itemListElement\":[{\"@type\":\"ListItem\",\"position\":1,\"name\":\"Portada\",\"item\":\"https:\/\/lpfparana.com.ar\/inicio\/\"},{\"@type\":\"ListItem\",\"position\":2,\"name\":\"\u201cQueremos seguir fomentando el semillero\u201d\"}]},{\"@type\":\"WebSite\",\"@id\":\"https:\/\/lpfparana.com.ar\/inicio\/#website\",\"url\":\"https:\/\/lpfparana.com.ar\/inicio\/\",\"name\":\"\",\"description\":\"LPF Paran\u00e1\",\"potentialAction\":[{\"@type\":\"SearchAction\",\"target\":{\"@type\":\"EntryPoint\",\"urlTemplate\":\"https:\/\/lpfparana.com.ar\/inicio\/?s={search_term_string}\"},\"query-input\":{\"@type\":\"PropertyValueSpecification\",\"valueRequired\":true,\"valueName\":\"search_term_string\"}}],\"inLanguage\":\"es\"},{\"@type\":\"Person\",\"@id\":\"https:\/\/lpfparana.com.ar\/inicio\/#\/schema\/person\/5db3866b404cb9672f70c499a9ede0e1\",\"name\":\"Juan Manuel Fernandez\",\"image\":{\"@type\":\"ImageObject\",\"inLanguage\":\"es\",\"@id\":\"https:\/\/secure.gravatar.com\/avatar\/b9ded3b46d997a47d4ffae36e85d6b17e879993cc483e0eae0cf69b9c53626e9?s=96&d=mm&r=g\",\"url\":\"https:\/\/secure.gravatar.com\/avatar\/b9ded3b46d997a47d4ffae36e85d6b17e879993cc483e0eae0cf69b9c53626e9?s=96&d=mm&r=g\",\"contentUrl\":\"https:\/\/secure.gravatar.com\/avatar\/b9ded3b46d997a47d4ffae36e85d6b17e879993cc483e0eae0cf69b9c53626e9?s=96&d=mm&r=g\",\"caption\":\"Juan Manuel Fernandez\"},\"url\":\"https:\/\/lpfparana.com.ar\/inicio\/author\/juanma\/\"}]}<\/script>\n<!-- \/ Yoast SEO Premium plugin. -->","yoast_head_json":{"title":"\u201cQueremos seguir fomentando el semillero\u201d -","robots":{"index":"index","follow":"follow","max-snippet":"max-snippet:-1","max-image-preview":"max-image-preview:large","max-video-preview":"max-video-preview:-1"},"canonical":"https:\/\/lpfparana.com.ar\/inicio\/queremos-seguir-fomentando-el-semillero\/","og_locale":"es_ES","og_type":"article","og_title":"\u201cQueremos seguir fomentando el semillero\u201d","og_description":"Carolina Benke, Presidenta de Arenas FC charl\u00f3 con \u201cLocos X La Liga\u201d, el programa oficial de la Liga Paranaense de F\u00fatbol\u201d. Durante la conversaci\u00f3n, la ex futbolista asegur\u00f3 que el principal objetivo es seguir fomentando y desarrollando sus categor\u00edas formativas. Carolina Benke, m\u00e1xima dirigente de Arenas FC, en la entrevista brindada a \u201cLocos X La...","og_url":"https:\/\/lpfparana.com.ar\/inicio\/queremos-seguir-fomentando-el-semillero\/","article_published_time":"2025-02-22T13:45:33+00:00","article_modified_time":"2025-02-22T13:45:35+00:00","og_image":[{"width":1280,"height":720,"url":"https:\/\/lpfparana.com.ar\/inicio\/wp-content\/uploads\/2025\/02\/fb19951c-7129-45f5-a33f-072058b49e6b.jpeg","type":"image\/jpeg"}],"author":"Juan Manuel Fernandez","twitter_card":"summary_large_image","twitter_misc":{"Escrito por":"Juan Manuel Fernandez","Tiempo de lectura":"3 minutos"},"schema":{"@context":"https:\/\/schema.org","@graph":[{"@type":"Article","@id":"https:\/\/lpfparana.com.ar\/inicio\/queremos-seguir-fomentando-el-semillero\/#article","isPartOf":{"@id":"https:\/\/lpfparana.com.ar\/inicio\/queremos-seguir-fomentando-el-semillero\/"},"author":{"name":"Juan Manuel Fernandez","@id":"https:\/\/lpfparana.com.ar\/inicio\/#\/schema\/person\/5db3866b404cb9672f70c499a9ede0e1"},"headline":"\u201cQueremos seguir fomentando el semillero\u201d","datePublished":"2025-02-22T13:45:33+00:00","dateModified":"2025-02-22T13:45:35+00:00","mainEntityOfPage":{"@id":"https:\/\/lpfparana.com.ar\/inicio\/queremos-seguir-fomentando-el-semillero\/"},"wordCount":448,"commentCount":0,"image":{"@id":"https:\/\/lpfparana.com.ar\/inicio\/queremos-seguir-fomentando-el-semillero\/#primaryimage"},"thumbnailUrl":"https:\/\/lpfparana.com.ar\/inicio\/wp-content\/uploads\/2025\/02\/fb19951c-7129-45f5-a33f-072058b49e6b.jpeg","articleSection":["Femenino","Institucional","Noticias"],"inLanguage":"es","potentialAction":[{"@type":"CommentAction","name":"Comment","target":["https:\/\/lpfparana.com.ar\/inicio\/queremos-seguir-fomentando-el-semillero\/#respond"]}]},{"@type":"WebPage","@id":"https:\/\/lpfparana.com.ar\/inicio\/queremos-seguir-fomentando-el-semillero\/","url":"https:\/\/lpfparana.com.ar\/inicio\/queremos-seguir-fomentando-el-semillero\/","name":"\u201cQueremos seguir fomentando el semillero\u201d -","isPartOf":{"@id":"https:\/\/lpfparana.com.ar\/inicio\/#website"},"primaryImageOfPage":{"@id":"https:\/\/lpfparana.com.ar\/inicio\/queremos-seguir-fomentando-el-semillero\/#primaryimage"},"image":{"@id":"https:\/\/lpfparana.com.ar\/inicio\/queremos-seguir-fomentando-el-semillero\/#primaryimage"},"thumbnailUrl":"https:\/\/lpfparana.com.ar\/inicio\/wp-content\/uploads\/2025\/02\/fb19951c-7129-45f5-a33f-072058b49e6b.jpeg","datePublished":"2025-02-22T13:45:33+00:00","dateModified":"2025-02-22T13:45:35+00:00","author":{"@id":"https:\/\/lpfparana.com.ar\/inicio\/#\/schema\/person\/5db3866b404cb9672f70c499a9ede0e1"},"breadcrumb":{"@id":"https:\/\/lpfparana.com.ar\/inicio\/queremos-seguir-fomentando-el-semillero\/#breadcrumb"},"inLanguage":"es","potentialAction":[{"@type":"ReadAction","target":["https:\/\/lpfparana.com.ar\/inicio\/queremos-seguir-fomentando-el-semillero\/"]}]},{"@type":"ImageObject","inLanguage":"es","@id":"https:\/\/lpfparana.com.ar\/inicio\/queremos-seguir-fomentando-el-semillero\/#primaryimage","url":"https:\/\/lpfparana.com.ar\/inicio\/wp-content\/uploads\/2025\/02\/fb19951c-7129-45f5-a33f-072058b49e6b.jpeg","contentUrl":"https:\/\/lpfparana.com.ar\/inicio\/wp-content\/uploads\/2025\/02\/fb19951c-7129-45f5-a33f-072058b49e6b.jpeg","width":1280,"height":720},{"@type":"BreadcrumbList","@id":"https:\/\/lpfparana.com.ar\/inicio\/queremos-seguir-fomentando-el-semillero\/#breadcrumb","itemListElement":[{"@type":"ListItem","position":1,"name":"Portada","item":"https:\/\/lpfparana.com.ar\/inicio\/"},{"@type":"ListItem","position":2,"name":"\u201cQueremos seguir fomentando el semillero\u201d"}]},{"@type":"WebSite","@id":"https:\/\/lpfparana.com.ar\/inicio\/#website","url":"https:\/\/lpfparana.com.ar\/inicio\/","name":"","description":"LPF Paran\u00e1","potentialAction":[{"@type":"SearchAction","target":{"@type":"EntryPoint","urlTemplate":"https:\/\/lpfparana.com.ar\/inicio\/?s={search_term_string}"},"query-input":{"@type":"PropertyValueSpecification","valueRequired":true,"valueName":"search_term_string"}}],"inLanguage":"es"},{"@type":"Person","@id":"https:\/\/lpfparana.com.ar\/inicio\/#\/schema\/person\/5db3866b404cb9672f70c499a9ede0e1","name":"Juan Manuel Fernandez","image":{"@type":"ImageObject","inLanguage":"es","@id":"https:\/\/secure.gravatar.com\/avatar\/b9ded3b46d997a47d4ffae36e85d6b17e879993cc483e0eae0cf69b9c53626e9?s=96&d=mm&r=g","url":"https:\/\/secure.gravatar.com\/avatar\/b9ded3b46d997a47d4ffae36e85d6b17e879993cc483e0eae0cf69b9c53626e9?s=96&d=mm&r=g","contentUrl":"https:\/\/secure.gravatar.com\/avatar\/b9ded3b46d997a47d4ffae36e85d6b17e879993cc483e0eae0cf69b9c53626e9?s=96&d=mm&r=g","caption":"Juan Manuel Fernandez"},"url":"https:\/\/lpfparana.com.ar\/inicio\/author\/juanma\/"}]}},"_links":{"self":[{"href":"https:\/\/lpfparana.com.ar\/inicio\/wp-json\/wp\/v2\/posts\/4771","targetHints":{"allow":["GET"]}}],"collection":[{"href":"https:\/\/lpfparana.com.ar\/inicio\/wp-json\/wp\/v2\/posts"}],"about":[{"href":"https:\/\/lpfparana.com.ar\/inicio\/wp-json\/wp\/v2\/types\/post"}],"author":[{"embeddable":true,"href":"https:\/\/lpfparana.com.ar\/inicio\/wp-json\/wp\/v2\/users\/6"}],"replies":[{"embeddable":true,"href":"https:\/\/lpfparana.com.ar\/inicio\/wp-json\/wp\/v2\/comments?post=4771"}],"version-history":[{"count":4,"href":"https:\/\/lpfparana.com.ar\/inicio\/wp-json\/wp\/v2\/posts\/4771\/revisions"}],"predecessor-version":[{"id":4783,"href":"https:\/\/lpfparana.com.ar\/inicio\/wp-json\/wp\/v2\/posts\/4771\/revisions\/4783"}],"wp:featuredmedia":[{"embeddable":true,"href":"https:\/\/lpfparana.com.ar\/inicio\/wp-json\/wp\/v2\/media\/4772"}],"wp:attachment":[{"href":"https:\/\/lpfparana.com.ar\/inicio\/wp-json\/wp\/v2\/media?parent=4771"}],"wp:term":[{"taxonomy":"category","embeddable":true,"href":"https:\/\/lpfparana.com.ar\/inicio\/wp-json\/wp\/v2\/categories?post=4771"},{"taxonomy":"post_tag","embeddable":true,"href":"https:\/\/lpfparana.com.ar\/inicio\/wp-json\/wp\/v2\/tags?post=4771"}],"curies":[{"name":"wp","href":"https:\/\/api.w.org\/{rel}","templated":true}]}}