{"id":4767,"date":"2025-02-21T11:40:16","date_gmt":"2025-02-21T14:40:16","guid":{"rendered":"https:\/\/lpfparana.com.ar\/inicio\/?p=4767"},"modified":"2025-02-21T11:40:19","modified_gmt":"2025-02-21T14:40:19","slug":"alejandro-schneider-mantuvo-una-importante-reunion-con-dirigentes-de-los-clubes","status":"publish","type":"post","link":"https:\/\/lpfparana.com.ar\/inicio\/alejandro-schneider-mantuvo-una-importante-reunion-con-dirigentes-de-los-clubes\/","title":{"rendered":"Alejandro Schneider mantuvo una importante reuni\u00f3n con dirigentes de los clubes"},"content":{"rendered":"\n<h3 class=\"wp-block-heading\" id=\"h-se-viene-un-2025-lleno-de-competencias-en-todas-las-categorias-y-el-maximo-dirigente-de-la-liga-paranaense-de-futbol-mantuvo-una-reunion-donde-se-tocaron-temas-importantes-relacionados-a-la-actual-temporada\">Se viene un 2025 lleno de competencias en todas las categor\u00edas y el m\u00e1ximo dirigente de la Liga Paranaense de F\u00fatbol mantuvo una reuni\u00f3n donde se tocaron temas importantes relacionados a la actual temporada.<\/h3>\n\n\n\n<p>En la noche de este jueves, Alejandro Schneider, presidente de la Liga Paranaense de F\u00fatbol mantuvo una reuni\u00f3n con dirigentes de los clubes que forman parte del f\u00fatbol hogare\u00f1o. En la reuni\u00f3n que se realiz\u00f3 en la Subsecretar\u00eda de Deportes de la Municipalidad de Paran\u00e1 se trataron temas importantes.<\/p>\n\n\n\n<p>Entre las principales novedades, se confirm\u00f3 que la Copa de la Liga Paranaense ser\u00e1 el primer certamen del a\u00f1o. Para las categor\u00edas mayores dar\u00e1 inicio el 30 de marzo. En Primera Divisi\u00f3n Masculina ser\u00e1n 24 equipos los que jugar\u00e1n. De estos 16 son de la LPF y los restantes ochos elencos invitados de la Liga Diamantina.<\/p>\n\n\n\n<p>En Primera Masculina se dividir\u00e1n en cuatro zonas de seis equipos (cuatro de Paran\u00e1 y dos de Diamante), clasificando los cuatro primeros de cada zona a octavos de final. Se har\u00e1 una tabla general y se ir\u00e1n cruzando el equipo que finaliz\u00f3 1 con el clasificado 16 y as\u00ed sucesivamente. Todav\u00eda quedan algunos detalles a definir.<\/p>\n\n\n\n<h4 class=\"wp-block-heading\" id=\"h-sin-cupo-para-mayores-de-35\">Sin cupo para mayores de 35<\/h4>\n\n\n\n<p>Uno de los detalles que fue votado por los dirigentes de los clubes en la reuni\u00f3n de este jueves, fue la continuidad de la reglamentaci\u00f3n, que para este a\u00f1o permite que los jugadores mayores sean los nacidos en el a\u00f1o 1990, ya no pueden jugar los categor\u00eda 1989, que lo hac\u00edan el a\u00f1o pasado.<\/p>\n\n\n\n<p>Este tema se trat\u00f3 con la sugerencia de la mesa directiva, de ampliar a tres plazas por equipos, con jugadores hasta categor\u00eda 1987, con la libertad de que los arqueros puedan jugar sin restricci\u00f3n de edad, pero esto fue desestimado por la mayor\u00eda de los clubes, que vot\u00f3 por seguir como se ven\u00eda jugando.<\/p>\n\n\n\n<h4 class=\"wp-block-heading\" id=\"h-femenino-y-sub-23\">Femenino y Sub 23<\/h4>\n\n\n\n<p>Sub 23 y Primera Femenina comenzar\u00e1n tambi\u00e9n en la misma fecha. La sub tendr\u00eda en principio 20 elencos disputando la Copa, ya que solamente cuatro elencos de Diamante vendr\u00edan con dicha categor\u00eda<\/p>\n\n\n\n<p>En el caso del femenino, se jugar\u00e1 un primer torneo clasificatorio para la Copa T\u00fanel Subfluvial, que se jugar\u00e1 a mitad de a\u00f1o. De esta competencia saldr\u00e1n los ocho equipos que representar\u00e1n a la Liga Paranaense, &nbsp;para enfrentar a sus similares de la Liga Santafesina. Posteriormente dar\u00e1 inicio el torneo oficial, donde jugar\u00e1n todos contra todos a dos ruedas.<\/p>\n\n\n\n<h4 class=\"wp-block-heading\" id=\"h-juveniles-pre-infantiles-y-promesas\">Juveniles, Pre-Infantiles y Promesas<\/h4>\n\n\n\n<p>La categor\u00eda juveniles comenzar\u00e1n el fin de semana del s\u00e1bado 5 de Abril. Las jornadas sabatinas fueron las elegidas para que jueguen de Cuarta a Novena Divisi\u00f3n. Lo mismo pasar\u00e1 con los Pre-Infantiles, que comenzar\u00e1n una semana despu\u00e9s.<\/p>\n\n\n\n<p>Copa Promesas pasar\u00e1 para el d\u00eda domingo, comenzando a jugar desde el 13 de abril. Este certamen ya no se jugar\u00e1 todos los fines de semana, sino que tendr\u00e1 actividad cada 15 d\u00edas. &nbsp;<\/p>\n\n\n\n<p>El fin de semana previo a la competencia de Pre-Infantiles y Promesas, se har\u00e1 un torneo de \u201cBienvenida\u201d, donde van a jugar los ni\u00f1os\/as de las categor\u00edas 2012 a 2019.<\/p>\n","protected":false},"excerpt":{"rendered":"<p>Se viene un 2025 lleno de competencias en todas las categor\u00edas y el m\u00e1ximo dirigente de la Liga Paranaense de F\u00fatbol mantuvo una reuni\u00f3n donde se tocaron temas importantes relacionados a la actual temporada. En la noche de este jueves, Alejandro Schneider, presidente de la Liga Paranaense de F\u00fatbol mantuvo una reuni\u00f3n con dirigentes de&#8230;<\/p>\n","protected":false},"author":4,"featured_media":4768,"comment_status":"open","ping_status":"open","sticky":false,"template":"","format":"standard","meta":{"footnotes":""},"categories":[7,2],"tags":[],"class_list":["post-4767","post","type-post","status-publish","format-standard","has-post-thumbnail","hentry","category-institucional","category-noticias"],"featured_image_src":"https:\/\/lpfparana.com.ar\/inicio\/wp-content\/uploads\/2025\/02\/20250220_202932-scaled.jpg","author_info":{"display_name":"Juan Manuel L\u00f3pez","author_link":"https:\/\/lpfparana.com.ar\/inicio\/author\/juanito\/"},"yoast_head":"<!-- This site is optimized with the Yoast SEO Premium plugin v23.3 (Yoast SEO v27.2) - https:\/\/yoast.com\/product\/yoast-seo-premium-wordpress\/ -->\n<title>Alejandro Schneider mantuvo una importante reuni\u00f3n con...<\/title>\n<meta name=\"description\" content=\"Se viene un 2025 lleno de competencias en todas las categor\u00edas y el m\u00e1ximo dirigente de la Liga Paranaense de F\u00fatbol mantuvo una reuni\u00f3n...\" \/>\n<meta name=\"robots\" content=\"index, follow, max-snippet:-1, max-image-preview:large, max-video-preview:-1\" \/>\n<link rel=\"canonical\" href=\"https:\/\/lpfparana.com.ar\/inicio\/alejandro-schneider-mantuvo-una-importante-reunion-con-dirigentes-de-los-clubes\/\" \/>\n<meta property=\"og:locale\" content=\"es_ES\" \/>\n<meta property=\"og:type\" content=\"article\" \/>\n<meta property=\"og:title\" content=\"Alejandro Schneider mantuvo una importante reuni\u00f3n con dirigentes de los clubes\" \/>\n<meta property=\"og:description\" content=\"Se viene un 2025 lleno de competencias en todas las categor\u00edas y el m\u00e1ximo dirigente de la Liga Paranaense de F\u00fatbol mantuvo una reuni\u00f3n...\" \/>\n<meta property=\"og:url\" content=\"https:\/\/lpfparana.com.ar\/inicio\/alejandro-schneider-mantuvo-una-importante-reunion-con-dirigentes-de-los-clubes\/\" \/>\n<meta property=\"article:published_time\" content=\"2025-02-21T14:40:16+00:00\" \/>\n<meta property=\"article:modified_time\" content=\"2025-02-21T14:40:19+00:00\" \/>\n<meta property=\"og:image\" content=\"https:\/\/lpfparana.com.ar\/inicio\/wp-content\/uploads\/2025\/02\/20250220_202932-scaled.jpg\" \/>\n\t<meta property=\"og:image:width\" content=\"2560\" \/>\n\t<meta property=\"og:image:height\" content=\"1441\" \/>\n\t<meta property=\"og:image:type\" content=\"image\/jpeg\" \/>\n<meta name=\"author\" content=\"Juan Manuel L\u00f3pez\" \/>\n<meta name=\"twitter:card\" content=\"summary_large_image\" \/>\n<meta name=\"twitter:label1\" content=\"Escrito por\" \/>\n\t<meta name=\"twitter:data1\" content=\"Juan Manuel L\u00f3pez\" \/>\n\t<meta name=\"twitter:label2\" content=\"Tiempo de lectura\" \/>\n\t<meta name=\"twitter:data2\" content=\"3 minutos\" \/>\n<script type=\"application\/ld+json\" class=\"yoast-schema-graph\">{\"@context\":\"https:\/\/schema.org\",\"@graph\":[{\"@type\":\"Article\",\"@id\":\"https:\/\/lpfparana.com.ar\/inicio\/alejandro-schneider-mantuvo-una-importante-reunion-con-dirigentes-de-los-clubes\/#article\",\"isPartOf\":{\"@id\":\"https:\/\/lpfparana.com.ar\/inicio\/alejandro-schneider-mantuvo-una-importante-reunion-con-dirigentes-de-los-clubes\/\"},\"author\":{\"name\":\"Juan Manuel L\u00f3pez\",\"@id\":\"https:\/\/lpfparana.com.ar\/inicio\/#\/schema\/person\/e4a909baf07553d45f0fb7b76f656d76\"},\"headline\":\"Alejandro Schneider mantuvo una importante reuni\u00f3n con dirigentes de los clubes\",\"datePublished\":\"2025-02-21T14:40:16+00:00\",\"dateModified\":\"2025-02-21T14:40:19+00:00\",\"mainEntityOfPage\":{\"@id\":\"https:\/\/lpfparana.com.ar\/inicio\/alejandro-schneider-mantuvo-una-importante-reunion-con-dirigentes-de-los-clubes\/\"},\"wordCount\":555,\"commentCount\":0,\"image\":{\"@id\":\"https:\/\/lpfparana.com.ar\/inicio\/alejandro-schneider-mantuvo-una-importante-reunion-con-dirigentes-de-los-clubes\/#primaryimage\"},\"thumbnailUrl\":\"https:\/\/lpfparana.com.ar\/inicio\/wp-content\/uploads\/2025\/02\/20250220_202932-scaled.jpg\",\"articleSection\":[\"Institucional\",\"Noticias\"],\"inLanguage\":\"es\",\"potentialAction\":[{\"@type\":\"CommentAction\",\"name\":\"Comment\",\"target\":[\"https:\/\/lpfparana.com.ar\/inicio\/alejandro-schneider-mantuvo-una-importante-reunion-con-dirigentes-de-los-clubes\/#respond\"]}]},{\"@type\":\"WebPage\",\"@id\":\"https:\/\/lpfparana.com.ar\/inicio\/alejandro-schneider-mantuvo-una-importante-reunion-con-dirigentes-de-los-clubes\/\",\"url\":\"https:\/\/lpfparana.com.ar\/inicio\/alejandro-schneider-mantuvo-una-importante-reunion-con-dirigentes-de-los-clubes\/\",\"name\":\"Alejandro Schneider mantuvo una importante reuni\u00f3n con...\",\"isPartOf\":{\"@id\":\"https:\/\/lpfparana.com.ar\/inicio\/#website\"},\"primaryImageOfPage\":{\"@id\":\"https:\/\/lpfparana.com.ar\/inicio\/alejandro-schneider-mantuvo-una-importante-reunion-con-dirigentes-de-los-clubes\/#primaryimage\"},\"image\":{\"@id\":\"https:\/\/lpfparana.com.ar\/inicio\/alejandro-schneider-mantuvo-una-importante-reunion-con-dirigentes-de-los-clubes\/#primaryimage\"},\"thumbnailUrl\":\"https:\/\/lpfparana.com.ar\/inicio\/wp-content\/uploads\/2025\/02\/20250220_202932-scaled.jpg\",\"datePublished\":\"2025-02-21T14:40:16+00:00\",\"dateModified\":\"2025-02-21T14:40:19+00:00\",\"author\":{\"@id\":\"https:\/\/lpfparana.com.ar\/inicio\/#\/schema\/person\/e4a909baf07553d45f0fb7b76f656d76\"},\"description\":\"Se viene un 2025 lleno de competencias en todas las categor\u00edas y el m\u00e1ximo dirigente de la Liga Paranaense de F\u00fatbol mantuvo una reuni\u00f3n...\",\"breadcrumb\":{\"@id\":\"https:\/\/lpfparana.com.ar\/inicio\/alejandro-schneider-mantuvo-una-importante-reunion-con-dirigentes-de-los-clubes\/#breadcrumb\"},\"inLanguage\":\"es\",\"potentialAction\":[{\"@type\":\"ReadAction\",\"target\":[\"https:\/\/lpfparana.com.ar\/inicio\/alejandro-schneider-mantuvo-una-importante-reunion-con-dirigentes-de-los-clubes\/\"]}]},{\"@type\":\"ImageObject\",\"inLanguage\":\"es\",\"@id\":\"https:\/\/lpfparana.com.ar\/inicio\/alejandro-schneider-mantuvo-una-importante-reunion-con-dirigentes-de-los-clubes\/#primaryimage\",\"url\":\"https:\/\/lpfparana.com.ar\/inicio\/wp-content\/uploads\/2025\/02\/20250220_202932-scaled.jpg\",\"contentUrl\":\"https:\/\/lpfparana.com.ar\/inicio\/wp-content\/uploads\/2025\/02\/20250220_202932-scaled.jpg\",\"width\":2560,\"height\":1441},{\"@type\":\"BreadcrumbList\",\"@id\":\"https:\/\/lpfparana.com.ar\/inicio\/alejandro-schneider-mantuvo-una-importante-reunion-con-dirigentes-de-los-clubes\/#breadcrumb\",\"itemListElement\":[{\"@type\":\"ListItem\",\"position\":1,\"name\":\"Portada\",\"item\":\"https:\/\/lpfparana.com.ar\/inicio\/\"},{\"@type\":\"ListItem\",\"position\":2,\"name\":\"Alejandro Schneider mantuvo una importante reuni\u00f3n con dirigentes de los clubes\"}]},{\"@type\":\"WebSite\",\"@id\":\"https:\/\/lpfparana.com.ar\/inicio\/#website\",\"url\":\"https:\/\/lpfparana.com.ar\/inicio\/\",\"name\":\"\",\"description\":\"LPF Paran\u00e1\",\"potentialAction\":[{\"@type\":\"SearchAction\",\"target\":{\"@type\":\"EntryPoint\",\"urlTemplate\":\"https:\/\/lpfparana.com.ar\/inicio\/?s={search_term_string}\"},\"query-input\":{\"@type\":\"PropertyValueSpecification\",\"valueRequired\":true,\"valueName\":\"search_term_string\"}}],\"inLanguage\":\"es\"},{\"@type\":\"Person\",\"@id\":\"https:\/\/lpfparana.com.ar\/inicio\/#\/schema\/person\/e4a909baf07553d45f0fb7b76f656d76\",\"name\":\"Juan Manuel L\u00f3pez\",\"image\":{\"@type\":\"ImageObject\",\"inLanguage\":\"es\",\"@id\":\"https:\/\/secure.gravatar.com\/avatar\/6fd4b36dc88658b1a9f8103e109f47885fcd020443829a5d936ca18f07c3d96c?s=96&d=mm&r=g\",\"url\":\"https:\/\/secure.gravatar.com\/avatar\/6fd4b36dc88658b1a9f8103e109f47885fcd020443829a5d936ca18f07c3d96c?s=96&d=mm&r=g\",\"contentUrl\":\"https:\/\/secure.gravatar.com\/avatar\/6fd4b36dc88658b1a9f8103e109f47885fcd020443829a5d936ca18f07c3d96c?s=96&d=mm&r=g\",\"caption\":\"Juan Manuel L\u00f3pez\"},\"url\":\"https:\/\/lpfparana.com.ar\/inicio\/author\/juanito\/\"}]}<\/script>\n<!-- \/ Yoast SEO Premium plugin. -->","yoast_head_json":{"title":"Alejandro Schneider mantuvo una importante reuni\u00f3n con...","description":"Se viene un 2025 lleno de competencias en todas las categor\u00edas y el m\u00e1ximo dirigente de la Liga Paranaense de F\u00fatbol mantuvo una reuni\u00f3n...","robots":{"index":"index","follow":"follow","max-snippet":"max-snippet:-1","max-image-preview":"max-image-preview:large","max-video-preview":"max-video-preview:-1"},"canonical":"https:\/\/lpfparana.com.ar\/inicio\/alejandro-schneider-mantuvo-una-importante-reunion-con-dirigentes-de-los-clubes\/","og_locale":"es_ES","og_type":"article","og_title":"Alejandro Schneider mantuvo una importante reuni\u00f3n con dirigentes de los clubes","og_description":"Se viene un 2025 lleno de competencias en todas las categor\u00edas y el m\u00e1ximo dirigente de la Liga Paranaense de F\u00fatbol mantuvo una reuni\u00f3n...","og_url":"https:\/\/lpfparana.com.ar\/inicio\/alejandro-schneider-mantuvo-una-importante-reunion-con-dirigentes-de-los-clubes\/","article_published_time":"2025-02-21T14:40:16+00:00","article_modified_time":"2025-02-21T14:40:19+00:00","og_image":[{"width":2560,"height":1441,"url":"https:\/\/lpfparana.com.ar\/inicio\/wp-content\/uploads\/2025\/02\/20250220_202932-scaled.jpg","type":"image\/jpeg"}],"author":"Juan Manuel L\u00f3pez","twitter_card":"summary_large_image","twitter_misc":{"Escrito por":"Juan Manuel L\u00f3pez","Tiempo de lectura":"3 minutos"},"schema":{"@context":"https:\/\/schema.org","@graph":[{"@type":"Article","@id":"https:\/\/lpfparana.com.ar\/inicio\/alejandro-schneider-mantuvo-una-importante-reunion-con-dirigentes-de-los-clubes\/#article","isPartOf":{"@id":"https:\/\/lpfparana.com.ar\/inicio\/alejandro-schneider-mantuvo-una-importante-reunion-con-dirigentes-de-los-clubes\/"},"author":{"name":"Juan Manuel L\u00f3pez","@id":"https:\/\/lpfparana.com.ar\/inicio\/#\/schema\/person\/e4a909baf07553d45f0fb7b76f656d76"},"headline":"Alejandro Schneider mantuvo una importante reuni\u00f3n con dirigentes de los clubes","datePublished":"2025-02-21T14:40:16+00:00","dateModified":"2025-02-21T14:40:19+00:00","mainEntityOfPage":{"@id":"https:\/\/lpfparana.com.ar\/inicio\/alejandro-schneider-mantuvo-una-importante-reunion-con-dirigentes-de-los-clubes\/"},"wordCount":555,"commentCount":0,"image":{"@id":"https:\/\/lpfparana.com.ar\/inicio\/alejandro-schneider-mantuvo-una-importante-reunion-con-dirigentes-de-los-clubes\/#primaryimage"},"thumbnailUrl":"https:\/\/lpfparana.com.ar\/inicio\/wp-content\/uploads\/2025\/02\/20250220_202932-scaled.jpg","articleSection":["Institucional","Noticias"],"inLanguage":"es","potentialAction":[{"@type":"CommentAction","name":"Comment","target":["https:\/\/lpfparana.com.ar\/inicio\/alejandro-schneider-mantuvo-una-importante-reunion-con-dirigentes-de-los-clubes\/#respond"]}]},{"@type":"WebPage","@id":"https:\/\/lpfparana.com.ar\/inicio\/alejandro-schneider-mantuvo-una-importante-reunion-con-dirigentes-de-los-clubes\/","url":"https:\/\/lpfparana.com.ar\/inicio\/alejandro-schneider-mantuvo-una-importante-reunion-con-dirigentes-de-los-clubes\/","name":"Alejandro Schneider mantuvo una importante reuni\u00f3n con...","isPartOf":{"@id":"https:\/\/lpfparana.com.ar\/inicio\/#website"},"primaryImageOfPage":{"@id":"https:\/\/lpfparana.com.ar\/inicio\/alejandro-schneider-mantuvo-una-importante-reunion-con-dirigentes-de-los-clubes\/#primaryimage"},"image":{"@id":"https:\/\/lpfparana.com.ar\/inicio\/alejandro-schneider-mantuvo-una-importante-reunion-con-dirigentes-de-los-clubes\/#primaryimage"},"thumbnailUrl":"https:\/\/lpfparana.com.ar\/inicio\/wp-content\/uploads\/2025\/02\/20250220_202932-scaled.jpg","datePublished":"2025-02-21T14:40:16+00:00","dateModified":"2025-02-21T14:40:19+00:00","author":{"@id":"https:\/\/lpfparana.com.ar\/inicio\/#\/schema\/person\/e4a909baf07553d45f0fb7b76f656d76"},"description":"Se viene un 2025 lleno de competencias en todas las categor\u00edas y el m\u00e1ximo dirigente de la Liga Paranaense de F\u00fatbol mantuvo una reuni\u00f3n...","breadcrumb":{"@id":"https:\/\/lpfparana.com.ar\/inicio\/alejandro-schneider-mantuvo-una-importante-reunion-con-dirigentes-de-los-clubes\/#breadcrumb"},"inLanguage":"es","potentialAction":[{"@type":"ReadAction","target":["https:\/\/lpfparana.com.ar\/inicio\/alejandro-schneider-mantuvo-una-importante-reunion-con-dirigentes-de-los-clubes\/"]}]},{"@type":"ImageObject","inLanguage":"es","@id":"https:\/\/lpfparana.com.ar\/inicio\/alejandro-schneider-mantuvo-una-importante-reunion-con-dirigentes-de-los-clubes\/#primaryimage","url":"https:\/\/lpfparana.com.ar\/inicio\/wp-content\/uploads\/2025\/02\/20250220_202932-scaled.jpg","contentUrl":"https:\/\/lpfparana.com.ar\/inicio\/wp-content\/uploads\/2025\/02\/20250220_202932-scaled.jpg","width":2560,"height":1441},{"@type":"BreadcrumbList","@id":"https:\/\/lpfparana.com.ar\/inicio\/alejandro-schneider-mantuvo-una-importante-reunion-con-dirigentes-de-los-clubes\/#breadcrumb","itemListElement":[{"@type":"ListItem","position":1,"name":"Portada","item":"https:\/\/lpfparana.com.ar\/inicio\/"},{"@type":"ListItem","position":2,"name":"Alejandro Schneider mantuvo una importante reuni\u00f3n con dirigentes de los clubes"}]},{"@type":"WebSite","@id":"https:\/\/lpfparana.com.ar\/inicio\/#website","url":"https:\/\/lpfparana.com.ar\/inicio\/","name":"","description":"LPF Paran\u00e1","potentialAction":[{"@type":"SearchAction","target":{"@type":"EntryPoint","urlTemplate":"https:\/\/lpfparana.com.ar\/inicio\/?s={search_term_string}"},"query-input":{"@type":"PropertyValueSpecification","valueRequired":true,"valueName":"search_term_string"}}],"inLanguage":"es"},{"@type":"Person","@id":"https:\/\/lpfparana.com.ar\/inicio\/#\/schema\/person\/e4a909baf07553d45f0fb7b76f656d76","name":"Juan Manuel L\u00f3pez","image":{"@type":"ImageObject","inLanguage":"es","@id":"https:\/\/secure.gravatar.com\/avatar\/6fd4b36dc88658b1a9f8103e109f47885fcd020443829a5d936ca18f07c3d96c?s=96&d=mm&r=g","url":"https:\/\/secure.gravatar.com\/avatar\/6fd4b36dc88658b1a9f8103e109f47885fcd020443829a5d936ca18f07c3d96c?s=96&d=mm&r=g","contentUrl":"https:\/\/secure.gravatar.com\/avatar\/6fd4b36dc88658b1a9f8103e109f47885fcd020443829a5d936ca18f07c3d96c?s=96&d=mm&r=g","caption":"Juan Manuel L\u00f3pez"},"url":"https:\/\/lpfparana.com.ar\/inicio\/author\/juanito\/"}]}},"_links":{"self":[{"href":"https:\/\/lpfparana.com.ar\/inicio\/wp-json\/wp\/v2\/posts\/4767","targetHints":{"allow":["GET"]}}],"collection":[{"href":"https:\/\/lpfparana.com.ar\/inicio\/wp-json\/wp\/v2\/posts"}],"about":[{"href":"https:\/\/lpfparana.com.ar\/inicio\/wp-json\/wp\/v2\/types\/post"}],"author":[{"embeddable":true,"href":"https:\/\/lpfparana.com.ar\/inicio\/wp-json\/wp\/v2\/users\/4"}],"replies":[{"embeddable":true,"href":"https:\/\/lpfparana.com.ar\/inicio\/wp-json\/wp\/v2\/comments?post=4767"}],"version-history":[{"count":1,"href":"https:\/\/lpfparana.com.ar\/inicio\/wp-json\/wp\/v2\/posts\/4767\/revisions"}],"predecessor-version":[{"id":4769,"href":"https:\/\/lpfparana.com.ar\/inicio\/wp-json\/wp\/v2\/posts\/4767\/revisions\/4769"}],"wp:featuredmedia":[{"embeddable":true,"href":"https:\/\/lpfparana.com.ar\/inicio\/wp-json\/wp\/v2\/media\/4768"}],"wp:attachment":[{"href":"https:\/\/lpfparana.com.ar\/inicio\/wp-json\/wp\/v2\/media?parent=4767"}],"wp:term":[{"taxonomy":"category","embeddable":true,"href":"https:\/\/lpfparana.com.ar\/inicio\/wp-json\/wp\/v2\/categories?post=4767"},{"taxonomy":"post_tag","embeddable":true,"href":"https:\/\/lpfparana.com.ar\/inicio\/wp-json\/wp\/v2\/tags?post=4767"}],"curies":[{"name":"wp","href":"https:\/\/api.w.org\/{rel}","templated":true}]}}