{"id":4764,"date":"2025-02-21T10:36:13","date_gmt":"2025-02-21T13:36:13","guid":{"rendered":"https:\/\/lpfparana.com.ar\/inicio\/?p=4764"},"modified":"2025-02-21T10:36:16","modified_gmt":"2025-02-21T13:36:16","slug":"patronato-ya-sabe-cuando-jugara-las-semifinales-con-colon-de-la-copa-tunel-subfluvial","status":"publish","type":"post","link":"https:\/\/lpfparana.com.ar\/inicio\/patronato-ya-sabe-cuando-jugara-las-semifinales-con-colon-de-la-copa-tunel-subfluvial\/","title":{"rendered":"Patronato ya sabe cuando jugar\u00e1 las semifinales con Col\u00f3n de la Copa T\u00fanel Subfluvial"},"content":{"rendered":"\n<h3 class=\"wp-block-heading\" id=\"h-el-rojinegro-unico-representante-de-la-liga-paranaense-de-futbol-que-se-metio-en-el-cuadro-final-visitara-el-proximo-domingo-desde-las-9-al-sabalero-por-el-juego-de-ida-mientras-que-la-vuelta-sera-el-viernes-28-desde-las-21-en-el-grella\">El Rojinegro, \u00fanico representante de la Liga Paranaense de F\u00fatbol que se meti\u00f3 en el cuadro final, visitar\u00e1 el pr\u00f3ximo domingo desde las 9 al Sabalero por el juego de ida, mientras que la vuelta ser\u00e1 el viernes 28, desde las 21 en el Grella.<\/h3>\n\n\n\n<p>La Copa T\u00fanel Subfluvial tuvo este jueves la presentaci\u00f3n de la Instancia Final, donde cuatro equipos han quedado en el camino por la lucha por el t\u00edtulo. Uni\u00f3n enfrentar\u00e1 a Gimnasia y Esgrima de Ciudadela; mientras que Col\u00f3n enfrentar\u00e1 al \u00fanico representante de la Liga Paranaense de F\u00fatbol, Patronato.<\/p>\n\n\n\n<p><br>El Rojinegro visitar\u00e1 el pr\u00f3ximo domingo desde las 9, en el estadio Brigadier L\u00f3pez, a Col\u00f3n. En lo que ser\u00e1 el partido de ida. Mientras que se supo tambi\u00e9n que la revancha tiene d\u00eda y horario. El viernes 28, en el estadio Presb\u00edtero Bartolom\u00e9 Grella, Patr\u00f3n ser\u00e1 local ante el Sabalero, desde las 21, por la semi de vuelta.<\/p>\n\n\n\n<h4 class=\"wp-block-heading\" id=\"h-la-otra-semifinal\"><br>La otra semifinal<\/h4>\n\n\n\n<p><br>El partido de Ida entre Uni\u00f3n y Gimnasia se jugar\u00e1 el s\u00e1bado desde las 17 en el estadio de La Perla del Oeste.<\/p>\n","protected":false},"excerpt":{"rendered":"<p>El Rojinegro, \u00fanico representante de la Liga Paranaense de F\u00fatbol que se meti\u00f3 en el cuadro final, visitar\u00e1 el pr\u00f3ximo domingo desde las 9 al Sabalero por el juego de ida, mientras que la vuelta ser\u00e1 el viernes 28, desde las 21 en el Grella. La Copa T\u00fanel Subfluvial tuvo este jueves la presentaci\u00f3n de&#8230;<\/p>\n","protected":false},"author":4,"featured_media":4765,"comment_status":"open","ping_status":"open","sticky":false,"template":"","format":"standard","meta":{"footnotes":""},"categories":[1],"tags":[],"class_list":["post-4764","post","type-post","status-publish","format-standard","has-post-thumbnail","hentry","category-sin-categoria"],"featured_image_src":"https:\/\/lpfparana.com.ar\/inicio\/wp-content\/uploads\/2025\/02\/WhatsApp-Image-2025-02-21-at-10.31.35-scaled.jpeg","author_info":{"display_name":"Juan Manuel L\u00f3pez","author_link":"https:\/\/lpfparana.com.ar\/inicio\/author\/juanito\/"},"yoast_head":"<!-- This site is optimized with the Yoast SEO Premium plugin v23.3 (Yoast SEO v27.2) - https:\/\/yoast.com\/product\/yoast-seo-premium-wordpress\/ -->\n<title>Patronato ya sabe cuando jugar\u00e1 las semifinales con Col\u00f3n de la Copa T\u00fanel Subfluvial -<\/title>\n<meta name=\"description\" content=\"El Rojinegro, \u00fanico representante de la Liga Paranaense de F\u00fatbol que se meti\u00f3 en el cuadro final, visitar\u00e1 el pr\u00f3ximo domingo desde las 9...\" \/>\n<meta name=\"robots\" content=\"index, follow, max-snippet:-1, max-image-preview:large, max-video-preview:-1\" \/>\n<link rel=\"canonical\" href=\"https:\/\/lpfparana.com.ar\/inicio\/patronato-ya-sabe-cuando-jugara-las-semifinales-con-colon-de-la-copa-tunel-subfluvial\/\" \/>\n<meta property=\"og:locale\" content=\"es_ES\" \/>\n<meta property=\"og:type\" content=\"article\" \/>\n<meta property=\"og:title\" content=\"Patronato ya sabe cuando jugar\u00e1 las semifinales con Col\u00f3n de la Copa T\u00fanel Subfluvial\" \/>\n<meta property=\"og:description\" content=\"El Rojinegro, \u00fanico representante de la Liga Paranaense de F\u00fatbol que se meti\u00f3 en el cuadro final, visitar\u00e1 el pr\u00f3ximo domingo desde las 9...\" \/>\n<meta property=\"og:url\" content=\"https:\/\/lpfparana.com.ar\/inicio\/patronato-ya-sabe-cuando-jugara-las-semifinales-con-colon-de-la-copa-tunel-subfluvial\/\" \/>\n<meta property=\"article:published_time\" content=\"2025-02-21T13:36:13+00:00\" \/>\n<meta property=\"article:modified_time\" content=\"2025-02-21T13:36:16+00:00\" \/>\n<meta property=\"og:image\" content=\"https:\/\/lpfparana.com.ar\/inicio\/wp-content\/uploads\/2025\/02\/WhatsApp-Image-2025-02-21-at-10.31.35-scaled.jpeg\" \/>\n\t<meta property=\"og:image:width\" content=\"2560\" \/>\n\t<meta property=\"og:image:height\" content=\"1706\" \/>\n\t<meta property=\"og:image:type\" content=\"image\/jpeg\" \/>\n<meta name=\"author\" content=\"Juan Manuel L\u00f3pez\" \/>\n<meta name=\"twitter:card\" content=\"summary_large_image\" \/>\n<meta name=\"twitter:label1\" content=\"Escrito por\" \/>\n\t<meta name=\"twitter:data1\" content=\"Juan Manuel L\u00f3pez\" \/>\n\t<meta name=\"twitter:label2\" content=\"Tiempo de lectura\" \/>\n\t<meta name=\"twitter:data2\" content=\"2 minutos\" \/>\n<script type=\"application\/ld+json\" class=\"yoast-schema-graph\">{\"@context\":\"https:\/\/schema.org\",\"@graph\":[{\"@type\":\"Article\",\"@id\":\"https:\/\/lpfparana.com.ar\/inicio\/patronato-ya-sabe-cuando-jugara-las-semifinales-con-colon-de-la-copa-tunel-subfluvial\/#article\",\"isPartOf\":{\"@id\":\"https:\/\/lpfparana.com.ar\/inicio\/patronato-ya-sabe-cuando-jugara-las-semifinales-con-colon-de-la-copa-tunel-subfluvial\/\"},\"author\":{\"name\":\"Juan Manuel L\u00f3pez\",\"@id\":\"https:\/\/lpfparana.com.ar\/inicio\/#\/schema\/person\/e4a909baf07553d45f0fb7b76f656d76\"},\"headline\":\"Patronato ya sabe cuando jugar\u00e1 las semifinales con Col\u00f3n de la Copa T\u00fanel Subfluvial\",\"datePublished\":\"2025-02-21T13:36:13+00:00\",\"dateModified\":\"2025-02-21T13:36:16+00:00\",\"mainEntityOfPage\":{\"@id\":\"https:\/\/lpfparana.com.ar\/inicio\/patronato-ya-sabe-cuando-jugara-las-semifinales-con-colon-de-la-copa-tunel-subfluvial\/\"},\"wordCount\":205,\"commentCount\":0,\"image\":{\"@id\":\"https:\/\/lpfparana.com.ar\/inicio\/patronato-ya-sabe-cuando-jugara-las-semifinales-con-colon-de-la-copa-tunel-subfluvial\/#primaryimage\"},\"thumbnailUrl\":\"https:\/\/lpfparana.com.ar\/inicio\/wp-content\/uploads\/2025\/02\/WhatsApp-Image-2025-02-21-at-10.31.35-scaled.jpeg\",\"inLanguage\":\"es\",\"potentialAction\":[{\"@type\":\"CommentAction\",\"name\":\"Comment\",\"target\":[\"https:\/\/lpfparana.com.ar\/inicio\/patronato-ya-sabe-cuando-jugara-las-semifinales-con-colon-de-la-copa-tunel-subfluvial\/#respond\"]}]},{\"@type\":\"WebPage\",\"@id\":\"https:\/\/lpfparana.com.ar\/inicio\/patronato-ya-sabe-cuando-jugara-las-semifinales-con-colon-de-la-copa-tunel-subfluvial\/\",\"url\":\"https:\/\/lpfparana.com.ar\/inicio\/patronato-ya-sabe-cuando-jugara-las-semifinales-con-colon-de-la-copa-tunel-subfluvial\/\",\"name\":\"Patronato ya sabe cuando jugar\u00e1 las semifinales con Col\u00f3n de la Copa T\u00fanel Subfluvial -\",\"isPartOf\":{\"@id\":\"https:\/\/lpfparana.com.ar\/inicio\/#website\"},\"primaryImageOfPage\":{\"@id\":\"https:\/\/lpfparana.com.ar\/inicio\/patronato-ya-sabe-cuando-jugara-las-semifinales-con-colon-de-la-copa-tunel-subfluvial\/#primaryimage\"},\"image\":{\"@id\":\"https:\/\/lpfparana.com.ar\/inicio\/patronato-ya-sabe-cuando-jugara-las-semifinales-con-colon-de-la-copa-tunel-subfluvial\/#primaryimage\"},\"thumbnailUrl\":\"https:\/\/lpfparana.com.ar\/inicio\/wp-content\/uploads\/2025\/02\/WhatsApp-Image-2025-02-21-at-10.31.35-scaled.jpeg\",\"datePublished\":\"2025-02-21T13:36:13+00:00\",\"dateModified\":\"2025-02-21T13:36:16+00:00\",\"author\":{\"@id\":\"https:\/\/lpfparana.com.ar\/inicio\/#\/schema\/person\/e4a909baf07553d45f0fb7b76f656d76\"},\"description\":\"El Rojinegro, \u00fanico representante de la Liga Paranaense de F\u00fatbol que se meti\u00f3 en el cuadro final, visitar\u00e1 el pr\u00f3ximo domingo desde las 9...\",\"breadcrumb\":{\"@id\":\"https:\/\/lpfparana.com.ar\/inicio\/patronato-ya-sabe-cuando-jugara-las-semifinales-con-colon-de-la-copa-tunel-subfluvial\/#breadcrumb\"},\"inLanguage\":\"es\",\"potentialAction\":[{\"@type\":\"ReadAction\",\"target\":[\"https:\/\/lpfparana.com.ar\/inicio\/patronato-ya-sabe-cuando-jugara-las-semifinales-con-colon-de-la-copa-tunel-subfluvial\/\"]}]},{\"@type\":\"ImageObject\",\"inLanguage\":\"es\",\"@id\":\"https:\/\/lpfparana.com.ar\/inicio\/patronato-ya-sabe-cuando-jugara-las-semifinales-con-colon-de-la-copa-tunel-subfluvial\/#primaryimage\",\"url\":\"https:\/\/lpfparana.com.ar\/inicio\/wp-content\/uploads\/2025\/02\/WhatsApp-Image-2025-02-21-at-10.31.35-scaled.jpeg\",\"contentUrl\":\"https:\/\/lpfparana.com.ar\/inicio\/wp-content\/uploads\/2025\/02\/WhatsApp-Image-2025-02-21-at-10.31.35-scaled.jpeg\",\"width\":2560,\"height\":1706},{\"@type\":\"BreadcrumbList\",\"@id\":\"https:\/\/lpfparana.com.ar\/inicio\/patronato-ya-sabe-cuando-jugara-las-semifinales-con-colon-de-la-copa-tunel-subfluvial\/#breadcrumb\",\"itemListElement\":[{\"@type\":\"ListItem\",\"position\":1,\"name\":\"Portada\",\"item\":\"https:\/\/lpfparana.com.ar\/inicio\/\"},{\"@type\":\"ListItem\",\"position\":2,\"name\":\"Patronato ya sabe cuando jugar\u00e1 las semifinales con Col\u00f3n de la Copa T\u00fanel Subfluvial\"}]},{\"@type\":\"WebSite\",\"@id\":\"https:\/\/lpfparana.com.ar\/inicio\/#website\",\"url\":\"https:\/\/lpfparana.com.ar\/inicio\/\",\"name\":\"\",\"description\":\"LPF Paran\u00e1\",\"potentialAction\":[{\"@type\":\"SearchAction\",\"target\":{\"@type\":\"EntryPoint\",\"urlTemplate\":\"https:\/\/lpfparana.com.ar\/inicio\/?s={search_term_string}\"},\"query-input\":{\"@type\":\"PropertyValueSpecification\",\"valueRequired\":true,\"valueName\":\"search_term_string\"}}],\"inLanguage\":\"es\"},{\"@type\":\"Person\",\"@id\":\"https:\/\/lpfparana.com.ar\/inicio\/#\/schema\/person\/e4a909baf07553d45f0fb7b76f656d76\",\"name\":\"Juan Manuel L\u00f3pez\",\"image\":{\"@type\":\"ImageObject\",\"inLanguage\":\"es\",\"@id\":\"https:\/\/secure.gravatar.com\/avatar\/6fd4b36dc88658b1a9f8103e109f47885fcd020443829a5d936ca18f07c3d96c?s=96&d=mm&r=g\",\"url\":\"https:\/\/secure.gravatar.com\/avatar\/6fd4b36dc88658b1a9f8103e109f47885fcd020443829a5d936ca18f07c3d96c?s=96&d=mm&r=g\",\"contentUrl\":\"https:\/\/secure.gravatar.com\/avatar\/6fd4b36dc88658b1a9f8103e109f47885fcd020443829a5d936ca18f07c3d96c?s=96&d=mm&r=g\",\"caption\":\"Juan Manuel L\u00f3pez\"},\"url\":\"https:\/\/lpfparana.com.ar\/inicio\/author\/juanito\/\"}]}<\/script>\n<!-- \/ Yoast SEO Premium plugin. -->","yoast_head_json":{"title":"Patronato ya sabe cuando jugar\u00e1 las semifinales con Col\u00f3n de la Copa T\u00fanel Subfluvial -","description":"El Rojinegro, \u00fanico representante de la Liga Paranaense de F\u00fatbol que se meti\u00f3 en el cuadro final, visitar\u00e1 el pr\u00f3ximo domingo desde las 9...","robots":{"index":"index","follow":"follow","max-snippet":"max-snippet:-1","max-image-preview":"max-image-preview:large","max-video-preview":"max-video-preview:-1"},"canonical":"https:\/\/lpfparana.com.ar\/inicio\/patronato-ya-sabe-cuando-jugara-las-semifinales-con-colon-de-la-copa-tunel-subfluvial\/","og_locale":"es_ES","og_type":"article","og_title":"Patronato ya sabe cuando jugar\u00e1 las semifinales con Col\u00f3n de la Copa T\u00fanel Subfluvial","og_description":"El Rojinegro, \u00fanico representante de la Liga Paranaense de F\u00fatbol que se meti\u00f3 en el cuadro final, visitar\u00e1 el pr\u00f3ximo domingo desde las 9...","og_url":"https:\/\/lpfparana.com.ar\/inicio\/patronato-ya-sabe-cuando-jugara-las-semifinales-con-colon-de-la-copa-tunel-subfluvial\/","article_published_time":"2025-02-21T13:36:13+00:00","article_modified_time":"2025-02-21T13:36:16+00:00","og_image":[{"width":2560,"height":1706,"url":"https:\/\/lpfparana.com.ar\/inicio\/wp-content\/uploads\/2025\/02\/WhatsApp-Image-2025-02-21-at-10.31.35-scaled.jpeg","type":"image\/jpeg"}],"author":"Juan Manuel L\u00f3pez","twitter_card":"summary_large_image","twitter_misc":{"Escrito por":"Juan Manuel L\u00f3pez","Tiempo de lectura":"2 minutos"},"schema":{"@context":"https:\/\/schema.org","@graph":[{"@type":"Article","@id":"https:\/\/lpfparana.com.ar\/inicio\/patronato-ya-sabe-cuando-jugara-las-semifinales-con-colon-de-la-copa-tunel-subfluvial\/#article","isPartOf":{"@id":"https:\/\/lpfparana.com.ar\/inicio\/patronato-ya-sabe-cuando-jugara-las-semifinales-con-colon-de-la-copa-tunel-subfluvial\/"},"author":{"name":"Juan Manuel L\u00f3pez","@id":"https:\/\/lpfparana.com.ar\/inicio\/#\/schema\/person\/e4a909baf07553d45f0fb7b76f656d76"},"headline":"Patronato ya sabe cuando jugar\u00e1 las semifinales con Col\u00f3n de la Copa T\u00fanel Subfluvial","datePublished":"2025-02-21T13:36:13+00:00","dateModified":"2025-02-21T13:36:16+00:00","mainEntityOfPage":{"@id":"https:\/\/lpfparana.com.ar\/inicio\/patronato-ya-sabe-cuando-jugara-las-semifinales-con-colon-de-la-copa-tunel-subfluvial\/"},"wordCount":205,"commentCount":0,"image":{"@id":"https:\/\/lpfparana.com.ar\/inicio\/patronato-ya-sabe-cuando-jugara-las-semifinales-con-colon-de-la-copa-tunel-subfluvial\/#primaryimage"},"thumbnailUrl":"https:\/\/lpfparana.com.ar\/inicio\/wp-content\/uploads\/2025\/02\/WhatsApp-Image-2025-02-21-at-10.31.35-scaled.jpeg","inLanguage":"es","potentialAction":[{"@type":"CommentAction","name":"Comment","target":["https:\/\/lpfparana.com.ar\/inicio\/patronato-ya-sabe-cuando-jugara-las-semifinales-con-colon-de-la-copa-tunel-subfluvial\/#respond"]}]},{"@type":"WebPage","@id":"https:\/\/lpfparana.com.ar\/inicio\/patronato-ya-sabe-cuando-jugara-las-semifinales-con-colon-de-la-copa-tunel-subfluvial\/","url":"https:\/\/lpfparana.com.ar\/inicio\/patronato-ya-sabe-cuando-jugara-las-semifinales-con-colon-de-la-copa-tunel-subfluvial\/","name":"Patronato ya sabe cuando jugar\u00e1 las semifinales con Col\u00f3n de la Copa T\u00fanel Subfluvial -","isPartOf":{"@id":"https:\/\/lpfparana.com.ar\/inicio\/#website"},"primaryImageOfPage":{"@id":"https:\/\/lpfparana.com.ar\/inicio\/patronato-ya-sabe-cuando-jugara-las-semifinales-con-colon-de-la-copa-tunel-subfluvial\/#primaryimage"},"image":{"@id":"https:\/\/lpfparana.com.ar\/inicio\/patronato-ya-sabe-cuando-jugara-las-semifinales-con-colon-de-la-copa-tunel-subfluvial\/#primaryimage"},"thumbnailUrl":"https:\/\/lpfparana.com.ar\/inicio\/wp-content\/uploads\/2025\/02\/WhatsApp-Image-2025-02-21-at-10.31.35-scaled.jpeg","datePublished":"2025-02-21T13:36:13+00:00","dateModified":"2025-02-21T13:36:16+00:00","author":{"@id":"https:\/\/lpfparana.com.ar\/inicio\/#\/schema\/person\/e4a909baf07553d45f0fb7b76f656d76"},"description":"El Rojinegro, \u00fanico representante de la Liga Paranaense de F\u00fatbol que se meti\u00f3 en el cuadro final, visitar\u00e1 el pr\u00f3ximo domingo desde las 9...","breadcrumb":{"@id":"https:\/\/lpfparana.com.ar\/inicio\/patronato-ya-sabe-cuando-jugara-las-semifinales-con-colon-de-la-copa-tunel-subfluvial\/#breadcrumb"},"inLanguage":"es","potentialAction":[{"@type":"ReadAction","target":["https:\/\/lpfparana.com.ar\/inicio\/patronato-ya-sabe-cuando-jugara-las-semifinales-con-colon-de-la-copa-tunel-subfluvial\/"]}]},{"@type":"ImageObject","inLanguage":"es","@id":"https:\/\/lpfparana.com.ar\/inicio\/patronato-ya-sabe-cuando-jugara-las-semifinales-con-colon-de-la-copa-tunel-subfluvial\/#primaryimage","url":"https:\/\/lpfparana.com.ar\/inicio\/wp-content\/uploads\/2025\/02\/WhatsApp-Image-2025-02-21-at-10.31.35-scaled.jpeg","contentUrl":"https:\/\/lpfparana.com.ar\/inicio\/wp-content\/uploads\/2025\/02\/WhatsApp-Image-2025-02-21-at-10.31.35-scaled.jpeg","width":2560,"height":1706},{"@type":"BreadcrumbList","@id":"https:\/\/lpfparana.com.ar\/inicio\/patronato-ya-sabe-cuando-jugara-las-semifinales-con-colon-de-la-copa-tunel-subfluvial\/#breadcrumb","itemListElement":[{"@type":"ListItem","position":1,"name":"Portada","item":"https:\/\/lpfparana.com.ar\/inicio\/"},{"@type":"ListItem","position":2,"name":"Patronato ya sabe cuando jugar\u00e1 las semifinales con Col\u00f3n de la Copa T\u00fanel Subfluvial"}]},{"@type":"WebSite","@id":"https:\/\/lpfparana.com.ar\/inicio\/#website","url":"https:\/\/lpfparana.com.ar\/inicio\/","name":"","description":"LPF Paran\u00e1","potentialAction":[{"@type":"SearchAction","target":{"@type":"EntryPoint","urlTemplate":"https:\/\/lpfparana.com.ar\/inicio\/?s={search_term_string}"},"query-input":{"@type":"PropertyValueSpecification","valueRequired":true,"valueName":"search_term_string"}}],"inLanguage":"es"},{"@type":"Person","@id":"https:\/\/lpfparana.com.ar\/inicio\/#\/schema\/person\/e4a909baf07553d45f0fb7b76f656d76","name":"Juan Manuel L\u00f3pez","image":{"@type":"ImageObject","inLanguage":"es","@id":"https:\/\/secure.gravatar.com\/avatar\/6fd4b36dc88658b1a9f8103e109f47885fcd020443829a5d936ca18f07c3d96c?s=96&d=mm&r=g","url":"https:\/\/secure.gravatar.com\/avatar\/6fd4b36dc88658b1a9f8103e109f47885fcd020443829a5d936ca18f07c3d96c?s=96&d=mm&r=g","contentUrl":"https:\/\/secure.gravatar.com\/avatar\/6fd4b36dc88658b1a9f8103e109f47885fcd020443829a5d936ca18f07c3d96c?s=96&d=mm&r=g","caption":"Juan Manuel L\u00f3pez"},"url":"https:\/\/lpfparana.com.ar\/inicio\/author\/juanito\/"}]}},"_links":{"self":[{"href":"https:\/\/lpfparana.com.ar\/inicio\/wp-json\/wp\/v2\/posts\/4764","targetHints":{"allow":["GET"]}}],"collection":[{"href":"https:\/\/lpfparana.com.ar\/inicio\/wp-json\/wp\/v2\/posts"}],"about":[{"href":"https:\/\/lpfparana.com.ar\/inicio\/wp-json\/wp\/v2\/types\/post"}],"author":[{"embeddable":true,"href":"https:\/\/lpfparana.com.ar\/inicio\/wp-json\/wp\/v2\/users\/4"}],"replies":[{"embeddable":true,"href":"https:\/\/lpfparana.com.ar\/inicio\/wp-json\/wp\/v2\/comments?post=4764"}],"version-history":[{"count":1,"href":"https:\/\/lpfparana.com.ar\/inicio\/wp-json\/wp\/v2\/posts\/4764\/revisions"}],"predecessor-version":[{"id":4766,"href":"https:\/\/lpfparana.com.ar\/inicio\/wp-json\/wp\/v2\/posts\/4764\/revisions\/4766"}],"wp:featuredmedia":[{"embeddable":true,"href":"https:\/\/lpfparana.com.ar\/inicio\/wp-json\/wp\/v2\/media\/4765"}],"wp:attachment":[{"href":"https:\/\/lpfparana.com.ar\/inicio\/wp-json\/wp\/v2\/media?parent=4764"}],"wp:term":[{"taxonomy":"category","embeddable":true,"href":"https:\/\/lpfparana.com.ar\/inicio\/wp-json\/wp\/v2\/categories?post=4764"},{"taxonomy":"post_tag","embeddable":true,"href":"https:\/\/lpfparana.com.ar\/inicio\/wp-json\/wp\/v2\/tags?post=4764"}],"curies":[{"name":"wp","href":"https:\/\/api.w.org\/{rel}","templated":true}]}}