{"id":4744,"date":"2025-02-21T10:21:18","date_gmt":"2025-02-21T13:21:18","guid":{"rendered":"https:\/\/lpfparana.com.ar\/inicio\/?p=4744"},"modified":"2025-02-21T10:21:20","modified_gmt":"2025-02-21T13:21:20","slug":"estamos-con-muchas-ganas-de-trabajar-2","status":"publish","type":"post","link":"https:\/\/lpfparana.com.ar\/inicio\/estamos-con-muchas-ganas-de-trabajar-2\/","title":{"rendered":"\u201cEstamos con muchas ganas de trabajar\u201d"},"content":{"rendered":"\n<h3 class=\"wp-block-heading\" id=\"h-emiliano-sola-ex-futbolista-y-nuevo-entrenador-de-san-miguel-charlo-con-locos-x-la-liga-el-programa-oficial-de-la-liga-paranaense-de-futbol-durante-la-entrevista-el-dt-aseguro-que-la-idea-es-sumar-mas-chicos-al-club-y-armar-un-plantel-competitivo\">Emiliano Sola, ex futbolista y nuevo entrenador de San Miguel, charl\u00f3 con \u201cLocos X La Liga\u201d, el programa oficial de la Liga Paranaense de F\u00fatbol. Durante la entrevista, el DT asegur\u00f3 que la idea es sumar m\u00e1s chicos al club y armar un plantel competitivo.<\/h3>\n\n\n\n<p>Emiliano Sola, habl\u00f3 con \u201cLocos X La Liga\u201d, luego de asumir como entrenador de San Miguel. El jugador de la instituci\u00f3n estar\u00e1 acompa\u00f1ado de Pedro \u00c1lvarez. <\/p>\n\n\n\n<p>Sola a la hora de hablar del comienzo de la pretemporada, destac\u00f3: \u201cEstamos muy agradecidos por la confianza de Juan Witchi, el presidente de San Miguel, nos brindaron todas las comodidades para hoy entrenar en un predio cerca de la instituci\u00f3n, estamos con muchas ganas de trabajar y la ilusi\u00f3n de hacer un buen torneo\u201d.<\/p>\n\n\n\n<p>El flamante DT hizo menci\u00f3n al primer d\u00eda de entrenamiento, aclarando que: \u201cQuedamos muy conformes con el n\u00famero de chicos, fueron alrededor de\u00a0 45, esperemos que se sumen m\u00e1s, las puertas del club est\u00e1n abiertas para todos. Tenemos bien en claro que el tiempo que los chicos pasan ac\u00e1, es tiempo en el cual no est\u00e1n en la calle\u201d.<\/p>\n\n\n\n<h4 class=\"wp-block-heading\" id=\"h-su-cuerpo-tecnico\">Su cuerpo t\u00e9cnico<\/h4>\n\n\n\n<p>Emiliano no estar\u00e1 solo, para esta temporada sum\u00f3 a gente con muchas ganas de trabajar, respecto a esto cont\u00f3: \u201cJunto a mi estar\u00e1 un gran compa\u00f1ero que tuve en primera, como lo es Pedro \u00c1lvarez. En la parte f\u00edsica alguien que quer\u00eda sumar hace un tiempo, es un gran amigo y excelente profesional como Martin Todaro\u00bb. <\/p>\n\n\n\n<p>En referencia a quien ser\u00e1 el entrenador de arqueros, Sola dijo; \u00abEstar\u00e1 Alejandro Quiroga, sumamos gente que est\u00e1 capacitada y es por eso que estamos muy felices de la oportunidad\u201d.<\/p>\n\n\n\n<h4 class=\"wp-block-heading\" id=\"h-el-objetivo\">El objetivo<\/h4>\n\n\n\n<p>En el final de la charla, Emiliano destac\u00f3 el objetivo para este 2025, concluyendo que: \u201cEl gran objetivo es que los chicos se sientan c\u00f3modos, que se acerquen al club. Despu\u00e9s sabemos el potencial que tienen los equipos de la Liga Paranaense, en ese aspecto todos se preparan muy bien. Estudio mucho a los rivales y al ser ex jugador conozco el gran potencial que hay, as\u00ed que trabajaremos para poder estar a la altura\u201d.<\/p>\n\n\n\n<p><\/p>\n\n\n\n<p><\/p>\n","protected":false},"excerpt":{"rendered":"<p>Emiliano Sola, ex futbolista y nuevo entrenador de San Miguel, charl\u00f3 con \u201cLocos X La Liga\u201d, el programa oficial de la Liga Paranaense de F\u00fatbol. Durante la entrevista, el DT asegur\u00f3 que la idea es sumar m\u00e1s chicos al club y armar un plantel competitivo. Emiliano Sola, habl\u00f3 con \u201cLocos X La Liga\u201d, luego de&#8230;<\/p>\n","protected":false},"author":6,"featured_media":4746,"comment_status":"open","ping_status":"open","sticky":false,"template":"","format":"standard","meta":{"footnotes":""},"categories":[8,2,1],"tags":[],"class_list":["post-4744","post","type-post","status-publish","format-standard","has-post-thumbnail","hentry","category-masculino","category-noticias","category-sin-categoria"],"featured_image_src":"https:\/\/lpfparana.com.ar\/inicio\/wp-content\/uploads\/2025\/02\/33985bba-37ac-4809-90c7-758239bebbca.jpeg","author_info":{"display_name":"Juan Manuel Fernandez","author_link":"https:\/\/lpfparana.com.ar\/inicio\/author\/juanma\/"},"yoast_head":"<!-- This site is optimized with the Yoast SEO Premium plugin v23.3 (Yoast SEO v27.2) - https:\/\/yoast.com\/product\/yoast-seo-premium-wordpress\/ -->\n<title>\u201cEstamos con muchas ganas de trabajar\u201d -<\/title>\n<meta name=\"description\" content=\"Emiliano Sola, ex futbolista y nuevo entrenador de San Miguel, charl\u00f3 con \u201cLocos X La Liga\u201d, el programa oficial de la Liga Paranaense de...\" \/>\n<meta name=\"robots\" content=\"index, follow, max-snippet:-1, max-image-preview:large, max-video-preview:-1\" \/>\n<link rel=\"canonical\" href=\"https:\/\/lpfparana.com.ar\/inicio\/estamos-con-muchas-ganas-de-trabajar-2\/\" \/>\n<meta property=\"og:locale\" content=\"es_ES\" \/>\n<meta property=\"og:type\" content=\"article\" \/>\n<meta property=\"og:title\" content=\"\u201cEstamos con muchas ganas de trabajar\u201d\" \/>\n<meta property=\"og:description\" content=\"Emiliano Sola, ex futbolista y nuevo entrenador de San Miguel, charl\u00f3 con \u201cLocos X La Liga\u201d, el programa oficial de la Liga Paranaense de...\" \/>\n<meta property=\"og:url\" content=\"https:\/\/lpfparana.com.ar\/inicio\/estamos-con-muchas-ganas-de-trabajar-2\/\" \/>\n<meta property=\"article:published_time\" content=\"2025-02-21T13:21:18+00:00\" \/>\n<meta property=\"article:modified_time\" content=\"2025-02-21T13:21:20+00:00\" \/>\n<meta property=\"og:image\" content=\"https:\/\/lpfparana.com.ar\/inicio\/wp-content\/uploads\/2025\/02\/33985bba-37ac-4809-90c7-758239bebbca.jpeg\" \/>\n\t<meta property=\"og:image:width\" content=\"1280\" \/>\n\t<meta property=\"og:image:height\" content=\"720\" \/>\n\t<meta property=\"og:image:type\" content=\"image\/jpeg\" \/>\n<meta name=\"author\" content=\"Juan Manuel Fernandez\" \/>\n<meta name=\"twitter:card\" content=\"summary_large_image\" \/>\n<meta name=\"twitter:label1\" content=\"Escrito por\" \/>\n\t<meta name=\"twitter:data1\" content=\"Juan Manuel Fernandez\" \/>\n\t<meta name=\"twitter:label2\" content=\"Tiempo de lectura\" \/>\n\t<meta name=\"twitter:data2\" content=\"2 minutos\" \/>\n<script type=\"application\/ld+json\" class=\"yoast-schema-graph\">{\"@context\":\"https:\/\/schema.org\",\"@graph\":[{\"@type\":\"Article\",\"@id\":\"https:\/\/lpfparana.com.ar\/inicio\/estamos-con-muchas-ganas-de-trabajar-2\/#article\",\"isPartOf\":{\"@id\":\"https:\/\/lpfparana.com.ar\/inicio\/estamos-con-muchas-ganas-de-trabajar-2\/\"},\"author\":{\"name\":\"Juan Manuel Fernandez\",\"@id\":\"https:\/\/lpfparana.com.ar\/inicio\/#\/schema\/person\/5db3866b404cb9672f70c499a9ede0e1\"},\"headline\":\"\u201cEstamos con muchas ganas de trabajar\u201d\",\"datePublished\":\"2025-02-21T13:21:18+00:00\",\"dateModified\":\"2025-02-21T13:21:20+00:00\",\"mainEntityOfPage\":{\"@id\":\"https:\/\/lpfparana.com.ar\/inicio\/estamos-con-muchas-ganas-de-trabajar-2\/\"},\"wordCount\":373,\"commentCount\":0,\"image\":{\"@id\":\"https:\/\/lpfparana.com.ar\/inicio\/estamos-con-muchas-ganas-de-trabajar-2\/#primaryimage\"},\"thumbnailUrl\":\"https:\/\/lpfparana.com.ar\/inicio\/wp-content\/uploads\/2025\/02\/33985bba-37ac-4809-90c7-758239bebbca.jpeg\",\"articleSection\":[\"Masculino\",\"Noticias\"],\"inLanguage\":\"es\",\"potentialAction\":[{\"@type\":\"CommentAction\",\"name\":\"Comment\",\"target\":[\"https:\/\/lpfparana.com.ar\/inicio\/estamos-con-muchas-ganas-de-trabajar-2\/#respond\"]}]},{\"@type\":\"WebPage\",\"@id\":\"https:\/\/lpfparana.com.ar\/inicio\/estamos-con-muchas-ganas-de-trabajar-2\/\",\"url\":\"https:\/\/lpfparana.com.ar\/inicio\/estamos-con-muchas-ganas-de-trabajar-2\/\",\"name\":\"\u201cEstamos con muchas ganas de trabajar\u201d -\",\"isPartOf\":{\"@id\":\"https:\/\/lpfparana.com.ar\/inicio\/#website\"},\"primaryImageOfPage\":{\"@id\":\"https:\/\/lpfparana.com.ar\/inicio\/estamos-con-muchas-ganas-de-trabajar-2\/#primaryimage\"},\"image\":{\"@id\":\"https:\/\/lpfparana.com.ar\/inicio\/estamos-con-muchas-ganas-de-trabajar-2\/#primaryimage\"},\"thumbnailUrl\":\"https:\/\/lpfparana.com.ar\/inicio\/wp-content\/uploads\/2025\/02\/33985bba-37ac-4809-90c7-758239bebbca.jpeg\",\"datePublished\":\"2025-02-21T13:21:18+00:00\",\"dateModified\":\"2025-02-21T13:21:20+00:00\",\"author\":{\"@id\":\"https:\/\/lpfparana.com.ar\/inicio\/#\/schema\/person\/5db3866b404cb9672f70c499a9ede0e1\"},\"description\":\"Emiliano Sola, ex futbolista y nuevo entrenador de San Miguel, charl\u00f3 con \u201cLocos X La Liga\u201d, el programa oficial de la Liga Paranaense de...\",\"breadcrumb\":{\"@id\":\"https:\/\/lpfparana.com.ar\/inicio\/estamos-con-muchas-ganas-de-trabajar-2\/#breadcrumb\"},\"inLanguage\":\"es\",\"potentialAction\":[{\"@type\":\"ReadAction\",\"target\":[\"https:\/\/lpfparana.com.ar\/inicio\/estamos-con-muchas-ganas-de-trabajar-2\/\"]}]},{\"@type\":\"ImageObject\",\"inLanguage\":\"es\",\"@id\":\"https:\/\/lpfparana.com.ar\/inicio\/estamos-con-muchas-ganas-de-trabajar-2\/#primaryimage\",\"url\":\"https:\/\/lpfparana.com.ar\/inicio\/wp-content\/uploads\/2025\/02\/33985bba-37ac-4809-90c7-758239bebbca.jpeg\",\"contentUrl\":\"https:\/\/lpfparana.com.ar\/inicio\/wp-content\/uploads\/2025\/02\/33985bba-37ac-4809-90c7-758239bebbca.jpeg\",\"width\":1280,\"height\":720},{\"@type\":\"BreadcrumbList\",\"@id\":\"https:\/\/lpfparana.com.ar\/inicio\/estamos-con-muchas-ganas-de-trabajar-2\/#breadcrumb\",\"itemListElement\":[{\"@type\":\"ListItem\",\"position\":1,\"name\":\"Portada\",\"item\":\"https:\/\/lpfparana.com.ar\/inicio\/\"},{\"@type\":\"ListItem\",\"position\":2,\"name\":\"\u201cEstamos con muchas ganas de trabajar\u201d\"}]},{\"@type\":\"WebSite\",\"@id\":\"https:\/\/lpfparana.com.ar\/inicio\/#website\",\"url\":\"https:\/\/lpfparana.com.ar\/inicio\/\",\"name\":\"\",\"description\":\"LPF Paran\u00e1\",\"potentialAction\":[{\"@type\":\"SearchAction\",\"target\":{\"@type\":\"EntryPoint\",\"urlTemplate\":\"https:\/\/lpfparana.com.ar\/inicio\/?s={search_term_string}\"},\"query-input\":{\"@type\":\"PropertyValueSpecification\",\"valueRequired\":true,\"valueName\":\"search_term_string\"}}],\"inLanguage\":\"es\"},{\"@type\":\"Person\",\"@id\":\"https:\/\/lpfparana.com.ar\/inicio\/#\/schema\/person\/5db3866b404cb9672f70c499a9ede0e1\",\"name\":\"Juan Manuel Fernandez\",\"image\":{\"@type\":\"ImageObject\",\"inLanguage\":\"es\",\"@id\":\"https:\/\/secure.gravatar.com\/avatar\/b9ded3b46d997a47d4ffae36e85d6b17e879993cc483e0eae0cf69b9c53626e9?s=96&d=mm&r=g\",\"url\":\"https:\/\/secure.gravatar.com\/avatar\/b9ded3b46d997a47d4ffae36e85d6b17e879993cc483e0eae0cf69b9c53626e9?s=96&d=mm&r=g\",\"contentUrl\":\"https:\/\/secure.gravatar.com\/avatar\/b9ded3b46d997a47d4ffae36e85d6b17e879993cc483e0eae0cf69b9c53626e9?s=96&d=mm&r=g\",\"caption\":\"Juan Manuel Fernandez\"},\"url\":\"https:\/\/lpfparana.com.ar\/inicio\/author\/juanma\/\"}]}<\/script>\n<!-- \/ Yoast SEO Premium plugin. -->","yoast_head_json":{"title":"\u201cEstamos con muchas ganas de trabajar\u201d -","description":"Emiliano Sola, ex futbolista y nuevo entrenador de San Miguel, charl\u00f3 con \u201cLocos X La Liga\u201d, el programa oficial de la Liga Paranaense de...","robots":{"index":"index","follow":"follow","max-snippet":"max-snippet:-1","max-image-preview":"max-image-preview:large","max-video-preview":"max-video-preview:-1"},"canonical":"https:\/\/lpfparana.com.ar\/inicio\/estamos-con-muchas-ganas-de-trabajar-2\/","og_locale":"es_ES","og_type":"article","og_title":"\u201cEstamos con muchas ganas de trabajar\u201d","og_description":"Emiliano Sola, ex futbolista y nuevo entrenador de San Miguel, charl\u00f3 con \u201cLocos X La Liga\u201d, el programa oficial de la Liga Paranaense de...","og_url":"https:\/\/lpfparana.com.ar\/inicio\/estamos-con-muchas-ganas-de-trabajar-2\/","article_published_time":"2025-02-21T13:21:18+00:00","article_modified_time":"2025-02-21T13:21:20+00:00","og_image":[{"width":1280,"height":720,"url":"https:\/\/lpfparana.com.ar\/inicio\/wp-content\/uploads\/2025\/02\/33985bba-37ac-4809-90c7-758239bebbca.jpeg","type":"image\/jpeg"}],"author":"Juan Manuel Fernandez","twitter_card":"summary_large_image","twitter_misc":{"Escrito por":"Juan Manuel Fernandez","Tiempo de lectura":"2 minutos"},"schema":{"@context":"https:\/\/schema.org","@graph":[{"@type":"Article","@id":"https:\/\/lpfparana.com.ar\/inicio\/estamos-con-muchas-ganas-de-trabajar-2\/#article","isPartOf":{"@id":"https:\/\/lpfparana.com.ar\/inicio\/estamos-con-muchas-ganas-de-trabajar-2\/"},"author":{"name":"Juan Manuel Fernandez","@id":"https:\/\/lpfparana.com.ar\/inicio\/#\/schema\/person\/5db3866b404cb9672f70c499a9ede0e1"},"headline":"\u201cEstamos con muchas ganas de trabajar\u201d","datePublished":"2025-02-21T13:21:18+00:00","dateModified":"2025-02-21T13:21:20+00:00","mainEntityOfPage":{"@id":"https:\/\/lpfparana.com.ar\/inicio\/estamos-con-muchas-ganas-de-trabajar-2\/"},"wordCount":373,"commentCount":0,"image":{"@id":"https:\/\/lpfparana.com.ar\/inicio\/estamos-con-muchas-ganas-de-trabajar-2\/#primaryimage"},"thumbnailUrl":"https:\/\/lpfparana.com.ar\/inicio\/wp-content\/uploads\/2025\/02\/33985bba-37ac-4809-90c7-758239bebbca.jpeg","articleSection":["Masculino","Noticias"],"inLanguage":"es","potentialAction":[{"@type":"CommentAction","name":"Comment","target":["https:\/\/lpfparana.com.ar\/inicio\/estamos-con-muchas-ganas-de-trabajar-2\/#respond"]}]},{"@type":"WebPage","@id":"https:\/\/lpfparana.com.ar\/inicio\/estamos-con-muchas-ganas-de-trabajar-2\/","url":"https:\/\/lpfparana.com.ar\/inicio\/estamos-con-muchas-ganas-de-trabajar-2\/","name":"\u201cEstamos con muchas ganas de trabajar\u201d -","isPartOf":{"@id":"https:\/\/lpfparana.com.ar\/inicio\/#website"},"primaryImageOfPage":{"@id":"https:\/\/lpfparana.com.ar\/inicio\/estamos-con-muchas-ganas-de-trabajar-2\/#primaryimage"},"image":{"@id":"https:\/\/lpfparana.com.ar\/inicio\/estamos-con-muchas-ganas-de-trabajar-2\/#primaryimage"},"thumbnailUrl":"https:\/\/lpfparana.com.ar\/inicio\/wp-content\/uploads\/2025\/02\/33985bba-37ac-4809-90c7-758239bebbca.jpeg","datePublished":"2025-02-21T13:21:18+00:00","dateModified":"2025-02-21T13:21:20+00:00","author":{"@id":"https:\/\/lpfparana.com.ar\/inicio\/#\/schema\/person\/5db3866b404cb9672f70c499a9ede0e1"},"description":"Emiliano Sola, ex futbolista y nuevo entrenador de San Miguel, charl\u00f3 con \u201cLocos X La Liga\u201d, el programa oficial de la Liga Paranaense de...","breadcrumb":{"@id":"https:\/\/lpfparana.com.ar\/inicio\/estamos-con-muchas-ganas-de-trabajar-2\/#breadcrumb"},"inLanguage":"es","potentialAction":[{"@type":"ReadAction","target":["https:\/\/lpfparana.com.ar\/inicio\/estamos-con-muchas-ganas-de-trabajar-2\/"]}]},{"@type":"ImageObject","inLanguage":"es","@id":"https:\/\/lpfparana.com.ar\/inicio\/estamos-con-muchas-ganas-de-trabajar-2\/#primaryimage","url":"https:\/\/lpfparana.com.ar\/inicio\/wp-content\/uploads\/2025\/02\/33985bba-37ac-4809-90c7-758239bebbca.jpeg","contentUrl":"https:\/\/lpfparana.com.ar\/inicio\/wp-content\/uploads\/2025\/02\/33985bba-37ac-4809-90c7-758239bebbca.jpeg","width":1280,"height":720},{"@type":"BreadcrumbList","@id":"https:\/\/lpfparana.com.ar\/inicio\/estamos-con-muchas-ganas-de-trabajar-2\/#breadcrumb","itemListElement":[{"@type":"ListItem","position":1,"name":"Portada","item":"https:\/\/lpfparana.com.ar\/inicio\/"},{"@type":"ListItem","position":2,"name":"\u201cEstamos con muchas ganas de trabajar\u201d"}]},{"@type":"WebSite","@id":"https:\/\/lpfparana.com.ar\/inicio\/#website","url":"https:\/\/lpfparana.com.ar\/inicio\/","name":"","description":"LPF Paran\u00e1","potentialAction":[{"@type":"SearchAction","target":{"@type":"EntryPoint","urlTemplate":"https:\/\/lpfparana.com.ar\/inicio\/?s={search_term_string}"},"query-input":{"@type":"PropertyValueSpecification","valueRequired":true,"valueName":"search_term_string"}}],"inLanguage":"es"},{"@type":"Person","@id":"https:\/\/lpfparana.com.ar\/inicio\/#\/schema\/person\/5db3866b404cb9672f70c499a9ede0e1","name":"Juan Manuel Fernandez","image":{"@type":"ImageObject","inLanguage":"es","@id":"https:\/\/secure.gravatar.com\/avatar\/b9ded3b46d997a47d4ffae36e85d6b17e879993cc483e0eae0cf69b9c53626e9?s=96&d=mm&r=g","url":"https:\/\/secure.gravatar.com\/avatar\/b9ded3b46d997a47d4ffae36e85d6b17e879993cc483e0eae0cf69b9c53626e9?s=96&d=mm&r=g","contentUrl":"https:\/\/secure.gravatar.com\/avatar\/b9ded3b46d997a47d4ffae36e85d6b17e879993cc483e0eae0cf69b9c53626e9?s=96&d=mm&r=g","caption":"Juan Manuel Fernandez"},"url":"https:\/\/lpfparana.com.ar\/inicio\/author\/juanma\/"}]}},"_links":{"self":[{"href":"https:\/\/lpfparana.com.ar\/inicio\/wp-json\/wp\/v2\/posts\/4744","targetHints":{"allow":["GET"]}}],"collection":[{"href":"https:\/\/lpfparana.com.ar\/inicio\/wp-json\/wp\/v2\/posts"}],"about":[{"href":"https:\/\/lpfparana.com.ar\/inicio\/wp-json\/wp\/v2\/types\/post"}],"author":[{"embeddable":true,"href":"https:\/\/lpfparana.com.ar\/inicio\/wp-json\/wp\/v2\/users\/6"}],"replies":[{"embeddable":true,"href":"https:\/\/lpfparana.com.ar\/inicio\/wp-json\/wp\/v2\/comments?post=4744"}],"version-history":[{"count":2,"href":"https:\/\/lpfparana.com.ar\/inicio\/wp-json\/wp\/v2\/posts\/4744\/revisions"}],"predecessor-version":[{"id":4763,"href":"https:\/\/lpfparana.com.ar\/inicio\/wp-json\/wp\/v2\/posts\/4744\/revisions\/4763"}],"wp:featuredmedia":[{"embeddable":true,"href":"https:\/\/lpfparana.com.ar\/inicio\/wp-json\/wp\/v2\/media\/4746"}],"wp:attachment":[{"href":"https:\/\/lpfparana.com.ar\/inicio\/wp-json\/wp\/v2\/media?parent=4744"}],"wp:term":[{"taxonomy":"category","embeddable":true,"href":"https:\/\/lpfparana.com.ar\/inicio\/wp-json\/wp\/v2\/categories?post=4744"},{"taxonomy":"post_tag","embeddable":true,"href":"https:\/\/lpfparana.com.ar\/inicio\/wp-json\/wp\/v2\/tags?post=4744"}],"curies":[{"name":"wp","href":"https:\/\/api.w.org\/{rel}","templated":true}]}}