{"id":4555,"date":"2025-01-20T16:19:57","date_gmt":"2025-01-20T19:19:57","guid":{"rendered":"https:\/\/lpfparana.com.ar\/inicio\/?p=4555"},"modified":"2025-01-20T16:20:00","modified_gmt":"2025-01-20T19:20:00","slug":"las-chicas-estan-motivadas-y-con-ganas-de-competir","status":"publish","type":"post","link":"https:\/\/lpfparana.com.ar\/inicio\/las-chicas-estan-motivadas-y-con-ganas-de-competir\/","title":{"rendered":"\u201cLas chicas est\u00e1n motivadas y con ganas de competir\u201d"},"content":{"rendered":"\n<h4 class=\"wp-block-heading\" id=\"h-maximiliano-pautasso-director-tecnico-del-plantel-de-primera-division-de-camioneros-femenino-dialogo-con-locos-x-la-liga-en-el-dialogo-se-manifesto-sobre-la-preparacion-del-equipo-y-los-objetivos-que-se-les-vienen-por-delante-en-este-2025\">Maximiliano Pautasso, Director T\u00e9cnico del plantel de Primera Divisi\u00f3n de Camioneros Femenino dialog\u00f3 con \u201cLocos X La Liga\u201d.  En el dialogo se manifest\u00f3 sobre la preparaci\u00f3n del equipo y los objetivos que se les vienen por delante en este 2025.<\/h4>\n\n\n\n<p>Maximiliano Pautasso, flamante Director T\u00e9cnico del plantel Femenino de Camioneros, al referirse a la preparaci\u00f3n que vienen teniendo sus dirigidas en el comiendo del 2025, destac\u00f3: \u201cCon las chicas venimos prepar\u00e1ndonos muy bien, casi que no tuvimos descanso, si bien para nosotros el a\u00f1o pasado terminamos de competir a mediados de octubre, seguimos entrenando ya que exist\u00eda la posibilidad de jugar un torneo clasificatorio para la copa t\u00fanel subfluvial\u00bb, a lo que agreg\u00f3: \u00ablas jugadoras est\u00e1n muy motivadas y con ganas de competir\u201d.<\/p>\n\n\n\n<p>A la hora de hablar del nivel que tiene el certamen liguista, el DT cont\u00f3: \u201cEsperemos que este torneo que se viene siga creciendo, el futbol femenino de la Liga Paranaense est\u00e1 en un buen nivel, sabemos que estamos detr\u00e1s de algunos equipos, pero mantenemos siempre la humildad y apostando en nuestro trabajo\u201d.<\/p>\n\n\n\n<h3 class=\"wp-block-heading\" id=\"h-el-objetivo-que-tienen-por-delante\">El objetivo que tienen por delante<\/h3>\n\n\n\n<p>Pautasso por ultimo hizo referencia al objetivo de Camioneros en esta temporada, se\u00f1alando que: \u201cTenemos siempre los pies sobre la tierra, sabemos que la Liga es muy competitiva, por eso siempre para nosotros es importante pelear por permanecer en la elite del futbol local\u201d.<\/p>\n","protected":false},"excerpt":{"rendered":"<p>Maximiliano Pautasso, Director T\u00e9cnico del plantel de Primera Divisi\u00f3n de Camioneros Femenino dialog\u00f3 con \u201cLocos X La Liga\u201d. En el dialogo se manifest\u00f3 sobre la preparaci\u00f3n del equipo y los objetivos que se les vienen por delante en este 2025. Maximiliano Pautasso, flamante Director T\u00e9cnico del plantel Femenino de Camioneros, al referirse a la preparaci\u00f3n&#8230;<\/p>\n","protected":false},"author":6,"featured_media":4557,"comment_status":"open","ping_status":"open","sticky":false,"template":"","format":"standard","meta":{"footnotes":""},"categories":[5,2],"tags":[],"class_list":["post-4555","post","type-post","status-publish","format-standard","has-post-thumbnail","hentry","category-femenino","category-noticias"],"featured_image_src":"https:\/\/lpfparana.com.ar\/inicio\/wp-content\/uploads\/2025\/01\/IMG_8268-1.jpeg","author_info":{"display_name":"Juan Manuel Fernandez","author_link":"https:\/\/lpfparana.com.ar\/inicio\/author\/juanma\/"},"yoast_head":"<!-- This site is optimized with the Yoast SEO Premium plugin v23.3 (Yoast SEO v27.2) - https:\/\/yoast.com\/product\/yoast-seo-premium-wordpress\/ -->\n<title>\u201cLas chicas est\u00e1n motivadas y con ganas de competir\u201d -<\/title>\n<meta name=\"description\" content=\"Maximiliano Pautasso, Director T\u00e9cnico del plantel de Primera Divisi\u00f3n de Camioneros Femenino dialog\u00f3 con \u201cLocos X La Liga\u201d.\" \/>\n<meta name=\"robots\" content=\"index, follow, max-snippet:-1, max-image-preview:large, max-video-preview:-1\" \/>\n<link rel=\"canonical\" href=\"https:\/\/lpfparana.com.ar\/inicio\/las-chicas-estan-motivadas-y-con-ganas-de-competir\/\" \/>\n<meta property=\"og:locale\" content=\"es_ES\" \/>\n<meta property=\"og:type\" content=\"article\" \/>\n<meta property=\"og:title\" content=\"\u201cLas chicas est\u00e1n motivadas y con ganas de competir\u201d\" \/>\n<meta property=\"og:description\" content=\"Maximiliano Pautasso, Director T\u00e9cnico del plantel de Primera Divisi\u00f3n de Camioneros Femenino dialog\u00f3 con \u201cLocos X La Liga\u201d.\" \/>\n<meta property=\"og:url\" content=\"https:\/\/lpfparana.com.ar\/inicio\/las-chicas-estan-motivadas-y-con-ganas-de-competir\/\" \/>\n<meta property=\"article:published_time\" content=\"2025-01-20T19:19:57+00:00\" \/>\n<meta property=\"article:modified_time\" content=\"2025-01-20T19:20:00+00:00\" \/>\n<meta property=\"og:image\" content=\"https:\/\/lpfparana.com.ar\/inicio\/wp-content\/uploads\/2025\/01\/IMG_8268-1.jpeg\" \/>\n\t<meta property=\"og:image:width\" content=\"1440\" \/>\n\t<meta property=\"og:image:height\" content=\"1800\" \/>\n\t<meta property=\"og:image:type\" content=\"image\/jpeg\" \/>\n<meta name=\"author\" content=\"Juan Manuel Fernandez\" \/>\n<meta name=\"twitter:card\" content=\"summary_large_image\" \/>\n<meta name=\"twitter:label1\" content=\"Escrito por\" \/>\n\t<meta name=\"twitter:data1\" content=\"Juan Manuel Fernandez\" \/>\n\t<meta name=\"twitter:label2\" content=\"Tiempo de lectura\" \/>\n\t<meta name=\"twitter:data2\" content=\"2 minutos\" \/>\n<script type=\"application\/ld+json\" class=\"yoast-schema-graph\">{\"@context\":\"https:\/\/schema.org\",\"@graph\":[{\"@type\":\"Article\",\"@id\":\"https:\/\/lpfparana.com.ar\/inicio\/las-chicas-estan-motivadas-y-con-ganas-de-competir\/#article\",\"isPartOf\":{\"@id\":\"https:\/\/lpfparana.com.ar\/inicio\/las-chicas-estan-motivadas-y-con-ganas-de-competir\/\"},\"author\":{\"name\":\"Juan Manuel Fernandez\",\"@id\":\"https:\/\/lpfparana.com.ar\/inicio\/#\/schema\/person\/5db3866b404cb9672f70c499a9ede0e1\"},\"headline\":\"\u201cLas chicas est\u00e1n motivadas y con ganas de competir\u201d\",\"datePublished\":\"2025-01-20T19:19:57+00:00\",\"dateModified\":\"2025-01-20T19:20:00+00:00\",\"mainEntityOfPage\":{\"@id\":\"https:\/\/lpfparana.com.ar\/inicio\/las-chicas-estan-motivadas-y-con-ganas-de-competir\/\"},\"wordCount\":246,\"commentCount\":0,\"image\":{\"@id\":\"https:\/\/lpfparana.com.ar\/inicio\/las-chicas-estan-motivadas-y-con-ganas-de-competir\/#primaryimage\"},\"thumbnailUrl\":\"https:\/\/lpfparana.com.ar\/inicio\/wp-content\/uploads\/2025\/01\/IMG_8268-1.jpeg\",\"articleSection\":[\"Femenino\",\"Noticias\"],\"inLanguage\":\"es\",\"potentialAction\":[{\"@type\":\"CommentAction\",\"name\":\"Comment\",\"target\":[\"https:\/\/lpfparana.com.ar\/inicio\/las-chicas-estan-motivadas-y-con-ganas-de-competir\/#respond\"]}]},{\"@type\":\"WebPage\",\"@id\":\"https:\/\/lpfparana.com.ar\/inicio\/las-chicas-estan-motivadas-y-con-ganas-de-competir\/\",\"url\":\"https:\/\/lpfparana.com.ar\/inicio\/las-chicas-estan-motivadas-y-con-ganas-de-competir\/\",\"name\":\"\u201cLas chicas est\u00e1n motivadas y con ganas de competir\u201d -\",\"isPartOf\":{\"@id\":\"https:\/\/lpfparana.com.ar\/inicio\/#website\"},\"primaryImageOfPage\":{\"@id\":\"https:\/\/lpfparana.com.ar\/inicio\/las-chicas-estan-motivadas-y-con-ganas-de-competir\/#primaryimage\"},\"image\":{\"@id\":\"https:\/\/lpfparana.com.ar\/inicio\/las-chicas-estan-motivadas-y-con-ganas-de-competir\/#primaryimage\"},\"thumbnailUrl\":\"https:\/\/lpfparana.com.ar\/inicio\/wp-content\/uploads\/2025\/01\/IMG_8268-1.jpeg\",\"datePublished\":\"2025-01-20T19:19:57+00:00\",\"dateModified\":\"2025-01-20T19:20:00+00:00\",\"author\":{\"@id\":\"https:\/\/lpfparana.com.ar\/inicio\/#\/schema\/person\/5db3866b404cb9672f70c499a9ede0e1\"},\"description\":\"Maximiliano Pautasso, Director T\u00e9cnico del plantel de Primera Divisi\u00f3n de Camioneros Femenino dialog\u00f3 con \u201cLocos X La Liga\u201d.\",\"breadcrumb\":{\"@id\":\"https:\/\/lpfparana.com.ar\/inicio\/las-chicas-estan-motivadas-y-con-ganas-de-competir\/#breadcrumb\"},\"inLanguage\":\"es\",\"potentialAction\":[{\"@type\":\"ReadAction\",\"target\":[\"https:\/\/lpfparana.com.ar\/inicio\/las-chicas-estan-motivadas-y-con-ganas-de-competir\/\"]}]},{\"@type\":\"ImageObject\",\"inLanguage\":\"es\",\"@id\":\"https:\/\/lpfparana.com.ar\/inicio\/las-chicas-estan-motivadas-y-con-ganas-de-competir\/#primaryimage\",\"url\":\"https:\/\/lpfparana.com.ar\/inicio\/wp-content\/uploads\/2025\/01\/IMG_8268-1.jpeg\",\"contentUrl\":\"https:\/\/lpfparana.com.ar\/inicio\/wp-content\/uploads\/2025\/01\/IMG_8268-1.jpeg\",\"width\":1440,\"height\":1800},{\"@type\":\"BreadcrumbList\",\"@id\":\"https:\/\/lpfparana.com.ar\/inicio\/las-chicas-estan-motivadas-y-con-ganas-de-competir\/#breadcrumb\",\"itemListElement\":[{\"@type\":\"ListItem\",\"position\":1,\"name\":\"Portada\",\"item\":\"https:\/\/lpfparana.com.ar\/inicio\/\"},{\"@type\":\"ListItem\",\"position\":2,\"name\":\"\u201cLas chicas est\u00e1n motivadas y con ganas de competir\u201d\"}]},{\"@type\":\"WebSite\",\"@id\":\"https:\/\/lpfparana.com.ar\/inicio\/#website\",\"url\":\"https:\/\/lpfparana.com.ar\/inicio\/\",\"name\":\"\",\"description\":\"LPF Paran\u00e1\",\"potentialAction\":[{\"@type\":\"SearchAction\",\"target\":{\"@type\":\"EntryPoint\",\"urlTemplate\":\"https:\/\/lpfparana.com.ar\/inicio\/?s={search_term_string}\"},\"query-input\":{\"@type\":\"PropertyValueSpecification\",\"valueRequired\":true,\"valueName\":\"search_term_string\"}}],\"inLanguage\":\"es\"},{\"@type\":\"Person\",\"@id\":\"https:\/\/lpfparana.com.ar\/inicio\/#\/schema\/person\/5db3866b404cb9672f70c499a9ede0e1\",\"name\":\"Juan Manuel Fernandez\",\"image\":{\"@type\":\"ImageObject\",\"inLanguage\":\"es\",\"@id\":\"https:\/\/secure.gravatar.com\/avatar\/b9ded3b46d997a47d4ffae36e85d6b17e879993cc483e0eae0cf69b9c53626e9?s=96&d=mm&r=g\",\"url\":\"https:\/\/secure.gravatar.com\/avatar\/b9ded3b46d997a47d4ffae36e85d6b17e879993cc483e0eae0cf69b9c53626e9?s=96&d=mm&r=g\",\"contentUrl\":\"https:\/\/secure.gravatar.com\/avatar\/b9ded3b46d997a47d4ffae36e85d6b17e879993cc483e0eae0cf69b9c53626e9?s=96&d=mm&r=g\",\"caption\":\"Juan Manuel Fernandez\"},\"url\":\"https:\/\/lpfparana.com.ar\/inicio\/author\/juanma\/\"}]}<\/script>\n<!-- \/ Yoast SEO Premium plugin. -->","yoast_head_json":{"title":"\u201cLas chicas est\u00e1n motivadas y con ganas de competir\u201d -","description":"Maximiliano Pautasso, Director T\u00e9cnico del plantel de Primera Divisi\u00f3n de Camioneros Femenino dialog\u00f3 con \u201cLocos X La Liga\u201d.","robots":{"index":"index","follow":"follow","max-snippet":"max-snippet:-1","max-image-preview":"max-image-preview:large","max-video-preview":"max-video-preview:-1"},"canonical":"https:\/\/lpfparana.com.ar\/inicio\/las-chicas-estan-motivadas-y-con-ganas-de-competir\/","og_locale":"es_ES","og_type":"article","og_title":"\u201cLas chicas est\u00e1n motivadas y con ganas de competir\u201d","og_description":"Maximiliano Pautasso, Director T\u00e9cnico del plantel de Primera Divisi\u00f3n de Camioneros Femenino dialog\u00f3 con \u201cLocos X La Liga\u201d.","og_url":"https:\/\/lpfparana.com.ar\/inicio\/las-chicas-estan-motivadas-y-con-ganas-de-competir\/","article_published_time":"2025-01-20T19:19:57+00:00","article_modified_time":"2025-01-20T19:20:00+00:00","og_image":[{"width":1440,"height":1800,"url":"https:\/\/lpfparana.com.ar\/inicio\/wp-content\/uploads\/2025\/01\/IMG_8268-1.jpeg","type":"image\/jpeg"}],"author":"Juan Manuel Fernandez","twitter_card":"summary_large_image","twitter_misc":{"Escrito por":"Juan Manuel Fernandez","Tiempo de lectura":"2 minutos"},"schema":{"@context":"https:\/\/schema.org","@graph":[{"@type":"Article","@id":"https:\/\/lpfparana.com.ar\/inicio\/las-chicas-estan-motivadas-y-con-ganas-de-competir\/#article","isPartOf":{"@id":"https:\/\/lpfparana.com.ar\/inicio\/las-chicas-estan-motivadas-y-con-ganas-de-competir\/"},"author":{"name":"Juan Manuel Fernandez","@id":"https:\/\/lpfparana.com.ar\/inicio\/#\/schema\/person\/5db3866b404cb9672f70c499a9ede0e1"},"headline":"\u201cLas chicas est\u00e1n motivadas y con ganas de competir\u201d","datePublished":"2025-01-20T19:19:57+00:00","dateModified":"2025-01-20T19:20:00+00:00","mainEntityOfPage":{"@id":"https:\/\/lpfparana.com.ar\/inicio\/las-chicas-estan-motivadas-y-con-ganas-de-competir\/"},"wordCount":246,"commentCount":0,"image":{"@id":"https:\/\/lpfparana.com.ar\/inicio\/las-chicas-estan-motivadas-y-con-ganas-de-competir\/#primaryimage"},"thumbnailUrl":"https:\/\/lpfparana.com.ar\/inicio\/wp-content\/uploads\/2025\/01\/IMG_8268-1.jpeg","articleSection":["Femenino","Noticias"],"inLanguage":"es","potentialAction":[{"@type":"CommentAction","name":"Comment","target":["https:\/\/lpfparana.com.ar\/inicio\/las-chicas-estan-motivadas-y-con-ganas-de-competir\/#respond"]}]},{"@type":"WebPage","@id":"https:\/\/lpfparana.com.ar\/inicio\/las-chicas-estan-motivadas-y-con-ganas-de-competir\/","url":"https:\/\/lpfparana.com.ar\/inicio\/las-chicas-estan-motivadas-y-con-ganas-de-competir\/","name":"\u201cLas chicas est\u00e1n motivadas y con ganas de competir\u201d -","isPartOf":{"@id":"https:\/\/lpfparana.com.ar\/inicio\/#website"},"primaryImageOfPage":{"@id":"https:\/\/lpfparana.com.ar\/inicio\/las-chicas-estan-motivadas-y-con-ganas-de-competir\/#primaryimage"},"image":{"@id":"https:\/\/lpfparana.com.ar\/inicio\/las-chicas-estan-motivadas-y-con-ganas-de-competir\/#primaryimage"},"thumbnailUrl":"https:\/\/lpfparana.com.ar\/inicio\/wp-content\/uploads\/2025\/01\/IMG_8268-1.jpeg","datePublished":"2025-01-20T19:19:57+00:00","dateModified":"2025-01-20T19:20:00+00:00","author":{"@id":"https:\/\/lpfparana.com.ar\/inicio\/#\/schema\/person\/5db3866b404cb9672f70c499a9ede0e1"},"description":"Maximiliano Pautasso, Director T\u00e9cnico del plantel de Primera Divisi\u00f3n de Camioneros Femenino dialog\u00f3 con \u201cLocos X La Liga\u201d.","breadcrumb":{"@id":"https:\/\/lpfparana.com.ar\/inicio\/las-chicas-estan-motivadas-y-con-ganas-de-competir\/#breadcrumb"},"inLanguage":"es","potentialAction":[{"@type":"ReadAction","target":["https:\/\/lpfparana.com.ar\/inicio\/las-chicas-estan-motivadas-y-con-ganas-de-competir\/"]}]},{"@type":"ImageObject","inLanguage":"es","@id":"https:\/\/lpfparana.com.ar\/inicio\/las-chicas-estan-motivadas-y-con-ganas-de-competir\/#primaryimage","url":"https:\/\/lpfparana.com.ar\/inicio\/wp-content\/uploads\/2025\/01\/IMG_8268-1.jpeg","contentUrl":"https:\/\/lpfparana.com.ar\/inicio\/wp-content\/uploads\/2025\/01\/IMG_8268-1.jpeg","width":1440,"height":1800},{"@type":"BreadcrumbList","@id":"https:\/\/lpfparana.com.ar\/inicio\/las-chicas-estan-motivadas-y-con-ganas-de-competir\/#breadcrumb","itemListElement":[{"@type":"ListItem","position":1,"name":"Portada","item":"https:\/\/lpfparana.com.ar\/inicio\/"},{"@type":"ListItem","position":2,"name":"\u201cLas chicas est\u00e1n motivadas y con ganas de competir\u201d"}]},{"@type":"WebSite","@id":"https:\/\/lpfparana.com.ar\/inicio\/#website","url":"https:\/\/lpfparana.com.ar\/inicio\/","name":"","description":"LPF Paran\u00e1","potentialAction":[{"@type":"SearchAction","target":{"@type":"EntryPoint","urlTemplate":"https:\/\/lpfparana.com.ar\/inicio\/?s={search_term_string}"},"query-input":{"@type":"PropertyValueSpecification","valueRequired":true,"valueName":"search_term_string"}}],"inLanguage":"es"},{"@type":"Person","@id":"https:\/\/lpfparana.com.ar\/inicio\/#\/schema\/person\/5db3866b404cb9672f70c499a9ede0e1","name":"Juan Manuel Fernandez","image":{"@type":"ImageObject","inLanguage":"es","@id":"https:\/\/secure.gravatar.com\/avatar\/b9ded3b46d997a47d4ffae36e85d6b17e879993cc483e0eae0cf69b9c53626e9?s=96&d=mm&r=g","url":"https:\/\/secure.gravatar.com\/avatar\/b9ded3b46d997a47d4ffae36e85d6b17e879993cc483e0eae0cf69b9c53626e9?s=96&d=mm&r=g","contentUrl":"https:\/\/secure.gravatar.com\/avatar\/b9ded3b46d997a47d4ffae36e85d6b17e879993cc483e0eae0cf69b9c53626e9?s=96&d=mm&r=g","caption":"Juan Manuel Fernandez"},"url":"https:\/\/lpfparana.com.ar\/inicio\/author\/juanma\/"}]}},"_links":{"self":[{"href":"https:\/\/lpfparana.com.ar\/inicio\/wp-json\/wp\/v2\/posts\/4555","targetHints":{"allow":["GET"]}}],"collection":[{"href":"https:\/\/lpfparana.com.ar\/inicio\/wp-json\/wp\/v2\/posts"}],"about":[{"href":"https:\/\/lpfparana.com.ar\/inicio\/wp-json\/wp\/v2\/types\/post"}],"author":[{"embeddable":true,"href":"https:\/\/lpfparana.com.ar\/inicio\/wp-json\/wp\/v2\/users\/6"}],"replies":[{"embeddable":true,"href":"https:\/\/lpfparana.com.ar\/inicio\/wp-json\/wp\/v2\/comments?post=4555"}],"version-history":[{"count":3,"href":"https:\/\/lpfparana.com.ar\/inicio\/wp-json\/wp\/v2\/posts\/4555\/revisions"}],"predecessor-version":[{"id":4561,"href":"https:\/\/lpfparana.com.ar\/inicio\/wp-json\/wp\/v2\/posts\/4555\/revisions\/4561"}],"wp:featuredmedia":[{"embeddable":true,"href":"https:\/\/lpfparana.com.ar\/inicio\/wp-json\/wp\/v2\/media\/4557"}],"wp:attachment":[{"href":"https:\/\/lpfparana.com.ar\/inicio\/wp-json\/wp\/v2\/media?parent=4555"}],"wp:term":[{"taxonomy":"category","embeddable":true,"href":"https:\/\/lpfparana.com.ar\/inicio\/wp-json\/wp\/v2\/categories?post=4555"},{"taxonomy":"post_tag","embeddable":true,"href":"https:\/\/lpfparana.com.ar\/inicio\/wp-json\/wp\/v2\/tags?post=4555"}],"curies":[{"name":"wp","href":"https:\/\/api.w.org\/{rel}","templated":true}]}}