{"id":3984,"date":"2024-09-27T18:28:25","date_gmt":"2024-09-27T21:28:25","guid":{"rendered":"https:\/\/lpfparana.com.ar\/inicio\/?p=3984"},"modified":"2024-09-27T18:28:26","modified_gmt":"2024-09-27T21:28:26","slug":"sigue-la-capacitacion-y-el-crecimiento-de-los-arbitros-locales","status":"publish","type":"post","link":"https:\/\/lpfparana.com.ar\/inicio\/sigue-la-capacitacion-y-el-crecimiento-de-los-arbitros-locales\/","title":{"rendered":"Sigue la capacitaci\u00f3n y el crecimiento de los \u00e1rbitros locales"},"content":{"rendered":"\n<h3 class=\"wp-block-heading\" id=\"h-el-cuerpo-arbitral-de-la-liga-paranaense-de-futbol-se-sigue-potenciando-con-mas-horas-de-clases-y-practicas-que-se-adquieren-semana-a-semana-este-jueves-alumnos-de-primero-y-segundo-ano-mas-el-equipo-arbitral-realizo-un-trabajo-de-campo-dictado-por-el-instructor-gustavo-rossi\">El cuerpo arbitral de la Liga Paranaense de F\u00fatbol se sigue potenciando, con m\u00e1s horas de clases y pr\u00e1cticas que se adquieren semana a semana. Este jueves, alumnos de primero y segundo a\u00f1o; m\u00e1s el equipo arbitral realiz\u00f3 un trabajo de campo, dictado por el instructor Gustavo Rossi.<\/h3>\n\n\n\n<p>No es novedad que la Liga Paranaense de F\u00fatbol siga haciendo mucho hincapi\u00e9 en el crecimiento de su cuerpo arbitral. Una inmensa camada de nueves jueces vienen estudiando en la actualidad en primero y segundo a\u00f1o de la carrera. Adem\u00e1s de la capacitaci\u00f3n que siguen recibiendo los \u00e1rbitros recibidos, que dirigen todos los fines de semana.<\/p>\n\n\n\n<p>La capacitaci\u00f3n es de forma permanente y adem\u00e1s de las clases te\u00f3ricas, tienen trabajos en campo, que en la jornada del jueves se realizaron en el campo de juego del Club Don Bosco, donde el instructor nacional, Gustavo Rossi, integrante del equipo de profesionales de la LPF, estuvo trabajando con una gran cantidad de alumnos y \u00e1rbitros.<\/p>\n\n\n\n<figure class=\"wp-block-image size-large\"><a href=\"https:\/\/lpfparana.com.ar\/inicio\/wp-content\/uploads\/2024\/09\/WhatsApp-Image-2024-09-27-at-15.55.49.jpeg\"><img fetchpriority=\"high\" decoding=\"async\" width=\"1024\" height=\"769\" src=\"https:\/\/lpfparana.com.ar\/inicio\/wp-content\/uploads\/2024\/09\/WhatsApp-Image-2024-09-27-at-15.55.49-1024x769.jpeg\" alt=\"\" class=\"wp-image-3985\" srcset=\"https:\/\/lpfparana.com.ar\/inicio\/wp-content\/uploads\/2024\/09\/WhatsApp-Image-2024-09-27-at-15.55.49-1024x769.jpeg 1024w, https:\/\/lpfparana.com.ar\/inicio\/wp-content\/uploads\/2024\/09\/WhatsApp-Image-2024-09-27-at-15.55.49-300x225.jpeg 300w, https:\/\/lpfparana.com.ar\/inicio\/wp-content\/uploads\/2024\/09\/WhatsApp-Image-2024-09-27-at-15.55.49-768x577.jpeg 768w, https:\/\/lpfparana.com.ar\/inicio\/wp-content\/uploads\/2024\/09\/WhatsApp-Image-2024-09-27-at-15.55.49.jpeg 1156w\" sizes=\"(max-width: 1024px) 100vw, 1024px\" \/><\/a><\/figure>\n","protected":false},"excerpt":{"rendered":"<p>El cuerpo arbitral de la Liga Paranaense de F\u00fatbol se sigue potenciando, con m\u00e1s horas de clases y pr\u00e1cticas que se adquieren semana a semana. Este jueves, alumnos de primero y segundo a\u00f1o; m\u00e1s el equipo arbitral realiz\u00f3 un trabajo de campo, dictado por el instructor Gustavo Rossi. No es novedad que la Liga Paranaense&#8230;<\/p>\n","protected":false},"author":4,"featured_media":1901,"comment_status":"open","ping_status":"open","sticky":false,"template":"","format":"standard","meta":{"footnotes":""},"categories":[1],"tags":[],"class_list":["post-3984","post","type-post","status-publish","format-standard","has-post-thumbnail","hentry","category-sin-categoria"],"featured_image_src":null,"author_info":{"display_name":"Juan Manuel L\u00f3pez","author_link":"https:\/\/lpfparana.com.ar\/inicio\/author\/juanito\/"},"yoast_head":"<!-- This site is optimized with the Yoast SEO Premium plugin v23.3 (Yoast SEO v27.2) - https:\/\/yoast.com\/product\/yoast-seo-premium-wordpress\/ -->\n<title>Sigue la capacitaci\u00f3n y el crecimiento de los \u00e1rbitros locales -<\/title>\n<meta name=\"description\" content=\"El cuerpo arbitral de la Liga Paranaense de F\u00fatbol se sigue potenciando, con m\u00e1s horas de clases y pr\u00e1cticas que se adquieren semana,,,\" \/>\n<meta name=\"robots\" content=\"index, follow, max-snippet:-1, max-image-preview:large, max-video-preview:-1\" \/>\n<link rel=\"canonical\" href=\"https:\/\/lpfparana.com.ar\/inicio\/sigue-la-capacitacion-y-el-crecimiento-de-los-arbitros-locales\/\" \/>\n<meta property=\"og:locale\" content=\"es_ES\" \/>\n<meta property=\"og:type\" content=\"article\" \/>\n<meta property=\"og:title\" content=\"Sigue la capacitaci\u00f3n y el crecimiento de los \u00e1rbitros locales\" \/>\n<meta property=\"og:description\" content=\"El cuerpo arbitral de la Liga Paranaense de F\u00fatbol se sigue potenciando, con m\u00e1s horas de clases y pr\u00e1cticas que se adquieren semana,,,\" \/>\n<meta property=\"og:url\" content=\"https:\/\/lpfparana.com.ar\/inicio\/sigue-la-capacitacion-y-el-crecimiento-de-los-arbitros-locales\/\" \/>\n<meta property=\"article:published_time\" content=\"2024-09-27T21:28:25+00:00\" \/>\n<meta property=\"article:modified_time\" content=\"2024-09-27T21:28:26+00:00\" \/>\n<meta name=\"author\" content=\"Juan Manuel L\u00f3pez\" \/>\n<meta name=\"twitter:card\" content=\"summary_large_image\" \/>\n<meta name=\"twitter:label1\" content=\"Escrito por\" \/>\n\t<meta name=\"twitter:data1\" content=\"Juan Manuel L\u00f3pez\" \/>\n\t<meta name=\"twitter:label2\" content=\"Tiempo de lectura\" \/>\n\t<meta name=\"twitter:data2\" content=\"2 minutos\" \/>\n<script type=\"application\/ld+json\" class=\"yoast-schema-graph\">{\"@context\":\"https:\/\/schema.org\",\"@graph\":[{\"@type\":\"Article\",\"@id\":\"https:\/\/lpfparana.com.ar\/inicio\/sigue-la-capacitacion-y-el-crecimiento-de-los-arbitros-locales\/#article\",\"isPartOf\":{\"@id\":\"https:\/\/lpfparana.com.ar\/inicio\/sigue-la-capacitacion-y-el-crecimiento-de-los-arbitros-locales\/\"},\"author\":{\"name\":\"Juan Manuel L\u00f3pez\",\"@id\":\"https:\/\/lpfparana.com.ar\/inicio\/#\/schema\/person\/e4a909baf07553d45f0fb7b76f656d76\"},\"headline\":\"Sigue la capacitaci\u00f3n y el crecimiento de los \u00e1rbitros locales\",\"datePublished\":\"2024-09-27T21:28:25+00:00\",\"dateModified\":\"2024-09-27T21:28:26+00:00\",\"mainEntityOfPage\":{\"@id\":\"https:\/\/lpfparana.com.ar\/inicio\/sigue-la-capacitacion-y-el-crecimiento-de-los-arbitros-locales\/\"},\"wordCount\":184,\"commentCount\":0,\"image\":{\"@id\":\"https:\/\/lpfparana.com.ar\/inicio\/sigue-la-capacitacion-y-el-crecimiento-de-los-arbitros-locales\/#primaryimage\"},\"thumbnailUrl\":\"\",\"inLanguage\":\"es\",\"potentialAction\":[{\"@type\":\"CommentAction\",\"name\":\"Comment\",\"target\":[\"https:\/\/lpfparana.com.ar\/inicio\/sigue-la-capacitacion-y-el-crecimiento-de-los-arbitros-locales\/#respond\"]}]},{\"@type\":\"WebPage\",\"@id\":\"https:\/\/lpfparana.com.ar\/inicio\/sigue-la-capacitacion-y-el-crecimiento-de-los-arbitros-locales\/\",\"url\":\"https:\/\/lpfparana.com.ar\/inicio\/sigue-la-capacitacion-y-el-crecimiento-de-los-arbitros-locales\/\",\"name\":\"Sigue la capacitaci\u00f3n y el crecimiento de los \u00e1rbitros locales -\",\"isPartOf\":{\"@id\":\"https:\/\/lpfparana.com.ar\/inicio\/#website\"},\"primaryImageOfPage\":{\"@id\":\"https:\/\/lpfparana.com.ar\/inicio\/sigue-la-capacitacion-y-el-crecimiento-de-los-arbitros-locales\/#primaryimage\"},\"image\":{\"@id\":\"https:\/\/lpfparana.com.ar\/inicio\/sigue-la-capacitacion-y-el-crecimiento-de-los-arbitros-locales\/#primaryimage\"},\"thumbnailUrl\":\"\",\"datePublished\":\"2024-09-27T21:28:25+00:00\",\"dateModified\":\"2024-09-27T21:28:26+00:00\",\"author\":{\"@id\":\"https:\/\/lpfparana.com.ar\/inicio\/#\/schema\/person\/e4a909baf07553d45f0fb7b76f656d76\"},\"description\":\"El cuerpo arbitral de la Liga Paranaense de F\u00fatbol se sigue potenciando, con m\u00e1s horas de clases y pr\u00e1cticas que se adquieren semana,,,\",\"breadcrumb\":{\"@id\":\"https:\/\/lpfparana.com.ar\/inicio\/sigue-la-capacitacion-y-el-crecimiento-de-los-arbitros-locales\/#breadcrumb\"},\"inLanguage\":\"es\",\"potentialAction\":[{\"@type\":\"ReadAction\",\"target\":[\"https:\/\/lpfparana.com.ar\/inicio\/sigue-la-capacitacion-y-el-crecimiento-de-los-arbitros-locales\/\"]}]},{\"@type\":\"ImageObject\",\"inLanguage\":\"es\",\"@id\":\"https:\/\/lpfparana.com.ar\/inicio\/sigue-la-capacitacion-y-el-crecimiento-de-los-arbitros-locales\/#primaryimage\",\"url\":\"\",\"contentUrl\":\"\"},{\"@type\":\"BreadcrumbList\",\"@id\":\"https:\/\/lpfparana.com.ar\/inicio\/sigue-la-capacitacion-y-el-crecimiento-de-los-arbitros-locales\/#breadcrumb\",\"itemListElement\":[{\"@type\":\"ListItem\",\"position\":1,\"name\":\"Portada\",\"item\":\"https:\/\/lpfparana.com.ar\/inicio\/\"},{\"@type\":\"ListItem\",\"position\":2,\"name\":\"Sigue la capacitaci\u00f3n y el crecimiento de los \u00e1rbitros locales\"}]},{\"@type\":\"WebSite\",\"@id\":\"https:\/\/lpfparana.com.ar\/inicio\/#website\",\"url\":\"https:\/\/lpfparana.com.ar\/inicio\/\",\"name\":\"\",\"description\":\"LPF Paran\u00e1\",\"potentialAction\":[{\"@type\":\"SearchAction\",\"target\":{\"@type\":\"EntryPoint\",\"urlTemplate\":\"https:\/\/lpfparana.com.ar\/inicio\/?s={search_term_string}\"},\"query-input\":{\"@type\":\"PropertyValueSpecification\",\"valueRequired\":true,\"valueName\":\"search_term_string\"}}],\"inLanguage\":\"es\"},{\"@type\":\"Person\",\"@id\":\"https:\/\/lpfparana.com.ar\/inicio\/#\/schema\/person\/e4a909baf07553d45f0fb7b76f656d76\",\"name\":\"Juan Manuel L\u00f3pez\",\"image\":{\"@type\":\"ImageObject\",\"inLanguage\":\"es\",\"@id\":\"https:\/\/secure.gravatar.com\/avatar\/6fd4b36dc88658b1a9f8103e109f47885fcd020443829a5d936ca18f07c3d96c?s=96&d=mm&r=g\",\"url\":\"https:\/\/secure.gravatar.com\/avatar\/6fd4b36dc88658b1a9f8103e109f47885fcd020443829a5d936ca18f07c3d96c?s=96&d=mm&r=g\",\"contentUrl\":\"https:\/\/secure.gravatar.com\/avatar\/6fd4b36dc88658b1a9f8103e109f47885fcd020443829a5d936ca18f07c3d96c?s=96&d=mm&r=g\",\"caption\":\"Juan Manuel L\u00f3pez\"},\"url\":\"https:\/\/lpfparana.com.ar\/inicio\/author\/juanito\/\"}]}<\/script>\n<!-- \/ Yoast SEO Premium plugin. -->","yoast_head_json":{"title":"Sigue la capacitaci\u00f3n y el crecimiento de los \u00e1rbitros locales -","description":"El cuerpo arbitral de la Liga Paranaense de F\u00fatbol se sigue potenciando, con m\u00e1s horas de clases y pr\u00e1cticas que se adquieren semana,,,","robots":{"index":"index","follow":"follow","max-snippet":"max-snippet:-1","max-image-preview":"max-image-preview:large","max-video-preview":"max-video-preview:-1"},"canonical":"https:\/\/lpfparana.com.ar\/inicio\/sigue-la-capacitacion-y-el-crecimiento-de-los-arbitros-locales\/","og_locale":"es_ES","og_type":"article","og_title":"Sigue la capacitaci\u00f3n y el crecimiento de los \u00e1rbitros locales","og_description":"El cuerpo arbitral de la Liga Paranaense de F\u00fatbol se sigue potenciando, con m\u00e1s horas de clases y pr\u00e1cticas que se adquieren semana,,,","og_url":"https:\/\/lpfparana.com.ar\/inicio\/sigue-la-capacitacion-y-el-crecimiento-de-los-arbitros-locales\/","article_published_time":"2024-09-27T21:28:25+00:00","article_modified_time":"2024-09-27T21:28:26+00:00","author":"Juan Manuel L\u00f3pez","twitter_card":"summary_large_image","twitter_misc":{"Escrito por":"Juan Manuel L\u00f3pez","Tiempo de lectura":"2 minutos"},"schema":{"@context":"https:\/\/schema.org","@graph":[{"@type":"Article","@id":"https:\/\/lpfparana.com.ar\/inicio\/sigue-la-capacitacion-y-el-crecimiento-de-los-arbitros-locales\/#article","isPartOf":{"@id":"https:\/\/lpfparana.com.ar\/inicio\/sigue-la-capacitacion-y-el-crecimiento-de-los-arbitros-locales\/"},"author":{"name":"Juan Manuel L\u00f3pez","@id":"https:\/\/lpfparana.com.ar\/inicio\/#\/schema\/person\/e4a909baf07553d45f0fb7b76f656d76"},"headline":"Sigue la capacitaci\u00f3n y el crecimiento de los \u00e1rbitros locales","datePublished":"2024-09-27T21:28:25+00:00","dateModified":"2024-09-27T21:28:26+00:00","mainEntityOfPage":{"@id":"https:\/\/lpfparana.com.ar\/inicio\/sigue-la-capacitacion-y-el-crecimiento-de-los-arbitros-locales\/"},"wordCount":184,"commentCount":0,"image":{"@id":"https:\/\/lpfparana.com.ar\/inicio\/sigue-la-capacitacion-y-el-crecimiento-de-los-arbitros-locales\/#primaryimage"},"thumbnailUrl":"","inLanguage":"es","potentialAction":[{"@type":"CommentAction","name":"Comment","target":["https:\/\/lpfparana.com.ar\/inicio\/sigue-la-capacitacion-y-el-crecimiento-de-los-arbitros-locales\/#respond"]}]},{"@type":"WebPage","@id":"https:\/\/lpfparana.com.ar\/inicio\/sigue-la-capacitacion-y-el-crecimiento-de-los-arbitros-locales\/","url":"https:\/\/lpfparana.com.ar\/inicio\/sigue-la-capacitacion-y-el-crecimiento-de-los-arbitros-locales\/","name":"Sigue la capacitaci\u00f3n y el crecimiento de los \u00e1rbitros locales -","isPartOf":{"@id":"https:\/\/lpfparana.com.ar\/inicio\/#website"},"primaryImageOfPage":{"@id":"https:\/\/lpfparana.com.ar\/inicio\/sigue-la-capacitacion-y-el-crecimiento-de-los-arbitros-locales\/#primaryimage"},"image":{"@id":"https:\/\/lpfparana.com.ar\/inicio\/sigue-la-capacitacion-y-el-crecimiento-de-los-arbitros-locales\/#primaryimage"},"thumbnailUrl":"","datePublished":"2024-09-27T21:28:25+00:00","dateModified":"2024-09-27T21:28:26+00:00","author":{"@id":"https:\/\/lpfparana.com.ar\/inicio\/#\/schema\/person\/e4a909baf07553d45f0fb7b76f656d76"},"description":"El cuerpo arbitral de la Liga Paranaense de F\u00fatbol se sigue potenciando, con m\u00e1s horas de clases y pr\u00e1cticas que se adquieren semana,,,","breadcrumb":{"@id":"https:\/\/lpfparana.com.ar\/inicio\/sigue-la-capacitacion-y-el-crecimiento-de-los-arbitros-locales\/#breadcrumb"},"inLanguage":"es","potentialAction":[{"@type":"ReadAction","target":["https:\/\/lpfparana.com.ar\/inicio\/sigue-la-capacitacion-y-el-crecimiento-de-los-arbitros-locales\/"]}]},{"@type":"ImageObject","inLanguage":"es","@id":"https:\/\/lpfparana.com.ar\/inicio\/sigue-la-capacitacion-y-el-crecimiento-de-los-arbitros-locales\/#primaryimage","url":"","contentUrl":""},{"@type":"BreadcrumbList","@id":"https:\/\/lpfparana.com.ar\/inicio\/sigue-la-capacitacion-y-el-crecimiento-de-los-arbitros-locales\/#breadcrumb","itemListElement":[{"@type":"ListItem","position":1,"name":"Portada","item":"https:\/\/lpfparana.com.ar\/inicio\/"},{"@type":"ListItem","position":2,"name":"Sigue la capacitaci\u00f3n y el crecimiento de los \u00e1rbitros locales"}]},{"@type":"WebSite","@id":"https:\/\/lpfparana.com.ar\/inicio\/#website","url":"https:\/\/lpfparana.com.ar\/inicio\/","name":"","description":"LPF Paran\u00e1","potentialAction":[{"@type":"SearchAction","target":{"@type":"EntryPoint","urlTemplate":"https:\/\/lpfparana.com.ar\/inicio\/?s={search_term_string}"},"query-input":{"@type":"PropertyValueSpecification","valueRequired":true,"valueName":"search_term_string"}}],"inLanguage":"es"},{"@type":"Person","@id":"https:\/\/lpfparana.com.ar\/inicio\/#\/schema\/person\/e4a909baf07553d45f0fb7b76f656d76","name":"Juan Manuel L\u00f3pez","image":{"@type":"ImageObject","inLanguage":"es","@id":"https:\/\/secure.gravatar.com\/avatar\/6fd4b36dc88658b1a9f8103e109f47885fcd020443829a5d936ca18f07c3d96c?s=96&d=mm&r=g","url":"https:\/\/secure.gravatar.com\/avatar\/6fd4b36dc88658b1a9f8103e109f47885fcd020443829a5d936ca18f07c3d96c?s=96&d=mm&r=g","contentUrl":"https:\/\/secure.gravatar.com\/avatar\/6fd4b36dc88658b1a9f8103e109f47885fcd020443829a5d936ca18f07c3d96c?s=96&d=mm&r=g","caption":"Juan Manuel L\u00f3pez"},"url":"https:\/\/lpfparana.com.ar\/inicio\/author\/juanito\/"}]}},"_links":{"self":[{"href":"https:\/\/lpfparana.com.ar\/inicio\/wp-json\/wp\/v2\/posts\/3984","targetHints":{"allow":["GET"]}}],"collection":[{"href":"https:\/\/lpfparana.com.ar\/inicio\/wp-json\/wp\/v2\/posts"}],"about":[{"href":"https:\/\/lpfparana.com.ar\/inicio\/wp-json\/wp\/v2\/types\/post"}],"author":[{"embeddable":true,"href":"https:\/\/lpfparana.com.ar\/inicio\/wp-json\/wp\/v2\/users\/4"}],"replies":[{"embeddable":true,"href":"https:\/\/lpfparana.com.ar\/inicio\/wp-json\/wp\/v2\/comments?post=3984"}],"version-history":[{"count":1,"href":"https:\/\/lpfparana.com.ar\/inicio\/wp-json\/wp\/v2\/posts\/3984\/revisions"}],"predecessor-version":[{"id":3986,"href":"https:\/\/lpfparana.com.ar\/inicio\/wp-json\/wp\/v2\/posts\/3984\/revisions\/3986"}],"wp:featuredmedia":[{"embeddable":true,"href":"https:\/\/lpfparana.com.ar\/inicio\/wp-json\/"}],"wp:attachment":[{"href":"https:\/\/lpfparana.com.ar\/inicio\/wp-json\/wp\/v2\/media?parent=3984"}],"wp:term":[{"taxonomy":"category","embeddable":true,"href":"https:\/\/lpfparana.com.ar\/inicio\/wp-json\/wp\/v2\/categories?post=3984"},{"taxonomy":"post_tag","embeddable":true,"href":"https:\/\/lpfparana.com.ar\/inicio\/wp-json\/wp\/v2\/tags?post=3984"}],"curies":[{"name":"wp","href":"https:\/\/api.w.org\/{rel}","templated":true}]}}