{"id":3966,"date":"2024-09-26T17:10:48","date_gmt":"2024-09-26T20:10:48","guid":{"rendered":"https:\/\/lpfparana.com.ar\/inicio\/?p=3966"},"modified":"2024-09-26T17:10:49","modified_gmt":"2024-09-26T20:10:49","slug":"trabajaremos-en-el-crecimiento-y-aprendizaje-de-los-mas-chicos","status":"publish","type":"post","link":"https:\/\/lpfparana.com.ar\/inicio\/trabajaremos-en-el-crecimiento-y-aprendizaje-de-los-mas-chicos\/","title":{"rendered":"\u201cTrabajaremos en el crecimiento y aprendizaje de los m\u00e1s chicos\u201d"},"content":{"rendered":"\n<h3 class=\"wp-block-heading\" id=\"h-eduardo-lell-ex-jugador-de-patronato-y-ex-dt-en-varios-equipos-de-nuestra-liga-dialogo-con-locos-x-la-liga-el-programa-oficial-de-la-liga-paranaense-de-futbol\">Eduardo Lell, ex jugador de Patronato y ex DT en varios equipos de nuestra Liga, dialog\u00f3 con \u201cLocos X La Liga\u201d, el programa oficial de la Liga Paranaense de Futbol.<\/h3>\n\n\n\n<p>Eduardo \u00abSalchicha\u00bb Lell, ha asumido en un nuevo rol en Escuela River, El DT se enfocar\u00e1 en el perfeccionamiento y tecnificaci\u00f3n deportiva de los m\u00e1s j\u00f3venes.<\/p>\n\n\n\n<p>En el comienzo del dialogo por FM Litoral 103.1Mhz. \u00abSalchi\u00bb explic\u00f3 c\u00f3mo ser\u00e1 la metodolog\u00eda de trabajo, dejando en claro que: \u201cA partir del d\u00eda lunes me estar\u00e9 sumando al trabajo, lo que haremos junto a mi equipo ser\u00e1 la etapa de evaluaci\u00f3n de los ni\u00f1os, para saber las condiciones y en base a eso, separar por grupos. Intentaremos darle las herramientas para poder seguir mejorando y perfeccionando en la caracter\u00edsticas que cada chico tenga\u201d.<\/p>\n\n\n\n<p>En la continuidad de la entrevista Lell se refiri\u00f3 al horario de trabajo y por qu\u00e9 acept\u00f3 este desaf\u00edo, remarcando que: \u201cLos horarios ser\u00e1n de 20 a 21, dividido en etapas durante la semana. Gracias al trabajo de los dirigentes podremos ocupar ese horario y despu\u00e9s en base a la aceptaci\u00f3n\u00bb. <\/p>\n\n\n\n<p>\u00abNo lo dude, me reun\u00ed con Federico Lamas (Dirigente de River Plate y Escuela River) y fue muy positivo todo. Tienen un predio hermoso y uno en base a su experiencia en distintos \u00e1mbitos intentar\u00e1 aportar lo suyo\u201d, destac\u00f3 el ex marcador central. <\/p>\n\n\n\n<h3 class=\"wp-block-heading\" id=\"h-el-crecimiento-en-universitario\">El crecimiento en Universitario<\/h3>\n\n\n\n<p>Eduardo estuvo alrededor de seis a\u00f1os en Universitario y tiene un cari\u00f1o especial con el club. En base a esto, sobre la actualidad de la \u00abU\u00bb, destac\u00f3: \u201cSi bien uno estuvo en la anterior gesti\u00f3n, durante muchos a\u00f1os y en otros clubes tambi\u00e9n, como Pe\u00f1arol, Patronato y dem\u00e1s, en Universitario pase momentos muy lindos\u00bb. <\/p>\n\n\n\n<p>\u00abVerlo as\u00ed con Leo Acosta como presidente y su comisi\u00f3n, me pone muy contento. El club est\u00e1 creciendo y los chicos se acercan cada vez m\u00e1s. Siempre digo que sacar a los chicos de la calle es el principal objetivo por el cual los clubes tienen que trabajar, as\u00ed que los felicito por todo\u201d, cerr\u00f3 diciendo \u00abSalchicha\u00bb. <\/p>\n","protected":false},"excerpt":{"rendered":"<p>Eduardo Lell, ex jugador de Patronato y ex DT en varios equipos de nuestra Liga, dialog\u00f3 con \u201cLocos X La Liga\u201d, el programa oficial de la Liga Paranaense de Futbol. Eduardo \u00abSalchicha\u00bb Lell, ha asumido en un nuevo rol en Escuela River, El DT se enfocar\u00e1 en el perfeccionamiento y tecnificaci\u00f3n deportiva de los m\u00e1s&#8230;<\/p>\n","protected":false},"author":6,"featured_media":3967,"comment_status":"open","ping_status":"open","sticky":false,"template":"","format":"standard","meta":{"footnotes":""},"categories":[2],"tags":[],"class_list":["post-3966","post","type-post","status-publish","format-standard","has-post-thumbnail","hentry","category-noticias"],"featured_image_src":"https:\/\/lpfparana.com.ar\/inicio\/wp-content\/uploads\/2024\/09\/lell.jpg","author_info":{"display_name":"Juan Manuel Fernandez","author_link":"https:\/\/lpfparana.com.ar\/inicio\/author\/juanma\/"},"yoast_head":"<!-- This site is optimized with the Yoast SEO Premium plugin v23.3 (Yoast SEO v27.2) - https:\/\/yoast.com\/product\/yoast-seo-premium-wordpress\/ -->\n<title>\u201cTrabajaremos en el crecimiento y aprendizaje de los m\u00e1s chicos\u201d -<\/title>\n<meta name=\"description\" content=\"Eduardo Lell, ex jugador de Patronato y ex DT en varios equipos de nuestra Liga, dialog\u00f3 con \u201cLocos X La Liga\u201d, el programa oficial de la LPF\" \/>\n<meta name=\"robots\" content=\"index, follow, max-snippet:-1, max-image-preview:large, max-video-preview:-1\" \/>\n<link rel=\"canonical\" href=\"https:\/\/lpfparana.com.ar\/inicio\/trabajaremos-en-el-crecimiento-y-aprendizaje-de-los-mas-chicos\/\" \/>\n<meta property=\"og:locale\" content=\"es_ES\" \/>\n<meta property=\"og:type\" content=\"article\" \/>\n<meta property=\"og:title\" content=\"\u201cTrabajaremos en el crecimiento y aprendizaje de los m\u00e1s chicos\u201d\" \/>\n<meta property=\"og:description\" content=\"Eduardo Lell, ex jugador de Patronato y ex DT en varios equipos de nuestra Liga, dialog\u00f3 con \u201cLocos X La Liga\u201d, el programa oficial de la LPF\" \/>\n<meta property=\"og:url\" content=\"https:\/\/lpfparana.com.ar\/inicio\/trabajaremos-en-el-crecimiento-y-aprendizaje-de-los-mas-chicos\/\" \/>\n<meta property=\"article:published_time\" content=\"2024-09-26T20:10:48+00:00\" \/>\n<meta property=\"article:modified_time\" content=\"2024-09-26T20:10:49+00:00\" \/>\n<meta property=\"og:image\" content=\"https:\/\/lpfparana.com.ar\/inicio\/wp-content\/uploads\/2024\/09\/lell.jpg\" \/>\n\t<meta property=\"og:image:width\" content=\"1280\" \/>\n\t<meta property=\"og:image:height\" content=\"720\" \/>\n\t<meta property=\"og:image:type\" content=\"image\/jpeg\" \/>\n<meta name=\"author\" content=\"Juan Manuel Fernandez\" \/>\n<meta name=\"twitter:card\" content=\"summary_large_image\" \/>\n<meta name=\"twitter:label1\" content=\"Escrito por\" \/>\n\t<meta name=\"twitter:data1\" content=\"Juan Manuel Fernandez\" \/>\n\t<meta name=\"twitter:label2\" content=\"Tiempo de lectura\" \/>\n\t<meta name=\"twitter:data2\" content=\"2 minutos\" \/>\n<script type=\"application\/ld+json\" class=\"yoast-schema-graph\">{\"@context\":\"https:\/\/schema.org\",\"@graph\":[{\"@type\":\"Article\",\"@id\":\"https:\/\/lpfparana.com.ar\/inicio\/trabajaremos-en-el-crecimiento-y-aprendizaje-de-los-mas-chicos\/#article\",\"isPartOf\":{\"@id\":\"https:\/\/lpfparana.com.ar\/inicio\/trabajaremos-en-el-crecimiento-y-aprendizaje-de-los-mas-chicos\/\"},\"author\":{\"name\":\"Juan Manuel Fernandez\",\"@id\":\"https:\/\/lpfparana.com.ar\/inicio\/#\/schema\/person\/5db3866b404cb9672f70c499a9ede0e1\"},\"headline\":\"\u201cTrabajaremos en el crecimiento y aprendizaje de los m\u00e1s chicos\u201d\",\"datePublished\":\"2024-09-26T20:10:48+00:00\",\"dateModified\":\"2024-09-26T20:10:49+00:00\",\"mainEntityOfPage\":{\"@id\":\"https:\/\/lpfparana.com.ar\/inicio\/trabajaremos-en-el-crecimiento-y-aprendizaje-de-los-mas-chicos\/\"},\"wordCount\":371,\"commentCount\":0,\"image\":{\"@id\":\"https:\/\/lpfparana.com.ar\/inicio\/trabajaremos-en-el-crecimiento-y-aprendizaje-de-los-mas-chicos\/#primaryimage\"},\"thumbnailUrl\":\"https:\/\/lpfparana.com.ar\/inicio\/wp-content\/uploads\/2024\/09\/lell.jpg\",\"articleSection\":[\"Noticias\"],\"inLanguage\":\"es\",\"potentialAction\":[{\"@type\":\"CommentAction\",\"name\":\"Comment\",\"target\":[\"https:\/\/lpfparana.com.ar\/inicio\/trabajaremos-en-el-crecimiento-y-aprendizaje-de-los-mas-chicos\/#respond\"]}]},{\"@type\":\"WebPage\",\"@id\":\"https:\/\/lpfparana.com.ar\/inicio\/trabajaremos-en-el-crecimiento-y-aprendizaje-de-los-mas-chicos\/\",\"url\":\"https:\/\/lpfparana.com.ar\/inicio\/trabajaremos-en-el-crecimiento-y-aprendizaje-de-los-mas-chicos\/\",\"name\":\"\u201cTrabajaremos en el crecimiento y aprendizaje de los m\u00e1s chicos\u201d -\",\"isPartOf\":{\"@id\":\"https:\/\/lpfparana.com.ar\/inicio\/#website\"},\"primaryImageOfPage\":{\"@id\":\"https:\/\/lpfparana.com.ar\/inicio\/trabajaremos-en-el-crecimiento-y-aprendizaje-de-los-mas-chicos\/#primaryimage\"},\"image\":{\"@id\":\"https:\/\/lpfparana.com.ar\/inicio\/trabajaremos-en-el-crecimiento-y-aprendizaje-de-los-mas-chicos\/#primaryimage\"},\"thumbnailUrl\":\"https:\/\/lpfparana.com.ar\/inicio\/wp-content\/uploads\/2024\/09\/lell.jpg\",\"datePublished\":\"2024-09-26T20:10:48+00:00\",\"dateModified\":\"2024-09-26T20:10:49+00:00\",\"author\":{\"@id\":\"https:\/\/lpfparana.com.ar\/inicio\/#\/schema\/person\/5db3866b404cb9672f70c499a9ede0e1\"},\"description\":\"Eduardo Lell, ex jugador de Patronato y ex DT en varios equipos de nuestra Liga, dialog\u00f3 con \u201cLocos X La Liga\u201d, el programa oficial de la LPF\",\"breadcrumb\":{\"@id\":\"https:\/\/lpfparana.com.ar\/inicio\/trabajaremos-en-el-crecimiento-y-aprendizaje-de-los-mas-chicos\/#breadcrumb\"},\"inLanguage\":\"es\",\"potentialAction\":[{\"@type\":\"ReadAction\",\"target\":[\"https:\/\/lpfparana.com.ar\/inicio\/trabajaremos-en-el-crecimiento-y-aprendizaje-de-los-mas-chicos\/\"]}]},{\"@type\":\"ImageObject\",\"inLanguage\":\"es\",\"@id\":\"https:\/\/lpfparana.com.ar\/inicio\/trabajaremos-en-el-crecimiento-y-aprendizaje-de-los-mas-chicos\/#primaryimage\",\"url\":\"https:\/\/lpfparana.com.ar\/inicio\/wp-content\/uploads\/2024\/09\/lell.jpg\",\"contentUrl\":\"https:\/\/lpfparana.com.ar\/inicio\/wp-content\/uploads\/2024\/09\/lell.jpg\",\"width\":1280,\"height\":720},{\"@type\":\"BreadcrumbList\",\"@id\":\"https:\/\/lpfparana.com.ar\/inicio\/trabajaremos-en-el-crecimiento-y-aprendizaje-de-los-mas-chicos\/#breadcrumb\",\"itemListElement\":[{\"@type\":\"ListItem\",\"position\":1,\"name\":\"Portada\",\"item\":\"https:\/\/lpfparana.com.ar\/inicio\/\"},{\"@type\":\"ListItem\",\"position\":2,\"name\":\"\u201cTrabajaremos en el crecimiento y aprendizaje de los m\u00e1s chicos\u201d\"}]},{\"@type\":\"WebSite\",\"@id\":\"https:\/\/lpfparana.com.ar\/inicio\/#website\",\"url\":\"https:\/\/lpfparana.com.ar\/inicio\/\",\"name\":\"\",\"description\":\"LPF Paran\u00e1\",\"potentialAction\":[{\"@type\":\"SearchAction\",\"target\":{\"@type\":\"EntryPoint\",\"urlTemplate\":\"https:\/\/lpfparana.com.ar\/inicio\/?s={search_term_string}\"},\"query-input\":{\"@type\":\"PropertyValueSpecification\",\"valueRequired\":true,\"valueName\":\"search_term_string\"}}],\"inLanguage\":\"es\"},{\"@type\":\"Person\",\"@id\":\"https:\/\/lpfparana.com.ar\/inicio\/#\/schema\/person\/5db3866b404cb9672f70c499a9ede0e1\",\"name\":\"Juan Manuel Fernandez\",\"image\":{\"@type\":\"ImageObject\",\"inLanguage\":\"es\",\"@id\":\"https:\/\/secure.gravatar.com\/avatar\/b9ded3b46d997a47d4ffae36e85d6b17e879993cc483e0eae0cf69b9c53626e9?s=96&d=mm&r=g\",\"url\":\"https:\/\/secure.gravatar.com\/avatar\/b9ded3b46d997a47d4ffae36e85d6b17e879993cc483e0eae0cf69b9c53626e9?s=96&d=mm&r=g\",\"contentUrl\":\"https:\/\/secure.gravatar.com\/avatar\/b9ded3b46d997a47d4ffae36e85d6b17e879993cc483e0eae0cf69b9c53626e9?s=96&d=mm&r=g\",\"caption\":\"Juan Manuel Fernandez\"},\"url\":\"https:\/\/lpfparana.com.ar\/inicio\/author\/juanma\/\"}]}<\/script>\n<!-- \/ Yoast SEO Premium plugin. -->","yoast_head_json":{"title":"\u201cTrabajaremos en el crecimiento y aprendizaje de los m\u00e1s chicos\u201d -","description":"Eduardo Lell, ex jugador de Patronato y ex DT en varios equipos de nuestra Liga, dialog\u00f3 con \u201cLocos X La Liga\u201d, el programa oficial de la LPF","robots":{"index":"index","follow":"follow","max-snippet":"max-snippet:-1","max-image-preview":"max-image-preview:large","max-video-preview":"max-video-preview:-1"},"canonical":"https:\/\/lpfparana.com.ar\/inicio\/trabajaremos-en-el-crecimiento-y-aprendizaje-de-los-mas-chicos\/","og_locale":"es_ES","og_type":"article","og_title":"\u201cTrabajaremos en el crecimiento y aprendizaje de los m\u00e1s chicos\u201d","og_description":"Eduardo Lell, ex jugador de Patronato y ex DT en varios equipos de nuestra Liga, dialog\u00f3 con \u201cLocos X La Liga\u201d, el programa oficial de la LPF","og_url":"https:\/\/lpfparana.com.ar\/inicio\/trabajaremos-en-el-crecimiento-y-aprendizaje-de-los-mas-chicos\/","article_published_time":"2024-09-26T20:10:48+00:00","article_modified_time":"2024-09-26T20:10:49+00:00","og_image":[{"width":1280,"height":720,"url":"https:\/\/lpfparana.com.ar\/inicio\/wp-content\/uploads\/2024\/09\/lell.jpg","type":"image\/jpeg"}],"author":"Juan Manuel Fernandez","twitter_card":"summary_large_image","twitter_misc":{"Escrito por":"Juan Manuel Fernandez","Tiempo de lectura":"2 minutos"},"schema":{"@context":"https:\/\/schema.org","@graph":[{"@type":"Article","@id":"https:\/\/lpfparana.com.ar\/inicio\/trabajaremos-en-el-crecimiento-y-aprendizaje-de-los-mas-chicos\/#article","isPartOf":{"@id":"https:\/\/lpfparana.com.ar\/inicio\/trabajaremos-en-el-crecimiento-y-aprendizaje-de-los-mas-chicos\/"},"author":{"name":"Juan Manuel Fernandez","@id":"https:\/\/lpfparana.com.ar\/inicio\/#\/schema\/person\/5db3866b404cb9672f70c499a9ede0e1"},"headline":"\u201cTrabajaremos en el crecimiento y aprendizaje de los m\u00e1s chicos\u201d","datePublished":"2024-09-26T20:10:48+00:00","dateModified":"2024-09-26T20:10:49+00:00","mainEntityOfPage":{"@id":"https:\/\/lpfparana.com.ar\/inicio\/trabajaremos-en-el-crecimiento-y-aprendizaje-de-los-mas-chicos\/"},"wordCount":371,"commentCount":0,"image":{"@id":"https:\/\/lpfparana.com.ar\/inicio\/trabajaremos-en-el-crecimiento-y-aprendizaje-de-los-mas-chicos\/#primaryimage"},"thumbnailUrl":"https:\/\/lpfparana.com.ar\/inicio\/wp-content\/uploads\/2024\/09\/lell.jpg","articleSection":["Noticias"],"inLanguage":"es","potentialAction":[{"@type":"CommentAction","name":"Comment","target":["https:\/\/lpfparana.com.ar\/inicio\/trabajaremos-en-el-crecimiento-y-aprendizaje-de-los-mas-chicos\/#respond"]}]},{"@type":"WebPage","@id":"https:\/\/lpfparana.com.ar\/inicio\/trabajaremos-en-el-crecimiento-y-aprendizaje-de-los-mas-chicos\/","url":"https:\/\/lpfparana.com.ar\/inicio\/trabajaremos-en-el-crecimiento-y-aprendizaje-de-los-mas-chicos\/","name":"\u201cTrabajaremos en el crecimiento y aprendizaje de los m\u00e1s chicos\u201d -","isPartOf":{"@id":"https:\/\/lpfparana.com.ar\/inicio\/#website"},"primaryImageOfPage":{"@id":"https:\/\/lpfparana.com.ar\/inicio\/trabajaremos-en-el-crecimiento-y-aprendizaje-de-los-mas-chicos\/#primaryimage"},"image":{"@id":"https:\/\/lpfparana.com.ar\/inicio\/trabajaremos-en-el-crecimiento-y-aprendizaje-de-los-mas-chicos\/#primaryimage"},"thumbnailUrl":"https:\/\/lpfparana.com.ar\/inicio\/wp-content\/uploads\/2024\/09\/lell.jpg","datePublished":"2024-09-26T20:10:48+00:00","dateModified":"2024-09-26T20:10:49+00:00","author":{"@id":"https:\/\/lpfparana.com.ar\/inicio\/#\/schema\/person\/5db3866b404cb9672f70c499a9ede0e1"},"description":"Eduardo Lell, ex jugador de Patronato y ex DT en varios equipos de nuestra Liga, dialog\u00f3 con \u201cLocos X La Liga\u201d, el programa oficial de la LPF","breadcrumb":{"@id":"https:\/\/lpfparana.com.ar\/inicio\/trabajaremos-en-el-crecimiento-y-aprendizaje-de-los-mas-chicos\/#breadcrumb"},"inLanguage":"es","potentialAction":[{"@type":"ReadAction","target":["https:\/\/lpfparana.com.ar\/inicio\/trabajaremos-en-el-crecimiento-y-aprendizaje-de-los-mas-chicos\/"]}]},{"@type":"ImageObject","inLanguage":"es","@id":"https:\/\/lpfparana.com.ar\/inicio\/trabajaremos-en-el-crecimiento-y-aprendizaje-de-los-mas-chicos\/#primaryimage","url":"https:\/\/lpfparana.com.ar\/inicio\/wp-content\/uploads\/2024\/09\/lell.jpg","contentUrl":"https:\/\/lpfparana.com.ar\/inicio\/wp-content\/uploads\/2024\/09\/lell.jpg","width":1280,"height":720},{"@type":"BreadcrumbList","@id":"https:\/\/lpfparana.com.ar\/inicio\/trabajaremos-en-el-crecimiento-y-aprendizaje-de-los-mas-chicos\/#breadcrumb","itemListElement":[{"@type":"ListItem","position":1,"name":"Portada","item":"https:\/\/lpfparana.com.ar\/inicio\/"},{"@type":"ListItem","position":2,"name":"\u201cTrabajaremos en el crecimiento y aprendizaje de los m\u00e1s chicos\u201d"}]},{"@type":"WebSite","@id":"https:\/\/lpfparana.com.ar\/inicio\/#website","url":"https:\/\/lpfparana.com.ar\/inicio\/","name":"","description":"LPF Paran\u00e1","potentialAction":[{"@type":"SearchAction","target":{"@type":"EntryPoint","urlTemplate":"https:\/\/lpfparana.com.ar\/inicio\/?s={search_term_string}"},"query-input":{"@type":"PropertyValueSpecification","valueRequired":true,"valueName":"search_term_string"}}],"inLanguage":"es"},{"@type":"Person","@id":"https:\/\/lpfparana.com.ar\/inicio\/#\/schema\/person\/5db3866b404cb9672f70c499a9ede0e1","name":"Juan Manuel Fernandez","image":{"@type":"ImageObject","inLanguage":"es","@id":"https:\/\/secure.gravatar.com\/avatar\/b9ded3b46d997a47d4ffae36e85d6b17e879993cc483e0eae0cf69b9c53626e9?s=96&d=mm&r=g","url":"https:\/\/secure.gravatar.com\/avatar\/b9ded3b46d997a47d4ffae36e85d6b17e879993cc483e0eae0cf69b9c53626e9?s=96&d=mm&r=g","contentUrl":"https:\/\/secure.gravatar.com\/avatar\/b9ded3b46d997a47d4ffae36e85d6b17e879993cc483e0eae0cf69b9c53626e9?s=96&d=mm&r=g","caption":"Juan Manuel Fernandez"},"url":"https:\/\/lpfparana.com.ar\/inicio\/author\/juanma\/"}]}},"_links":{"self":[{"href":"https:\/\/lpfparana.com.ar\/inicio\/wp-json\/wp\/v2\/posts\/3966","targetHints":{"allow":["GET"]}}],"collection":[{"href":"https:\/\/lpfparana.com.ar\/inicio\/wp-json\/wp\/v2\/posts"}],"about":[{"href":"https:\/\/lpfparana.com.ar\/inicio\/wp-json\/wp\/v2\/types\/post"}],"author":[{"embeddable":true,"href":"https:\/\/lpfparana.com.ar\/inicio\/wp-json\/wp\/v2\/users\/6"}],"replies":[{"embeddable":true,"href":"https:\/\/lpfparana.com.ar\/inicio\/wp-json\/wp\/v2\/comments?post=3966"}],"version-history":[{"count":2,"href":"https:\/\/lpfparana.com.ar\/inicio\/wp-json\/wp\/v2\/posts\/3966\/revisions"}],"predecessor-version":[{"id":3973,"href":"https:\/\/lpfparana.com.ar\/inicio\/wp-json\/wp\/v2\/posts\/3966\/revisions\/3973"}],"wp:featuredmedia":[{"embeddable":true,"href":"https:\/\/lpfparana.com.ar\/inicio\/wp-json\/wp\/v2\/media\/3967"}],"wp:attachment":[{"href":"https:\/\/lpfparana.com.ar\/inicio\/wp-json\/wp\/v2\/media?parent=3966"}],"wp:term":[{"taxonomy":"category","embeddable":true,"href":"https:\/\/lpfparana.com.ar\/inicio\/wp-json\/wp\/v2\/categories?post=3966"},{"taxonomy":"post_tag","embeddable":true,"href":"https:\/\/lpfparana.com.ar\/inicio\/wp-json\/wp\/v2\/tags?post=3966"}],"curies":[{"name":"wp","href":"https:\/\/api.w.org\/{rel}","templated":true}]}}