{"id":3947,"date":"2024-09-23T18:05:30","date_gmt":"2024-09-23T21:05:30","guid":{"rendered":"https:\/\/lpfparana.com.ar\/inicio\/?p=3947"},"modified":"2024-09-23T18:06:16","modified_gmt":"2024-09-23T21:06:16","slug":"nos-quedan-dos-finales-mas","status":"publish","type":"post","link":"https:\/\/lpfparana.com.ar\/inicio\/nos-quedan-dos-finales-mas\/","title":{"rendered":"\u201cNos quedan dos finales m\u00e1s\u201d"},"content":{"rendered":"\n<h3 class=\"wp-block-heading\" id=\"h-adriana-rios-jugadora-de-instituto-dialogo-con-locos-x-la-liga-el-programa-oficial-de-la-liga-paranaense-de-futbol-la-defensora-de-la-gloria-hizo-mencion-al-buen-presente-en-la-copa-bplay-femenina-de-la-liga-paranaense-de-futbol\">Adriana R\u00edos, \u00a0jugadora de Instituto, dialog\u00f3 con \u201cLocos X La Liga\u00bb, el programa oficial de la Liga Paranaense de F\u00fatbol. La defensora de La Gloria, hizo menci\u00f3n al buen presente en la Copa Bplay Femenina de la Liga Paranaense de Futbol.<\/h3>\n\n\n\n<p>Adriana R\u00edos, jugadora de Instituto, comenz\u00f3 el dialogo con \u00abLocos X La Liga\u00bb remarcando la importancia de ganar el partido en su propia cancha, frente a un duro rival como San Rafael (fue por 2 a 1). Respecto a esto dijo: \u201cSab\u00edamos que era un rival duro, ven\u00edamos con algunos partidos friccionados al enfrentarnos a ellas y era clave ganar para nosotras. Comenzamos perdiendo, pero luego dimos vuelta el resultado, hicimos un gran primer tiempo estando muy concentradas\u201d.<\/p>\n\n\n\n<h3 class=\"wp-block-heading\" id=\"h-el-objetivo-del-plantel\">El objetivo del plantel<\/h3>\n\n\n\n<p>La defensora de La Gloria, en cuanto al objetivo en la Copa, resalt\u00f3: \u201cAl comienzo del a\u00f1o junto a Marcelo D\u00edaz, quien regres\u00f3 a Instituto, nos propusimos jugar cada partido como una verdadera final, estamos cada vez m\u00e1s cerca, nos quedan dos m\u00e1s y nos estamos preparando de la mejor manera. El equipo est\u00e1 muy unido y cada practica la vivimos con una felicidad inmensa\u201d.<\/p>\n\n\n\n<p>Siguiendo la misma l\u00ednea, Adriana se\u00f1al\u00f3: \u201cLas chicas nuevas que se sumaron este a\u00f1o lo est\u00e1n haciendo muy bien, nosotras las m\u00e1s experimentadas, junto a Giuliana Roldan, Daiana Ben\u00edtez y las que quedamos de los a\u00f1os\u00a0anteriores, tratamos de acompa\u00f1arlas y estar junto a ellas, somos muy unidas dentro y fuera del campo\u201d.<\/p>\n\n\n\n<h3 class=\"wp-block-heading\" id=\"h-el-cuerpo-tecnico\">El cuerpo t\u00e9cnico<\/h3>\n\n\n\n<p>En el final de la entrevista, una de las referentes del plantel, en base al conocimiento del cuerpo t\u00e9cnico y la vuelta de Marcelo D\u00edaz, detall\u00f3: \u201cMarcelo nos pide intensidad a la hora de jugar, sabemos que la copa no ser\u00e1 f\u00e1cil, pero en la semana trabajamos para salir a ganar todos los partidos, hoy somos un equipo muy s\u00f3lido y eso Marcelo siempre nos remarca, iremos en busca de la clasificaci\u00f3n\u201d.<\/p>\n\n\n\n<p><\/p>\n","protected":false},"excerpt":{"rendered":"<p>Adriana R\u00edos, \u00a0jugadora de Instituto, dialog\u00f3 con \u201cLocos X La Liga\u00bb, el programa oficial de la Liga Paranaense de F\u00fatbol. La defensora de La Gloria, hizo menci\u00f3n al buen presente en la Copa Bplay Femenina de la Liga Paranaense de Futbol. Adriana R\u00edos, jugadora de Instituto, comenz\u00f3 el dialogo con \u00abLocos X La Liga\u00bb remarcando&#8230;<\/p>\n","protected":false},"author":6,"featured_media":3948,"comment_status":"open","ping_status":"open","sticky":false,"template":"","format":"standard","meta":{"footnotes":""},"categories":[5],"tags":[],"class_list":["post-3947","post","type-post","status-publish","format-standard","has-post-thumbnail","hentry","category-femenino"],"featured_image_src":"https:\/\/lpfparana.com.ar\/inicio\/wp-content\/uploads\/2024\/09\/rio.jpg","author_info":{"display_name":"Juan Manuel Fernandez","author_link":"https:\/\/lpfparana.com.ar\/inicio\/author\/juanma\/"},"yoast_head":"<!-- This site is optimized with the Yoast SEO Premium plugin v23.3 (Yoast SEO v27.2) - https:\/\/yoast.com\/product\/yoast-seo-premium-wordpress\/ -->\n<title>\u201cNos quedan dos finales m\u00e1s\u201d -<\/title>\n<meta name=\"description\" content=\"Adriana R\u00edos, \u00a0jugadora de Instituto, dialog\u00f3 con \u201cLocos X La Liga&quot;, el programa oficial de la Liga Paranaense de F\u00fatbol. La defensora de...\" \/>\n<meta name=\"robots\" content=\"index, follow, max-snippet:-1, max-image-preview:large, max-video-preview:-1\" \/>\n<link rel=\"canonical\" href=\"https:\/\/lpfparana.com.ar\/inicio\/nos-quedan-dos-finales-mas\/\" \/>\n<meta property=\"og:locale\" content=\"es_ES\" \/>\n<meta property=\"og:type\" content=\"article\" \/>\n<meta property=\"og:title\" content=\"\u201cNos quedan dos finales m\u00e1s\u201d\" \/>\n<meta property=\"og:description\" content=\"Adriana R\u00edos, \u00a0jugadora de Instituto, dialog\u00f3 con \u201cLocos X La Liga&quot;, el programa oficial de la Liga Paranaense de F\u00fatbol. La defensora de...\" \/>\n<meta property=\"og:url\" content=\"https:\/\/lpfparana.com.ar\/inicio\/nos-quedan-dos-finales-mas\/\" \/>\n<meta property=\"article:published_time\" content=\"2024-09-23T21:05:30+00:00\" \/>\n<meta property=\"article:modified_time\" content=\"2024-09-23T21:06:16+00:00\" \/>\n<meta property=\"og:image\" content=\"https:\/\/lpfparana.com.ar\/inicio\/wp-content\/uploads\/2024\/09\/rio.jpg\" \/>\n\t<meta property=\"og:image:width\" content=\"1280\" \/>\n\t<meta property=\"og:image:height\" content=\"720\" \/>\n\t<meta property=\"og:image:type\" content=\"image\/jpeg\" \/>\n<meta name=\"author\" content=\"Juan Manuel Fernandez\" \/>\n<meta name=\"twitter:card\" content=\"summary_large_image\" \/>\n<meta name=\"twitter:label1\" content=\"Escrito por\" \/>\n\t<meta name=\"twitter:data1\" content=\"Juan Manuel Fernandez\" \/>\n\t<meta name=\"twitter:label2\" content=\"Tiempo de lectura\" \/>\n\t<meta name=\"twitter:data2\" content=\"2 minutos\" \/>\n<script type=\"application\/ld+json\" class=\"yoast-schema-graph\">{\"@context\":\"https:\/\/schema.org\",\"@graph\":[{\"@type\":\"Article\",\"@id\":\"https:\/\/lpfparana.com.ar\/inicio\/nos-quedan-dos-finales-mas\/#article\",\"isPartOf\":{\"@id\":\"https:\/\/lpfparana.com.ar\/inicio\/nos-quedan-dos-finales-mas\/\"},\"author\":{\"name\":\"Juan Manuel Fernandez\",\"@id\":\"https:\/\/lpfparana.com.ar\/inicio\/#\/schema\/person\/5db3866b404cb9672f70c499a9ede0e1\"},\"headline\":\"\u201cNos quedan dos finales m\u00e1s\u201d\",\"datePublished\":\"2024-09-23T21:05:30+00:00\",\"dateModified\":\"2024-09-23T21:06:16+00:00\",\"mainEntityOfPage\":{\"@id\":\"https:\/\/lpfparana.com.ar\/inicio\/nos-quedan-dos-finales-mas\/\"},\"wordCount\":344,\"commentCount\":0,\"image\":{\"@id\":\"https:\/\/lpfparana.com.ar\/inicio\/nos-quedan-dos-finales-mas\/#primaryimage\"},\"thumbnailUrl\":\"https:\/\/lpfparana.com.ar\/inicio\/wp-content\/uploads\/2024\/09\/rio.jpg\",\"articleSection\":[\"Femenino\"],\"inLanguage\":\"es\",\"potentialAction\":[{\"@type\":\"CommentAction\",\"name\":\"Comment\",\"target\":[\"https:\/\/lpfparana.com.ar\/inicio\/nos-quedan-dos-finales-mas\/#respond\"]}]},{\"@type\":\"WebPage\",\"@id\":\"https:\/\/lpfparana.com.ar\/inicio\/nos-quedan-dos-finales-mas\/\",\"url\":\"https:\/\/lpfparana.com.ar\/inicio\/nos-quedan-dos-finales-mas\/\",\"name\":\"\u201cNos quedan dos finales m\u00e1s\u201d -\",\"isPartOf\":{\"@id\":\"https:\/\/lpfparana.com.ar\/inicio\/#website\"},\"primaryImageOfPage\":{\"@id\":\"https:\/\/lpfparana.com.ar\/inicio\/nos-quedan-dos-finales-mas\/#primaryimage\"},\"image\":{\"@id\":\"https:\/\/lpfparana.com.ar\/inicio\/nos-quedan-dos-finales-mas\/#primaryimage\"},\"thumbnailUrl\":\"https:\/\/lpfparana.com.ar\/inicio\/wp-content\/uploads\/2024\/09\/rio.jpg\",\"datePublished\":\"2024-09-23T21:05:30+00:00\",\"dateModified\":\"2024-09-23T21:06:16+00:00\",\"author\":{\"@id\":\"https:\/\/lpfparana.com.ar\/inicio\/#\/schema\/person\/5db3866b404cb9672f70c499a9ede0e1\"},\"description\":\"Adriana R\u00edos, \u00a0jugadora de Instituto, dialog\u00f3 con \u201cLocos X La Liga\\\", el programa oficial de la Liga Paranaense de F\u00fatbol. La defensora de...\",\"breadcrumb\":{\"@id\":\"https:\/\/lpfparana.com.ar\/inicio\/nos-quedan-dos-finales-mas\/#breadcrumb\"},\"inLanguage\":\"es\",\"potentialAction\":[{\"@type\":\"ReadAction\",\"target\":[\"https:\/\/lpfparana.com.ar\/inicio\/nos-quedan-dos-finales-mas\/\"]}]},{\"@type\":\"ImageObject\",\"inLanguage\":\"es\",\"@id\":\"https:\/\/lpfparana.com.ar\/inicio\/nos-quedan-dos-finales-mas\/#primaryimage\",\"url\":\"https:\/\/lpfparana.com.ar\/inicio\/wp-content\/uploads\/2024\/09\/rio.jpg\",\"contentUrl\":\"https:\/\/lpfparana.com.ar\/inicio\/wp-content\/uploads\/2024\/09\/rio.jpg\",\"width\":1280,\"height\":720},{\"@type\":\"BreadcrumbList\",\"@id\":\"https:\/\/lpfparana.com.ar\/inicio\/nos-quedan-dos-finales-mas\/#breadcrumb\",\"itemListElement\":[{\"@type\":\"ListItem\",\"position\":1,\"name\":\"Portada\",\"item\":\"https:\/\/lpfparana.com.ar\/inicio\/\"},{\"@type\":\"ListItem\",\"position\":2,\"name\":\"\u201cNos quedan dos finales m\u00e1s\u201d\"}]},{\"@type\":\"WebSite\",\"@id\":\"https:\/\/lpfparana.com.ar\/inicio\/#website\",\"url\":\"https:\/\/lpfparana.com.ar\/inicio\/\",\"name\":\"\",\"description\":\"LPF Paran\u00e1\",\"potentialAction\":[{\"@type\":\"SearchAction\",\"target\":{\"@type\":\"EntryPoint\",\"urlTemplate\":\"https:\/\/lpfparana.com.ar\/inicio\/?s={search_term_string}\"},\"query-input\":{\"@type\":\"PropertyValueSpecification\",\"valueRequired\":true,\"valueName\":\"search_term_string\"}}],\"inLanguage\":\"es\"},{\"@type\":\"Person\",\"@id\":\"https:\/\/lpfparana.com.ar\/inicio\/#\/schema\/person\/5db3866b404cb9672f70c499a9ede0e1\",\"name\":\"Juan Manuel Fernandez\",\"image\":{\"@type\":\"ImageObject\",\"inLanguage\":\"es\",\"@id\":\"https:\/\/secure.gravatar.com\/avatar\/b9ded3b46d997a47d4ffae36e85d6b17e879993cc483e0eae0cf69b9c53626e9?s=96&d=mm&r=g\",\"url\":\"https:\/\/secure.gravatar.com\/avatar\/b9ded3b46d997a47d4ffae36e85d6b17e879993cc483e0eae0cf69b9c53626e9?s=96&d=mm&r=g\",\"contentUrl\":\"https:\/\/secure.gravatar.com\/avatar\/b9ded3b46d997a47d4ffae36e85d6b17e879993cc483e0eae0cf69b9c53626e9?s=96&d=mm&r=g\",\"caption\":\"Juan Manuel Fernandez\"},\"url\":\"https:\/\/lpfparana.com.ar\/inicio\/author\/juanma\/\"}]}<\/script>\n<!-- \/ Yoast SEO Premium plugin. -->","yoast_head_json":{"title":"\u201cNos quedan dos finales m\u00e1s\u201d -","description":"Adriana R\u00edos, \u00a0jugadora de Instituto, dialog\u00f3 con \u201cLocos X La Liga\", el programa oficial de la Liga Paranaense de F\u00fatbol. La defensora de...","robots":{"index":"index","follow":"follow","max-snippet":"max-snippet:-1","max-image-preview":"max-image-preview:large","max-video-preview":"max-video-preview:-1"},"canonical":"https:\/\/lpfparana.com.ar\/inicio\/nos-quedan-dos-finales-mas\/","og_locale":"es_ES","og_type":"article","og_title":"\u201cNos quedan dos finales m\u00e1s\u201d","og_description":"Adriana R\u00edos, \u00a0jugadora de Instituto, dialog\u00f3 con \u201cLocos X La Liga\", el programa oficial de la Liga Paranaense de F\u00fatbol. La defensora de...","og_url":"https:\/\/lpfparana.com.ar\/inicio\/nos-quedan-dos-finales-mas\/","article_published_time":"2024-09-23T21:05:30+00:00","article_modified_time":"2024-09-23T21:06:16+00:00","og_image":[{"width":1280,"height":720,"url":"https:\/\/lpfparana.com.ar\/inicio\/wp-content\/uploads\/2024\/09\/rio.jpg","type":"image\/jpeg"}],"author":"Juan Manuel Fernandez","twitter_card":"summary_large_image","twitter_misc":{"Escrito por":"Juan Manuel Fernandez","Tiempo de lectura":"2 minutos"},"schema":{"@context":"https:\/\/schema.org","@graph":[{"@type":"Article","@id":"https:\/\/lpfparana.com.ar\/inicio\/nos-quedan-dos-finales-mas\/#article","isPartOf":{"@id":"https:\/\/lpfparana.com.ar\/inicio\/nos-quedan-dos-finales-mas\/"},"author":{"name":"Juan Manuel Fernandez","@id":"https:\/\/lpfparana.com.ar\/inicio\/#\/schema\/person\/5db3866b404cb9672f70c499a9ede0e1"},"headline":"\u201cNos quedan dos finales m\u00e1s\u201d","datePublished":"2024-09-23T21:05:30+00:00","dateModified":"2024-09-23T21:06:16+00:00","mainEntityOfPage":{"@id":"https:\/\/lpfparana.com.ar\/inicio\/nos-quedan-dos-finales-mas\/"},"wordCount":344,"commentCount":0,"image":{"@id":"https:\/\/lpfparana.com.ar\/inicio\/nos-quedan-dos-finales-mas\/#primaryimage"},"thumbnailUrl":"https:\/\/lpfparana.com.ar\/inicio\/wp-content\/uploads\/2024\/09\/rio.jpg","articleSection":["Femenino"],"inLanguage":"es","potentialAction":[{"@type":"CommentAction","name":"Comment","target":["https:\/\/lpfparana.com.ar\/inicio\/nos-quedan-dos-finales-mas\/#respond"]}]},{"@type":"WebPage","@id":"https:\/\/lpfparana.com.ar\/inicio\/nos-quedan-dos-finales-mas\/","url":"https:\/\/lpfparana.com.ar\/inicio\/nos-quedan-dos-finales-mas\/","name":"\u201cNos quedan dos finales m\u00e1s\u201d -","isPartOf":{"@id":"https:\/\/lpfparana.com.ar\/inicio\/#website"},"primaryImageOfPage":{"@id":"https:\/\/lpfparana.com.ar\/inicio\/nos-quedan-dos-finales-mas\/#primaryimage"},"image":{"@id":"https:\/\/lpfparana.com.ar\/inicio\/nos-quedan-dos-finales-mas\/#primaryimage"},"thumbnailUrl":"https:\/\/lpfparana.com.ar\/inicio\/wp-content\/uploads\/2024\/09\/rio.jpg","datePublished":"2024-09-23T21:05:30+00:00","dateModified":"2024-09-23T21:06:16+00:00","author":{"@id":"https:\/\/lpfparana.com.ar\/inicio\/#\/schema\/person\/5db3866b404cb9672f70c499a9ede0e1"},"description":"Adriana R\u00edos, \u00a0jugadora de Instituto, dialog\u00f3 con \u201cLocos X La Liga\", el programa oficial de la Liga Paranaense de F\u00fatbol. La defensora de...","breadcrumb":{"@id":"https:\/\/lpfparana.com.ar\/inicio\/nos-quedan-dos-finales-mas\/#breadcrumb"},"inLanguage":"es","potentialAction":[{"@type":"ReadAction","target":["https:\/\/lpfparana.com.ar\/inicio\/nos-quedan-dos-finales-mas\/"]}]},{"@type":"ImageObject","inLanguage":"es","@id":"https:\/\/lpfparana.com.ar\/inicio\/nos-quedan-dos-finales-mas\/#primaryimage","url":"https:\/\/lpfparana.com.ar\/inicio\/wp-content\/uploads\/2024\/09\/rio.jpg","contentUrl":"https:\/\/lpfparana.com.ar\/inicio\/wp-content\/uploads\/2024\/09\/rio.jpg","width":1280,"height":720},{"@type":"BreadcrumbList","@id":"https:\/\/lpfparana.com.ar\/inicio\/nos-quedan-dos-finales-mas\/#breadcrumb","itemListElement":[{"@type":"ListItem","position":1,"name":"Portada","item":"https:\/\/lpfparana.com.ar\/inicio\/"},{"@type":"ListItem","position":2,"name":"\u201cNos quedan dos finales m\u00e1s\u201d"}]},{"@type":"WebSite","@id":"https:\/\/lpfparana.com.ar\/inicio\/#website","url":"https:\/\/lpfparana.com.ar\/inicio\/","name":"","description":"LPF Paran\u00e1","potentialAction":[{"@type":"SearchAction","target":{"@type":"EntryPoint","urlTemplate":"https:\/\/lpfparana.com.ar\/inicio\/?s={search_term_string}"},"query-input":{"@type":"PropertyValueSpecification","valueRequired":true,"valueName":"search_term_string"}}],"inLanguage":"es"},{"@type":"Person","@id":"https:\/\/lpfparana.com.ar\/inicio\/#\/schema\/person\/5db3866b404cb9672f70c499a9ede0e1","name":"Juan Manuel Fernandez","image":{"@type":"ImageObject","inLanguage":"es","@id":"https:\/\/secure.gravatar.com\/avatar\/b9ded3b46d997a47d4ffae36e85d6b17e879993cc483e0eae0cf69b9c53626e9?s=96&d=mm&r=g","url":"https:\/\/secure.gravatar.com\/avatar\/b9ded3b46d997a47d4ffae36e85d6b17e879993cc483e0eae0cf69b9c53626e9?s=96&d=mm&r=g","contentUrl":"https:\/\/secure.gravatar.com\/avatar\/b9ded3b46d997a47d4ffae36e85d6b17e879993cc483e0eae0cf69b9c53626e9?s=96&d=mm&r=g","caption":"Juan Manuel Fernandez"},"url":"https:\/\/lpfparana.com.ar\/inicio\/author\/juanma\/"}]}},"_links":{"self":[{"href":"https:\/\/lpfparana.com.ar\/inicio\/wp-json\/wp\/v2\/posts\/3947","targetHints":{"allow":["GET"]}}],"collection":[{"href":"https:\/\/lpfparana.com.ar\/inicio\/wp-json\/wp\/v2\/posts"}],"about":[{"href":"https:\/\/lpfparana.com.ar\/inicio\/wp-json\/wp\/v2\/types\/post"}],"author":[{"embeddable":true,"href":"https:\/\/lpfparana.com.ar\/inicio\/wp-json\/wp\/v2\/users\/6"}],"replies":[{"embeddable":true,"href":"https:\/\/lpfparana.com.ar\/inicio\/wp-json\/wp\/v2\/comments?post=3947"}],"version-history":[{"count":2,"href":"https:\/\/lpfparana.com.ar\/inicio\/wp-json\/wp\/v2\/posts\/3947\/revisions"}],"predecessor-version":[{"id":3959,"href":"https:\/\/lpfparana.com.ar\/inicio\/wp-json\/wp\/v2\/posts\/3947\/revisions\/3959"}],"wp:featuredmedia":[{"embeddable":true,"href":"https:\/\/lpfparana.com.ar\/inicio\/wp-json\/wp\/v2\/media\/3948"}],"wp:attachment":[{"href":"https:\/\/lpfparana.com.ar\/inicio\/wp-json\/wp\/v2\/media?parent=3947"}],"wp:term":[{"taxonomy":"category","embeddable":true,"href":"https:\/\/lpfparana.com.ar\/inicio\/wp-json\/wp\/v2\/categories?post=3947"},{"taxonomy":"post_tag","embeddable":true,"href":"https:\/\/lpfparana.com.ar\/inicio\/wp-json\/wp\/v2\/tags?post=3947"}],"curies":[{"name":"wp","href":"https:\/\/api.w.org\/{rel}","templated":true}]}}