{"id":3928,"date":"2024-09-23T18:00:20","date_gmt":"2024-09-23T21:00:20","guid":{"rendered":"https:\/\/lpfparana.com.ar\/inicio\/?p=3928"},"modified":"2024-09-23T18:00:21","modified_gmt":"2024-09-23T21:00:21","slug":"muy-contento-y-con-muchas-ganas-de-que-comience-la-competencia","status":"publish","type":"post","link":"https:\/\/lpfparana.com.ar\/inicio\/muy-contento-y-con-muchas-ganas-de-que-comience-la-competencia\/","title":{"rendered":"\u00abMuy contento y con muchas ganas de que comience la competencia\u00bb"},"content":{"rendered":"\n<h3 class=\"wp-block-heading\" id=\"h-franco-lozano-reciente-incorporacion-de-atletico-parana-dialogo-con-locos-x-la-liga-el-programa-oficial-de-la-liga-paranaense-de-futbol-el-lateral-izquierdo-se-incorporo-al-decano-para-disputar-el-torneo-regional-federal-amateur\">Franco Lozano, reciente incorporaci\u00f3n de Atl\u00e9tico Paran\u00e1, di\u00e1logo con \u00abLocos X La Liga\u00bb el programa oficial de la Liga Paranaense de F\u00fatbol. El lateral izquierdo se incorpor\u00f3 al \u00abDecano\u00bb para disputar el Torneo Regional Federal Amateur.<\/h3>\n\n\n\n<p>Franco Lozano en la charla por FM Litoral 103.1 Mhz nos di\u00f3 sus sensaciones de volver a vestir la camiseta de Atl\u00e9tico Paran\u00e1, diciendo: \u00abMuy contento y con muchas ganas de que comience la competencia para volver a jugar r\u00e1pidamente\u00bb.<\/p>\n\n\n\n<p>Siguiendo en la misma l\u00ednea, remarc\u00f3: \u00abAnsioso tambi\u00e9n por jugar est\u00e1 competencia y ojal\u00e1 podamos lograr el objetivo\u00bb.<\/p>\n\n\n\n<h3 class=\"wp-block-heading\" id=\"h-el-retorno-a-atletico-parana\">El retorno a Atl\u00e9tico Paran\u00e1<\/h3>\n\n\n\n<p>El lateral izquierdo, mencion\u00f3 como se gestiono su llegada y coment\u00f3: \u00abSe dio todo muy r\u00e1pido, primeramente porque estoy avanzando con cuesti\u00f3n personales, y con el llamado de Hugo \u00abTony\u00bb Fontana, no dude\u00bb.<\/p>\n\n\n\n<p>Franco, resalt\u00f3 la influencia de \u00abTony\u00bb Fontana, y cont\u00f3: \u00abTambi\u00e9n influy\u00f3 que ya he sido dirigido por \u00e9l  y por eso se dio a\u00fan mas r\u00e1pido m\u00ed toda de decisi\u00f3n y llegada al club\u00bb.<\/p>\n\n\n\n<h3 class=\"wp-block-heading\" id=\"h-lo-cambios-que-encontro-en-la-institucion-de-barrio-hipodromo\">Lo cambios que encontr\u00f3 en la instituci\u00f3n de barrio Hip\u00f3dromo<\/h3>\n\n\n\n<p>\u00abChucky\u00bb Lozano, hizo menci\u00f3n a como encontr\u00f3 el club despu\u00e9s de algunos a\u00f1os y sobre eso, dijo: \u00abMuy feliz, el club tiene muchas mejoras a la vista estructuralmente y Mart\u00edn Gentile (Canchero) est\u00e1 dejando la cancha muy linda tambi\u00e9n\u00bb.<\/p>\n\n\n\n<h3 class=\"wp-block-heading\" id=\"h-la-condicion-suya-en-el-club\">La condici\u00f3n suya en el club<\/h3>\n\n\n\n<p>Franco Lozano finalizando la charla con \u00abLocos X La Liga\u00bb dio detalles sobre su condici\u00f3n contractual y detall\u00f3: \u00abLlego solamente para disputar el Torneo Regional Federal Amateur, en modo de pr\u00e9stamo porque m\u00ed pase pertenece a Belgrano\u00bb.<\/p>\n\n\n\n<p>Cerrando el di\u00e1logo, el experimentado lateral concluy\u00f3: \u00abMe sume esta semana a entrenar y fue una semana con mucha intensidad, donde nos estamos preparando muy bien para llegar de la mejor manera al Torneo\u00bb.<\/p>\n","protected":false},"excerpt":{"rendered":"<p>Franco Lozano, reciente incorporaci\u00f3n de Atl\u00e9tico Paran\u00e1, di\u00e1logo con \u00abLocos X La Liga\u00bb el programa oficial de la Liga Paranaense de F\u00fatbol. El lateral izquierdo se incorpor\u00f3 al \u00abDecano\u00bb para disputar el Torneo Regional Federal Amateur. Franco Lozano en la charla por FM Litoral 103.1 Mhz nos di\u00f3 sus sensaciones de volver a vestir la&#8230;<\/p>\n","protected":false},"author":8,"featured_media":3930,"comment_status":"open","ping_status":"open","sticky":false,"template":"","format":"standard","meta":{"footnotes":""},"categories":[8,2,3],"tags":[279,270],"class_list":["post-3928","post","type-post","status-publish","format-standard","has-post-thumbnail","hentry","category-masculino","category-noticias","category-primera-division","tag-torneo-regional-federal-amateur","tag-trfa"],"featured_image_src":"https:\/\/lpfparana.com.ar\/inicio\/wp-content\/uploads\/2024\/09\/IMG-20240920-WA0056.jpg","author_info":{"display_name":"Uriel Vazquez","author_link":"https:\/\/lpfparana.com.ar\/inicio\/author\/uriel\/"},"yoast_head":"<!-- This site is optimized with the Yoast SEO Premium plugin v23.3 (Yoast SEO v27.2) - https:\/\/yoast.com\/product\/yoast-seo-premium-wordpress\/ -->\n<title>&quot;Muy contento y con muchas ganas de que comience la competencia&quot; -<\/title>\n<meta name=\"description\" content=\"Franco Lozano, Reciente incorporaci\u00f3n de Atl\u00e9tico Paran\u00e1, di\u00e1logo con &quot;Locos X La Liga&quot; el programa oficial de la Liga Paranaense de F\u00fatbol. El lateral izquierdo se incorpor\u00f3 al &quot;Decano&quot; para disputar el Torneo Regional Federal Amateur.\" \/>\n<meta name=\"robots\" content=\"index, follow, max-snippet:-1, max-image-preview:large, max-video-preview:-1\" \/>\n<link rel=\"canonical\" href=\"https:\/\/lpfparana.com.ar\/inicio\/muy-contento-y-con-muchas-ganas-de-que-comience-la-competencia\/\" \/>\n<meta property=\"og:locale\" content=\"es_ES\" \/>\n<meta property=\"og:type\" content=\"article\" \/>\n<meta property=\"og:title\" content=\"&quot;Muy contento y con muchas ganas de que comience la competencia&quot;\" \/>\n<meta property=\"og:description\" content=\"Franco Lozano, Reciente incorporaci\u00f3n de Atl\u00e9tico Paran\u00e1, di\u00e1logo con &quot;Locos X La Liga&quot; el programa oficial de la Liga Paranaense de F\u00fatbol. El lateral izquierdo se incorpor\u00f3 al &quot;Decano&quot; para disputar el Torneo Regional Federal Amateur.\" \/>\n<meta property=\"og:url\" content=\"https:\/\/lpfparana.com.ar\/inicio\/muy-contento-y-con-muchas-ganas-de-que-comience-la-competencia\/\" \/>\n<meta property=\"article:published_time\" content=\"2024-09-23T21:00:20+00:00\" \/>\n<meta property=\"article:modified_time\" content=\"2024-09-23T21:00:21+00:00\" \/>\n<meta property=\"og:image\" content=\"https:\/\/lpfparana.com.ar\/inicio\/wp-content\/uploads\/2024\/09\/IMG-20240920-WA0056.jpg\" \/>\n\t<meta property=\"og:image:width\" content=\"1280\" \/>\n\t<meta property=\"og:image:height\" content=\"720\" \/>\n\t<meta property=\"og:image:type\" content=\"image\/jpeg\" \/>\n<meta name=\"author\" content=\"Uriel Vazquez\" \/>\n<meta name=\"twitter:card\" content=\"summary_large_image\" \/>\n<meta name=\"twitter:label1\" content=\"Escrito por\" \/>\n\t<meta name=\"twitter:data1\" content=\"Uriel Vazquez\" \/>\n\t<meta name=\"twitter:label2\" content=\"Tiempo de lectura\" \/>\n\t<meta name=\"twitter:data2\" content=\"2 minutos\" \/>\n<script type=\"application\/ld+json\" class=\"yoast-schema-graph\">{\"@context\":\"https:\/\/schema.org\",\"@graph\":[{\"@type\":\"Article\",\"@id\":\"https:\/\/lpfparana.com.ar\/inicio\/muy-contento-y-con-muchas-ganas-de-que-comience-la-competencia\/#article\",\"isPartOf\":{\"@id\":\"https:\/\/lpfparana.com.ar\/inicio\/muy-contento-y-con-muchas-ganas-de-que-comience-la-competencia\/\"},\"author\":{\"name\":\"Uriel Vazquez\",\"@id\":\"https:\/\/lpfparana.com.ar\/inicio\/#\/schema\/person\/07e09b1ab407955db225d5798fbe3c29\"},\"headline\":\"\u00abMuy contento y con muchas ganas de que comience la competencia\u00bb\",\"datePublished\":\"2024-09-23T21:00:20+00:00\",\"dateModified\":\"2024-09-23T21:00:21+00:00\",\"mainEntityOfPage\":{\"@id\":\"https:\/\/lpfparana.com.ar\/inicio\/muy-contento-y-con-muchas-ganas-de-que-comience-la-competencia\/\"},\"wordCount\":328,\"commentCount\":0,\"image\":{\"@id\":\"https:\/\/lpfparana.com.ar\/inicio\/muy-contento-y-con-muchas-ganas-de-que-comience-la-competencia\/#primaryimage\"},\"thumbnailUrl\":\"https:\/\/lpfparana.com.ar\/inicio\/wp-content\/uploads\/2024\/09\/IMG-20240920-WA0056.jpg\",\"keywords\":[\"Torneo Regional Federal Amateur\",\"TRFA\"],\"articleSection\":[\"Masculino\",\"Noticias\",\"Primera Divisi\u00f3n\"],\"inLanguage\":\"es\",\"potentialAction\":[{\"@type\":\"CommentAction\",\"name\":\"Comment\",\"target\":[\"https:\/\/lpfparana.com.ar\/inicio\/muy-contento-y-con-muchas-ganas-de-que-comience-la-competencia\/#respond\"]}]},{\"@type\":\"WebPage\",\"@id\":\"https:\/\/lpfparana.com.ar\/inicio\/muy-contento-y-con-muchas-ganas-de-que-comience-la-competencia\/\",\"url\":\"https:\/\/lpfparana.com.ar\/inicio\/muy-contento-y-con-muchas-ganas-de-que-comience-la-competencia\/\",\"name\":\"\\\"Muy contento y con muchas ganas de que comience la competencia\\\" -\",\"isPartOf\":{\"@id\":\"https:\/\/lpfparana.com.ar\/inicio\/#website\"},\"primaryImageOfPage\":{\"@id\":\"https:\/\/lpfparana.com.ar\/inicio\/muy-contento-y-con-muchas-ganas-de-que-comience-la-competencia\/#primaryimage\"},\"image\":{\"@id\":\"https:\/\/lpfparana.com.ar\/inicio\/muy-contento-y-con-muchas-ganas-de-que-comience-la-competencia\/#primaryimage\"},\"thumbnailUrl\":\"https:\/\/lpfparana.com.ar\/inicio\/wp-content\/uploads\/2024\/09\/IMG-20240920-WA0056.jpg\",\"datePublished\":\"2024-09-23T21:00:20+00:00\",\"dateModified\":\"2024-09-23T21:00:21+00:00\",\"author\":{\"@id\":\"https:\/\/lpfparana.com.ar\/inicio\/#\/schema\/person\/07e09b1ab407955db225d5798fbe3c29\"},\"description\":\"Franco Lozano, Reciente incorporaci\u00f3n de Atl\u00e9tico Paran\u00e1, di\u00e1logo con \\\"Locos X La Liga\\\" el programa oficial de la Liga Paranaense de F\u00fatbol. El lateral izquierdo se incorpor\u00f3 al \\\"Decano\\\" para disputar el Torneo Regional Federal Amateur.\",\"breadcrumb\":{\"@id\":\"https:\/\/lpfparana.com.ar\/inicio\/muy-contento-y-con-muchas-ganas-de-que-comience-la-competencia\/#breadcrumb\"},\"inLanguage\":\"es\",\"potentialAction\":[{\"@type\":\"ReadAction\",\"target\":[\"https:\/\/lpfparana.com.ar\/inicio\/muy-contento-y-con-muchas-ganas-de-que-comience-la-competencia\/\"]}]},{\"@type\":\"ImageObject\",\"inLanguage\":\"es\",\"@id\":\"https:\/\/lpfparana.com.ar\/inicio\/muy-contento-y-con-muchas-ganas-de-que-comience-la-competencia\/#primaryimage\",\"url\":\"https:\/\/lpfparana.com.ar\/inicio\/wp-content\/uploads\/2024\/09\/IMG-20240920-WA0056.jpg\",\"contentUrl\":\"https:\/\/lpfparana.com.ar\/inicio\/wp-content\/uploads\/2024\/09\/IMG-20240920-WA0056.jpg\",\"width\":1280,\"height\":720},{\"@type\":\"BreadcrumbList\",\"@id\":\"https:\/\/lpfparana.com.ar\/inicio\/muy-contento-y-con-muchas-ganas-de-que-comience-la-competencia\/#breadcrumb\",\"itemListElement\":[{\"@type\":\"ListItem\",\"position\":1,\"name\":\"Portada\",\"item\":\"https:\/\/lpfparana.com.ar\/inicio\/\"},{\"@type\":\"ListItem\",\"position\":2,\"name\":\"&#8220;Muy contento y con muchas ganas de que comience la competencia&#8221;\"}]},{\"@type\":\"WebSite\",\"@id\":\"https:\/\/lpfparana.com.ar\/inicio\/#website\",\"url\":\"https:\/\/lpfparana.com.ar\/inicio\/\",\"name\":\"\",\"description\":\"LPF Paran\u00e1\",\"potentialAction\":[{\"@type\":\"SearchAction\",\"target\":{\"@type\":\"EntryPoint\",\"urlTemplate\":\"https:\/\/lpfparana.com.ar\/inicio\/?s={search_term_string}\"},\"query-input\":{\"@type\":\"PropertyValueSpecification\",\"valueRequired\":true,\"valueName\":\"search_term_string\"}}],\"inLanguage\":\"es\"},{\"@type\":\"Person\",\"@id\":\"https:\/\/lpfparana.com.ar\/inicio\/#\/schema\/person\/07e09b1ab407955db225d5798fbe3c29\",\"name\":\"Uriel Vazquez\",\"image\":{\"@type\":\"ImageObject\",\"inLanguage\":\"es\",\"@id\":\"https:\/\/secure.gravatar.com\/avatar\/6f6434a31569ea3eb181dc2d6f625ccfa8d5d0cd27b2fe7eab38888e37d146f6?s=96&d=mm&r=g\",\"url\":\"https:\/\/secure.gravatar.com\/avatar\/6f6434a31569ea3eb181dc2d6f625ccfa8d5d0cd27b2fe7eab38888e37d146f6?s=96&d=mm&r=g\",\"contentUrl\":\"https:\/\/secure.gravatar.com\/avatar\/6f6434a31569ea3eb181dc2d6f625ccfa8d5d0cd27b2fe7eab38888e37d146f6?s=96&d=mm&r=g\",\"caption\":\"Uriel Vazquez\"},\"url\":\"https:\/\/lpfparana.com.ar\/inicio\/author\/uriel\/\"}]}<\/script>\n<!-- \/ Yoast SEO Premium plugin. -->","yoast_head_json":{"title":"\"Muy contento y con muchas ganas de que comience la competencia\" -","description":"Franco Lozano, Reciente incorporaci\u00f3n de Atl\u00e9tico Paran\u00e1, di\u00e1logo con \"Locos X La Liga\" el programa oficial de la Liga Paranaense de F\u00fatbol. El lateral izquierdo se incorpor\u00f3 al \"Decano\" para disputar el Torneo Regional Federal Amateur.","robots":{"index":"index","follow":"follow","max-snippet":"max-snippet:-1","max-image-preview":"max-image-preview:large","max-video-preview":"max-video-preview:-1"},"canonical":"https:\/\/lpfparana.com.ar\/inicio\/muy-contento-y-con-muchas-ganas-de-que-comience-la-competencia\/","og_locale":"es_ES","og_type":"article","og_title":"\"Muy contento y con muchas ganas de que comience la competencia\"","og_description":"Franco Lozano, Reciente incorporaci\u00f3n de Atl\u00e9tico Paran\u00e1, di\u00e1logo con \"Locos X La Liga\" el programa oficial de la Liga Paranaense de F\u00fatbol. El lateral izquierdo se incorpor\u00f3 al \"Decano\" para disputar el Torneo Regional Federal Amateur.","og_url":"https:\/\/lpfparana.com.ar\/inicio\/muy-contento-y-con-muchas-ganas-de-que-comience-la-competencia\/","article_published_time":"2024-09-23T21:00:20+00:00","article_modified_time":"2024-09-23T21:00:21+00:00","og_image":[{"width":1280,"height":720,"url":"https:\/\/lpfparana.com.ar\/inicio\/wp-content\/uploads\/2024\/09\/IMG-20240920-WA0056.jpg","type":"image\/jpeg"}],"author":"Uriel Vazquez","twitter_card":"summary_large_image","twitter_misc":{"Escrito por":"Uriel Vazquez","Tiempo de lectura":"2 minutos"},"schema":{"@context":"https:\/\/schema.org","@graph":[{"@type":"Article","@id":"https:\/\/lpfparana.com.ar\/inicio\/muy-contento-y-con-muchas-ganas-de-que-comience-la-competencia\/#article","isPartOf":{"@id":"https:\/\/lpfparana.com.ar\/inicio\/muy-contento-y-con-muchas-ganas-de-que-comience-la-competencia\/"},"author":{"name":"Uriel Vazquez","@id":"https:\/\/lpfparana.com.ar\/inicio\/#\/schema\/person\/07e09b1ab407955db225d5798fbe3c29"},"headline":"\u00abMuy contento y con muchas ganas de que comience la competencia\u00bb","datePublished":"2024-09-23T21:00:20+00:00","dateModified":"2024-09-23T21:00:21+00:00","mainEntityOfPage":{"@id":"https:\/\/lpfparana.com.ar\/inicio\/muy-contento-y-con-muchas-ganas-de-que-comience-la-competencia\/"},"wordCount":328,"commentCount":0,"image":{"@id":"https:\/\/lpfparana.com.ar\/inicio\/muy-contento-y-con-muchas-ganas-de-que-comience-la-competencia\/#primaryimage"},"thumbnailUrl":"https:\/\/lpfparana.com.ar\/inicio\/wp-content\/uploads\/2024\/09\/IMG-20240920-WA0056.jpg","keywords":["Torneo Regional Federal Amateur","TRFA"],"articleSection":["Masculino","Noticias","Primera Divisi\u00f3n"],"inLanguage":"es","potentialAction":[{"@type":"CommentAction","name":"Comment","target":["https:\/\/lpfparana.com.ar\/inicio\/muy-contento-y-con-muchas-ganas-de-que-comience-la-competencia\/#respond"]}]},{"@type":"WebPage","@id":"https:\/\/lpfparana.com.ar\/inicio\/muy-contento-y-con-muchas-ganas-de-que-comience-la-competencia\/","url":"https:\/\/lpfparana.com.ar\/inicio\/muy-contento-y-con-muchas-ganas-de-que-comience-la-competencia\/","name":"\"Muy contento y con muchas ganas de que comience la competencia\" -","isPartOf":{"@id":"https:\/\/lpfparana.com.ar\/inicio\/#website"},"primaryImageOfPage":{"@id":"https:\/\/lpfparana.com.ar\/inicio\/muy-contento-y-con-muchas-ganas-de-que-comience-la-competencia\/#primaryimage"},"image":{"@id":"https:\/\/lpfparana.com.ar\/inicio\/muy-contento-y-con-muchas-ganas-de-que-comience-la-competencia\/#primaryimage"},"thumbnailUrl":"https:\/\/lpfparana.com.ar\/inicio\/wp-content\/uploads\/2024\/09\/IMG-20240920-WA0056.jpg","datePublished":"2024-09-23T21:00:20+00:00","dateModified":"2024-09-23T21:00:21+00:00","author":{"@id":"https:\/\/lpfparana.com.ar\/inicio\/#\/schema\/person\/07e09b1ab407955db225d5798fbe3c29"},"description":"Franco Lozano, Reciente incorporaci\u00f3n de Atl\u00e9tico Paran\u00e1, di\u00e1logo con \"Locos X La Liga\" el programa oficial de la Liga Paranaense de F\u00fatbol. El lateral izquierdo se incorpor\u00f3 al \"Decano\" para disputar el Torneo Regional Federal Amateur.","breadcrumb":{"@id":"https:\/\/lpfparana.com.ar\/inicio\/muy-contento-y-con-muchas-ganas-de-que-comience-la-competencia\/#breadcrumb"},"inLanguage":"es","potentialAction":[{"@type":"ReadAction","target":["https:\/\/lpfparana.com.ar\/inicio\/muy-contento-y-con-muchas-ganas-de-que-comience-la-competencia\/"]}]},{"@type":"ImageObject","inLanguage":"es","@id":"https:\/\/lpfparana.com.ar\/inicio\/muy-contento-y-con-muchas-ganas-de-que-comience-la-competencia\/#primaryimage","url":"https:\/\/lpfparana.com.ar\/inicio\/wp-content\/uploads\/2024\/09\/IMG-20240920-WA0056.jpg","contentUrl":"https:\/\/lpfparana.com.ar\/inicio\/wp-content\/uploads\/2024\/09\/IMG-20240920-WA0056.jpg","width":1280,"height":720},{"@type":"BreadcrumbList","@id":"https:\/\/lpfparana.com.ar\/inicio\/muy-contento-y-con-muchas-ganas-de-que-comience-la-competencia\/#breadcrumb","itemListElement":[{"@type":"ListItem","position":1,"name":"Portada","item":"https:\/\/lpfparana.com.ar\/inicio\/"},{"@type":"ListItem","position":2,"name":"&#8220;Muy contento y con muchas ganas de que comience la competencia&#8221;"}]},{"@type":"WebSite","@id":"https:\/\/lpfparana.com.ar\/inicio\/#website","url":"https:\/\/lpfparana.com.ar\/inicio\/","name":"","description":"LPF Paran\u00e1","potentialAction":[{"@type":"SearchAction","target":{"@type":"EntryPoint","urlTemplate":"https:\/\/lpfparana.com.ar\/inicio\/?s={search_term_string}"},"query-input":{"@type":"PropertyValueSpecification","valueRequired":true,"valueName":"search_term_string"}}],"inLanguage":"es"},{"@type":"Person","@id":"https:\/\/lpfparana.com.ar\/inicio\/#\/schema\/person\/07e09b1ab407955db225d5798fbe3c29","name":"Uriel Vazquez","image":{"@type":"ImageObject","inLanguage":"es","@id":"https:\/\/secure.gravatar.com\/avatar\/6f6434a31569ea3eb181dc2d6f625ccfa8d5d0cd27b2fe7eab38888e37d146f6?s=96&d=mm&r=g","url":"https:\/\/secure.gravatar.com\/avatar\/6f6434a31569ea3eb181dc2d6f625ccfa8d5d0cd27b2fe7eab38888e37d146f6?s=96&d=mm&r=g","contentUrl":"https:\/\/secure.gravatar.com\/avatar\/6f6434a31569ea3eb181dc2d6f625ccfa8d5d0cd27b2fe7eab38888e37d146f6?s=96&d=mm&r=g","caption":"Uriel Vazquez"},"url":"https:\/\/lpfparana.com.ar\/inicio\/author\/uriel\/"}]}},"_links":{"self":[{"href":"https:\/\/lpfparana.com.ar\/inicio\/wp-json\/wp\/v2\/posts\/3928","targetHints":{"allow":["GET"]}}],"collection":[{"href":"https:\/\/lpfparana.com.ar\/inicio\/wp-json\/wp\/v2\/posts"}],"about":[{"href":"https:\/\/lpfparana.com.ar\/inicio\/wp-json\/wp\/v2\/types\/post"}],"author":[{"embeddable":true,"href":"https:\/\/lpfparana.com.ar\/inicio\/wp-json\/wp\/v2\/users\/8"}],"replies":[{"embeddable":true,"href":"https:\/\/lpfparana.com.ar\/inicio\/wp-json\/wp\/v2\/comments?post=3928"}],"version-history":[{"count":2,"href":"https:\/\/lpfparana.com.ar\/inicio\/wp-json\/wp\/v2\/posts\/3928\/revisions"}],"predecessor-version":[{"id":3955,"href":"https:\/\/lpfparana.com.ar\/inicio\/wp-json\/wp\/v2\/posts\/3928\/revisions\/3955"}],"wp:featuredmedia":[{"embeddable":true,"href":"https:\/\/lpfparana.com.ar\/inicio\/wp-json\/wp\/v2\/media\/3930"}],"wp:attachment":[{"href":"https:\/\/lpfparana.com.ar\/inicio\/wp-json\/wp\/v2\/media?parent=3928"}],"wp:term":[{"taxonomy":"category","embeddable":true,"href":"https:\/\/lpfparana.com.ar\/inicio\/wp-json\/wp\/v2\/categories?post=3928"},{"taxonomy":"post_tag","embeddable":true,"href":"https:\/\/lpfparana.com.ar\/inicio\/wp-json\/wp\/v2\/tags?post=3928"}],"curies":[{"name":"wp","href":"https:\/\/api.w.org\/{rel}","templated":true}]}}