{"id":3917,"date":"2024-09-19T17:37:18","date_gmt":"2024-09-19T20:37:18","guid":{"rendered":"https:\/\/lpfparana.com.ar\/inicio\/?p=3917"},"modified":"2024-09-19T17:37:19","modified_gmt":"2024-09-19T20:37:19","slug":"vivimos-un-momento-hermoso-en-familia","status":"publish","type":"post","link":"https:\/\/lpfparana.com.ar\/inicio\/vivimos-un-momento-hermoso-en-familia\/","title":{"rendered":"\u201cVivimos un momento hermoso en familia\u201d"},"content":{"rendered":"\n<h3 class=\"wp-block-heading\" id=\"h-jorge-retamoso-arquero-y-capitan-del-club-penarol-dialogo-con-locos-x-la-liga-el-programa-oficial-de-la-liga-paranaense-de-futbol\">Jorge Retamoso, arquero y capit\u00e1n del club Pe\u00f1arol, dialog\u00f3 con \u201cLocos X La Liga\u201d, el programa oficial de la Liga Paranaense de F\u00fatbol.<\/h3>\n\n\n\n<p>Jorge Retamoso, referente del Club Pe\u00f1arol, en la entrevista con el programa radial expres\u00f3 la alegr\u00eda por haber visto y podido fotografiar las tres copas ganadas por la selecci\u00f3n Argentina, marcando que fue un momento emotivo para \u00e9l y su familia. Tambi\u00e9n habl\u00f3 sobre la situaci\u00f3n del tricolor en la Copa de la Liga y lo que se viene a futuro en lo personal.<\/p>\n\n\n\n<p>Jorge, al igual que el resto de las personas, entre ellos, muchos jugadores\/as y dirigentes de la Liga Paranaense de Futbol, vivieron un momento hist\u00f3rico en el evento \u201cSean Eternos\u201d. <\/p>\n\n\n\n<p>En el comienzo del di\u00e1logo Retamoso remarc\u00f3: \u201cFue un d\u00eda hist\u00f3rico, gracias a dios pudimos sacarnos la foto con las copas, quiero tambi\u00e9n felicitar a la Liga Paranaense y la municipalidad de Paran\u00e1 por la organizaci\u00f3n y el despliegue, mi hija estaba feliz luego de que pudimos estar ah\u00ed cerca de un momento sagrado en el \u00e1mbito del f\u00fatbol\u201d.<\/p>\n\n\n\n<p>Luego el capit\u00e1n Tricolor a\u00f1adi\u00f3: \u201cPor suerte fue todo muy \u00e1gil, uno se acomod\u00f3 en el trabajo para poder estar y logramos asistir, el amante del futbol el d\u00eda de hoy est\u00e1 muy feliz y agradecido\u201d.<\/p>\n\n\n\n<h2 class=\"wp-block-heading\" id=\"h-su-presente-futbolistico\">Su presente futbol\u00edstico<\/h2>\n\n\n\n<p>En cuanto al presente en el club Pe\u00f1arol, el capit\u00e1n se\u00f1al\u00f3: \u201cEstamos pasando por un momento complicado, ven\u00edamos de tener una gran copa Entre R\u00edos, con puntos muy altos, pero esto es futbol, de este momento se sale trabajando, yo como uno de los m\u00e1s experimentados trato de hablar a los m\u00e1s j\u00f3venes para que pronto podamos salir adelante\u201d.<\/p>\n\n\n\n<p>Luego el arquero de Pe\u00f1a coment\u00f3 lo que se viene para el en lo personal y al respect\u00f3 concluy\u00f3: \u201cHoy mis fuerzas est\u00e1n puestas en esta copa, tratar de salir adelante y poder llegar a pelear la clasificaci\u00f3n, sabemos que es muy dif\u00edcil, pero confiamos siempre en Natalio \u00c1lvarez y en el cuerpo t\u00e9cnico. Cuando termine este semestre evaluar\u00e9, en mi cabeza tambi\u00e9n esta disfrutar de mi familia y poder descansar\u201d.<\/p>\n\n\n\n<p><\/p>\n","protected":false},"excerpt":{"rendered":"<p>Jorge Retamoso, arquero y capit\u00e1n del club Pe\u00f1arol, dialog\u00f3 con \u201cLocos X La Liga\u201d, el programa oficial de la Liga Paranaense de F\u00fatbol. Jorge Retamoso, referente del Club Pe\u00f1arol, en la entrevista con el programa radial expres\u00f3 la alegr\u00eda por haber visto y podido fotografiar las tres copas ganadas por la selecci\u00f3n Argentina, marcando que&#8230;<\/p>\n","protected":false},"author":6,"featured_media":3918,"comment_status":"open","ping_status":"open","sticky":false,"template":"","format":"standard","meta":{"footnotes":""},"categories":[2],"tags":[],"class_list":["post-3917","post","type-post","status-publish","format-standard","has-post-thumbnail","hentry","category-noticias"],"featured_image_src":"https:\/\/lpfparana.com.ar\/inicio\/wp-content\/uploads\/2024\/09\/ret.jpg","author_info":{"display_name":"Juan Manuel Fernandez","author_link":"https:\/\/lpfparana.com.ar\/inicio\/author\/juanma\/"},"yoast_head":"<!-- This site is optimized with the Yoast SEO Premium plugin v23.3 (Yoast SEO v27.2) - https:\/\/yoast.com\/product\/yoast-seo-premium-wordpress\/ -->\n<title>\u201cVivimos un momento hermoso en familia\u201d -<\/title>\n<meta name=\"description\" content=\"Jorge Retamoso, arquero y capit\u00e1n del club Pe\u00f1arol, dialog\u00f3 con \u201cLocos X La Liga\u201d, el programa oficial de la Liga Paranaense de F\u00fatbol.\" \/>\n<meta name=\"robots\" content=\"index, follow, max-snippet:-1, max-image-preview:large, max-video-preview:-1\" \/>\n<link rel=\"canonical\" href=\"https:\/\/lpfparana.com.ar\/inicio\/vivimos-un-momento-hermoso-en-familia\/\" \/>\n<meta property=\"og:locale\" content=\"es_ES\" \/>\n<meta property=\"og:type\" content=\"article\" \/>\n<meta property=\"og:title\" content=\"\u201cVivimos un momento hermoso en familia\u201d\" \/>\n<meta property=\"og:description\" content=\"Jorge Retamoso, arquero y capit\u00e1n del club Pe\u00f1arol, dialog\u00f3 con \u201cLocos X La Liga\u201d, el programa oficial de la Liga Paranaense de F\u00fatbol.\" \/>\n<meta property=\"og:url\" content=\"https:\/\/lpfparana.com.ar\/inicio\/vivimos-un-momento-hermoso-en-familia\/\" \/>\n<meta property=\"article:published_time\" content=\"2024-09-19T20:37:18+00:00\" \/>\n<meta property=\"article:modified_time\" content=\"2024-09-19T20:37:19+00:00\" \/>\n<meta property=\"og:image\" content=\"https:\/\/lpfparana.com.ar\/inicio\/wp-content\/uploads\/2024\/09\/ret.jpg\" \/>\n\t<meta property=\"og:image:width\" content=\"1280\" \/>\n\t<meta property=\"og:image:height\" content=\"720\" \/>\n\t<meta property=\"og:image:type\" content=\"image\/jpeg\" \/>\n<meta name=\"author\" content=\"Juan Manuel Fernandez\" \/>\n<meta name=\"twitter:card\" content=\"summary_large_image\" \/>\n<meta name=\"twitter:label1\" content=\"Escrito por\" \/>\n\t<meta name=\"twitter:data1\" content=\"Juan Manuel Fernandez\" \/>\n\t<meta name=\"twitter:label2\" content=\"Tiempo de lectura\" \/>\n\t<meta name=\"twitter:data2\" content=\"2 minutos\" \/>\n<script type=\"application\/ld+json\" class=\"yoast-schema-graph\">{\"@context\":\"https:\/\/schema.org\",\"@graph\":[{\"@type\":\"Article\",\"@id\":\"https:\/\/lpfparana.com.ar\/inicio\/vivimos-un-momento-hermoso-en-familia\/#article\",\"isPartOf\":{\"@id\":\"https:\/\/lpfparana.com.ar\/inicio\/vivimos-un-momento-hermoso-en-familia\/\"},\"author\":{\"name\":\"Juan Manuel Fernandez\",\"@id\":\"https:\/\/lpfparana.com.ar\/inicio\/#\/schema\/person\/5db3866b404cb9672f70c499a9ede0e1\"},\"headline\":\"\u201cVivimos un momento hermoso en familia\u201d\",\"datePublished\":\"2024-09-19T20:37:18+00:00\",\"dateModified\":\"2024-09-19T20:37:19+00:00\",\"mainEntityOfPage\":{\"@id\":\"https:\/\/lpfparana.com.ar\/inicio\/vivimos-un-momento-hermoso-en-familia\/\"},\"wordCount\":385,\"commentCount\":0,\"image\":{\"@id\":\"https:\/\/lpfparana.com.ar\/inicio\/vivimos-un-momento-hermoso-en-familia\/#primaryimage\"},\"thumbnailUrl\":\"https:\/\/lpfparana.com.ar\/inicio\/wp-content\/uploads\/2024\/09\/ret.jpg\",\"articleSection\":[\"Noticias\"],\"inLanguage\":\"es\",\"potentialAction\":[{\"@type\":\"CommentAction\",\"name\":\"Comment\",\"target\":[\"https:\/\/lpfparana.com.ar\/inicio\/vivimos-un-momento-hermoso-en-familia\/#respond\"]}]},{\"@type\":\"WebPage\",\"@id\":\"https:\/\/lpfparana.com.ar\/inicio\/vivimos-un-momento-hermoso-en-familia\/\",\"url\":\"https:\/\/lpfparana.com.ar\/inicio\/vivimos-un-momento-hermoso-en-familia\/\",\"name\":\"\u201cVivimos un momento hermoso en familia\u201d -\",\"isPartOf\":{\"@id\":\"https:\/\/lpfparana.com.ar\/inicio\/#website\"},\"primaryImageOfPage\":{\"@id\":\"https:\/\/lpfparana.com.ar\/inicio\/vivimos-un-momento-hermoso-en-familia\/#primaryimage\"},\"image\":{\"@id\":\"https:\/\/lpfparana.com.ar\/inicio\/vivimos-un-momento-hermoso-en-familia\/#primaryimage\"},\"thumbnailUrl\":\"https:\/\/lpfparana.com.ar\/inicio\/wp-content\/uploads\/2024\/09\/ret.jpg\",\"datePublished\":\"2024-09-19T20:37:18+00:00\",\"dateModified\":\"2024-09-19T20:37:19+00:00\",\"author\":{\"@id\":\"https:\/\/lpfparana.com.ar\/inicio\/#\/schema\/person\/5db3866b404cb9672f70c499a9ede0e1\"},\"description\":\"Jorge Retamoso, arquero y capit\u00e1n del club Pe\u00f1arol, dialog\u00f3 con \u201cLocos X La Liga\u201d, el programa oficial de la Liga Paranaense de F\u00fatbol.\",\"breadcrumb\":{\"@id\":\"https:\/\/lpfparana.com.ar\/inicio\/vivimos-un-momento-hermoso-en-familia\/#breadcrumb\"},\"inLanguage\":\"es\",\"potentialAction\":[{\"@type\":\"ReadAction\",\"target\":[\"https:\/\/lpfparana.com.ar\/inicio\/vivimos-un-momento-hermoso-en-familia\/\"]}]},{\"@type\":\"ImageObject\",\"inLanguage\":\"es\",\"@id\":\"https:\/\/lpfparana.com.ar\/inicio\/vivimos-un-momento-hermoso-en-familia\/#primaryimage\",\"url\":\"https:\/\/lpfparana.com.ar\/inicio\/wp-content\/uploads\/2024\/09\/ret.jpg\",\"contentUrl\":\"https:\/\/lpfparana.com.ar\/inicio\/wp-content\/uploads\/2024\/09\/ret.jpg\",\"width\":1280,\"height\":720},{\"@type\":\"BreadcrumbList\",\"@id\":\"https:\/\/lpfparana.com.ar\/inicio\/vivimos-un-momento-hermoso-en-familia\/#breadcrumb\",\"itemListElement\":[{\"@type\":\"ListItem\",\"position\":1,\"name\":\"Portada\",\"item\":\"https:\/\/lpfparana.com.ar\/inicio\/\"},{\"@type\":\"ListItem\",\"position\":2,\"name\":\"\u201cVivimos un momento hermoso en familia\u201d\"}]},{\"@type\":\"WebSite\",\"@id\":\"https:\/\/lpfparana.com.ar\/inicio\/#website\",\"url\":\"https:\/\/lpfparana.com.ar\/inicio\/\",\"name\":\"\",\"description\":\"LPF Paran\u00e1\",\"potentialAction\":[{\"@type\":\"SearchAction\",\"target\":{\"@type\":\"EntryPoint\",\"urlTemplate\":\"https:\/\/lpfparana.com.ar\/inicio\/?s={search_term_string}\"},\"query-input\":{\"@type\":\"PropertyValueSpecification\",\"valueRequired\":true,\"valueName\":\"search_term_string\"}}],\"inLanguage\":\"es\"},{\"@type\":\"Person\",\"@id\":\"https:\/\/lpfparana.com.ar\/inicio\/#\/schema\/person\/5db3866b404cb9672f70c499a9ede0e1\",\"name\":\"Juan Manuel Fernandez\",\"image\":{\"@type\":\"ImageObject\",\"inLanguage\":\"es\",\"@id\":\"https:\/\/secure.gravatar.com\/avatar\/b9ded3b46d997a47d4ffae36e85d6b17e879993cc483e0eae0cf69b9c53626e9?s=96&d=mm&r=g\",\"url\":\"https:\/\/secure.gravatar.com\/avatar\/b9ded3b46d997a47d4ffae36e85d6b17e879993cc483e0eae0cf69b9c53626e9?s=96&d=mm&r=g\",\"contentUrl\":\"https:\/\/secure.gravatar.com\/avatar\/b9ded3b46d997a47d4ffae36e85d6b17e879993cc483e0eae0cf69b9c53626e9?s=96&d=mm&r=g\",\"caption\":\"Juan Manuel Fernandez\"},\"url\":\"https:\/\/lpfparana.com.ar\/inicio\/author\/juanma\/\"}]}<\/script>\n<!-- \/ Yoast SEO Premium plugin. -->","yoast_head_json":{"title":"\u201cVivimos un momento hermoso en familia\u201d -","description":"Jorge Retamoso, arquero y capit\u00e1n del club Pe\u00f1arol, dialog\u00f3 con \u201cLocos X La Liga\u201d, el programa oficial de la Liga Paranaense de F\u00fatbol.","robots":{"index":"index","follow":"follow","max-snippet":"max-snippet:-1","max-image-preview":"max-image-preview:large","max-video-preview":"max-video-preview:-1"},"canonical":"https:\/\/lpfparana.com.ar\/inicio\/vivimos-un-momento-hermoso-en-familia\/","og_locale":"es_ES","og_type":"article","og_title":"\u201cVivimos un momento hermoso en familia\u201d","og_description":"Jorge Retamoso, arquero y capit\u00e1n del club Pe\u00f1arol, dialog\u00f3 con \u201cLocos X La Liga\u201d, el programa oficial de la Liga Paranaense de F\u00fatbol.","og_url":"https:\/\/lpfparana.com.ar\/inicio\/vivimos-un-momento-hermoso-en-familia\/","article_published_time":"2024-09-19T20:37:18+00:00","article_modified_time":"2024-09-19T20:37:19+00:00","og_image":[{"width":1280,"height":720,"url":"https:\/\/lpfparana.com.ar\/inicio\/wp-content\/uploads\/2024\/09\/ret.jpg","type":"image\/jpeg"}],"author":"Juan Manuel Fernandez","twitter_card":"summary_large_image","twitter_misc":{"Escrito por":"Juan Manuel Fernandez","Tiempo de lectura":"2 minutos"},"schema":{"@context":"https:\/\/schema.org","@graph":[{"@type":"Article","@id":"https:\/\/lpfparana.com.ar\/inicio\/vivimos-un-momento-hermoso-en-familia\/#article","isPartOf":{"@id":"https:\/\/lpfparana.com.ar\/inicio\/vivimos-un-momento-hermoso-en-familia\/"},"author":{"name":"Juan Manuel Fernandez","@id":"https:\/\/lpfparana.com.ar\/inicio\/#\/schema\/person\/5db3866b404cb9672f70c499a9ede0e1"},"headline":"\u201cVivimos un momento hermoso en familia\u201d","datePublished":"2024-09-19T20:37:18+00:00","dateModified":"2024-09-19T20:37:19+00:00","mainEntityOfPage":{"@id":"https:\/\/lpfparana.com.ar\/inicio\/vivimos-un-momento-hermoso-en-familia\/"},"wordCount":385,"commentCount":0,"image":{"@id":"https:\/\/lpfparana.com.ar\/inicio\/vivimos-un-momento-hermoso-en-familia\/#primaryimage"},"thumbnailUrl":"https:\/\/lpfparana.com.ar\/inicio\/wp-content\/uploads\/2024\/09\/ret.jpg","articleSection":["Noticias"],"inLanguage":"es","potentialAction":[{"@type":"CommentAction","name":"Comment","target":["https:\/\/lpfparana.com.ar\/inicio\/vivimos-un-momento-hermoso-en-familia\/#respond"]}]},{"@type":"WebPage","@id":"https:\/\/lpfparana.com.ar\/inicio\/vivimos-un-momento-hermoso-en-familia\/","url":"https:\/\/lpfparana.com.ar\/inicio\/vivimos-un-momento-hermoso-en-familia\/","name":"\u201cVivimos un momento hermoso en familia\u201d -","isPartOf":{"@id":"https:\/\/lpfparana.com.ar\/inicio\/#website"},"primaryImageOfPage":{"@id":"https:\/\/lpfparana.com.ar\/inicio\/vivimos-un-momento-hermoso-en-familia\/#primaryimage"},"image":{"@id":"https:\/\/lpfparana.com.ar\/inicio\/vivimos-un-momento-hermoso-en-familia\/#primaryimage"},"thumbnailUrl":"https:\/\/lpfparana.com.ar\/inicio\/wp-content\/uploads\/2024\/09\/ret.jpg","datePublished":"2024-09-19T20:37:18+00:00","dateModified":"2024-09-19T20:37:19+00:00","author":{"@id":"https:\/\/lpfparana.com.ar\/inicio\/#\/schema\/person\/5db3866b404cb9672f70c499a9ede0e1"},"description":"Jorge Retamoso, arquero y capit\u00e1n del club Pe\u00f1arol, dialog\u00f3 con \u201cLocos X La Liga\u201d, el programa oficial de la Liga Paranaense de F\u00fatbol.","breadcrumb":{"@id":"https:\/\/lpfparana.com.ar\/inicio\/vivimos-un-momento-hermoso-en-familia\/#breadcrumb"},"inLanguage":"es","potentialAction":[{"@type":"ReadAction","target":["https:\/\/lpfparana.com.ar\/inicio\/vivimos-un-momento-hermoso-en-familia\/"]}]},{"@type":"ImageObject","inLanguage":"es","@id":"https:\/\/lpfparana.com.ar\/inicio\/vivimos-un-momento-hermoso-en-familia\/#primaryimage","url":"https:\/\/lpfparana.com.ar\/inicio\/wp-content\/uploads\/2024\/09\/ret.jpg","contentUrl":"https:\/\/lpfparana.com.ar\/inicio\/wp-content\/uploads\/2024\/09\/ret.jpg","width":1280,"height":720},{"@type":"BreadcrumbList","@id":"https:\/\/lpfparana.com.ar\/inicio\/vivimos-un-momento-hermoso-en-familia\/#breadcrumb","itemListElement":[{"@type":"ListItem","position":1,"name":"Portada","item":"https:\/\/lpfparana.com.ar\/inicio\/"},{"@type":"ListItem","position":2,"name":"\u201cVivimos un momento hermoso en familia\u201d"}]},{"@type":"WebSite","@id":"https:\/\/lpfparana.com.ar\/inicio\/#website","url":"https:\/\/lpfparana.com.ar\/inicio\/","name":"","description":"LPF Paran\u00e1","potentialAction":[{"@type":"SearchAction","target":{"@type":"EntryPoint","urlTemplate":"https:\/\/lpfparana.com.ar\/inicio\/?s={search_term_string}"},"query-input":{"@type":"PropertyValueSpecification","valueRequired":true,"valueName":"search_term_string"}}],"inLanguage":"es"},{"@type":"Person","@id":"https:\/\/lpfparana.com.ar\/inicio\/#\/schema\/person\/5db3866b404cb9672f70c499a9ede0e1","name":"Juan Manuel Fernandez","image":{"@type":"ImageObject","inLanguage":"es","@id":"https:\/\/secure.gravatar.com\/avatar\/b9ded3b46d997a47d4ffae36e85d6b17e879993cc483e0eae0cf69b9c53626e9?s=96&d=mm&r=g","url":"https:\/\/secure.gravatar.com\/avatar\/b9ded3b46d997a47d4ffae36e85d6b17e879993cc483e0eae0cf69b9c53626e9?s=96&d=mm&r=g","contentUrl":"https:\/\/secure.gravatar.com\/avatar\/b9ded3b46d997a47d4ffae36e85d6b17e879993cc483e0eae0cf69b9c53626e9?s=96&d=mm&r=g","caption":"Juan Manuel Fernandez"},"url":"https:\/\/lpfparana.com.ar\/inicio\/author\/juanma\/"}]}},"_links":{"self":[{"href":"https:\/\/lpfparana.com.ar\/inicio\/wp-json\/wp\/v2\/posts\/3917","targetHints":{"allow":["GET"]}}],"collection":[{"href":"https:\/\/lpfparana.com.ar\/inicio\/wp-json\/wp\/v2\/posts"}],"about":[{"href":"https:\/\/lpfparana.com.ar\/inicio\/wp-json\/wp\/v2\/types\/post"}],"author":[{"embeddable":true,"href":"https:\/\/lpfparana.com.ar\/inicio\/wp-json\/wp\/v2\/users\/6"}],"replies":[{"embeddable":true,"href":"https:\/\/lpfparana.com.ar\/inicio\/wp-json\/wp\/v2\/comments?post=3917"}],"version-history":[{"count":2,"href":"https:\/\/lpfparana.com.ar\/inicio\/wp-json\/wp\/v2\/posts\/3917\/revisions"}],"predecessor-version":[{"id":3925,"href":"https:\/\/lpfparana.com.ar\/inicio\/wp-json\/wp\/v2\/posts\/3917\/revisions\/3925"}],"wp:featuredmedia":[{"embeddable":true,"href":"https:\/\/lpfparana.com.ar\/inicio\/wp-json\/wp\/v2\/media\/3918"}],"wp:attachment":[{"href":"https:\/\/lpfparana.com.ar\/inicio\/wp-json\/wp\/v2\/media?parent=3917"}],"wp:term":[{"taxonomy":"category","embeddable":true,"href":"https:\/\/lpfparana.com.ar\/inicio\/wp-json\/wp\/v2\/categories?post=3917"},{"taxonomy":"post_tag","embeddable":true,"href":"https:\/\/lpfparana.com.ar\/inicio\/wp-json\/wp\/v2\/tags?post=3917"}],"curies":[{"name":"wp","href":"https:\/\/api.w.org\/{rel}","templated":true}]}}