{"id":3905,"date":"2024-09-16T20:21:04","date_gmt":"2024-09-16T23:21:04","guid":{"rendered":"https:\/\/lpfparana.com.ar\/inicio\/?p=3905"},"modified":"2024-09-16T20:21:25","modified_gmt":"2024-09-16T23:21:25","slug":"todos-somos-uno","status":"publish","type":"post","link":"https:\/\/lpfparana.com.ar\/inicio\/todos-somos-uno\/","title":{"rendered":"\u00abTodos somos uno\u00bb"},"content":{"rendered":"\n<h3 class=\"wp-block-heading\" id=\"h-agustin-barrera-dt-de-instituto-dialogo-con-locos-x-la-liga-el-programa-oficial-de-la-liga-paranaense-de-futbol-el-director-tecnico-hizo-mencion-al-buen-presente-en-la-copa-bplay-de-la-liga-paranaense-de-futbol\">Agust\u00edn Barrera, DT de Instituto, di\u00e1logo con \u00abLocos X La Liga\u00bb el programa oficial de la Liga Paranaense de F\u00fatbol. El director t\u00e9cnico, hizo menci\u00f3n al buen presente en la Copa Bplay de la Liga Paranaense de F\u00fatbol.<\/h3>\n\n\n\n<p>Agust\u00edn Barrera, director t\u00e9cnico de Instituto, comenz\u00f3 el di\u00e1logo con \u00abLocos X La Liga\u00bb contando como vienen trabajando, y sobre esto dijo: \u00abNos toc\u00f3 un grupo dif\u00edcil, pero estamos muy contentos y con los pies sobre la tierra y siguiendo por la misma l\u00ednea que nos propusimos desde un comienzo\u00bb.<\/p>\n\n\n\n<p>Siguiendo en la misma l\u00ednea, Barrera destac\u00f3: \u00abNo fue algo tan f\u00e1cil \u00e9l comenzar este proyecto, en ese tramo propuse armar un grupo de trabajo adecuado y por suerte est\u00e1 saliendo todo como esper\u00e1bamos\u00bb.<\/p>\n\n\n\n<h3 class=\"wp-block-heading\" id=\"h-la-forma-de-jugar-de-instituto\">La forma de jugar de Instituto<\/h3>\n\n\n\n<p>El t\u00e9cnico de la \u00abGloria de Villa Uranga\u00bb, fue muy optimista y resalt\u00f3: \u00abEl equipo tiene buen pie y muchas ganas, por eso se da tambi\u00e9n que estamos bien ubicados en la tabla, pero buscamos manejarnos con el bal\u00f3n dominado\u00bb.<\/p>\n\n\n\n<p>\u00abSuelo ser una persona optimista, esperaba vivir este momento, porque los chicos le ponen muchas ganas a los entrenamientos, sea cual sea el horario\u00bb, asegur\u00f3 el orientador del equipo que por ahora es l\u00edder de la Zona A. <\/p>\n\n\n\n<h3 class=\"wp-block-heading\" id=\"h-el-compromiso-del-plantel\">El compromiso del plantel<\/h3>\n\n\n\n<p>El DT de Instituto, cerrando la charla, hizo menci\u00f3n a como trabaja el plantel y destac\u00f3: \u00abLo primero es hacerlos sentir c\u00f3modos e importantes a cada integrante del plantel, somos todos uno solo\u00bb.<\/p>\n\n\n\n<p>Barrera, finalizando el di\u00e1logo con \u00abLocos X La Liga\u00bb expres\u00f3: \u00abEs destacable adaptarse al lugar que estamos, porque alguno trabaja, otro estudia, pero no s\u00e9 pierden ning\u00fan entrenamiento y eso es importante\u00bb.<\/p>\n","protected":false},"excerpt":{"rendered":"<p>Agust\u00edn Barrera, DT de Instituto, di\u00e1logo con \u00abLocos X La Liga\u00bb el programa oficial de la Liga Paranaense de F\u00fatbol. El director t\u00e9cnico, hizo menci\u00f3n al buen presente en la Copa Bplay de la Liga Paranaense de F\u00fatbol. Agust\u00edn Barrera, director t\u00e9cnico de Instituto, comenz\u00f3 el di\u00e1logo con \u00abLocos X La Liga\u00bb contando como vienen&#8230;<\/p>\n","protected":false},"author":8,"featured_media":3906,"comment_status":"open","ping_status":"open","sticky":false,"template":"","format":"standard","meta":{"footnotes":""},"categories":[8,2],"tags":[],"class_list":["post-3905","post","type-post","status-publish","format-standard","has-post-thumbnail","hentry","category-masculino","category-noticias"],"featured_image_src":"https:\/\/lpfparana.com.ar\/inicio\/wp-content\/uploads\/2024\/09\/IMG-20240916-WA0017.jpg","author_info":{"display_name":"Uriel Vazquez","author_link":"https:\/\/lpfparana.com.ar\/inicio\/author\/uriel\/"},"yoast_head":"<!-- This site is optimized with the Yoast SEO Premium plugin v23.3 (Yoast SEO v27.2) - https:\/\/yoast.com\/product\/yoast-seo-premium-wordpress\/ -->\n<title>&quot;Todos somos uno&quot; -<\/title>\n<meta name=\"description\" content=\"Agust\u00edn Barrera, DT de Instituto, di\u00e1logo con &quot;Locos X La Liga&quot; el programa oficial de la Liga Paranaense de F\u00fatbol. El director t\u00e9cnico...\" \/>\n<meta name=\"robots\" content=\"index, follow, max-snippet:-1, max-image-preview:large, max-video-preview:-1\" \/>\n<link rel=\"canonical\" href=\"https:\/\/lpfparana.com.ar\/inicio\/todos-somos-uno\/\" \/>\n<meta property=\"og:locale\" content=\"es_ES\" \/>\n<meta property=\"og:type\" content=\"article\" \/>\n<meta property=\"og:title\" content=\"&quot;Todos somos uno&quot;\" \/>\n<meta property=\"og:description\" content=\"Agust\u00edn Barrera, DT de Instituto, di\u00e1logo con &quot;Locos X La Liga&quot; el programa oficial de la Liga Paranaense de F\u00fatbol. El director t\u00e9cnico...\" \/>\n<meta property=\"og:url\" content=\"https:\/\/lpfparana.com.ar\/inicio\/todos-somos-uno\/\" \/>\n<meta property=\"article:published_time\" content=\"2024-09-16T23:21:04+00:00\" \/>\n<meta property=\"article:modified_time\" content=\"2024-09-16T23:21:25+00:00\" \/>\n<meta property=\"og:image\" content=\"https:\/\/lpfparana.com.ar\/inicio\/wp-content\/uploads\/2024\/09\/IMG-20240916-WA0017.jpg\" \/>\n\t<meta property=\"og:image:width\" content=\"1280\" \/>\n\t<meta property=\"og:image:height\" content=\"720\" \/>\n\t<meta property=\"og:image:type\" content=\"image\/jpeg\" \/>\n<meta name=\"author\" content=\"Uriel Vazquez\" \/>\n<meta name=\"twitter:card\" content=\"summary_large_image\" \/>\n<meta name=\"twitter:label1\" content=\"Escrito por\" \/>\n\t<meta name=\"twitter:data1\" content=\"Uriel Vazquez\" \/>\n\t<meta name=\"twitter:label2\" content=\"Tiempo de lectura\" \/>\n\t<meta name=\"twitter:data2\" content=\"2 minutos\" \/>\n<script type=\"application\/ld+json\" class=\"yoast-schema-graph\">{\"@context\":\"https:\/\/schema.org\",\"@graph\":[{\"@type\":\"Article\",\"@id\":\"https:\/\/lpfparana.com.ar\/inicio\/todos-somos-uno\/#article\",\"isPartOf\":{\"@id\":\"https:\/\/lpfparana.com.ar\/inicio\/todos-somos-uno\/\"},\"author\":{\"name\":\"Uriel Vazquez\",\"@id\":\"https:\/\/lpfparana.com.ar\/inicio\/#\/schema\/person\/07e09b1ab407955db225d5798fbe3c29\"},\"headline\":\"\u00abTodos somos uno\u00bb\",\"datePublished\":\"2024-09-16T23:21:04+00:00\",\"dateModified\":\"2024-09-16T23:21:25+00:00\",\"mainEntityOfPage\":{\"@id\":\"https:\/\/lpfparana.com.ar\/inicio\/todos-somos-uno\/\"},\"wordCount\":300,\"commentCount\":0,\"image\":{\"@id\":\"https:\/\/lpfparana.com.ar\/inicio\/todos-somos-uno\/#primaryimage\"},\"thumbnailUrl\":\"https:\/\/lpfparana.com.ar\/inicio\/wp-content\/uploads\/2024\/09\/IMG-20240916-WA0017.jpg\",\"articleSection\":[\"Masculino\",\"Noticias\"],\"inLanguage\":\"es\",\"potentialAction\":[{\"@type\":\"CommentAction\",\"name\":\"Comment\",\"target\":[\"https:\/\/lpfparana.com.ar\/inicio\/todos-somos-uno\/#respond\"]}]},{\"@type\":\"WebPage\",\"@id\":\"https:\/\/lpfparana.com.ar\/inicio\/todos-somos-uno\/\",\"url\":\"https:\/\/lpfparana.com.ar\/inicio\/todos-somos-uno\/\",\"name\":\"\\\"Todos somos uno\\\" -\",\"isPartOf\":{\"@id\":\"https:\/\/lpfparana.com.ar\/inicio\/#website\"},\"primaryImageOfPage\":{\"@id\":\"https:\/\/lpfparana.com.ar\/inicio\/todos-somos-uno\/#primaryimage\"},\"image\":{\"@id\":\"https:\/\/lpfparana.com.ar\/inicio\/todos-somos-uno\/#primaryimage\"},\"thumbnailUrl\":\"https:\/\/lpfparana.com.ar\/inicio\/wp-content\/uploads\/2024\/09\/IMG-20240916-WA0017.jpg\",\"datePublished\":\"2024-09-16T23:21:04+00:00\",\"dateModified\":\"2024-09-16T23:21:25+00:00\",\"author\":{\"@id\":\"https:\/\/lpfparana.com.ar\/inicio\/#\/schema\/person\/07e09b1ab407955db225d5798fbe3c29\"},\"description\":\"Agust\u00edn Barrera, DT de Instituto, di\u00e1logo con \\\"Locos X La Liga\\\" el programa oficial de la Liga Paranaense de F\u00fatbol. El director t\u00e9cnico...\",\"breadcrumb\":{\"@id\":\"https:\/\/lpfparana.com.ar\/inicio\/todos-somos-uno\/#breadcrumb\"},\"inLanguage\":\"es\",\"potentialAction\":[{\"@type\":\"ReadAction\",\"target\":[\"https:\/\/lpfparana.com.ar\/inicio\/todos-somos-uno\/\"]}]},{\"@type\":\"ImageObject\",\"inLanguage\":\"es\",\"@id\":\"https:\/\/lpfparana.com.ar\/inicio\/todos-somos-uno\/#primaryimage\",\"url\":\"https:\/\/lpfparana.com.ar\/inicio\/wp-content\/uploads\/2024\/09\/IMG-20240916-WA0017.jpg\",\"contentUrl\":\"https:\/\/lpfparana.com.ar\/inicio\/wp-content\/uploads\/2024\/09\/IMG-20240916-WA0017.jpg\",\"width\":1280,\"height\":720},{\"@type\":\"BreadcrumbList\",\"@id\":\"https:\/\/lpfparana.com.ar\/inicio\/todos-somos-uno\/#breadcrumb\",\"itemListElement\":[{\"@type\":\"ListItem\",\"position\":1,\"name\":\"Portada\",\"item\":\"https:\/\/lpfparana.com.ar\/inicio\/\"},{\"@type\":\"ListItem\",\"position\":2,\"name\":\"&#8220;Todos somos uno&#8221;\"}]},{\"@type\":\"WebSite\",\"@id\":\"https:\/\/lpfparana.com.ar\/inicio\/#website\",\"url\":\"https:\/\/lpfparana.com.ar\/inicio\/\",\"name\":\"\",\"description\":\"LPF Paran\u00e1\",\"potentialAction\":[{\"@type\":\"SearchAction\",\"target\":{\"@type\":\"EntryPoint\",\"urlTemplate\":\"https:\/\/lpfparana.com.ar\/inicio\/?s={search_term_string}\"},\"query-input\":{\"@type\":\"PropertyValueSpecification\",\"valueRequired\":true,\"valueName\":\"search_term_string\"}}],\"inLanguage\":\"es\"},{\"@type\":\"Person\",\"@id\":\"https:\/\/lpfparana.com.ar\/inicio\/#\/schema\/person\/07e09b1ab407955db225d5798fbe3c29\",\"name\":\"Uriel Vazquez\",\"image\":{\"@type\":\"ImageObject\",\"inLanguage\":\"es\",\"@id\":\"https:\/\/secure.gravatar.com\/avatar\/6f6434a31569ea3eb181dc2d6f625ccfa8d5d0cd27b2fe7eab38888e37d146f6?s=96&d=mm&r=g\",\"url\":\"https:\/\/secure.gravatar.com\/avatar\/6f6434a31569ea3eb181dc2d6f625ccfa8d5d0cd27b2fe7eab38888e37d146f6?s=96&d=mm&r=g\",\"contentUrl\":\"https:\/\/secure.gravatar.com\/avatar\/6f6434a31569ea3eb181dc2d6f625ccfa8d5d0cd27b2fe7eab38888e37d146f6?s=96&d=mm&r=g\",\"caption\":\"Uriel Vazquez\"},\"url\":\"https:\/\/lpfparana.com.ar\/inicio\/author\/uriel\/\"}]}<\/script>\n<!-- \/ Yoast SEO Premium plugin. -->","yoast_head_json":{"title":"\"Todos somos uno\" -","description":"Agust\u00edn Barrera, DT de Instituto, di\u00e1logo con \"Locos X La Liga\" el programa oficial de la Liga Paranaense de F\u00fatbol. El director t\u00e9cnico...","robots":{"index":"index","follow":"follow","max-snippet":"max-snippet:-1","max-image-preview":"max-image-preview:large","max-video-preview":"max-video-preview:-1"},"canonical":"https:\/\/lpfparana.com.ar\/inicio\/todos-somos-uno\/","og_locale":"es_ES","og_type":"article","og_title":"\"Todos somos uno\"","og_description":"Agust\u00edn Barrera, DT de Instituto, di\u00e1logo con \"Locos X La Liga\" el programa oficial de la Liga Paranaense de F\u00fatbol. El director t\u00e9cnico...","og_url":"https:\/\/lpfparana.com.ar\/inicio\/todos-somos-uno\/","article_published_time":"2024-09-16T23:21:04+00:00","article_modified_time":"2024-09-16T23:21:25+00:00","og_image":[{"width":1280,"height":720,"url":"https:\/\/lpfparana.com.ar\/inicio\/wp-content\/uploads\/2024\/09\/IMG-20240916-WA0017.jpg","type":"image\/jpeg"}],"author":"Uriel Vazquez","twitter_card":"summary_large_image","twitter_misc":{"Escrito por":"Uriel Vazquez","Tiempo de lectura":"2 minutos"},"schema":{"@context":"https:\/\/schema.org","@graph":[{"@type":"Article","@id":"https:\/\/lpfparana.com.ar\/inicio\/todos-somos-uno\/#article","isPartOf":{"@id":"https:\/\/lpfparana.com.ar\/inicio\/todos-somos-uno\/"},"author":{"name":"Uriel Vazquez","@id":"https:\/\/lpfparana.com.ar\/inicio\/#\/schema\/person\/07e09b1ab407955db225d5798fbe3c29"},"headline":"\u00abTodos somos uno\u00bb","datePublished":"2024-09-16T23:21:04+00:00","dateModified":"2024-09-16T23:21:25+00:00","mainEntityOfPage":{"@id":"https:\/\/lpfparana.com.ar\/inicio\/todos-somos-uno\/"},"wordCount":300,"commentCount":0,"image":{"@id":"https:\/\/lpfparana.com.ar\/inicio\/todos-somos-uno\/#primaryimage"},"thumbnailUrl":"https:\/\/lpfparana.com.ar\/inicio\/wp-content\/uploads\/2024\/09\/IMG-20240916-WA0017.jpg","articleSection":["Masculino","Noticias"],"inLanguage":"es","potentialAction":[{"@type":"CommentAction","name":"Comment","target":["https:\/\/lpfparana.com.ar\/inicio\/todos-somos-uno\/#respond"]}]},{"@type":"WebPage","@id":"https:\/\/lpfparana.com.ar\/inicio\/todos-somos-uno\/","url":"https:\/\/lpfparana.com.ar\/inicio\/todos-somos-uno\/","name":"\"Todos somos uno\" -","isPartOf":{"@id":"https:\/\/lpfparana.com.ar\/inicio\/#website"},"primaryImageOfPage":{"@id":"https:\/\/lpfparana.com.ar\/inicio\/todos-somos-uno\/#primaryimage"},"image":{"@id":"https:\/\/lpfparana.com.ar\/inicio\/todos-somos-uno\/#primaryimage"},"thumbnailUrl":"https:\/\/lpfparana.com.ar\/inicio\/wp-content\/uploads\/2024\/09\/IMG-20240916-WA0017.jpg","datePublished":"2024-09-16T23:21:04+00:00","dateModified":"2024-09-16T23:21:25+00:00","author":{"@id":"https:\/\/lpfparana.com.ar\/inicio\/#\/schema\/person\/07e09b1ab407955db225d5798fbe3c29"},"description":"Agust\u00edn Barrera, DT de Instituto, di\u00e1logo con \"Locos X La Liga\" el programa oficial de la Liga Paranaense de F\u00fatbol. El director t\u00e9cnico...","breadcrumb":{"@id":"https:\/\/lpfparana.com.ar\/inicio\/todos-somos-uno\/#breadcrumb"},"inLanguage":"es","potentialAction":[{"@type":"ReadAction","target":["https:\/\/lpfparana.com.ar\/inicio\/todos-somos-uno\/"]}]},{"@type":"ImageObject","inLanguage":"es","@id":"https:\/\/lpfparana.com.ar\/inicio\/todos-somos-uno\/#primaryimage","url":"https:\/\/lpfparana.com.ar\/inicio\/wp-content\/uploads\/2024\/09\/IMG-20240916-WA0017.jpg","contentUrl":"https:\/\/lpfparana.com.ar\/inicio\/wp-content\/uploads\/2024\/09\/IMG-20240916-WA0017.jpg","width":1280,"height":720},{"@type":"BreadcrumbList","@id":"https:\/\/lpfparana.com.ar\/inicio\/todos-somos-uno\/#breadcrumb","itemListElement":[{"@type":"ListItem","position":1,"name":"Portada","item":"https:\/\/lpfparana.com.ar\/inicio\/"},{"@type":"ListItem","position":2,"name":"&#8220;Todos somos uno&#8221;"}]},{"@type":"WebSite","@id":"https:\/\/lpfparana.com.ar\/inicio\/#website","url":"https:\/\/lpfparana.com.ar\/inicio\/","name":"","description":"LPF Paran\u00e1","potentialAction":[{"@type":"SearchAction","target":{"@type":"EntryPoint","urlTemplate":"https:\/\/lpfparana.com.ar\/inicio\/?s={search_term_string}"},"query-input":{"@type":"PropertyValueSpecification","valueRequired":true,"valueName":"search_term_string"}}],"inLanguage":"es"},{"@type":"Person","@id":"https:\/\/lpfparana.com.ar\/inicio\/#\/schema\/person\/07e09b1ab407955db225d5798fbe3c29","name":"Uriel Vazquez","image":{"@type":"ImageObject","inLanguage":"es","@id":"https:\/\/secure.gravatar.com\/avatar\/6f6434a31569ea3eb181dc2d6f625ccfa8d5d0cd27b2fe7eab38888e37d146f6?s=96&d=mm&r=g","url":"https:\/\/secure.gravatar.com\/avatar\/6f6434a31569ea3eb181dc2d6f625ccfa8d5d0cd27b2fe7eab38888e37d146f6?s=96&d=mm&r=g","contentUrl":"https:\/\/secure.gravatar.com\/avatar\/6f6434a31569ea3eb181dc2d6f625ccfa8d5d0cd27b2fe7eab38888e37d146f6?s=96&d=mm&r=g","caption":"Uriel Vazquez"},"url":"https:\/\/lpfparana.com.ar\/inicio\/author\/uriel\/"}]}},"_links":{"self":[{"href":"https:\/\/lpfparana.com.ar\/inicio\/wp-json\/wp\/v2\/posts\/3905","targetHints":{"allow":["GET"]}}],"collection":[{"href":"https:\/\/lpfparana.com.ar\/inicio\/wp-json\/wp\/v2\/posts"}],"about":[{"href":"https:\/\/lpfparana.com.ar\/inicio\/wp-json\/wp\/v2\/types\/post"}],"author":[{"embeddable":true,"href":"https:\/\/lpfparana.com.ar\/inicio\/wp-json\/wp\/v2\/users\/8"}],"replies":[{"embeddable":true,"href":"https:\/\/lpfparana.com.ar\/inicio\/wp-json\/wp\/v2\/comments?post=3905"}],"version-history":[{"count":2,"href":"https:\/\/lpfparana.com.ar\/inicio\/wp-json\/wp\/v2\/posts\/3905\/revisions"}],"predecessor-version":[{"id":3909,"href":"https:\/\/lpfparana.com.ar\/inicio\/wp-json\/wp\/v2\/posts\/3905\/revisions\/3909"}],"wp:featuredmedia":[{"embeddable":true,"href":"https:\/\/lpfparana.com.ar\/inicio\/wp-json\/wp\/v2\/media\/3906"}],"wp:attachment":[{"href":"https:\/\/lpfparana.com.ar\/inicio\/wp-json\/wp\/v2\/media?parent=3905"}],"wp:term":[{"taxonomy":"category","embeddable":true,"href":"https:\/\/lpfparana.com.ar\/inicio\/wp-json\/wp\/v2\/categories?post=3905"},{"taxonomy":"post_tag","embeddable":true,"href":"https:\/\/lpfparana.com.ar\/inicio\/wp-json\/wp\/v2\/tags?post=3905"}],"curies":[{"name":"wp","href":"https:\/\/api.w.org\/{rel}","templated":true}]}}