{"id":3718,"date":"2024-08-26T17:25:09","date_gmt":"2024-08-26T20:25:09","guid":{"rendered":"https:\/\/lpfparana.com.ar\/inicio\/?p=3718"},"modified":"2024-08-26T17:25:11","modified_gmt":"2024-08-26T20:25:11","slug":"comenzaron-los-preparativos-para-recibir-las-copas","status":"publish","type":"post","link":"https:\/\/lpfparana.com.ar\/inicio\/comenzaron-los-preparativos-para-recibir-las-copas\/","title":{"rendered":"Comenzaron los preparativos para recibir \u201clas copas\u201d"},"content":{"rendered":"\n<h3 class=\"wp-block-heading\">\u201cSean Eternos\u201d es el evento que prepara la Liga Paranaense de F\u00fatbol, junto a la Municipalidad de Paran\u00e1 para el d\u00eda 18 de septiembre pr\u00f3ximo. En el mismo se expondr\u00e1n las copas ganadas por la Selecci\u00f3n Argentina en los \u00faltimos a\u00f1os.<\/h3>\n\n\n\n<p>El 18 de septiembre pr\u00f3ximo visitar\u00e1n la ciudad de Paran\u00e1 los trofeos ganados por la Selecci\u00f3n Argentina de F\u00fatbol. La Copa Am\u00e9rica, La Finall\u00edssima, y la m\u00e1s esperada, la Copa del Mundo conseguida en Qatar 2022 estar\u00e1n expuestas en la \u201cSala Mayo\u201d de la capital provincial.<\/p>\n\n\n\n<p>En relaci\u00f3n a esta llegada, la organizaci\u00f3n de dicho evento comenz\u00f3 a realizarse. Para eso se desarroll\u00f3 la primera reuni\u00f3n organizativa entre dirigentes de la Liga Paranaense de F\u00fatbol, la Municipalidad de Paran\u00e1 y la Polic\u00eda de Entre R\u00edos en el lugar donde se realizar\u00e1 el evento. Para no dejar nada librado al azar.<\/p>\n\n\n\n<h3 class=\"wp-block-heading\">La palabra de Arbitelli<\/h3>\n\n\n\n<p>Juan Arbitelli fue uno de los que habl\u00f3 tras la reuni\u00f3n con \u201cLocos X La Liga\u201d, el programa oficial liguista. All\u00ed el dirigente de la LPF, del Atl\u00e9tico Neuquen Club y funcionario municipal, detall\u00f3 conceptos importantes en cuanto al evento.<\/p>\n\n\n\n<p>\u201cSera un evento important\u00edsimo y de gran magnitud, es por eso que estamos reunidos hoy (por este lunes) aqu\u00ed, junto a la parte de organizaci\u00f3n de la Liga Paranaense y de la Municipalidad de Paran\u00e1. Tambi\u00e9n trabajando mancomunadamente junto a la Polic\u00eda de Entre R\u00edos\u201d, destac\u00f3 el vicepresidente de la LPF.<\/p>\n\n\n\n<p>A su vez, Juan Arbitelli destac\u00f3 que: \u201cLa reuni\u00f3n fue altamente positiva, junto a la Intendenta Rosario Romero venimos apostando y ayudado en todos los eventos deportivos de nuestra ciudad\u201d.<\/p>\n\n\n\n<p>Luego el funcionario capitalino expres\u00f3: \u201cLos clubes de la Liga van a poder tener su espacio para colocar puestos de comida o lo que ellos deseen. En estos d\u00edas tendremos m\u00e1s novedades en cuanto a esto, pero le daremos la posibilidad de que de alguna manera puedan recaudar dinero y darles una mano en cuanto a&nbsp; eso\u201d.<\/p>\n\n\n\n<h3 class=\"wp-block-heading\">La expectativa<\/h3>\n\n\n\n<p>A la hora de hacer menci\u00f3n a la cantidad de p\u00fablico que se puede hacer presente en este evento, que se espera sea multitudinario, Arbitelli cont\u00f3: \u201cEn cuanto a la cantidad de personas que tendremos en el evento, creemos que ser\u00e1n alrededor de 25 mil o 30 mil quienes visiten el recinto que prepararemos\u201d.<\/p>\n\n\n\n<p>\u201cEs por eso que ponemos a disposici\u00f3n el esfuerzo de la gente de la municipalidad y los que colaboran con la Liga, todos estaremos pendientes de los detalles, en cuanto al ingreso, para que se pueda dar la comodidad necesaria a la gente, que de forma gratuita pueda venir a sacarse una foto y llevarse un grato recuerdo para siempre junto a las copas que obtuvo muestra gran selecci\u00f3n\u201d, complet\u00f3 el joven dirigente.<\/p>\n\n\n\n<h3 class=\"wp-block-heading\">Desde la LPF<\/h3>\n\n\n\n<p>Rodolfo Emery, Gerente de la Liga Paranaense de F\u00fatbol fue el interlocutor oficial y a la hora de hablar de la reuni\u00f3n coincidi\u00f3 en los conceptos con Arbitelli, para luego hacer menci\u00f3n al momento que vive la entidad madre del f\u00fatbol local.<\/p>\n\n\n\n<p>En ese sentido, Emery dijo: \u201cA nivel Consejo Federal estamos muy felices donde estamos ubicados, hoy a nivel pol\u00edtico en la AFA, como en el CF podemos decir que estamos muy bien, la idea junto Alejandro es siempre ir por mas pensando en el crecimiento de nuestra Liga.<\/p>\n\n\n\n<p>\u201cEl crecimiento de la Liga Paranaense, gracias al trabajo de Alejandro Schneider, ha sido muy bueno, nos llena de orgullo lo que venimos logrando y en cuanto a este evento in\u00e9dito venimos trabajando codo a codo junto al gobierno de Entre R\u00edos y la Municipalidad\u201d, destac\u00f3 el gerente liguista.<\/p>\n\n\n\n<p>Para el final y a la hora de referirse exclusivamente a lo deportivo, expres\u00f3: \u201cY en cuanto a las competencias el semestre fue muy positivo, ya le hicimos entrega de los trofeos a los clubes de primera divisi\u00f3n, tanto masculino, como femenino. En las categor\u00edas juveniles hay equipos que pelean mano a mano por la obtenci\u00f3n del t\u00edtulo, eso nos deja satisfechos pensando en lo que se nos viene\u201d. &nbsp;<\/p>\n\n\n\n<figure class=\"wp-block-image size-large\"><a href=\"https:\/\/lpfparana.com.ar\/inicio\/wp-content\/uploads\/2024\/08\/20240826_122108-scaled.jpg\"><img fetchpriority=\"high\" decoding=\"async\" width=\"1024\" height=\"478\" src=\"https:\/\/lpfparana.com.ar\/inicio\/wp-content\/uploads\/2024\/08\/20240826_122108-1024x478.jpg\" alt=\"\" class=\"wp-image-3720\" srcset=\"https:\/\/lpfparana.com.ar\/inicio\/wp-content\/uploads\/2024\/08\/20240826_122108-1024x478.jpg 1024w, https:\/\/lpfparana.com.ar\/inicio\/wp-content\/uploads\/2024\/08\/20240826_122108-300x140.jpg 300w, https:\/\/lpfparana.com.ar\/inicio\/wp-content\/uploads\/2024\/08\/20240826_122108-768x359.jpg 768w, https:\/\/lpfparana.com.ar\/inicio\/wp-content\/uploads\/2024\/08\/20240826_122108-1536x717.jpg 1536w, https:\/\/lpfparana.com.ar\/inicio\/wp-content\/uploads\/2024\/08\/20240826_122108-2048x956.jpg 2048w\" sizes=\"(max-width: 1024px) 100vw, 1024px\" \/><\/a><\/figure>\n","protected":false},"excerpt":{"rendered":"<p>\u201cSean Eternos\u201d es el evento que prepara la Liga Paranaense de F\u00fatbol, junto a la Municipalidad de Paran\u00e1 para el d\u00eda 18 de septiembre pr\u00f3ximo. En el mismo se expondr\u00e1n las copas ganadas por la Selecci\u00f3n Argentina en los \u00faltimos a\u00f1os. El 18 de septiembre pr\u00f3ximo visitar\u00e1n la ciudad de Paran\u00e1 los trofeos ganados por&#8230;<\/p>\n","protected":false},"author":4,"featured_media":3719,"comment_status":"open","ping_status":"open","sticky":false,"template":"","format":"standard","meta":{"footnotes":""},"categories":[7,2],"tags":[],"class_list":["post-3718","post","type-post","status-publish","format-standard","has-post-thumbnail","hentry","category-institucional","category-noticias"],"featured_image_src":"https:\/\/lpfparana.com.ar\/inicio\/wp-content\/uploads\/2024\/08\/20240826_122059-scaled.jpg","author_info":{"display_name":"Juan Manuel L\u00f3pez","author_link":"https:\/\/lpfparana.com.ar\/inicio\/author\/juanito\/"},"yoast_head":"<!-- This site is optimized with the Yoast SEO Premium plugin v23.3 (Yoast SEO v27.2) - https:\/\/yoast.com\/product\/yoast-seo-premium-wordpress\/ -->\n<title>Comenzaron los preparativos para recibir \u201clas copas\u201d -<\/title>\n<meta name=\"description\" content=\"\u201cSean Eternos\u201d es el evento que prepara la Liga Paranaense de F\u00fatbol, junto a la Municipalidad de Paran\u00e1 para el d\u00eda 18 de septiembre...\" \/>\n<meta name=\"robots\" content=\"index, follow, max-snippet:-1, max-image-preview:large, max-video-preview:-1\" \/>\n<link rel=\"canonical\" href=\"https:\/\/lpfparana.com.ar\/inicio\/comenzaron-los-preparativos-para-recibir-las-copas\/\" \/>\n<meta property=\"og:locale\" content=\"es_ES\" \/>\n<meta property=\"og:type\" content=\"article\" \/>\n<meta property=\"og:title\" content=\"Comenzaron los preparativos para recibir \u201clas copas\u201d\" \/>\n<meta property=\"og:description\" content=\"\u201cSean Eternos\u201d es el evento que prepara la Liga Paranaense de F\u00fatbol, junto a la Municipalidad de Paran\u00e1 para el d\u00eda 18 de septiembre...\" \/>\n<meta property=\"og:url\" content=\"https:\/\/lpfparana.com.ar\/inicio\/comenzaron-los-preparativos-para-recibir-las-copas\/\" \/>\n<meta property=\"article:published_time\" content=\"2024-08-26T20:25:09+00:00\" \/>\n<meta property=\"article:modified_time\" content=\"2024-08-26T20:25:11+00:00\" \/>\n<meta property=\"og:image\" content=\"https:\/\/lpfparana.com.ar\/inicio\/wp-content\/uploads\/2024\/08\/20240826_122059-scaled.jpg\" \/>\n\t<meta property=\"og:image:width\" content=\"2560\" \/>\n\t<meta property=\"og:image:height\" content=\"1196\" \/>\n\t<meta property=\"og:image:type\" content=\"image\/jpeg\" \/>\n<meta name=\"author\" content=\"Juan Manuel L\u00f3pez\" \/>\n<meta name=\"twitter:card\" content=\"summary_large_image\" \/>\n<meta name=\"twitter:label1\" content=\"Escrito por\" \/>\n\t<meta name=\"twitter:data1\" content=\"Juan Manuel L\u00f3pez\" \/>\n\t<meta name=\"twitter:label2\" content=\"Tiempo de lectura\" \/>\n\t<meta name=\"twitter:data2\" content=\"4 minutos\" \/>\n<script type=\"application\/ld+json\" class=\"yoast-schema-graph\">{\"@context\":\"https:\/\/schema.org\",\"@graph\":[{\"@type\":\"Article\",\"@id\":\"https:\/\/lpfparana.com.ar\/inicio\/comenzaron-los-preparativos-para-recibir-las-copas\/#article\",\"isPartOf\":{\"@id\":\"https:\/\/lpfparana.com.ar\/inicio\/comenzaron-los-preparativos-para-recibir-las-copas\/\"},\"author\":{\"name\":\"Juan Manuel L\u00f3pez\",\"@id\":\"https:\/\/lpfparana.com.ar\/inicio\/#\/schema\/person\/e4a909baf07553d45f0fb7b76f656d76\"},\"headline\":\"Comenzaron los preparativos para recibir \u201clas copas\u201d\",\"datePublished\":\"2024-08-26T20:25:09+00:00\",\"dateModified\":\"2024-08-26T20:25:11+00:00\",\"mainEntityOfPage\":{\"@id\":\"https:\/\/lpfparana.com.ar\/inicio\/comenzaron-los-preparativos-para-recibir-las-copas\/\"},\"wordCount\":713,\"commentCount\":0,\"image\":{\"@id\":\"https:\/\/lpfparana.com.ar\/inicio\/comenzaron-los-preparativos-para-recibir-las-copas\/#primaryimage\"},\"thumbnailUrl\":\"https:\/\/lpfparana.com.ar\/inicio\/wp-content\/uploads\/2024\/08\/20240826_122059-scaled.jpg\",\"articleSection\":[\"Institucional\",\"Noticias\"],\"inLanguage\":\"es\",\"potentialAction\":[{\"@type\":\"CommentAction\",\"name\":\"Comment\",\"target\":[\"https:\/\/lpfparana.com.ar\/inicio\/comenzaron-los-preparativos-para-recibir-las-copas\/#respond\"]}]},{\"@type\":\"WebPage\",\"@id\":\"https:\/\/lpfparana.com.ar\/inicio\/comenzaron-los-preparativos-para-recibir-las-copas\/\",\"url\":\"https:\/\/lpfparana.com.ar\/inicio\/comenzaron-los-preparativos-para-recibir-las-copas\/\",\"name\":\"Comenzaron los preparativos para recibir \u201clas copas\u201d -\",\"isPartOf\":{\"@id\":\"https:\/\/lpfparana.com.ar\/inicio\/#website\"},\"primaryImageOfPage\":{\"@id\":\"https:\/\/lpfparana.com.ar\/inicio\/comenzaron-los-preparativos-para-recibir-las-copas\/#primaryimage\"},\"image\":{\"@id\":\"https:\/\/lpfparana.com.ar\/inicio\/comenzaron-los-preparativos-para-recibir-las-copas\/#primaryimage\"},\"thumbnailUrl\":\"https:\/\/lpfparana.com.ar\/inicio\/wp-content\/uploads\/2024\/08\/20240826_122059-scaled.jpg\",\"datePublished\":\"2024-08-26T20:25:09+00:00\",\"dateModified\":\"2024-08-26T20:25:11+00:00\",\"author\":{\"@id\":\"https:\/\/lpfparana.com.ar\/inicio\/#\/schema\/person\/e4a909baf07553d45f0fb7b76f656d76\"},\"description\":\"\u201cSean Eternos\u201d es el evento que prepara la Liga Paranaense de F\u00fatbol, junto a la Municipalidad de Paran\u00e1 para el d\u00eda 18 de septiembre...\",\"breadcrumb\":{\"@id\":\"https:\/\/lpfparana.com.ar\/inicio\/comenzaron-los-preparativos-para-recibir-las-copas\/#breadcrumb\"},\"inLanguage\":\"es\",\"potentialAction\":[{\"@type\":\"ReadAction\",\"target\":[\"https:\/\/lpfparana.com.ar\/inicio\/comenzaron-los-preparativos-para-recibir-las-copas\/\"]}]},{\"@type\":\"ImageObject\",\"inLanguage\":\"es\",\"@id\":\"https:\/\/lpfparana.com.ar\/inicio\/comenzaron-los-preparativos-para-recibir-las-copas\/#primaryimage\",\"url\":\"https:\/\/lpfparana.com.ar\/inicio\/wp-content\/uploads\/2024\/08\/20240826_122059-scaled.jpg\",\"contentUrl\":\"https:\/\/lpfparana.com.ar\/inicio\/wp-content\/uploads\/2024\/08\/20240826_122059-scaled.jpg\",\"width\":2560,\"height\":1196},{\"@type\":\"BreadcrumbList\",\"@id\":\"https:\/\/lpfparana.com.ar\/inicio\/comenzaron-los-preparativos-para-recibir-las-copas\/#breadcrumb\",\"itemListElement\":[{\"@type\":\"ListItem\",\"position\":1,\"name\":\"Portada\",\"item\":\"https:\/\/lpfparana.com.ar\/inicio\/\"},{\"@type\":\"ListItem\",\"position\":2,\"name\":\"Comenzaron los preparativos para recibir \u201clas copas\u201d\"}]},{\"@type\":\"WebSite\",\"@id\":\"https:\/\/lpfparana.com.ar\/inicio\/#website\",\"url\":\"https:\/\/lpfparana.com.ar\/inicio\/\",\"name\":\"\",\"description\":\"LPF Paran\u00e1\",\"potentialAction\":[{\"@type\":\"SearchAction\",\"target\":{\"@type\":\"EntryPoint\",\"urlTemplate\":\"https:\/\/lpfparana.com.ar\/inicio\/?s={search_term_string}\"},\"query-input\":{\"@type\":\"PropertyValueSpecification\",\"valueRequired\":true,\"valueName\":\"search_term_string\"}}],\"inLanguage\":\"es\"},{\"@type\":\"Person\",\"@id\":\"https:\/\/lpfparana.com.ar\/inicio\/#\/schema\/person\/e4a909baf07553d45f0fb7b76f656d76\",\"name\":\"Juan Manuel L\u00f3pez\",\"image\":{\"@type\":\"ImageObject\",\"inLanguage\":\"es\",\"@id\":\"https:\/\/secure.gravatar.com\/avatar\/6fd4b36dc88658b1a9f8103e109f47885fcd020443829a5d936ca18f07c3d96c?s=96&d=mm&r=g\",\"url\":\"https:\/\/secure.gravatar.com\/avatar\/6fd4b36dc88658b1a9f8103e109f47885fcd020443829a5d936ca18f07c3d96c?s=96&d=mm&r=g\",\"contentUrl\":\"https:\/\/secure.gravatar.com\/avatar\/6fd4b36dc88658b1a9f8103e109f47885fcd020443829a5d936ca18f07c3d96c?s=96&d=mm&r=g\",\"caption\":\"Juan Manuel L\u00f3pez\"},\"url\":\"https:\/\/lpfparana.com.ar\/inicio\/author\/juanito\/\"}]}<\/script>\n<!-- \/ Yoast SEO Premium plugin. -->","yoast_head_json":{"title":"Comenzaron los preparativos para recibir \u201clas copas\u201d -","description":"\u201cSean Eternos\u201d es el evento que prepara la Liga Paranaense de F\u00fatbol, junto a la Municipalidad de Paran\u00e1 para el d\u00eda 18 de septiembre...","robots":{"index":"index","follow":"follow","max-snippet":"max-snippet:-1","max-image-preview":"max-image-preview:large","max-video-preview":"max-video-preview:-1"},"canonical":"https:\/\/lpfparana.com.ar\/inicio\/comenzaron-los-preparativos-para-recibir-las-copas\/","og_locale":"es_ES","og_type":"article","og_title":"Comenzaron los preparativos para recibir \u201clas copas\u201d","og_description":"\u201cSean Eternos\u201d es el evento que prepara la Liga Paranaense de F\u00fatbol, junto a la Municipalidad de Paran\u00e1 para el d\u00eda 18 de septiembre...","og_url":"https:\/\/lpfparana.com.ar\/inicio\/comenzaron-los-preparativos-para-recibir-las-copas\/","article_published_time":"2024-08-26T20:25:09+00:00","article_modified_time":"2024-08-26T20:25:11+00:00","og_image":[{"width":2560,"height":1196,"url":"https:\/\/lpfparana.com.ar\/inicio\/wp-content\/uploads\/2024\/08\/20240826_122059-scaled.jpg","type":"image\/jpeg"}],"author":"Juan Manuel L\u00f3pez","twitter_card":"summary_large_image","twitter_misc":{"Escrito por":"Juan Manuel L\u00f3pez","Tiempo de lectura":"4 minutos"},"schema":{"@context":"https:\/\/schema.org","@graph":[{"@type":"Article","@id":"https:\/\/lpfparana.com.ar\/inicio\/comenzaron-los-preparativos-para-recibir-las-copas\/#article","isPartOf":{"@id":"https:\/\/lpfparana.com.ar\/inicio\/comenzaron-los-preparativos-para-recibir-las-copas\/"},"author":{"name":"Juan Manuel L\u00f3pez","@id":"https:\/\/lpfparana.com.ar\/inicio\/#\/schema\/person\/e4a909baf07553d45f0fb7b76f656d76"},"headline":"Comenzaron los preparativos para recibir \u201clas copas\u201d","datePublished":"2024-08-26T20:25:09+00:00","dateModified":"2024-08-26T20:25:11+00:00","mainEntityOfPage":{"@id":"https:\/\/lpfparana.com.ar\/inicio\/comenzaron-los-preparativos-para-recibir-las-copas\/"},"wordCount":713,"commentCount":0,"image":{"@id":"https:\/\/lpfparana.com.ar\/inicio\/comenzaron-los-preparativos-para-recibir-las-copas\/#primaryimage"},"thumbnailUrl":"https:\/\/lpfparana.com.ar\/inicio\/wp-content\/uploads\/2024\/08\/20240826_122059-scaled.jpg","articleSection":["Institucional","Noticias"],"inLanguage":"es","potentialAction":[{"@type":"CommentAction","name":"Comment","target":["https:\/\/lpfparana.com.ar\/inicio\/comenzaron-los-preparativos-para-recibir-las-copas\/#respond"]}]},{"@type":"WebPage","@id":"https:\/\/lpfparana.com.ar\/inicio\/comenzaron-los-preparativos-para-recibir-las-copas\/","url":"https:\/\/lpfparana.com.ar\/inicio\/comenzaron-los-preparativos-para-recibir-las-copas\/","name":"Comenzaron los preparativos para recibir \u201clas copas\u201d -","isPartOf":{"@id":"https:\/\/lpfparana.com.ar\/inicio\/#website"},"primaryImageOfPage":{"@id":"https:\/\/lpfparana.com.ar\/inicio\/comenzaron-los-preparativos-para-recibir-las-copas\/#primaryimage"},"image":{"@id":"https:\/\/lpfparana.com.ar\/inicio\/comenzaron-los-preparativos-para-recibir-las-copas\/#primaryimage"},"thumbnailUrl":"https:\/\/lpfparana.com.ar\/inicio\/wp-content\/uploads\/2024\/08\/20240826_122059-scaled.jpg","datePublished":"2024-08-26T20:25:09+00:00","dateModified":"2024-08-26T20:25:11+00:00","author":{"@id":"https:\/\/lpfparana.com.ar\/inicio\/#\/schema\/person\/e4a909baf07553d45f0fb7b76f656d76"},"description":"\u201cSean Eternos\u201d es el evento que prepara la Liga Paranaense de F\u00fatbol, junto a la Municipalidad de Paran\u00e1 para el d\u00eda 18 de septiembre...","breadcrumb":{"@id":"https:\/\/lpfparana.com.ar\/inicio\/comenzaron-los-preparativos-para-recibir-las-copas\/#breadcrumb"},"inLanguage":"es","potentialAction":[{"@type":"ReadAction","target":["https:\/\/lpfparana.com.ar\/inicio\/comenzaron-los-preparativos-para-recibir-las-copas\/"]}]},{"@type":"ImageObject","inLanguage":"es","@id":"https:\/\/lpfparana.com.ar\/inicio\/comenzaron-los-preparativos-para-recibir-las-copas\/#primaryimage","url":"https:\/\/lpfparana.com.ar\/inicio\/wp-content\/uploads\/2024\/08\/20240826_122059-scaled.jpg","contentUrl":"https:\/\/lpfparana.com.ar\/inicio\/wp-content\/uploads\/2024\/08\/20240826_122059-scaled.jpg","width":2560,"height":1196},{"@type":"BreadcrumbList","@id":"https:\/\/lpfparana.com.ar\/inicio\/comenzaron-los-preparativos-para-recibir-las-copas\/#breadcrumb","itemListElement":[{"@type":"ListItem","position":1,"name":"Portada","item":"https:\/\/lpfparana.com.ar\/inicio\/"},{"@type":"ListItem","position":2,"name":"Comenzaron los preparativos para recibir \u201clas copas\u201d"}]},{"@type":"WebSite","@id":"https:\/\/lpfparana.com.ar\/inicio\/#website","url":"https:\/\/lpfparana.com.ar\/inicio\/","name":"","description":"LPF Paran\u00e1","potentialAction":[{"@type":"SearchAction","target":{"@type":"EntryPoint","urlTemplate":"https:\/\/lpfparana.com.ar\/inicio\/?s={search_term_string}"},"query-input":{"@type":"PropertyValueSpecification","valueRequired":true,"valueName":"search_term_string"}}],"inLanguage":"es"},{"@type":"Person","@id":"https:\/\/lpfparana.com.ar\/inicio\/#\/schema\/person\/e4a909baf07553d45f0fb7b76f656d76","name":"Juan Manuel L\u00f3pez","image":{"@type":"ImageObject","inLanguage":"es","@id":"https:\/\/secure.gravatar.com\/avatar\/6fd4b36dc88658b1a9f8103e109f47885fcd020443829a5d936ca18f07c3d96c?s=96&d=mm&r=g","url":"https:\/\/secure.gravatar.com\/avatar\/6fd4b36dc88658b1a9f8103e109f47885fcd020443829a5d936ca18f07c3d96c?s=96&d=mm&r=g","contentUrl":"https:\/\/secure.gravatar.com\/avatar\/6fd4b36dc88658b1a9f8103e109f47885fcd020443829a5d936ca18f07c3d96c?s=96&d=mm&r=g","caption":"Juan Manuel L\u00f3pez"},"url":"https:\/\/lpfparana.com.ar\/inicio\/author\/juanito\/"}]}},"_links":{"self":[{"href":"https:\/\/lpfparana.com.ar\/inicio\/wp-json\/wp\/v2\/posts\/3718","targetHints":{"allow":["GET"]}}],"collection":[{"href":"https:\/\/lpfparana.com.ar\/inicio\/wp-json\/wp\/v2\/posts"}],"about":[{"href":"https:\/\/lpfparana.com.ar\/inicio\/wp-json\/wp\/v2\/types\/post"}],"author":[{"embeddable":true,"href":"https:\/\/lpfparana.com.ar\/inicio\/wp-json\/wp\/v2\/users\/4"}],"replies":[{"embeddable":true,"href":"https:\/\/lpfparana.com.ar\/inicio\/wp-json\/wp\/v2\/comments?post=3718"}],"version-history":[{"count":1,"href":"https:\/\/lpfparana.com.ar\/inicio\/wp-json\/wp\/v2\/posts\/3718\/revisions"}],"predecessor-version":[{"id":3721,"href":"https:\/\/lpfparana.com.ar\/inicio\/wp-json\/wp\/v2\/posts\/3718\/revisions\/3721"}],"wp:featuredmedia":[{"embeddable":true,"href":"https:\/\/lpfparana.com.ar\/inicio\/wp-json\/wp\/v2\/media\/3719"}],"wp:attachment":[{"href":"https:\/\/lpfparana.com.ar\/inicio\/wp-json\/wp\/v2\/media?parent=3718"}],"wp:term":[{"taxonomy":"category","embeddable":true,"href":"https:\/\/lpfparana.com.ar\/inicio\/wp-json\/wp\/v2\/categories?post=3718"},{"taxonomy":"post_tag","embeddable":true,"href":"https:\/\/lpfparana.com.ar\/inicio\/wp-json\/wp\/v2\/tags?post=3718"}],"curies":[{"name":"wp","href":"https:\/\/api.w.org\/{rel}","templated":true}]}}