{"id":3434,"date":"2024-07-31T18:50:05","date_gmt":"2024-07-31T21:50:05","guid":{"rendered":"https:\/\/lpfparana.com.ar\/inicio\/?p=3434"},"modified":"2024-07-31T18:50:06","modified_gmt":"2024-07-31T21:50:06","slug":"la-semana-proxima-se-abre-el-libro-de-pases","status":"publish","type":"post","link":"https:\/\/lpfparana.com.ar\/inicio\/la-semana-proxima-se-abre-el-libro-de-pases\/","title":{"rendered":"La semana pr\u00f3xima se abre el libro de pases"},"content":{"rendered":"\n<h3 class=\"wp-block-heading\">Desde la Liga Paranaense de F\u00fatbol se emiti\u00f3 este mi\u00e9rcoles un comunicado a los clubes inform\u00e1ndoles cuestiones importantes, de cara al desarrollo de la actividad en la parte final del a\u00f1o.<\/h3>\n\n\n\n<p>En dicha informaci\u00f3n vertida desde la mesa directiva de la LPF, se les pidi\u00f3 a los clubes, que de manera formal (por mesa de entradas o por mail) confirmen la continuidad de la participaci\u00f3n de las categor\u00edas actualmente en competencia.<\/p>\n\n\n\n<p>El d\u00eda 9 de agosto ser\u00e1 el plazo que tendr\u00e1n las instituciones para confirmar la continuidad o no de las categor\u00edas. En caso de no existir comunicaci\u00f3n, se tomar\u00e1 como una confirmaci\u00f3n la continuidad de todas las categor\u00edas.<\/p>\n\n\n\n<h3 class=\"wp-block-heading\">Libro de pases<\/h3>\n\n\n\n<p>Tambi\u00e9n desde la LPF se les comunic\u00f3 a los clubes que el libro de pases estar\u00e1 abierto desde el d\u00eda 5 de agosto hasta el 30 del mismo mes.<\/p>\n\n\n\n<p>Los\/las jugadores\/as que realicen sus pases en dicho per\u00edodo no podr\u00e1n jugar en su nuevo club hasta que finalice la competencia de la categor\u00eda a la que pertenezca, ya que no pueden jugar un mismo torneo para dos clubes distintos.<\/p>\n","protected":false},"excerpt":{"rendered":"<p>Desde la Liga Paranaense de F\u00fatbol se emiti\u00f3 este mi\u00e9rcoles un comunicado a los clubes inform\u00e1ndoles cuestiones importantes, de cara al desarrollo de la actividad en la parte final del a\u00f1o. En dicha informaci\u00f3n vertida desde la mesa directiva de la LPF, se les pidi\u00f3 a los clubes, que de manera formal (por mesa de&#8230;<\/p>\n","protected":false},"author":4,"featured_media":3435,"comment_status":"open","ping_status":"open","sticky":false,"template":"","format":"standard","meta":{"footnotes":""},"categories":[7,2],"tags":[],"class_list":["post-3434","post","type-post","status-publish","format-standard","has-post-thumbnail","hentry","category-institucional","category-noticias"],"featured_image_src":"https:\/\/lpfparana.com.ar\/inicio\/wp-content\/uploads\/2024\/07\/Placa-Generica-2160-x-1080-px.png","author_info":{"display_name":"Juan Manuel L\u00f3pez","author_link":"https:\/\/lpfparana.com.ar\/inicio\/author\/juanito\/"},"yoast_head":"<!-- This site is optimized with the Yoast SEO Premium plugin v23.3 (Yoast SEO v27.2) - https:\/\/yoast.com\/product\/yoast-seo-premium-wordpress\/ -->\n<title>La semana pr\u00f3xima se abre el libro de pases -<\/title>\n<meta name=\"description\" content=\"Desde la Liga Paranaense de F\u00fatbol se emiti\u00f3 este mi\u00e9rcoles un comunicado a los clubes inform\u00e1ndoles cuestiones importantes...\" \/>\n<meta name=\"robots\" content=\"index, follow, max-snippet:-1, max-image-preview:large, max-video-preview:-1\" \/>\n<link rel=\"canonical\" href=\"https:\/\/lpfparana.com.ar\/inicio\/la-semana-proxima-se-abre-el-libro-de-pases\/\" \/>\n<meta property=\"og:locale\" content=\"es_ES\" \/>\n<meta property=\"og:type\" content=\"article\" \/>\n<meta property=\"og:title\" content=\"La semana pr\u00f3xima se abre el libro de pases\" \/>\n<meta property=\"og:description\" content=\"Desde la Liga Paranaense de F\u00fatbol se emiti\u00f3 este mi\u00e9rcoles un comunicado a los clubes inform\u00e1ndoles cuestiones importantes...\" \/>\n<meta property=\"og:url\" content=\"https:\/\/lpfparana.com.ar\/inicio\/la-semana-proxima-se-abre-el-libro-de-pases\/\" \/>\n<meta property=\"article:published_time\" content=\"2024-07-31T21:50:05+00:00\" \/>\n<meta property=\"article:modified_time\" content=\"2024-07-31T21:50:06+00:00\" \/>\n<meta property=\"og:image\" content=\"https:\/\/lpfparana.com.ar\/inicio\/wp-content\/uploads\/2024\/07\/Placa-Generica-2160-x-1080-px.png\" \/>\n\t<meta property=\"og:image:width\" content=\"2160\" \/>\n\t<meta property=\"og:image:height\" content=\"1080\" \/>\n\t<meta property=\"og:image:type\" content=\"image\/png\" \/>\n<meta name=\"author\" content=\"Juan Manuel L\u00f3pez\" \/>\n<meta name=\"twitter:card\" content=\"summary_large_image\" \/>\n<meta name=\"twitter:label1\" content=\"Escrito por\" \/>\n\t<meta name=\"twitter:data1\" content=\"Juan Manuel L\u00f3pez\" \/>\n\t<meta name=\"twitter:label2\" content=\"Tiempo de lectura\" \/>\n\t<meta name=\"twitter:data2\" content=\"2 minutos\" \/>\n<script type=\"application\/ld+json\" class=\"yoast-schema-graph\">{\"@context\":\"https:\/\/schema.org\",\"@graph\":[{\"@type\":\"Article\",\"@id\":\"https:\/\/lpfparana.com.ar\/inicio\/la-semana-proxima-se-abre-el-libro-de-pases\/#article\",\"isPartOf\":{\"@id\":\"https:\/\/lpfparana.com.ar\/inicio\/la-semana-proxima-se-abre-el-libro-de-pases\/\"},\"author\":{\"name\":\"Juan Manuel L\u00f3pez\",\"@id\":\"https:\/\/lpfparana.com.ar\/inicio\/#\/schema\/person\/e4a909baf07553d45f0fb7b76f656d76\"},\"headline\":\"La semana pr\u00f3xima se abre el libro de pases\",\"datePublished\":\"2024-07-31T21:50:05+00:00\",\"dateModified\":\"2024-07-31T21:50:06+00:00\",\"mainEntityOfPage\":{\"@id\":\"https:\/\/lpfparana.com.ar\/inicio\/la-semana-proxima-se-abre-el-libro-de-pases\/\"},\"wordCount\":208,\"commentCount\":0,\"image\":{\"@id\":\"https:\/\/lpfparana.com.ar\/inicio\/la-semana-proxima-se-abre-el-libro-de-pases\/#primaryimage\"},\"thumbnailUrl\":\"https:\/\/lpfparana.com.ar\/inicio\/wp-content\/uploads\/2024\/07\/Placa-Generica-2160-x-1080-px.png\",\"articleSection\":[\"Institucional\",\"Noticias\"],\"inLanguage\":\"es\",\"potentialAction\":[{\"@type\":\"CommentAction\",\"name\":\"Comment\",\"target\":[\"https:\/\/lpfparana.com.ar\/inicio\/la-semana-proxima-se-abre-el-libro-de-pases\/#respond\"]}]},{\"@type\":\"WebPage\",\"@id\":\"https:\/\/lpfparana.com.ar\/inicio\/la-semana-proxima-se-abre-el-libro-de-pases\/\",\"url\":\"https:\/\/lpfparana.com.ar\/inicio\/la-semana-proxima-se-abre-el-libro-de-pases\/\",\"name\":\"La semana pr\u00f3xima se abre el libro de pases -\",\"isPartOf\":{\"@id\":\"https:\/\/lpfparana.com.ar\/inicio\/#website\"},\"primaryImageOfPage\":{\"@id\":\"https:\/\/lpfparana.com.ar\/inicio\/la-semana-proxima-se-abre-el-libro-de-pases\/#primaryimage\"},\"image\":{\"@id\":\"https:\/\/lpfparana.com.ar\/inicio\/la-semana-proxima-se-abre-el-libro-de-pases\/#primaryimage\"},\"thumbnailUrl\":\"https:\/\/lpfparana.com.ar\/inicio\/wp-content\/uploads\/2024\/07\/Placa-Generica-2160-x-1080-px.png\",\"datePublished\":\"2024-07-31T21:50:05+00:00\",\"dateModified\":\"2024-07-31T21:50:06+00:00\",\"author\":{\"@id\":\"https:\/\/lpfparana.com.ar\/inicio\/#\/schema\/person\/e4a909baf07553d45f0fb7b76f656d76\"},\"description\":\"Desde la Liga Paranaense de F\u00fatbol se emiti\u00f3 este mi\u00e9rcoles un comunicado a los clubes inform\u00e1ndoles cuestiones importantes...\",\"breadcrumb\":{\"@id\":\"https:\/\/lpfparana.com.ar\/inicio\/la-semana-proxima-se-abre-el-libro-de-pases\/#breadcrumb\"},\"inLanguage\":\"es\",\"potentialAction\":[{\"@type\":\"ReadAction\",\"target\":[\"https:\/\/lpfparana.com.ar\/inicio\/la-semana-proxima-se-abre-el-libro-de-pases\/\"]}]},{\"@type\":\"ImageObject\",\"inLanguage\":\"es\",\"@id\":\"https:\/\/lpfparana.com.ar\/inicio\/la-semana-proxima-se-abre-el-libro-de-pases\/#primaryimage\",\"url\":\"https:\/\/lpfparana.com.ar\/inicio\/wp-content\/uploads\/2024\/07\/Placa-Generica-2160-x-1080-px.png\",\"contentUrl\":\"https:\/\/lpfparana.com.ar\/inicio\/wp-content\/uploads\/2024\/07\/Placa-Generica-2160-x-1080-px.png\",\"width\":2160,\"height\":1080},{\"@type\":\"BreadcrumbList\",\"@id\":\"https:\/\/lpfparana.com.ar\/inicio\/la-semana-proxima-se-abre-el-libro-de-pases\/#breadcrumb\",\"itemListElement\":[{\"@type\":\"ListItem\",\"position\":1,\"name\":\"Portada\",\"item\":\"https:\/\/lpfparana.com.ar\/inicio\/\"},{\"@type\":\"ListItem\",\"position\":2,\"name\":\"La semana pr\u00f3xima se abre el libro de pases\"}]},{\"@type\":\"WebSite\",\"@id\":\"https:\/\/lpfparana.com.ar\/inicio\/#website\",\"url\":\"https:\/\/lpfparana.com.ar\/inicio\/\",\"name\":\"\",\"description\":\"LPF Paran\u00e1\",\"potentialAction\":[{\"@type\":\"SearchAction\",\"target\":{\"@type\":\"EntryPoint\",\"urlTemplate\":\"https:\/\/lpfparana.com.ar\/inicio\/?s={search_term_string}\"},\"query-input\":{\"@type\":\"PropertyValueSpecification\",\"valueRequired\":true,\"valueName\":\"search_term_string\"}}],\"inLanguage\":\"es\"},{\"@type\":\"Person\",\"@id\":\"https:\/\/lpfparana.com.ar\/inicio\/#\/schema\/person\/e4a909baf07553d45f0fb7b76f656d76\",\"name\":\"Juan Manuel L\u00f3pez\",\"image\":{\"@type\":\"ImageObject\",\"inLanguage\":\"es\",\"@id\":\"https:\/\/secure.gravatar.com\/avatar\/6fd4b36dc88658b1a9f8103e109f47885fcd020443829a5d936ca18f07c3d96c?s=96&d=mm&r=g\",\"url\":\"https:\/\/secure.gravatar.com\/avatar\/6fd4b36dc88658b1a9f8103e109f47885fcd020443829a5d936ca18f07c3d96c?s=96&d=mm&r=g\",\"contentUrl\":\"https:\/\/secure.gravatar.com\/avatar\/6fd4b36dc88658b1a9f8103e109f47885fcd020443829a5d936ca18f07c3d96c?s=96&d=mm&r=g\",\"caption\":\"Juan Manuel L\u00f3pez\"},\"url\":\"https:\/\/lpfparana.com.ar\/inicio\/author\/juanito\/\"}]}<\/script>\n<!-- \/ Yoast SEO Premium plugin. -->","yoast_head_json":{"title":"La semana pr\u00f3xima se abre el libro de pases -","description":"Desde la Liga Paranaense de F\u00fatbol se emiti\u00f3 este mi\u00e9rcoles un comunicado a los clubes inform\u00e1ndoles cuestiones importantes...","robots":{"index":"index","follow":"follow","max-snippet":"max-snippet:-1","max-image-preview":"max-image-preview:large","max-video-preview":"max-video-preview:-1"},"canonical":"https:\/\/lpfparana.com.ar\/inicio\/la-semana-proxima-se-abre-el-libro-de-pases\/","og_locale":"es_ES","og_type":"article","og_title":"La semana pr\u00f3xima se abre el libro de pases","og_description":"Desde la Liga Paranaense de F\u00fatbol se emiti\u00f3 este mi\u00e9rcoles un comunicado a los clubes inform\u00e1ndoles cuestiones importantes...","og_url":"https:\/\/lpfparana.com.ar\/inicio\/la-semana-proxima-se-abre-el-libro-de-pases\/","article_published_time":"2024-07-31T21:50:05+00:00","article_modified_time":"2024-07-31T21:50:06+00:00","og_image":[{"width":2160,"height":1080,"url":"https:\/\/lpfparana.com.ar\/inicio\/wp-content\/uploads\/2024\/07\/Placa-Generica-2160-x-1080-px.png","type":"image\/png"}],"author":"Juan Manuel L\u00f3pez","twitter_card":"summary_large_image","twitter_misc":{"Escrito por":"Juan Manuel L\u00f3pez","Tiempo de lectura":"2 minutos"},"schema":{"@context":"https:\/\/schema.org","@graph":[{"@type":"Article","@id":"https:\/\/lpfparana.com.ar\/inicio\/la-semana-proxima-se-abre-el-libro-de-pases\/#article","isPartOf":{"@id":"https:\/\/lpfparana.com.ar\/inicio\/la-semana-proxima-se-abre-el-libro-de-pases\/"},"author":{"name":"Juan Manuel L\u00f3pez","@id":"https:\/\/lpfparana.com.ar\/inicio\/#\/schema\/person\/e4a909baf07553d45f0fb7b76f656d76"},"headline":"La semana pr\u00f3xima se abre el libro de pases","datePublished":"2024-07-31T21:50:05+00:00","dateModified":"2024-07-31T21:50:06+00:00","mainEntityOfPage":{"@id":"https:\/\/lpfparana.com.ar\/inicio\/la-semana-proxima-se-abre-el-libro-de-pases\/"},"wordCount":208,"commentCount":0,"image":{"@id":"https:\/\/lpfparana.com.ar\/inicio\/la-semana-proxima-se-abre-el-libro-de-pases\/#primaryimage"},"thumbnailUrl":"https:\/\/lpfparana.com.ar\/inicio\/wp-content\/uploads\/2024\/07\/Placa-Generica-2160-x-1080-px.png","articleSection":["Institucional","Noticias"],"inLanguage":"es","potentialAction":[{"@type":"CommentAction","name":"Comment","target":["https:\/\/lpfparana.com.ar\/inicio\/la-semana-proxima-se-abre-el-libro-de-pases\/#respond"]}]},{"@type":"WebPage","@id":"https:\/\/lpfparana.com.ar\/inicio\/la-semana-proxima-se-abre-el-libro-de-pases\/","url":"https:\/\/lpfparana.com.ar\/inicio\/la-semana-proxima-se-abre-el-libro-de-pases\/","name":"La semana pr\u00f3xima se abre el libro de pases -","isPartOf":{"@id":"https:\/\/lpfparana.com.ar\/inicio\/#website"},"primaryImageOfPage":{"@id":"https:\/\/lpfparana.com.ar\/inicio\/la-semana-proxima-se-abre-el-libro-de-pases\/#primaryimage"},"image":{"@id":"https:\/\/lpfparana.com.ar\/inicio\/la-semana-proxima-se-abre-el-libro-de-pases\/#primaryimage"},"thumbnailUrl":"https:\/\/lpfparana.com.ar\/inicio\/wp-content\/uploads\/2024\/07\/Placa-Generica-2160-x-1080-px.png","datePublished":"2024-07-31T21:50:05+00:00","dateModified":"2024-07-31T21:50:06+00:00","author":{"@id":"https:\/\/lpfparana.com.ar\/inicio\/#\/schema\/person\/e4a909baf07553d45f0fb7b76f656d76"},"description":"Desde la Liga Paranaense de F\u00fatbol se emiti\u00f3 este mi\u00e9rcoles un comunicado a los clubes inform\u00e1ndoles cuestiones importantes...","breadcrumb":{"@id":"https:\/\/lpfparana.com.ar\/inicio\/la-semana-proxima-se-abre-el-libro-de-pases\/#breadcrumb"},"inLanguage":"es","potentialAction":[{"@type":"ReadAction","target":["https:\/\/lpfparana.com.ar\/inicio\/la-semana-proxima-se-abre-el-libro-de-pases\/"]}]},{"@type":"ImageObject","inLanguage":"es","@id":"https:\/\/lpfparana.com.ar\/inicio\/la-semana-proxima-se-abre-el-libro-de-pases\/#primaryimage","url":"https:\/\/lpfparana.com.ar\/inicio\/wp-content\/uploads\/2024\/07\/Placa-Generica-2160-x-1080-px.png","contentUrl":"https:\/\/lpfparana.com.ar\/inicio\/wp-content\/uploads\/2024\/07\/Placa-Generica-2160-x-1080-px.png","width":2160,"height":1080},{"@type":"BreadcrumbList","@id":"https:\/\/lpfparana.com.ar\/inicio\/la-semana-proxima-se-abre-el-libro-de-pases\/#breadcrumb","itemListElement":[{"@type":"ListItem","position":1,"name":"Portada","item":"https:\/\/lpfparana.com.ar\/inicio\/"},{"@type":"ListItem","position":2,"name":"La semana pr\u00f3xima se abre el libro de pases"}]},{"@type":"WebSite","@id":"https:\/\/lpfparana.com.ar\/inicio\/#website","url":"https:\/\/lpfparana.com.ar\/inicio\/","name":"","description":"LPF Paran\u00e1","potentialAction":[{"@type":"SearchAction","target":{"@type":"EntryPoint","urlTemplate":"https:\/\/lpfparana.com.ar\/inicio\/?s={search_term_string}"},"query-input":{"@type":"PropertyValueSpecification","valueRequired":true,"valueName":"search_term_string"}}],"inLanguage":"es"},{"@type":"Person","@id":"https:\/\/lpfparana.com.ar\/inicio\/#\/schema\/person\/e4a909baf07553d45f0fb7b76f656d76","name":"Juan Manuel L\u00f3pez","image":{"@type":"ImageObject","inLanguage":"es","@id":"https:\/\/secure.gravatar.com\/avatar\/6fd4b36dc88658b1a9f8103e109f47885fcd020443829a5d936ca18f07c3d96c?s=96&d=mm&r=g","url":"https:\/\/secure.gravatar.com\/avatar\/6fd4b36dc88658b1a9f8103e109f47885fcd020443829a5d936ca18f07c3d96c?s=96&d=mm&r=g","contentUrl":"https:\/\/secure.gravatar.com\/avatar\/6fd4b36dc88658b1a9f8103e109f47885fcd020443829a5d936ca18f07c3d96c?s=96&d=mm&r=g","caption":"Juan Manuel L\u00f3pez"},"url":"https:\/\/lpfparana.com.ar\/inicio\/author\/juanito\/"}]}},"_links":{"self":[{"href":"https:\/\/lpfparana.com.ar\/inicio\/wp-json\/wp\/v2\/posts\/3434","targetHints":{"allow":["GET"]}}],"collection":[{"href":"https:\/\/lpfparana.com.ar\/inicio\/wp-json\/wp\/v2\/posts"}],"about":[{"href":"https:\/\/lpfparana.com.ar\/inicio\/wp-json\/wp\/v2\/types\/post"}],"author":[{"embeddable":true,"href":"https:\/\/lpfparana.com.ar\/inicio\/wp-json\/wp\/v2\/users\/4"}],"replies":[{"embeddable":true,"href":"https:\/\/lpfparana.com.ar\/inicio\/wp-json\/wp\/v2\/comments?post=3434"}],"version-history":[{"count":1,"href":"https:\/\/lpfparana.com.ar\/inicio\/wp-json\/wp\/v2\/posts\/3434\/revisions"}],"predecessor-version":[{"id":3436,"href":"https:\/\/lpfparana.com.ar\/inicio\/wp-json\/wp\/v2\/posts\/3434\/revisions\/3436"}],"wp:featuredmedia":[{"embeddable":true,"href":"https:\/\/lpfparana.com.ar\/inicio\/wp-json\/wp\/v2\/media\/3435"}],"wp:attachment":[{"href":"https:\/\/lpfparana.com.ar\/inicio\/wp-json\/wp\/v2\/media?parent=3434"}],"wp:term":[{"taxonomy":"category","embeddable":true,"href":"https:\/\/lpfparana.com.ar\/inicio\/wp-json\/wp\/v2\/categories?post=3434"},{"taxonomy":"post_tag","embeddable":true,"href":"https:\/\/lpfparana.com.ar\/inicio\/wp-json\/wp\/v2\/tags?post=3434"}],"curies":[{"name":"wp","href":"https:\/\/api.w.org\/{rel}","templated":true}]}}