{"id":3383,"date":"2024-07-23T11:57:41","date_gmt":"2024-07-23T14:57:41","guid":{"rendered":"https:\/\/lpfparana.com.ar\/inicio\/?p=3383"},"modified":"2024-07-23T11:57:42","modified_gmt":"2024-07-23T14:57:42","slug":"robaron-placas-en-el-frente-de-la-liga-paranaense-de-futbol","status":"publish","type":"post","link":"https:\/\/lpfparana.com.ar\/inicio\/robaron-placas-en-el-frente-de-la-liga-paranaense-de-futbol\/","title":{"rendered":"Robaron placas en el frente de la Liga Paranaense de F\u00fatbol"},"content":{"rendered":"\n<h3 class=\"wp-block-heading\">Durante el \u00faltimo fin de semana, personas que a\u00fan no han sido identificadas, sustrajeron elementos de un inmenso valor hist\u00f3rico. El hecho fue denunciado a las autoridades pertinentes.<\/h3>\n\n\n\n<p>Durante el \u00faltimo fin de semana, la Liga Paranaense de F\u00fatbol fue v\u00edctima de un hecho vand\u00e1lico y delictivo. Del frente de la entidad, cita en calle C\u00f3rdoba 53 de la capital entrerriana, fueron sustra\u00eddas dos placas de bronce, con un inmenso valor hist\u00f3rico.<\/p>\n\n\n\n<p>Los due\u00f1os de lo ajeno despegaron las placas y adem\u00e1s sustrajeron la tapa de la llave de paso del agua corriente. Estos elementos, del mismo material antes mencionado, seguramente ser\u00e1n negociados en el mercado negro, por un valor insignificante, sobre el enorme costo real, que est\u00e1 m\u00e1s vinculado a la historia de la entidad que rige al f\u00fatbol local, que al monto que puedan obtener por su venta.<\/p>\n\n\n\n<p>Las autoridades liguistas realizaron la denuncia pertinente a la Polic\u00eda de Entre R\u00edos.<\/p>\n","protected":false},"excerpt":{"rendered":"<p>Durante el \u00faltimo fin de semana, personas que a\u00fan no han sido identificadas, sustrajeron elementos de un inmenso valor hist\u00f3rico. El hecho fue denunciado a las autoridades pertinentes. Durante el \u00faltimo fin de semana, la Liga Paranaense de F\u00fatbol fue v\u00edctima de un hecho vand\u00e1lico y delictivo. Del frente de la entidad, cita en calle&#8230;<\/p>\n","protected":false},"author":4,"featured_media":3384,"comment_status":"open","ping_status":"open","sticky":false,"template":"","format":"standard","meta":{"footnotes":""},"categories":[1],"tags":[],"class_list":["post-3383","post","type-post","status-publish","format-standard","has-post-thumbnail","hentry","category-sin-categoria"],"featured_image_src":"https:\/\/lpfparana.com.ar\/inicio\/wp-content\/uploads\/2024\/07\/aaaaaaaaaaaaaaaaa.jpeg","author_info":{"display_name":"Juan Manuel L\u00f3pez","author_link":"https:\/\/lpfparana.com.ar\/inicio\/author\/juanito\/"},"yoast_head":"<!-- This site is optimized with the Yoast SEO Premium plugin v23.3 (Yoast SEO v27.2) - https:\/\/yoast.com\/product\/yoast-seo-premium-wordpress\/ -->\n<title>Robaron placas en el frente de la Liga Paranaense de F\u00fatbol -<\/title>\n<meta name=\"description\" content=\"Durante el \u00faltimo fin de semana, personas que a\u00fan no han sido identificadas, sustrajeron elementos de un inmenso valor hist\u00f3rico.\" \/>\n<meta name=\"robots\" content=\"index, follow, max-snippet:-1, max-image-preview:large, max-video-preview:-1\" \/>\n<link rel=\"canonical\" href=\"https:\/\/lpfparana.com.ar\/inicio\/robaron-placas-en-el-frente-de-la-liga-paranaense-de-futbol\/\" \/>\n<meta property=\"og:locale\" content=\"es_ES\" \/>\n<meta property=\"og:type\" content=\"article\" \/>\n<meta property=\"og:title\" content=\"Robaron placas en el frente de la Liga Paranaense de F\u00fatbol\" \/>\n<meta property=\"og:description\" content=\"Durante el \u00faltimo fin de semana, personas que a\u00fan no han sido identificadas, sustrajeron elementos de un inmenso valor hist\u00f3rico.\" \/>\n<meta property=\"og:url\" content=\"https:\/\/lpfparana.com.ar\/inicio\/robaron-placas-en-el-frente-de-la-liga-paranaense-de-futbol\/\" \/>\n<meta property=\"article:published_time\" content=\"2024-07-23T14:57:41+00:00\" \/>\n<meta property=\"article:modified_time\" content=\"2024-07-23T14:57:42+00:00\" \/>\n<meta property=\"og:image\" content=\"https:\/\/lpfparana.com.ar\/inicio\/wp-content\/uploads\/2024\/07\/aaaaaaaaaaaaaaaaa.jpeg\" \/>\n\t<meta property=\"og:image:width\" content=\"1201\" \/>\n\t<meta property=\"og:image:height\" content=\"668\" \/>\n\t<meta property=\"og:image:type\" content=\"image\/jpeg\" \/>\n<meta name=\"author\" content=\"Juan Manuel L\u00f3pez\" \/>\n<meta name=\"twitter:card\" content=\"summary_large_image\" \/>\n<meta name=\"twitter:label1\" content=\"Escrito por\" \/>\n\t<meta name=\"twitter:data1\" content=\"Juan Manuel L\u00f3pez\" \/>\n\t<meta name=\"twitter:label2\" content=\"Tiempo de lectura\" \/>\n\t<meta name=\"twitter:data2\" content=\"1 minuto\" \/>\n<script type=\"application\/ld+json\" class=\"yoast-schema-graph\">{\"@context\":\"https:\/\/schema.org\",\"@graph\":[{\"@type\":\"Article\",\"@id\":\"https:\/\/lpfparana.com.ar\/inicio\/robaron-placas-en-el-frente-de-la-liga-paranaense-de-futbol\/#article\",\"isPartOf\":{\"@id\":\"https:\/\/lpfparana.com.ar\/inicio\/robaron-placas-en-el-frente-de-la-liga-paranaense-de-futbol\/\"},\"author\":{\"name\":\"Juan Manuel L\u00f3pez\",\"@id\":\"https:\/\/lpfparana.com.ar\/inicio\/#\/schema\/person\/e4a909baf07553d45f0fb7b76f656d76\"},\"headline\":\"Robaron placas en el frente de la Liga Paranaense de F\u00fatbol\",\"datePublished\":\"2024-07-23T14:57:41+00:00\",\"dateModified\":\"2024-07-23T14:57:42+00:00\",\"mainEntityOfPage\":{\"@id\":\"https:\/\/lpfparana.com.ar\/inicio\/robaron-placas-en-el-frente-de-la-liga-paranaense-de-futbol\/\"},\"wordCount\":179,\"commentCount\":0,\"image\":{\"@id\":\"https:\/\/lpfparana.com.ar\/inicio\/robaron-placas-en-el-frente-de-la-liga-paranaense-de-futbol\/#primaryimage\"},\"thumbnailUrl\":\"https:\/\/lpfparana.com.ar\/inicio\/wp-content\/uploads\/2024\/07\/aaaaaaaaaaaaaaaaa.jpeg\",\"inLanguage\":\"es\",\"potentialAction\":[{\"@type\":\"CommentAction\",\"name\":\"Comment\",\"target\":[\"https:\/\/lpfparana.com.ar\/inicio\/robaron-placas-en-el-frente-de-la-liga-paranaense-de-futbol\/#respond\"]}]},{\"@type\":\"WebPage\",\"@id\":\"https:\/\/lpfparana.com.ar\/inicio\/robaron-placas-en-el-frente-de-la-liga-paranaense-de-futbol\/\",\"url\":\"https:\/\/lpfparana.com.ar\/inicio\/robaron-placas-en-el-frente-de-la-liga-paranaense-de-futbol\/\",\"name\":\"Robaron placas en el frente de la Liga Paranaense de F\u00fatbol -\",\"isPartOf\":{\"@id\":\"https:\/\/lpfparana.com.ar\/inicio\/#website\"},\"primaryImageOfPage\":{\"@id\":\"https:\/\/lpfparana.com.ar\/inicio\/robaron-placas-en-el-frente-de-la-liga-paranaense-de-futbol\/#primaryimage\"},\"image\":{\"@id\":\"https:\/\/lpfparana.com.ar\/inicio\/robaron-placas-en-el-frente-de-la-liga-paranaense-de-futbol\/#primaryimage\"},\"thumbnailUrl\":\"https:\/\/lpfparana.com.ar\/inicio\/wp-content\/uploads\/2024\/07\/aaaaaaaaaaaaaaaaa.jpeg\",\"datePublished\":\"2024-07-23T14:57:41+00:00\",\"dateModified\":\"2024-07-23T14:57:42+00:00\",\"author\":{\"@id\":\"https:\/\/lpfparana.com.ar\/inicio\/#\/schema\/person\/e4a909baf07553d45f0fb7b76f656d76\"},\"description\":\"Durante el \u00faltimo fin de semana, personas que a\u00fan no han sido identificadas, sustrajeron elementos de un inmenso valor hist\u00f3rico.\",\"breadcrumb\":{\"@id\":\"https:\/\/lpfparana.com.ar\/inicio\/robaron-placas-en-el-frente-de-la-liga-paranaense-de-futbol\/#breadcrumb\"},\"inLanguage\":\"es\",\"potentialAction\":[{\"@type\":\"ReadAction\",\"target\":[\"https:\/\/lpfparana.com.ar\/inicio\/robaron-placas-en-el-frente-de-la-liga-paranaense-de-futbol\/\"]}]},{\"@type\":\"ImageObject\",\"inLanguage\":\"es\",\"@id\":\"https:\/\/lpfparana.com.ar\/inicio\/robaron-placas-en-el-frente-de-la-liga-paranaense-de-futbol\/#primaryimage\",\"url\":\"https:\/\/lpfparana.com.ar\/inicio\/wp-content\/uploads\/2024\/07\/aaaaaaaaaaaaaaaaa.jpeg\",\"contentUrl\":\"https:\/\/lpfparana.com.ar\/inicio\/wp-content\/uploads\/2024\/07\/aaaaaaaaaaaaaaaaa.jpeg\",\"width\":1201,\"height\":668},{\"@type\":\"BreadcrumbList\",\"@id\":\"https:\/\/lpfparana.com.ar\/inicio\/robaron-placas-en-el-frente-de-la-liga-paranaense-de-futbol\/#breadcrumb\",\"itemListElement\":[{\"@type\":\"ListItem\",\"position\":1,\"name\":\"Portada\",\"item\":\"https:\/\/lpfparana.com.ar\/inicio\/\"},{\"@type\":\"ListItem\",\"position\":2,\"name\":\"Robaron placas en el frente de la Liga Paranaense de F\u00fatbol\"}]},{\"@type\":\"WebSite\",\"@id\":\"https:\/\/lpfparana.com.ar\/inicio\/#website\",\"url\":\"https:\/\/lpfparana.com.ar\/inicio\/\",\"name\":\"\",\"description\":\"LPF Paran\u00e1\",\"potentialAction\":[{\"@type\":\"SearchAction\",\"target\":{\"@type\":\"EntryPoint\",\"urlTemplate\":\"https:\/\/lpfparana.com.ar\/inicio\/?s={search_term_string}\"},\"query-input\":{\"@type\":\"PropertyValueSpecification\",\"valueRequired\":true,\"valueName\":\"search_term_string\"}}],\"inLanguage\":\"es\"},{\"@type\":\"Person\",\"@id\":\"https:\/\/lpfparana.com.ar\/inicio\/#\/schema\/person\/e4a909baf07553d45f0fb7b76f656d76\",\"name\":\"Juan Manuel L\u00f3pez\",\"image\":{\"@type\":\"ImageObject\",\"inLanguage\":\"es\",\"@id\":\"https:\/\/secure.gravatar.com\/avatar\/6fd4b36dc88658b1a9f8103e109f47885fcd020443829a5d936ca18f07c3d96c?s=96&d=mm&r=g\",\"url\":\"https:\/\/secure.gravatar.com\/avatar\/6fd4b36dc88658b1a9f8103e109f47885fcd020443829a5d936ca18f07c3d96c?s=96&d=mm&r=g\",\"contentUrl\":\"https:\/\/secure.gravatar.com\/avatar\/6fd4b36dc88658b1a9f8103e109f47885fcd020443829a5d936ca18f07c3d96c?s=96&d=mm&r=g\",\"caption\":\"Juan Manuel L\u00f3pez\"},\"url\":\"https:\/\/lpfparana.com.ar\/inicio\/author\/juanito\/\"}]}<\/script>\n<!-- \/ Yoast SEO Premium plugin. -->","yoast_head_json":{"title":"Robaron placas en el frente de la Liga Paranaense de F\u00fatbol -","description":"Durante el \u00faltimo fin de semana, personas que a\u00fan no han sido identificadas, sustrajeron elementos de un inmenso valor hist\u00f3rico.","robots":{"index":"index","follow":"follow","max-snippet":"max-snippet:-1","max-image-preview":"max-image-preview:large","max-video-preview":"max-video-preview:-1"},"canonical":"https:\/\/lpfparana.com.ar\/inicio\/robaron-placas-en-el-frente-de-la-liga-paranaense-de-futbol\/","og_locale":"es_ES","og_type":"article","og_title":"Robaron placas en el frente de la Liga Paranaense de F\u00fatbol","og_description":"Durante el \u00faltimo fin de semana, personas que a\u00fan no han sido identificadas, sustrajeron elementos de un inmenso valor hist\u00f3rico.","og_url":"https:\/\/lpfparana.com.ar\/inicio\/robaron-placas-en-el-frente-de-la-liga-paranaense-de-futbol\/","article_published_time":"2024-07-23T14:57:41+00:00","article_modified_time":"2024-07-23T14:57:42+00:00","og_image":[{"width":1201,"height":668,"url":"https:\/\/lpfparana.com.ar\/inicio\/wp-content\/uploads\/2024\/07\/aaaaaaaaaaaaaaaaa.jpeg","type":"image\/jpeg"}],"author":"Juan Manuel L\u00f3pez","twitter_card":"summary_large_image","twitter_misc":{"Escrito por":"Juan Manuel L\u00f3pez","Tiempo de lectura":"1 minuto"},"schema":{"@context":"https:\/\/schema.org","@graph":[{"@type":"Article","@id":"https:\/\/lpfparana.com.ar\/inicio\/robaron-placas-en-el-frente-de-la-liga-paranaense-de-futbol\/#article","isPartOf":{"@id":"https:\/\/lpfparana.com.ar\/inicio\/robaron-placas-en-el-frente-de-la-liga-paranaense-de-futbol\/"},"author":{"name":"Juan Manuel L\u00f3pez","@id":"https:\/\/lpfparana.com.ar\/inicio\/#\/schema\/person\/e4a909baf07553d45f0fb7b76f656d76"},"headline":"Robaron placas en el frente de la Liga Paranaense de F\u00fatbol","datePublished":"2024-07-23T14:57:41+00:00","dateModified":"2024-07-23T14:57:42+00:00","mainEntityOfPage":{"@id":"https:\/\/lpfparana.com.ar\/inicio\/robaron-placas-en-el-frente-de-la-liga-paranaense-de-futbol\/"},"wordCount":179,"commentCount":0,"image":{"@id":"https:\/\/lpfparana.com.ar\/inicio\/robaron-placas-en-el-frente-de-la-liga-paranaense-de-futbol\/#primaryimage"},"thumbnailUrl":"https:\/\/lpfparana.com.ar\/inicio\/wp-content\/uploads\/2024\/07\/aaaaaaaaaaaaaaaaa.jpeg","inLanguage":"es","potentialAction":[{"@type":"CommentAction","name":"Comment","target":["https:\/\/lpfparana.com.ar\/inicio\/robaron-placas-en-el-frente-de-la-liga-paranaense-de-futbol\/#respond"]}]},{"@type":"WebPage","@id":"https:\/\/lpfparana.com.ar\/inicio\/robaron-placas-en-el-frente-de-la-liga-paranaense-de-futbol\/","url":"https:\/\/lpfparana.com.ar\/inicio\/robaron-placas-en-el-frente-de-la-liga-paranaense-de-futbol\/","name":"Robaron placas en el frente de la Liga Paranaense de F\u00fatbol -","isPartOf":{"@id":"https:\/\/lpfparana.com.ar\/inicio\/#website"},"primaryImageOfPage":{"@id":"https:\/\/lpfparana.com.ar\/inicio\/robaron-placas-en-el-frente-de-la-liga-paranaense-de-futbol\/#primaryimage"},"image":{"@id":"https:\/\/lpfparana.com.ar\/inicio\/robaron-placas-en-el-frente-de-la-liga-paranaense-de-futbol\/#primaryimage"},"thumbnailUrl":"https:\/\/lpfparana.com.ar\/inicio\/wp-content\/uploads\/2024\/07\/aaaaaaaaaaaaaaaaa.jpeg","datePublished":"2024-07-23T14:57:41+00:00","dateModified":"2024-07-23T14:57:42+00:00","author":{"@id":"https:\/\/lpfparana.com.ar\/inicio\/#\/schema\/person\/e4a909baf07553d45f0fb7b76f656d76"},"description":"Durante el \u00faltimo fin de semana, personas que a\u00fan no han sido identificadas, sustrajeron elementos de un inmenso valor hist\u00f3rico.","breadcrumb":{"@id":"https:\/\/lpfparana.com.ar\/inicio\/robaron-placas-en-el-frente-de-la-liga-paranaense-de-futbol\/#breadcrumb"},"inLanguage":"es","potentialAction":[{"@type":"ReadAction","target":["https:\/\/lpfparana.com.ar\/inicio\/robaron-placas-en-el-frente-de-la-liga-paranaense-de-futbol\/"]}]},{"@type":"ImageObject","inLanguage":"es","@id":"https:\/\/lpfparana.com.ar\/inicio\/robaron-placas-en-el-frente-de-la-liga-paranaense-de-futbol\/#primaryimage","url":"https:\/\/lpfparana.com.ar\/inicio\/wp-content\/uploads\/2024\/07\/aaaaaaaaaaaaaaaaa.jpeg","contentUrl":"https:\/\/lpfparana.com.ar\/inicio\/wp-content\/uploads\/2024\/07\/aaaaaaaaaaaaaaaaa.jpeg","width":1201,"height":668},{"@type":"BreadcrumbList","@id":"https:\/\/lpfparana.com.ar\/inicio\/robaron-placas-en-el-frente-de-la-liga-paranaense-de-futbol\/#breadcrumb","itemListElement":[{"@type":"ListItem","position":1,"name":"Portada","item":"https:\/\/lpfparana.com.ar\/inicio\/"},{"@type":"ListItem","position":2,"name":"Robaron placas en el frente de la Liga Paranaense de F\u00fatbol"}]},{"@type":"WebSite","@id":"https:\/\/lpfparana.com.ar\/inicio\/#website","url":"https:\/\/lpfparana.com.ar\/inicio\/","name":"","description":"LPF Paran\u00e1","potentialAction":[{"@type":"SearchAction","target":{"@type":"EntryPoint","urlTemplate":"https:\/\/lpfparana.com.ar\/inicio\/?s={search_term_string}"},"query-input":{"@type":"PropertyValueSpecification","valueRequired":true,"valueName":"search_term_string"}}],"inLanguage":"es"},{"@type":"Person","@id":"https:\/\/lpfparana.com.ar\/inicio\/#\/schema\/person\/e4a909baf07553d45f0fb7b76f656d76","name":"Juan Manuel L\u00f3pez","image":{"@type":"ImageObject","inLanguage":"es","@id":"https:\/\/secure.gravatar.com\/avatar\/6fd4b36dc88658b1a9f8103e109f47885fcd020443829a5d936ca18f07c3d96c?s=96&d=mm&r=g","url":"https:\/\/secure.gravatar.com\/avatar\/6fd4b36dc88658b1a9f8103e109f47885fcd020443829a5d936ca18f07c3d96c?s=96&d=mm&r=g","contentUrl":"https:\/\/secure.gravatar.com\/avatar\/6fd4b36dc88658b1a9f8103e109f47885fcd020443829a5d936ca18f07c3d96c?s=96&d=mm&r=g","caption":"Juan Manuel L\u00f3pez"},"url":"https:\/\/lpfparana.com.ar\/inicio\/author\/juanito\/"}]}},"_links":{"self":[{"href":"https:\/\/lpfparana.com.ar\/inicio\/wp-json\/wp\/v2\/posts\/3383","targetHints":{"allow":["GET"]}}],"collection":[{"href":"https:\/\/lpfparana.com.ar\/inicio\/wp-json\/wp\/v2\/posts"}],"about":[{"href":"https:\/\/lpfparana.com.ar\/inicio\/wp-json\/wp\/v2\/types\/post"}],"author":[{"embeddable":true,"href":"https:\/\/lpfparana.com.ar\/inicio\/wp-json\/wp\/v2\/users\/4"}],"replies":[{"embeddable":true,"href":"https:\/\/lpfparana.com.ar\/inicio\/wp-json\/wp\/v2\/comments?post=3383"}],"version-history":[{"count":1,"href":"https:\/\/lpfparana.com.ar\/inicio\/wp-json\/wp\/v2\/posts\/3383\/revisions"}],"predecessor-version":[{"id":3386,"href":"https:\/\/lpfparana.com.ar\/inicio\/wp-json\/wp\/v2\/posts\/3383\/revisions\/3386"}],"wp:featuredmedia":[{"embeddable":true,"href":"https:\/\/lpfparana.com.ar\/inicio\/wp-json\/wp\/v2\/media\/3384"}],"wp:attachment":[{"href":"https:\/\/lpfparana.com.ar\/inicio\/wp-json\/wp\/v2\/media?parent=3383"}],"wp:term":[{"taxonomy":"category","embeddable":true,"href":"https:\/\/lpfparana.com.ar\/inicio\/wp-json\/wp\/v2\/categories?post=3383"},{"taxonomy":"post_tag","embeddable":true,"href":"https:\/\/lpfparana.com.ar\/inicio\/wp-json\/wp\/v2\/tags?post=3383"}],"curies":[{"name":"wp","href":"https:\/\/api.w.org\/{rel}","templated":true}]}}