{"id":3378,"date":"2024-07-22T19:38:27","date_gmt":"2024-07-22T22:38:27","guid":{"rendered":"https:\/\/lpfparana.com.ar\/inicio\/?p=3378"},"modified":"2024-07-22T19:38:28","modified_gmt":"2024-07-22T22:38:28","slug":"antonio-lescano-pronto-vamos-a-volver","status":"publish","type":"post","link":"https:\/\/lpfparana.com.ar\/inicio\/antonio-lescano-pronto-vamos-a-volver\/","title":{"rendered":"Antonio Lescano: \u201cPronto vamos a volver\u201d"},"content":{"rendered":"\n<h3 class=\"wp-block-heading\">El futbolista y capit\u00e1n de Ministerio habl\u00f3 con \u201cLocos X La Liga\u201d sobre la p\u00e9rdida de categor\u00eda. Explic\u00f3 que fue un torneo dif\u00edcil, con bajas y lesiones, pero valor\u00f3 el esfuerzo y la pasi\u00f3n de los jugadores del club. <\/h3>\n\n\n\n<p>Antonio Lescano habl\u00f3 con \u00abLocos X La Liga\u00bb, el programa oficial de la Liga Paranaense de F\u00fatbol. En dicha charla radial, destac\u00f3: \u201cConfi\u00f3 plenamente en la gente que est\u00e1 en el Club, es un momento dif\u00edcil, pero s\u00e9 que pronto vamos a volver. Hoy duele, pero estamos para dar la cara y conseguir cosas lindas con Ministerio\u201d. <\/p>\n\n\n\n<p>Adem\u00e1s, el capit\u00e1n del Verde se refiri\u00f3 al recambio, luego de la excelente participaci\u00f3n en la Copa Entre R\u00edos y mencion\u00f3: \u201cSufrimos muchas bajas, en el arranque con Palermo presentamos un equipo muy joven sin embargo empatamos, luego no pudimos mantener algunos jugadores y toc\u00f3 pelearla desde abajo\u00bb. <\/p>\n\n\n\n<p>A la hora de buscar responsabilidades, el defensor, asegur\u00f3: \u00abNo hay reproches, ni recriminaci\u00f3n hacia los dirigentes y jugadores, ahora es cuando m\u00e1s unidos tenemos que estar\u201d.<\/p>\n\n\n\n<p>\u00abConi\u00bb Lescano adem\u00e1s hizo referencia al gran encuentro frente a Belgrano que culmin\u00f3 igualado 2 a 2 y en base a eso manifest\u00f3: \u201cLe jugamos de igual a igual, sab\u00edamos que iba ser un partido muy luchado y con el estado de la cancha que jug\u00f3 su factor, fue uno de los mejores partidos que hicimos de visitante, pero el futbol es as\u00ed. Confi\u00f3 en que pronto tendremos revancha\u201d<\/p>\n\n\n\n<h3 class=\"wp-block-heading\">El apoyo de la familia<\/h3>\n\n\n\n<p>El referente de Ministerio remarc\u00f3 la importancia de tener el apoyo de su familia, diciendo: \u201cMi viejo siempre estuvo al lado nuestro en todo el campeonato, por supuesto que hay cosas que me correg\u00eda, pero siempre pensando en lo mejor para m\u00ed y el club, ahora toca jugar los \u00faltimos dos partidos con mucha responsabilidad y estoy seguro que el estar\u00e1 acompa\u00f1ando nuevamente\u201d.<\/p>\n","protected":false},"excerpt":{"rendered":"<p>El futbolista y capit\u00e1n de Ministerio habl\u00f3 con \u201cLocos X La Liga\u201d sobre la p\u00e9rdida de categor\u00eda. Explic\u00f3 que fue un torneo dif\u00edcil, con bajas y lesiones, pero valor\u00f3 el esfuerzo y la pasi\u00f3n de los jugadores del club. Antonio Lescano habl\u00f3 con \u00abLocos X La Liga\u00bb, el programa oficial de la Liga Paranaense de&#8230;<\/p>\n","protected":false},"author":6,"featured_media":3379,"comment_status":"open","ping_status":"open","sticky":false,"template":"","format":"standard","meta":{"footnotes":""},"categories":[8,2],"tags":[],"class_list":["post-3378","post","type-post","status-publish","format-standard","has-post-thumbnail","hentry","category-masculino","category-noticias"],"featured_image_src":"https:\/\/lpfparana.com.ar\/inicio\/wp-content\/uploads\/2024\/07\/coni.jpg","author_info":{"display_name":"Juan Manuel Fernandez","author_link":"https:\/\/lpfparana.com.ar\/inicio\/author\/juanma\/"},"yoast_head":"<!-- This site is optimized with the Yoast SEO Premium plugin v23.3 (Yoast SEO v27.2) - https:\/\/yoast.com\/product\/yoast-seo-premium-wordpress\/ -->\n<title>Antonio Lescano: \u201cPronto vamos a volver\u201d -<\/title>\n<meta name=\"description\" content=\"El futbolista y capit\u00e1n de Ministerio habl\u00f3 con \u201cLocos X La Liga\u201d sobre la p\u00e9rdida de categor\u00eda. Explic\u00f3 que fue un torneo dif\u00edcil, con...\" \/>\n<meta name=\"robots\" content=\"index, follow, max-snippet:-1, max-image-preview:large, max-video-preview:-1\" \/>\n<link rel=\"canonical\" href=\"https:\/\/lpfparana.com.ar\/inicio\/antonio-lescano-pronto-vamos-a-volver\/\" \/>\n<meta property=\"og:locale\" content=\"es_ES\" \/>\n<meta property=\"og:type\" content=\"article\" \/>\n<meta property=\"og:title\" content=\"Antonio Lescano: \u201cPronto vamos a volver\u201d\" \/>\n<meta property=\"og:description\" content=\"El futbolista y capit\u00e1n de Ministerio habl\u00f3 con \u201cLocos X La Liga\u201d sobre la p\u00e9rdida de categor\u00eda. Explic\u00f3 que fue un torneo dif\u00edcil, con...\" \/>\n<meta property=\"og:url\" content=\"https:\/\/lpfparana.com.ar\/inicio\/antonio-lescano-pronto-vamos-a-volver\/\" \/>\n<meta property=\"article:published_time\" content=\"2024-07-22T22:38:27+00:00\" \/>\n<meta property=\"article:modified_time\" content=\"2024-07-22T22:38:28+00:00\" \/>\n<meta property=\"og:image\" content=\"https:\/\/lpfparana.com.ar\/inicio\/wp-content\/uploads\/2024\/07\/coni.jpg\" \/>\n\t<meta property=\"og:image:width\" content=\"1280\" \/>\n\t<meta property=\"og:image:height\" content=\"720\" \/>\n\t<meta property=\"og:image:type\" content=\"image\/jpeg\" \/>\n<meta name=\"author\" content=\"Juan Manuel Fernandez\" \/>\n<meta name=\"twitter:card\" content=\"summary_large_image\" \/>\n<meta name=\"twitter:label1\" content=\"Escrito por\" \/>\n\t<meta name=\"twitter:data1\" content=\"Juan Manuel Fernandez\" \/>\n\t<meta name=\"twitter:label2\" content=\"Tiempo de lectura\" \/>\n\t<meta name=\"twitter:data2\" content=\"2 minutos\" \/>\n<script type=\"application\/ld+json\" class=\"yoast-schema-graph\">{\"@context\":\"https:\/\/schema.org\",\"@graph\":[{\"@type\":\"Article\",\"@id\":\"https:\/\/lpfparana.com.ar\/inicio\/antonio-lescano-pronto-vamos-a-volver\/#article\",\"isPartOf\":{\"@id\":\"https:\/\/lpfparana.com.ar\/inicio\/antonio-lescano-pronto-vamos-a-volver\/\"},\"author\":{\"name\":\"Juan Manuel Fernandez\",\"@id\":\"https:\/\/lpfparana.com.ar\/inicio\/#\/schema\/person\/5db3866b404cb9672f70c499a9ede0e1\"},\"headline\":\"Antonio Lescano: \u201cPronto vamos a volver\u201d\",\"datePublished\":\"2024-07-22T22:38:27+00:00\",\"dateModified\":\"2024-07-22T22:38:28+00:00\",\"mainEntityOfPage\":{\"@id\":\"https:\/\/lpfparana.com.ar\/inicio\/antonio-lescano-pronto-vamos-a-volver\/\"},\"wordCount\":329,\"commentCount\":0,\"image\":{\"@id\":\"https:\/\/lpfparana.com.ar\/inicio\/antonio-lescano-pronto-vamos-a-volver\/#primaryimage\"},\"thumbnailUrl\":\"https:\/\/lpfparana.com.ar\/inicio\/wp-content\/uploads\/2024\/07\/coni.jpg\",\"articleSection\":[\"Masculino\",\"Noticias\"],\"inLanguage\":\"es\",\"potentialAction\":[{\"@type\":\"CommentAction\",\"name\":\"Comment\",\"target\":[\"https:\/\/lpfparana.com.ar\/inicio\/antonio-lescano-pronto-vamos-a-volver\/#respond\"]}]},{\"@type\":\"WebPage\",\"@id\":\"https:\/\/lpfparana.com.ar\/inicio\/antonio-lescano-pronto-vamos-a-volver\/\",\"url\":\"https:\/\/lpfparana.com.ar\/inicio\/antonio-lescano-pronto-vamos-a-volver\/\",\"name\":\"Antonio Lescano: \u201cPronto vamos a volver\u201d -\",\"isPartOf\":{\"@id\":\"https:\/\/lpfparana.com.ar\/inicio\/#website\"},\"primaryImageOfPage\":{\"@id\":\"https:\/\/lpfparana.com.ar\/inicio\/antonio-lescano-pronto-vamos-a-volver\/#primaryimage\"},\"image\":{\"@id\":\"https:\/\/lpfparana.com.ar\/inicio\/antonio-lescano-pronto-vamos-a-volver\/#primaryimage\"},\"thumbnailUrl\":\"https:\/\/lpfparana.com.ar\/inicio\/wp-content\/uploads\/2024\/07\/coni.jpg\",\"datePublished\":\"2024-07-22T22:38:27+00:00\",\"dateModified\":\"2024-07-22T22:38:28+00:00\",\"author\":{\"@id\":\"https:\/\/lpfparana.com.ar\/inicio\/#\/schema\/person\/5db3866b404cb9672f70c499a9ede0e1\"},\"description\":\"El futbolista y capit\u00e1n de Ministerio habl\u00f3 con \u201cLocos X La Liga\u201d sobre la p\u00e9rdida de categor\u00eda. Explic\u00f3 que fue un torneo dif\u00edcil, con...\",\"breadcrumb\":{\"@id\":\"https:\/\/lpfparana.com.ar\/inicio\/antonio-lescano-pronto-vamos-a-volver\/#breadcrumb\"},\"inLanguage\":\"es\",\"potentialAction\":[{\"@type\":\"ReadAction\",\"target\":[\"https:\/\/lpfparana.com.ar\/inicio\/antonio-lescano-pronto-vamos-a-volver\/\"]}]},{\"@type\":\"ImageObject\",\"inLanguage\":\"es\",\"@id\":\"https:\/\/lpfparana.com.ar\/inicio\/antonio-lescano-pronto-vamos-a-volver\/#primaryimage\",\"url\":\"https:\/\/lpfparana.com.ar\/inicio\/wp-content\/uploads\/2024\/07\/coni.jpg\",\"contentUrl\":\"https:\/\/lpfparana.com.ar\/inicio\/wp-content\/uploads\/2024\/07\/coni.jpg\",\"width\":1280,\"height\":720},{\"@type\":\"BreadcrumbList\",\"@id\":\"https:\/\/lpfparana.com.ar\/inicio\/antonio-lescano-pronto-vamos-a-volver\/#breadcrumb\",\"itemListElement\":[{\"@type\":\"ListItem\",\"position\":1,\"name\":\"Portada\",\"item\":\"https:\/\/lpfparana.com.ar\/inicio\/\"},{\"@type\":\"ListItem\",\"position\":2,\"name\":\"Antonio Lescano: \u201cPronto vamos a volver\u201d\"}]},{\"@type\":\"WebSite\",\"@id\":\"https:\/\/lpfparana.com.ar\/inicio\/#website\",\"url\":\"https:\/\/lpfparana.com.ar\/inicio\/\",\"name\":\"\",\"description\":\"LPF Paran\u00e1\",\"potentialAction\":[{\"@type\":\"SearchAction\",\"target\":{\"@type\":\"EntryPoint\",\"urlTemplate\":\"https:\/\/lpfparana.com.ar\/inicio\/?s={search_term_string}\"},\"query-input\":{\"@type\":\"PropertyValueSpecification\",\"valueRequired\":true,\"valueName\":\"search_term_string\"}}],\"inLanguage\":\"es\"},{\"@type\":\"Person\",\"@id\":\"https:\/\/lpfparana.com.ar\/inicio\/#\/schema\/person\/5db3866b404cb9672f70c499a9ede0e1\",\"name\":\"Juan Manuel Fernandez\",\"image\":{\"@type\":\"ImageObject\",\"inLanguage\":\"es\",\"@id\":\"https:\/\/secure.gravatar.com\/avatar\/b9ded3b46d997a47d4ffae36e85d6b17e879993cc483e0eae0cf69b9c53626e9?s=96&d=mm&r=g\",\"url\":\"https:\/\/secure.gravatar.com\/avatar\/b9ded3b46d997a47d4ffae36e85d6b17e879993cc483e0eae0cf69b9c53626e9?s=96&d=mm&r=g\",\"contentUrl\":\"https:\/\/secure.gravatar.com\/avatar\/b9ded3b46d997a47d4ffae36e85d6b17e879993cc483e0eae0cf69b9c53626e9?s=96&d=mm&r=g\",\"caption\":\"Juan Manuel Fernandez\"},\"url\":\"https:\/\/lpfparana.com.ar\/inicio\/author\/juanma\/\"}]}<\/script>\n<!-- \/ Yoast SEO Premium plugin. -->","yoast_head_json":{"title":"Antonio Lescano: \u201cPronto vamos a volver\u201d -","description":"El futbolista y capit\u00e1n de Ministerio habl\u00f3 con \u201cLocos X La Liga\u201d sobre la p\u00e9rdida de categor\u00eda. Explic\u00f3 que fue un torneo dif\u00edcil, con...","robots":{"index":"index","follow":"follow","max-snippet":"max-snippet:-1","max-image-preview":"max-image-preview:large","max-video-preview":"max-video-preview:-1"},"canonical":"https:\/\/lpfparana.com.ar\/inicio\/antonio-lescano-pronto-vamos-a-volver\/","og_locale":"es_ES","og_type":"article","og_title":"Antonio Lescano: \u201cPronto vamos a volver\u201d","og_description":"El futbolista y capit\u00e1n de Ministerio habl\u00f3 con \u201cLocos X La Liga\u201d sobre la p\u00e9rdida de categor\u00eda. Explic\u00f3 que fue un torneo dif\u00edcil, con...","og_url":"https:\/\/lpfparana.com.ar\/inicio\/antonio-lescano-pronto-vamos-a-volver\/","article_published_time":"2024-07-22T22:38:27+00:00","article_modified_time":"2024-07-22T22:38:28+00:00","og_image":[{"width":1280,"height":720,"url":"https:\/\/lpfparana.com.ar\/inicio\/wp-content\/uploads\/2024\/07\/coni.jpg","type":"image\/jpeg"}],"author":"Juan Manuel Fernandez","twitter_card":"summary_large_image","twitter_misc":{"Escrito por":"Juan Manuel Fernandez","Tiempo de lectura":"2 minutos"},"schema":{"@context":"https:\/\/schema.org","@graph":[{"@type":"Article","@id":"https:\/\/lpfparana.com.ar\/inicio\/antonio-lescano-pronto-vamos-a-volver\/#article","isPartOf":{"@id":"https:\/\/lpfparana.com.ar\/inicio\/antonio-lescano-pronto-vamos-a-volver\/"},"author":{"name":"Juan Manuel Fernandez","@id":"https:\/\/lpfparana.com.ar\/inicio\/#\/schema\/person\/5db3866b404cb9672f70c499a9ede0e1"},"headline":"Antonio Lescano: \u201cPronto vamos a volver\u201d","datePublished":"2024-07-22T22:38:27+00:00","dateModified":"2024-07-22T22:38:28+00:00","mainEntityOfPage":{"@id":"https:\/\/lpfparana.com.ar\/inicio\/antonio-lescano-pronto-vamos-a-volver\/"},"wordCount":329,"commentCount":0,"image":{"@id":"https:\/\/lpfparana.com.ar\/inicio\/antonio-lescano-pronto-vamos-a-volver\/#primaryimage"},"thumbnailUrl":"https:\/\/lpfparana.com.ar\/inicio\/wp-content\/uploads\/2024\/07\/coni.jpg","articleSection":["Masculino","Noticias"],"inLanguage":"es","potentialAction":[{"@type":"CommentAction","name":"Comment","target":["https:\/\/lpfparana.com.ar\/inicio\/antonio-lescano-pronto-vamos-a-volver\/#respond"]}]},{"@type":"WebPage","@id":"https:\/\/lpfparana.com.ar\/inicio\/antonio-lescano-pronto-vamos-a-volver\/","url":"https:\/\/lpfparana.com.ar\/inicio\/antonio-lescano-pronto-vamos-a-volver\/","name":"Antonio Lescano: \u201cPronto vamos a volver\u201d -","isPartOf":{"@id":"https:\/\/lpfparana.com.ar\/inicio\/#website"},"primaryImageOfPage":{"@id":"https:\/\/lpfparana.com.ar\/inicio\/antonio-lescano-pronto-vamos-a-volver\/#primaryimage"},"image":{"@id":"https:\/\/lpfparana.com.ar\/inicio\/antonio-lescano-pronto-vamos-a-volver\/#primaryimage"},"thumbnailUrl":"https:\/\/lpfparana.com.ar\/inicio\/wp-content\/uploads\/2024\/07\/coni.jpg","datePublished":"2024-07-22T22:38:27+00:00","dateModified":"2024-07-22T22:38:28+00:00","author":{"@id":"https:\/\/lpfparana.com.ar\/inicio\/#\/schema\/person\/5db3866b404cb9672f70c499a9ede0e1"},"description":"El futbolista y capit\u00e1n de Ministerio habl\u00f3 con \u201cLocos X La Liga\u201d sobre la p\u00e9rdida de categor\u00eda. Explic\u00f3 que fue un torneo dif\u00edcil, con...","breadcrumb":{"@id":"https:\/\/lpfparana.com.ar\/inicio\/antonio-lescano-pronto-vamos-a-volver\/#breadcrumb"},"inLanguage":"es","potentialAction":[{"@type":"ReadAction","target":["https:\/\/lpfparana.com.ar\/inicio\/antonio-lescano-pronto-vamos-a-volver\/"]}]},{"@type":"ImageObject","inLanguage":"es","@id":"https:\/\/lpfparana.com.ar\/inicio\/antonio-lescano-pronto-vamos-a-volver\/#primaryimage","url":"https:\/\/lpfparana.com.ar\/inicio\/wp-content\/uploads\/2024\/07\/coni.jpg","contentUrl":"https:\/\/lpfparana.com.ar\/inicio\/wp-content\/uploads\/2024\/07\/coni.jpg","width":1280,"height":720},{"@type":"BreadcrumbList","@id":"https:\/\/lpfparana.com.ar\/inicio\/antonio-lescano-pronto-vamos-a-volver\/#breadcrumb","itemListElement":[{"@type":"ListItem","position":1,"name":"Portada","item":"https:\/\/lpfparana.com.ar\/inicio\/"},{"@type":"ListItem","position":2,"name":"Antonio Lescano: \u201cPronto vamos a volver\u201d"}]},{"@type":"WebSite","@id":"https:\/\/lpfparana.com.ar\/inicio\/#website","url":"https:\/\/lpfparana.com.ar\/inicio\/","name":"","description":"LPF Paran\u00e1","potentialAction":[{"@type":"SearchAction","target":{"@type":"EntryPoint","urlTemplate":"https:\/\/lpfparana.com.ar\/inicio\/?s={search_term_string}"},"query-input":{"@type":"PropertyValueSpecification","valueRequired":true,"valueName":"search_term_string"}}],"inLanguage":"es"},{"@type":"Person","@id":"https:\/\/lpfparana.com.ar\/inicio\/#\/schema\/person\/5db3866b404cb9672f70c499a9ede0e1","name":"Juan Manuel Fernandez","image":{"@type":"ImageObject","inLanguage":"es","@id":"https:\/\/secure.gravatar.com\/avatar\/b9ded3b46d997a47d4ffae36e85d6b17e879993cc483e0eae0cf69b9c53626e9?s=96&d=mm&r=g","url":"https:\/\/secure.gravatar.com\/avatar\/b9ded3b46d997a47d4ffae36e85d6b17e879993cc483e0eae0cf69b9c53626e9?s=96&d=mm&r=g","contentUrl":"https:\/\/secure.gravatar.com\/avatar\/b9ded3b46d997a47d4ffae36e85d6b17e879993cc483e0eae0cf69b9c53626e9?s=96&d=mm&r=g","caption":"Juan Manuel Fernandez"},"url":"https:\/\/lpfparana.com.ar\/inicio\/author\/juanma\/"}]}},"_links":{"self":[{"href":"https:\/\/lpfparana.com.ar\/inicio\/wp-json\/wp\/v2\/posts\/3378","targetHints":{"allow":["GET"]}}],"collection":[{"href":"https:\/\/lpfparana.com.ar\/inicio\/wp-json\/wp\/v2\/posts"}],"about":[{"href":"https:\/\/lpfparana.com.ar\/inicio\/wp-json\/wp\/v2\/types\/post"}],"author":[{"embeddable":true,"href":"https:\/\/lpfparana.com.ar\/inicio\/wp-json\/wp\/v2\/users\/6"}],"replies":[{"embeddable":true,"href":"https:\/\/lpfparana.com.ar\/inicio\/wp-json\/wp\/v2\/comments?post=3378"}],"version-history":[{"count":2,"href":"https:\/\/lpfparana.com.ar\/inicio\/wp-json\/wp\/v2\/posts\/3378\/revisions"}],"predecessor-version":[{"id":3382,"href":"https:\/\/lpfparana.com.ar\/inicio\/wp-json\/wp\/v2\/posts\/3378\/revisions\/3382"}],"wp:featuredmedia":[{"embeddable":true,"href":"https:\/\/lpfparana.com.ar\/inicio\/wp-json\/wp\/v2\/media\/3379"}],"wp:attachment":[{"href":"https:\/\/lpfparana.com.ar\/inicio\/wp-json\/wp\/v2\/media?parent=3378"}],"wp:term":[{"taxonomy":"category","embeddable":true,"href":"https:\/\/lpfparana.com.ar\/inicio\/wp-json\/wp\/v2\/categories?post=3378"},{"taxonomy":"post_tag","embeddable":true,"href":"https:\/\/lpfparana.com.ar\/inicio\/wp-json\/wp\/v2\/tags?post=3378"}],"curies":[{"name":"wp","href":"https:\/\/api.w.org\/{rel}","templated":true}]}}