{"id":3336,"date":"2024-07-11T11:56:03","date_gmt":"2024-07-11T14:56:03","guid":{"rendered":"https:\/\/lpfparana.com.ar\/inicio\/?p=3336"},"modified":"2024-07-11T11:56:05","modified_gmt":"2024-07-11T14:56:05","slug":"yair-duarte-tenemos-una-mentalidad-ganadora","status":"publish","type":"post","link":"https:\/\/lpfparana.com.ar\/inicio\/yair-duarte-tenemos-una-mentalidad-ganadora\/","title":{"rendered":"Yair Duarte: \u201cTenemos una mentalidad ganadora\u201d"},"content":{"rendered":"\n<h3 class=\"wp-block-heading\">El mediocampista de Patronato, con pasado en Sportivo Urquiza, habl\u00f3 tras la victoria de su equipo tras el triunfo ante el elenco de Romeo Molina en La Floresta. <\/h3>\n\n\n\n<p>El volante de Patronato, que siente un  gran amor por\u00a0Sportivo Urquiza, dialogo con el programa \u201cLocos X La Liga\u201d, el programa oficial de la Liga Paranaense de F\u00fatbol que se emite por FM litoral 103.1 Mhz. El joven mediocampista de gran partido ante el equipo de la Floresta, en lo que fue el cierre de la fecha 14 del Torneo Byplay de Primera Divisi\u00f3n, donde el Rojinegro gan\u00f3 3 a 1 destac\u00f3: \u201cEstamos muy contentos con la victoria, hoy (por el mi\u00e9rcoles) se entren\u00f3 un poquito m\u00e1s tarde por el frio, pero siempre pensando en lo que viene que es muy importante\u201d.<\/p>\n\n\n\n<p>\u201cEs especial, soy hincha de Sportivo, enfrentarme contra ellos es emotivo, soy del barrio, lo vivo con mucho amor\u201d, destac\u00f3 Duarte, para luego se refiri\u00f3 a la victoria de su equipo y como manejaron el encuentro, detallando: \u201cNosotros fuimos con la mentalidad ganadora, creo que cada uno de los chicos sabe lo que tiene que hacer, tratamos de enfocarnos en el juego, lo que hicimos en la semana se vio reflejado\u201d.<\/p>\n\n\n\n<h3 class=\"wp-block-heading\">La ilusi\u00f3n de ser campe\u00f3n<\/h3>\n\n\n\n<p>Patronato es el l\u00edder del torneo y depende de si mismo para dar una nueva vuelta ol\u00edmpica en la LPF, al referirse a esta chance, dijo: \u201cEstamos muy ilusionados con un nuevo campeonato, es algo que este escudo te lo requiere continuamente\u201d.<\/p>\n\n\n\n<p>Yair continuo el dialogo remarcando el buen juego del equipo, expresando: \u201cTenemos el mejor mediocampo de la liga, me gusta c\u00f3mo nos complementamos\u201d, para cerrar diciendo: \u201cEspero el momento y tengo la ilusi\u00f3n de poder llegar a primera y poder firmar el primer contrato, la cabeza la tengo enfocada en seguir mejorando en el plantel de la Liga\u201d<\/p>\n","protected":false},"excerpt":{"rendered":"<p>El mediocampista de Patronato, con pasado en Sportivo Urquiza, habl\u00f3 tras la victoria de su equipo tras el triunfo ante el elenco de Romeo Molina en La Floresta. El volante de Patronato, que siente un gran amor por\u00a0Sportivo Urquiza, dialogo con el programa \u201cLocos X La Liga\u201d, el programa oficial de la Liga Paranaense de&#8230;<\/p>\n","protected":false},"author":6,"featured_media":3337,"comment_status":"open","ping_status":"open","sticky":false,"template":"","format":"standard","meta":{"footnotes":""},"categories":[8,2],"tags":[],"class_list":["post-3336","post","type-post","status-publish","format-standard","has-post-thumbnail","hentry","category-masculino","category-noticias"],"featured_image_src":"https:\/\/lpfparana.com.ar\/inicio\/wp-content\/uploads\/2024\/07\/yair.jpg","author_info":{"display_name":"Juan Manuel Fernandez","author_link":"https:\/\/lpfparana.com.ar\/inicio\/author\/juanma\/"},"yoast_head":"<!-- This site is optimized with the Yoast SEO Premium plugin v23.3 (Yoast SEO v27.2) - https:\/\/yoast.com\/product\/yoast-seo-premium-wordpress\/ -->\n<title>Yair Duarte: \u201cTenemos una mentalidad ganadora\u201d -<\/title>\n<meta name=\"description\" content=\"El mediocampista de Patronato, con pasado en Sportivo Urquiza, habl\u00f3 tras la victoria de su equipo tras el triunfo ante el elenco de Romeo...\" \/>\n<meta name=\"robots\" content=\"index, follow, max-snippet:-1, max-image-preview:large, max-video-preview:-1\" \/>\n<link rel=\"canonical\" href=\"https:\/\/lpfparana.com.ar\/inicio\/yair-duarte-tenemos-una-mentalidad-ganadora\/\" \/>\n<meta property=\"og:locale\" content=\"es_ES\" \/>\n<meta property=\"og:type\" content=\"article\" \/>\n<meta property=\"og:title\" content=\"Yair Duarte: \u201cTenemos una mentalidad ganadora\u201d\" \/>\n<meta property=\"og:description\" content=\"El mediocampista de Patronato, con pasado en Sportivo Urquiza, habl\u00f3 tras la victoria de su equipo tras el triunfo ante el elenco de Romeo...\" \/>\n<meta property=\"og:url\" content=\"https:\/\/lpfparana.com.ar\/inicio\/yair-duarte-tenemos-una-mentalidad-ganadora\/\" \/>\n<meta property=\"article:published_time\" content=\"2024-07-11T14:56:03+00:00\" \/>\n<meta property=\"article:modified_time\" content=\"2024-07-11T14:56:05+00:00\" \/>\n<meta property=\"og:image\" content=\"https:\/\/lpfparana.com.ar\/inicio\/wp-content\/uploads\/2024\/07\/yair.jpg\" \/>\n\t<meta property=\"og:image:width\" content=\"1280\" \/>\n\t<meta property=\"og:image:height\" content=\"720\" \/>\n\t<meta property=\"og:image:type\" content=\"image\/jpeg\" \/>\n<meta name=\"author\" content=\"Juan Manuel Fernandez\" \/>\n<meta name=\"twitter:card\" content=\"summary_large_image\" \/>\n<meta name=\"twitter:label1\" content=\"Escrito por\" \/>\n\t<meta name=\"twitter:data1\" content=\"Juan Manuel Fernandez\" \/>\n\t<meta name=\"twitter:label2\" content=\"Tiempo de lectura\" \/>\n\t<meta name=\"twitter:data2\" content=\"2 minutos\" \/>\n<script type=\"application\/ld+json\" class=\"yoast-schema-graph\">{\"@context\":\"https:\/\/schema.org\",\"@graph\":[{\"@type\":\"Article\",\"@id\":\"https:\/\/lpfparana.com.ar\/inicio\/yair-duarte-tenemos-una-mentalidad-ganadora\/#article\",\"isPartOf\":{\"@id\":\"https:\/\/lpfparana.com.ar\/inicio\/yair-duarte-tenemos-una-mentalidad-ganadora\/\"},\"author\":{\"name\":\"Juan Manuel Fernandez\",\"@id\":\"https:\/\/lpfparana.com.ar\/inicio\/#\/schema\/person\/5db3866b404cb9672f70c499a9ede0e1\"},\"headline\":\"Yair Duarte: \u201cTenemos una mentalidad ganadora\u201d\",\"datePublished\":\"2024-07-11T14:56:03+00:00\",\"dateModified\":\"2024-07-11T14:56:05+00:00\",\"mainEntityOfPage\":{\"@id\":\"https:\/\/lpfparana.com.ar\/inicio\/yair-duarte-tenemos-una-mentalidad-ganadora\/\"},\"wordCount\":319,\"commentCount\":0,\"image\":{\"@id\":\"https:\/\/lpfparana.com.ar\/inicio\/yair-duarte-tenemos-una-mentalidad-ganadora\/#primaryimage\"},\"thumbnailUrl\":\"https:\/\/lpfparana.com.ar\/inicio\/wp-content\/uploads\/2024\/07\/yair.jpg\",\"articleSection\":[\"Masculino\",\"Noticias\"],\"inLanguage\":\"es\",\"potentialAction\":[{\"@type\":\"CommentAction\",\"name\":\"Comment\",\"target\":[\"https:\/\/lpfparana.com.ar\/inicio\/yair-duarte-tenemos-una-mentalidad-ganadora\/#respond\"]}]},{\"@type\":\"WebPage\",\"@id\":\"https:\/\/lpfparana.com.ar\/inicio\/yair-duarte-tenemos-una-mentalidad-ganadora\/\",\"url\":\"https:\/\/lpfparana.com.ar\/inicio\/yair-duarte-tenemos-una-mentalidad-ganadora\/\",\"name\":\"Yair Duarte: \u201cTenemos una mentalidad ganadora\u201d -\",\"isPartOf\":{\"@id\":\"https:\/\/lpfparana.com.ar\/inicio\/#website\"},\"primaryImageOfPage\":{\"@id\":\"https:\/\/lpfparana.com.ar\/inicio\/yair-duarte-tenemos-una-mentalidad-ganadora\/#primaryimage\"},\"image\":{\"@id\":\"https:\/\/lpfparana.com.ar\/inicio\/yair-duarte-tenemos-una-mentalidad-ganadora\/#primaryimage\"},\"thumbnailUrl\":\"https:\/\/lpfparana.com.ar\/inicio\/wp-content\/uploads\/2024\/07\/yair.jpg\",\"datePublished\":\"2024-07-11T14:56:03+00:00\",\"dateModified\":\"2024-07-11T14:56:05+00:00\",\"author\":{\"@id\":\"https:\/\/lpfparana.com.ar\/inicio\/#\/schema\/person\/5db3866b404cb9672f70c499a9ede0e1\"},\"description\":\"El mediocampista de Patronato, con pasado en Sportivo Urquiza, habl\u00f3 tras la victoria de su equipo tras el triunfo ante el elenco de Romeo...\",\"breadcrumb\":{\"@id\":\"https:\/\/lpfparana.com.ar\/inicio\/yair-duarte-tenemos-una-mentalidad-ganadora\/#breadcrumb\"},\"inLanguage\":\"es\",\"potentialAction\":[{\"@type\":\"ReadAction\",\"target\":[\"https:\/\/lpfparana.com.ar\/inicio\/yair-duarte-tenemos-una-mentalidad-ganadora\/\"]}]},{\"@type\":\"ImageObject\",\"inLanguage\":\"es\",\"@id\":\"https:\/\/lpfparana.com.ar\/inicio\/yair-duarte-tenemos-una-mentalidad-ganadora\/#primaryimage\",\"url\":\"https:\/\/lpfparana.com.ar\/inicio\/wp-content\/uploads\/2024\/07\/yair.jpg\",\"contentUrl\":\"https:\/\/lpfparana.com.ar\/inicio\/wp-content\/uploads\/2024\/07\/yair.jpg\",\"width\":1280,\"height\":720},{\"@type\":\"BreadcrumbList\",\"@id\":\"https:\/\/lpfparana.com.ar\/inicio\/yair-duarte-tenemos-una-mentalidad-ganadora\/#breadcrumb\",\"itemListElement\":[{\"@type\":\"ListItem\",\"position\":1,\"name\":\"Portada\",\"item\":\"https:\/\/lpfparana.com.ar\/inicio\/\"},{\"@type\":\"ListItem\",\"position\":2,\"name\":\"Yair Duarte: \u201cTenemos una mentalidad ganadora\u201d\"}]},{\"@type\":\"WebSite\",\"@id\":\"https:\/\/lpfparana.com.ar\/inicio\/#website\",\"url\":\"https:\/\/lpfparana.com.ar\/inicio\/\",\"name\":\"\",\"description\":\"LPF Paran\u00e1\",\"potentialAction\":[{\"@type\":\"SearchAction\",\"target\":{\"@type\":\"EntryPoint\",\"urlTemplate\":\"https:\/\/lpfparana.com.ar\/inicio\/?s={search_term_string}\"},\"query-input\":{\"@type\":\"PropertyValueSpecification\",\"valueRequired\":true,\"valueName\":\"search_term_string\"}}],\"inLanguage\":\"es\"},{\"@type\":\"Person\",\"@id\":\"https:\/\/lpfparana.com.ar\/inicio\/#\/schema\/person\/5db3866b404cb9672f70c499a9ede0e1\",\"name\":\"Juan Manuel Fernandez\",\"image\":{\"@type\":\"ImageObject\",\"inLanguage\":\"es\",\"@id\":\"https:\/\/secure.gravatar.com\/avatar\/b9ded3b46d997a47d4ffae36e85d6b17e879993cc483e0eae0cf69b9c53626e9?s=96&d=mm&r=g\",\"url\":\"https:\/\/secure.gravatar.com\/avatar\/b9ded3b46d997a47d4ffae36e85d6b17e879993cc483e0eae0cf69b9c53626e9?s=96&d=mm&r=g\",\"contentUrl\":\"https:\/\/secure.gravatar.com\/avatar\/b9ded3b46d997a47d4ffae36e85d6b17e879993cc483e0eae0cf69b9c53626e9?s=96&d=mm&r=g\",\"caption\":\"Juan Manuel Fernandez\"},\"url\":\"https:\/\/lpfparana.com.ar\/inicio\/author\/juanma\/\"}]}<\/script>\n<!-- \/ Yoast SEO Premium plugin. -->","yoast_head_json":{"title":"Yair Duarte: \u201cTenemos una mentalidad ganadora\u201d -","description":"El mediocampista de Patronato, con pasado en Sportivo Urquiza, habl\u00f3 tras la victoria de su equipo tras el triunfo ante el elenco de Romeo...","robots":{"index":"index","follow":"follow","max-snippet":"max-snippet:-1","max-image-preview":"max-image-preview:large","max-video-preview":"max-video-preview:-1"},"canonical":"https:\/\/lpfparana.com.ar\/inicio\/yair-duarte-tenemos-una-mentalidad-ganadora\/","og_locale":"es_ES","og_type":"article","og_title":"Yair Duarte: \u201cTenemos una mentalidad ganadora\u201d","og_description":"El mediocampista de Patronato, con pasado en Sportivo Urquiza, habl\u00f3 tras la victoria de su equipo tras el triunfo ante el elenco de Romeo...","og_url":"https:\/\/lpfparana.com.ar\/inicio\/yair-duarte-tenemos-una-mentalidad-ganadora\/","article_published_time":"2024-07-11T14:56:03+00:00","article_modified_time":"2024-07-11T14:56:05+00:00","og_image":[{"width":1280,"height":720,"url":"https:\/\/lpfparana.com.ar\/inicio\/wp-content\/uploads\/2024\/07\/yair.jpg","type":"image\/jpeg"}],"author":"Juan Manuel Fernandez","twitter_card":"summary_large_image","twitter_misc":{"Escrito por":"Juan Manuel Fernandez","Tiempo de lectura":"2 minutos"},"schema":{"@context":"https:\/\/schema.org","@graph":[{"@type":"Article","@id":"https:\/\/lpfparana.com.ar\/inicio\/yair-duarte-tenemos-una-mentalidad-ganadora\/#article","isPartOf":{"@id":"https:\/\/lpfparana.com.ar\/inicio\/yair-duarte-tenemos-una-mentalidad-ganadora\/"},"author":{"name":"Juan Manuel Fernandez","@id":"https:\/\/lpfparana.com.ar\/inicio\/#\/schema\/person\/5db3866b404cb9672f70c499a9ede0e1"},"headline":"Yair Duarte: \u201cTenemos una mentalidad ganadora\u201d","datePublished":"2024-07-11T14:56:03+00:00","dateModified":"2024-07-11T14:56:05+00:00","mainEntityOfPage":{"@id":"https:\/\/lpfparana.com.ar\/inicio\/yair-duarte-tenemos-una-mentalidad-ganadora\/"},"wordCount":319,"commentCount":0,"image":{"@id":"https:\/\/lpfparana.com.ar\/inicio\/yair-duarte-tenemos-una-mentalidad-ganadora\/#primaryimage"},"thumbnailUrl":"https:\/\/lpfparana.com.ar\/inicio\/wp-content\/uploads\/2024\/07\/yair.jpg","articleSection":["Masculino","Noticias"],"inLanguage":"es","potentialAction":[{"@type":"CommentAction","name":"Comment","target":["https:\/\/lpfparana.com.ar\/inicio\/yair-duarte-tenemos-una-mentalidad-ganadora\/#respond"]}]},{"@type":"WebPage","@id":"https:\/\/lpfparana.com.ar\/inicio\/yair-duarte-tenemos-una-mentalidad-ganadora\/","url":"https:\/\/lpfparana.com.ar\/inicio\/yair-duarte-tenemos-una-mentalidad-ganadora\/","name":"Yair Duarte: \u201cTenemos una mentalidad ganadora\u201d -","isPartOf":{"@id":"https:\/\/lpfparana.com.ar\/inicio\/#website"},"primaryImageOfPage":{"@id":"https:\/\/lpfparana.com.ar\/inicio\/yair-duarte-tenemos-una-mentalidad-ganadora\/#primaryimage"},"image":{"@id":"https:\/\/lpfparana.com.ar\/inicio\/yair-duarte-tenemos-una-mentalidad-ganadora\/#primaryimage"},"thumbnailUrl":"https:\/\/lpfparana.com.ar\/inicio\/wp-content\/uploads\/2024\/07\/yair.jpg","datePublished":"2024-07-11T14:56:03+00:00","dateModified":"2024-07-11T14:56:05+00:00","author":{"@id":"https:\/\/lpfparana.com.ar\/inicio\/#\/schema\/person\/5db3866b404cb9672f70c499a9ede0e1"},"description":"El mediocampista de Patronato, con pasado en Sportivo Urquiza, habl\u00f3 tras la victoria de su equipo tras el triunfo ante el elenco de Romeo...","breadcrumb":{"@id":"https:\/\/lpfparana.com.ar\/inicio\/yair-duarte-tenemos-una-mentalidad-ganadora\/#breadcrumb"},"inLanguage":"es","potentialAction":[{"@type":"ReadAction","target":["https:\/\/lpfparana.com.ar\/inicio\/yair-duarte-tenemos-una-mentalidad-ganadora\/"]}]},{"@type":"ImageObject","inLanguage":"es","@id":"https:\/\/lpfparana.com.ar\/inicio\/yair-duarte-tenemos-una-mentalidad-ganadora\/#primaryimage","url":"https:\/\/lpfparana.com.ar\/inicio\/wp-content\/uploads\/2024\/07\/yair.jpg","contentUrl":"https:\/\/lpfparana.com.ar\/inicio\/wp-content\/uploads\/2024\/07\/yair.jpg","width":1280,"height":720},{"@type":"BreadcrumbList","@id":"https:\/\/lpfparana.com.ar\/inicio\/yair-duarte-tenemos-una-mentalidad-ganadora\/#breadcrumb","itemListElement":[{"@type":"ListItem","position":1,"name":"Portada","item":"https:\/\/lpfparana.com.ar\/inicio\/"},{"@type":"ListItem","position":2,"name":"Yair Duarte: \u201cTenemos una mentalidad ganadora\u201d"}]},{"@type":"WebSite","@id":"https:\/\/lpfparana.com.ar\/inicio\/#website","url":"https:\/\/lpfparana.com.ar\/inicio\/","name":"","description":"LPF Paran\u00e1","potentialAction":[{"@type":"SearchAction","target":{"@type":"EntryPoint","urlTemplate":"https:\/\/lpfparana.com.ar\/inicio\/?s={search_term_string}"},"query-input":{"@type":"PropertyValueSpecification","valueRequired":true,"valueName":"search_term_string"}}],"inLanguage":"es"},{"@type":"Person","@id":"https:\/\/lpfparana.com.ar\/inicio\/#\/schema\/person\/5db3866b404cb9672f70c499a9ede0e1","name":"Juan Manuel Fernandez","image":{"@type":"ImageObject","inLanguage":"es","@id":"https:\/\/secure.gravatar.com\/avatar\/b9ded3b46d997a47d4ffae36e85d6b17e879993cc483e0eae0cf69b9c53626e9?s=96&d=mm&r=g","url":"https:\/\/secure.gravatar.com\/avatar\/b9ded3b46d997a47d4ffae36e85d6b17e879993cc483e0eae0cf69b9c53626e9?s=96&d=mm&r=g","contentUrl":"https:\/\/secure.gravatar.com\/avatar\/b9ded3b46d997a47d4ffae36e85d6b17e879993cc483e0eae0cf69b9c53626e9?s=96&d=mm&r=g","caption":"Juan Manuel Fernandez"},"url":"https:\/\/lpfparana.com.ar\/inicio\/author\/juanma\/"}]}},"_links":{"self":[{"href":"https:\/\/lpfparana.com.ar\/inicio\/wp-json\/wp\/v2\/posts\/3336","targetHints":{"allow":["GET"]}}],"collection":[{"href":"https:\/\/lpfparana.com.ar\/inicio\/wp-json\/wp\/v2\/posts"}],"about":[{"href":"https:\/\/lpfparana.com.ar\/inicio\/wp-json\/wp\/v2\/types\/post"}],"author":[{"embeddable":true,"href":"https:\/\/lpfparana.com.ar\/inicio\/wp-json\/wp\/v2\/users\/6"}],"replies":[{"embeddable":true,"href":"https:\/\/lpfparana.com.ar\/inicio\/wp-json\/wp\/v2\/comments?post=3336"}],"version-history":[{"count":2,"href":"https:\/\/lpfparana.com.ar\/inicio\/wp-json\/wp\/v2\/posts\/3336\/revisions"}],"predecessor-version":[{"id":3341,"href":"https:\/\/lpfparana.com.ar\/inicio\/wp-json\/wp\/v2\/posts\/3336\/revisions\/3341"}],"wp:featuredmedia":[{"embeddable":true,"href":"https:\/\/lpfparana.com.ar\/inicio\/wp-json\/wp\/v2\/media\/3337"}],"wp:attachment":[{"href":"https:\/\/lpfparana.com.ar\/inicio\/wp-json\/wp\/v2\/media?parent=3336"}],"wp:term":[{"taxonomy":"category","embeddable":true,"href":"https:\/\/lpfparana.com.ar\/inicio\/wp-json\/wp\/v2\/categories?post=3336"},{"taxonomy":"post_tag","embeddable":true,"href":"https:\/\/lpfparana.com.ar\/inicio\/wp-json\/wp\/v2\/tags?post=3336"}],"curies":[{"name":"wp","href":"https:\/\/api.w.org\/{rel}","templated":true}]}}