{"id":3062,"date":"2024-05-28T10:09:28","date_gmt":"2024-05-28T13:09:28","guid":{"rendered":"https:\/\/lpfparana.com.ar\/inicio\/?p=3062"},"modified":"2024-05-28T10:09:30","modified_gmt":"2024-05-28T13:09:30","slug":"los-dirigentes-de-los-clubes-liguistas-se-siguen-capacitando","status":"publish","type":"post","link":"https:\/\/lpfparana.com.ar\/inicio\/los-dirigentes-de-los-clubes-liguistas-se-siguen-capacitando\/","title":{"rendered":"Los dirigentes de los clubes liguistas se siguen capacitando"},"content":{"rendered":"\n<h3 class=\"wp-block-heading\">Este viernes, a partir de las 19, se realizar\u00e1 una capacitaci\u00f3n de \u201cDerecho Deportivo\u201d, en la sede del Club Argentino Juniors de la Capital Provincial. La misma ser\u00e1 dictada por el Dr. Fernando Spiazzi.<\/h3>\n\n\n\n<p>Los clubes de la Liga Paranaense de F\u00fatbol siguen buscando mejorar, desde diferentes \u00e1mbitos se apuesta al crecimiento. Es por eso que este viernes comenzar\u00e1n a dictarse los primeros dos temas, correspondientes al primer m\u00f3dulo, de una capacitaci\u00f3n vinculada al \u201cDerecho Deportivo\u201d.<\/p>\n\n\n\n<p>Desde la LPF se invita a todos los dirigentes de los clubes a participar de esta formaci\u00f3n que comenzar\u00e1&nbsp; a&nbsp; las 19 en la sede del Club Argentino Juniors, sito en calle Avenida Zanni y Jorge Newbery de la capital provincial.<\/p>\n\n\n\n<p>El encargado de brindar la capacitaci\u00f3n ser\u00e1 el DR. Fernando Spiazzi, que en esta oportunidad tratar\u00e1 los temas del primer m\u00f3dulo, que son: \u201cOrigen de los deportes\u201d y \u201cEl deporte y el derecho\u201d.<\/p>\n\n\n\n<p>La capacitaci\u00f3n tendr\u00e1 un m\u00f3dulo por mes y est\u00e1 dirigida a los integrantes de las comisiones directivas de los clubes y tambi\u00e9n a los colaboradores de estas, aportando una valiosa herramienta para el crecimiento de los que participen y por ende de las instituciones que integran.<\/p>\n","protected":false},"excerpt":{"rendered":"<p>Este viernes, a partir de las 19, se realizar\u00e1 una capacitaci\u00f3n de \u201cDerecho Deportivo\u201d, en la sede del Club Argentino Juniors de la Capital Provincial. La misma ser\u00e1 dictada por el Dr. Fernando Spiazzi. Los clubes de la Liga Paranaense de F\u00fatbol siguen buscando mejorar, desde diferentes \u00e1mbitos se apuesta al crecimiento. Es por eso&#8230;<\/p>\n","protected":false},"author":4,"featured_media":3063,"comment_status":"open","ping_status":"open","sticky":false,"template":"","format":"standard","meta":{"footnotes":""},"categories":[7,2],"tags":[],"class_list":["post-3062","post","type-post","status-publish","format-standard","has-post-thumbnail","hentry","category-institucional","category-noticias"],"featured_image_src":"https:\/\/lpfparana.com.ar\/inicio\/wp-content\/uploads\/2024\/05\/WhatsApp-Image-2024-05-28-at-10.05.49-e1716901758870.jpeg","author_info":{"display_name":"Juan Manuel L\u00f3pez","author_link":"https:\/\/lpfparana.com.ar\/inicio\/author\/juanito\/"},"yoast_head":"<!-- This site is optimized with the Yoast SEO Premium plugin v23.3 (Yoast SEO v27.2) - https:\/\/yoast.com\/product\/yoast-seo-premium-wordpress\/ -->\n<title>Los dirigentes de los clubes liguistas se siguen capacitando -<\/title>\n<meta name=\"description\" content=\"Este viernes, a partir de las 19, se realizar\u00e1 una capacitaci\u00f3n de \u201cDerecho Deportivo\u201d, en la sede del Club Argentino Juniors...\" \/>\n<meta name=\"robots\" content=\"index, follow, max-snippet:-1, max-image-preview:large, max-video-preview:-1\" \/>\n<link rel=\"canonical\" href=\"https:\/\/lpfparana.com.ar\/inicio\/los-dirigentes-de-los-clubes-liguistas-se-siguen-capacitando\/\" \/>\n<meta property=\"og:locale\" content=\"es_ES\" \/>\n<meta property=\"og:type\" content=\"article\" \/>\n<meta property=\"og:title\" content=\"Los dirigentes de los clubes liguistas se siguen capacitando\" \/>\n<meta property=\"og:description\" content=\"Este viernes, a partir de las 19, se realizar\u00e1 una capacitaci\u00f3n de \u201cDerecho Deportivo\u201d, en la sede del Club Argentino Juniors...\" \/>\n<meta property=\"og:url\" content=\"https:\/\/lpfparana.com.ar\/inicio\/los-dirigentes-de-los-clubes-liguistas-se-siguen-capacitando\/\" \/>\n<meta property=\"article:published_time\" content=\"2024-05-28T13:09:28+00:00\" \/>\n<meta property=\"article:modified_time\" content=\"2024-05-28T13:09:30+00:00\" \/>\n<meta property=\"og:image\" content=\"https:\/\/lpfparana.com.ar\/inicio\/wp-content\/uploads\/2024\/05\/WhatsApp-Image-2024-05-28-at-10.05.49-e1716901758870.jpeg\" \/>\n\t<meta property=\"og:image:width\" content=\"623\" \/>\n\t<meta property=\"og:image:height\" content=\"370\" \/>\n\t<meta property=\"og:image:type\" content=\"image\/jpeg\" \/>\n<meta name=\"author\" content=\"Juan Manuel L\u00f3pez\" \/>\n<meta name=\"twitter:card\" content=\"summary_large_image\" \/>\n<meta name=\"twitter:label1\" content=\"Escrito por\" \/>\n\t<meta name=\"twitter:data1\" content=\"Juan Manuel L\u00f3pez\" \/>\n\t<meta name=\"twitter:label2\" content=\"Tiempo de lectura\" \/>\n\t<meta name=\"twitter:data2\" content=\"2 minutos\" \/>\n<script type=\"application\/ld+json\" class=\"yoast-schema-graph\">{\"@context\":\"https:\/\/schema.org\",\"@graph\":[{\"@type\":\"Article\",\"@id\":\"https:\/\/lpfparana.com.ar\/inicio\/los-dirigentes-de-los-clubes-liguistas-se-siguen-capacitando\/#article\",\"isPartOf\":{\"@id\":\"https:\/\/lpfparana.com.ar\/inicio\/los-dirigentes-de-los-clubes-liguistas-se-siguen-capacitando\/\"},\"author\":{\"name\":\"Juan Manuel L\u00f3pez\",\"@id\":\"https:\/\/lpfparana.com.ar\/inicio\/#\/schema\/person\/e4a909baf07553d45f0fb7b76f656d76\"},\"headline\":\"Los dirigentes de los clubes liguistas se siguen capacitando\",\"datePublished\":\"2024-05-28T13:09:28+00:00\",\"dateModified\":\"2024-05-28T13:09:30+00:00\",\"mainEntityOfPage\":{\"@id\":\"https:\/\/lpfparana.com.ar\/inicio\/los-dirigentes-de-los-clubes-liguistas-se-siguen-capacitando\/\"},\"wordCount\":216,\"commentCount\":0,\"image\":{\"@id\":\"https:\/\/lpfparana.com.ar\/inicio\/los-dirigentes-de-los-clubes-liguistas-se-siguen-capacitando\/#primaryimage\"},\"thumbnailUrl\":\"https:\/\/lpfparana.com.ar\/inicio\/wp-content\/uploads\/2024\/05\/WhatsApp-Image-2024-05-28-at-10.05.49-e1716901758870.jpeg\",\"articleSection\":[\"Institucional\",\"Noticias\"],\"inLanguage\":\"es\",\"potentialAction\":[{\"@type\":\"CommentAction\",\"name\":\"Comment\",\"target\":[\"https:\/\/lpfparana.com.ar\/inicio\/los-dirigentes-de-los-clubes-liguistas-se-siguen-capacitando\/#respond\"]}]},{\"@type\":\"WebPage\",\"@id\":\"https:\/\/lpfparana.com.ar\/inicio\/los-dirigentes-de-los-clubes-liguistas-se-siguen-capacitando\/\",\"url\":\"https:\/\/lpfparana.com.ar\/inicio\/los-dirigentes-de-los-clubes-liguistas-se-siguen-capacitando\/\",\"name\":\"Los dirigentes de los clubes liguistas se siguen capacitando -\",\"isPartOf\":{\"@id\":\"https:\/\/lpfparana.com.ar\/inicio\/#website\"},\"primaryImageOfPage\":{\"@id\":\"https:\/\/lpfparana.com.ar\/inicio\/los-dirigentes-de-los-clubes-liguistas-se-siguen-capacitando\/#primaryimage\"},\"image\":{\"@id\":\"https:\/\/lpfparana.com.ar\/inicio\/los-dirigentes-de-los-clubes-liguistas-se-siguen-capacitando\/#primaryimage\"},\"thumbnailUrl\":\"https:\/\/lpfparana.com.ar\/inicio\/wp-content\/uploads\/2024\/05\/WhatsApp-Image-2024-05-28-at-10.05.49-e1716901758870.jpeg\",\"datePublished\":\"2024-05-28T13:09:28+00:00\",\"dateModified\":\"2024-05-28T13:09:30+00:00\",\"author\":{\"@id\":\"https:\/\/lpfparana.com.ar\/inicio\/#\/schema\/person\/e4a909baf07553d45f0fb7b76f656d76\"},\"description\":\"Este viernes, a partir de las 19, se realizar\u00e1 una capacitaci\u00f3n de \u201cDerecho Deportivo\u201d, en la sede del Club Argentino Juniors...\",\"breadcrumb\":{\"@id\":\"https:\/\/lpfparana.com.ar\/inicio\/los-dirigentes-de-los-clubes-liguistas-se-siguen-capacitando\/#breadcrumb\"},\"inLanguage\":\"es\",\"potentialAction\":[{\"@type\":\"ReadAction\",\"target\":[\"https:\/\/lpfparana.com.ar\/inicio\/los-dirigentes-de-los-clubes-liguistas-se-siguen-capacitando\/\"]}]},{\"@type\":\"ImageObject\",\"inLanguage\":\"es\",\"@id\":\"https:\/\/lpfparana.com.ar\/inicio\/los-dirigentes-de-los-clubes-liguistas-se-siguen-capacitando\/#primaryimage\",\"url\":\"https:\/\/lpfparana.com.ar\/inicio\/wp-content\/uploads\/2024\/05\/WhatsApp-Image-2024-05-28-at-10.05.49-e1716901758870.jpeg\",\"contentUrl\":\"https:\/\/lpfparana.com.ar\/inicio\/wp-content\/uploads\/2024\/05\/WhatsApp-Image-2024-05-28-at-10.05.49-e1716901758870.jpeg\",\"width\":623,\"height\":370},{\"@type\":\"BreadcrumbList\",\"@id\":\"https:\/\/lpfparana.com.ar\/inicio\/los-dirigentes-de-los-clubes-liguistas-se-siguen-capacitando\/#breadcrumb\",\"itemListElement\":[{\"@type\":\"ListItem\",\"position\":1,\"name\":\"Portada\",\"item\":\"https:\/\/lpfparana.com.ar\/inicio\/\"},{\"@type\":\"ListItem\",\"position\":2,\"name\":\"Los dirigentes de los clubes liguistas se siguen capacitando\"}]},{\"@type\":\"WebSite\",\"@id\":\"https:\/\/lpfparana.com.ar\/inicio\/#website\",\"url\":\"https:\/\/lpfparana.com.ar\/inicio\/\",\"name\":\"\",\"description\":\"LPF Paran\u00e1\",\"potentialAction\":[{\"@type\":\"SearchAction\",\"target\":{\"@type\":\"EntryPoint\",\"urlTemplate\":\"https:\/\/lpfparana.com.ar\/inicio\/?s={search_term_string}\"},\"query-input\":{\"@type\":\"PropertyValueSpecification\",\"valueRequired\":true,\"valueName\":\"search_term_string\"}}],\"inLanguage\":\"es\"},{\"@type\":\"Person\",\"@id\":\"https:\/\/lpfparana.com.ar\/inicio\/#\/schema\/person\/e4a909baf07553d45f0fb7b76f656d76\",\"name\":\"Juan Manuel L\u00f3pez\",\"image\":{\"@type\":\"ImageObject\",\"inLanguage\":\"es\",\"@id\":\"https:\/\/secure.gravatar.com\/avatar\/6fd4b36dc88658b1a9f8103e109f47885fcd020443829a5d936ca18f07c3d96c?s=96&d=mm&r=g\",\"url\":\"https:\/\/secure.gravatar.com\/avatar\/6fd4b36dc88658b1a9f8103e109f47885fcd020443829a5d936ca18f07c3d96c?s=96&d=mm&r=g\",\"contentUrl\":\"https:\/\/secure.gravatar.com\/avatar\/6fd4b36dc88658b1a9f8103e109f47885fcd020443829a5d936ca18f07c3d96c?s=96&d=mm&r=g\",\"caption\":\"Juan Manuel L\u00f3pez\"},\"url\":\"https:\/\/lpfparana.com.ar\/inicio\/author\/juanito\/\"}]}<\/script>\n<!-- \/ Yoast SEO Premium plugin. -->","yoast_head_json":{"title":"Los dirigentes de los clubes liguistas se siguen capacitando -","description":"Este viernes, a partir de las 19, se realizar\u00e1 una capacitaci\u00f3n de \u201cDerecho Deportivo\u201d, en la sede del Club Argentino Juniors...","robots":{"index":"index","follow":"follow","max-snippet":"max-snippet:-1","max-image-preview":"max-image-preview:large","max-video-preview":"max-video-preview:-1"},"canonical":"https:\/\/lpfparana.com.ar\/inicio\/los-dirigentes-de-los-clubes-liguistas-se-siguen-capacitando\/","og_locale":"es_ES","og_type":"article","og_title":"Los dirigentes de los clubes liguistas se siguen capacitando","og_description":"Este viernes, a partir de las 19, se realizar\u00e1 una capacitaci\u00f3n de \u201cDerecho Deportivo\u201d, en la sede del Club Argentino Juniors...","og_url":"https:\/\/lpfparana.com.ar\/inicio\/los-dirigentes-de-los-clubes-liguistas-se-siguen-capacitando\/","article_published_time":"2024-05-28T13:09:28+00:00","article_modified_time":"2024-05-28T13:09:30+00:00","og_image":[{"width":623,"height":370,"url":"https:\/\/lpfparana.com.ar\/inicio\/wp-content\/uploads\/2024\/05\/WhatsApp-Image-2024-05-28-at-10.05.49-e1716901758870.jpeg","type":"image\/jpeg"}],"author":"Juan Manuel L\u00f3pez","twitter_card":"summary_large_image","twitter_misc":{"Escrito por":"Juan Manuel L\u00f3pez","Tiempo de lectura":"2 minutos"},"schema":{"@context":"https:\/\/schema.org","@graph":[{"@type":"Article","@id":"https:\/\/lpfparana.com.ar\/inicio\/los-dirigentes-de-los-clubes-liguistas-se-siguen-capacitando\/#article","isPartOf":{"@id":"https:\/\/lpfparana.com.ar\/inicio\/los-dirigentes-de-los-clubes-liguistas-se-siguen-capacitando\/"},"author":{"name":"Juan Manuel L\u00f3pez","@id":"https:\/\/lpfparana.com.ar\/inicio\/#\/schema\/person\/e4a909baf07553d45f0fb7b76f656d76"},"headline":"Los dirigentes de los clubes liguistas se siguen capacitando","datePublished":"2024-05-28T13:09:28+00:00","dateModified":"2024-05-28T13:09:30+00:00","mainEntityOfPage":{"@id":"https:\/\/lpfparana.com.ar\/inicio\/los-dirigentes-de-los-clubes-liguistas-se-siguen-capacitando\/"},"wordCount":216,"commentCount":0,"image":{"@id":"https:\/\/lpfparana.com.ar\/inicio\/los-dirigentes-de-los-clubes-liguistas-se-siguen-capacitando\/#primaryimage"},"thumbnailUrl":"https:\/\/lpfparana.com.ar\/inicio\/wp-content\/uploads\/2024\/05\/WhatsApp-Image-2024-05-28-at-10.05.49-e1716901758870.jpeg","articleSection":["Institucional","Noticias"],"inLanguage":"es","potentialAction":[{"@type":"CommentAction","name":"Comment","target":["https:\/\/lpfparana.com.ar\/inicio\/los-dirigentes-de-los-clubes-liguistas-se-siguen-capacitando\/#respond"]}]},{"@type":"WebPage","@id":"https:\/\/lpfparana.com.ar\/inicio\/los-dirigentes-de-los-clubes-liguistas-se-siguen-capacitando\/","url":"https:\/\/lpfparana.com.ar\/inicio\/los-dirigentes-de-los-clubes-liguistas-se-siguen-capacitando\/","name":"Los dirigentes de los clubes liguistas se siguen capacitando -","isPartOf":{"@id":"https:\/\/lpfparana.com.ar\/inicio\/#website"},"primaryImageOfPage":{"@id":"https:\/\/lpfparana.com.ar\/inicio\/los-dirigentes-de-los-clubes-liguistas-se-siguen-capacitando\/#primaryimage"},"image":{"@id":"https:\/\/lpfparana.com.ar\/inicio\/los-dirigentes-de-los-clubes-liguistas-se-siguen-capacitando\/#primaryimage"},"thumbnailUrl":"https:\/\/lpfparana.com.ar\/inicio\/wp-content\/uploads\/2024\/05\/WhatsApp-Image-2024-05-28-at-10.05.49-e1716901758870.jpeg","datePublished":"2024-05-28T13:09:28+00:00","dateModified":"2024-05-28T13:09:30+00:00","author":{"@id":"https:\/\/lpfparana.com.ar\/inicio\/#\/schema\/person\/e4a909baf07553d45f0fb7b76f656d76"},"description":"Este viernes, a partir de las 19, se realizar\u00e1 una capacitaci\u00f3n de \u201cDerecho Deportivo\u201d, en la sede del Club Argentino Juniors...","breadcrumb":{"@id":"https:\/\/lpfparana.com.ar\/inicio\/los-dirigentes-de-los-clubes-liguistas-se-siguen-capacitando\/#breadcrumb"},"inLanguage":"es","potentialAction":[{"@type":"ReadAction","target":["https:\/\/lpfparana.com.ar\/inicio\/los-dirigentes-de-los-clubes-liguistas-se-siguen-capacitando\/"]}]},{"@type":"ImageObject","inLanguage":"es","@id":"https:\/\/lpfparana.com.ar\/inicio\/los-dirigentes-de-los-clubes-liguistas-se-siguen-capacitando\/#primaryimage","url":"https:\/\/lpfparana.com.ar\/inicio\/wp-content\/uploads\/2024\/05\/WhatsApp-Image-2024-05-28-at-10.05.49-e1716901758870.jpeg","contentUrl":"https:\/\/lpfparana.com.ar\/inicio\/wp-content\/uploads\/2024\/05\/WhatsApp-Image-2024-05-28-at-10.05.49-e1716901758870.jpeg","width":623,"height":370},{"@type":"BreadcrumbList","@id":"https:\/\/lpfparana.com.ar\/inicio\/los-dirigentes-de-los-clubes-liguistas-se-siguen-capacitando\/#breadcrumb","itemListElement":[{"@type":"ListItem","position":1,"name":"Portada","item":"https:\/\/lpfparana.com.ar\/inicio\/"},{"@type":"ListItem","position":2,"name":"Los dirigentes de los clubes liguistas se siguen capacitando"}]},{"@type":"WebSite","@id":"https:\/\/lpfparana.com.ar\/inicio\/#website","url":"https:\/\/lpfparana.com.ar\/inicio\/","name":"","description":"LPF Paran\u00e1","potentialAction":[{"@type":"SearchAction","target":{"@type":"EntryPoint","urlTemplate":"https:\/\/lpfparana.com.ar\/inicio\/?s={search_term_string}"},"query-input":{"@type":"PropertyValueSpecification","valueRequired":true,"valueName":"search_term_string"}}],"inLanguage":"es"},{"@type":"Person","@id":"https:\/\/lpfparana.com.ar\/inicio\/#\/schema\/person\/e4a909baf07553d45f0fb7b76f656d76","name":"Juan Manuel L\u00f3pez","image":{"@type":"ImageObject","inLanguage":"es","@id":"https:\/\/secure.gravatar.com\/avatar\/6fd4b36dc88658b1a9f8103e109f47885fcd020443829a5d936ca18f07c3d96c?s=96&d=mm&r=g","url":"https:\/\/secure.gravatar.com\/avatar\/6fd4b36dc88658b1a9f8103e109f47885fcd020443829a5d936ca18f07c3d96c?s=96&d=mm&r=g","contentUrl":"https:\/\/secure.gravatar.com\/avatar\/6fd4b36dc88658b1a9f8103e109f47885fcd020443829a5d936ca18f07c3d96c?s=96&d=mm&r=g","caption":"Juan Manuel L\u00f3pez"},"url":"https:\/\/lpfparana.com.ar\/inicio\/author\/juanito\/"}]}},"_links":{"self":[{"href":"https:\/\/lpfparana.com.ar\/inicio\/wp-json\/wp\/v2\/posts\/3062","targetHints":{"allow":["GET"]}}],"collection":[{"href":"https:\/\/lpfparana.com.ar\/inicio\/wp-json\/wp\/v2\/posts"}],"about":[{"href":"https:\/\/lpfparana.com.ar\/inicio\/wp-json\/wp\/v2\/types\/post"}],"author":[{"embeddable":true,"href":"https:\/\/lpfparana.com.ar\/inicio\/wp-json\/wp\/v2\/users\/4"}],"replies":[{"embeddable":true,"href":"https:\/\/lpfparana.com.ar\/inicio\/wp-json\/wp\/v2\/comments?post=3062"}],"version-history":[{"count":1,"href":"https:\/\/lpfparana.com.ar\/inicio\/wp-json\/wp\/v2\/posts\/3062\/revisions"}],"predecessor-version":[{"id":3064,"href":"https:\/\/lpfparana.com.ar\/inicio\/wp-json\/wp\/v2\/posts\/3062\/revisions\/3064"}],"wp:featuredmedia":[{"embeddable":true,"href":"https:\/\/lpfparana.com.ar\/inicio\/wp-json\/wp\/v2\/media\/3063"}],"wp:attachment":[{"href":"https:\/\/lpfparana.com.ar\/inicio\/wp-json\/wp\/v2\/media?parent=3062"}],"wp:term":[{"taxonomy":"category","embeddable":true,"href":"https:\/\/lpfparana.com.ar\/inicio\/wp-json\/wp\/v2\/categories?post=3062"},{"taxonomy":"post_tag","embeddable":true,"href":"https:\/\/lpfparana.com.ar\/inicio\/wp-json\/wp\/v2\/tags?post=3062"}],"curies":[{"name":"wp","href":"https:\/\/api.w.org\/{rel}","templated":true}]}}