{"id":3057,"date":"2024-05-27T20:48:17","date_gmt":"2024-05-27T23:48:17","guid":{"rendered":"https:\/\/lpfparana.com.ar\/inicio\/?p=3057"},"modified":"2024-05-27T20:48:18","modified_gmt":"2024-05-27T23:48:18","slug":"alejo-lallana-atletico-parana-es-mi-segunda-casa","status":"publish","type":"post","link":"https:\/\/lpfparana.com.ar\/inicio\/alejo-lallana-atletico-parana-es-mi-segunda-casa\/","title":{"rendered":"Alejo Lallana: \u201cAtl\u00e9tico Paran\u00e1 es mi segunda casa\u201d"},"content":{"rendered":"\n<h3 class=\"wp-block-heading\">Alejo Lallana, la figura de Atl\u00e9tico Paran\u00e1 en su visita a Palermo por la octava fecha del Torneo de Primera Divisi\u00f3n A BPlay organizado por la Liga Paranaense, dialog\u00f3 con el programa \u201cLocos X La Liga\u201d el programa oficial liguista que se emite por FM Litoral 103.1.<\/h3>\n\n\n\n<p>El juvenil mediocampista del Gato habl\u00f3 sobre su formaci\u00f3n y el desempe\u00f1o dentro del campo, en la \u00faltima fecha, donde marc\u00f3 dos tantos en la victoria de su equipo 3 a 0 sobre el Sangre y Luto. Con este resultado el equipo de Gustavo Romero logr\u00f3 posicionarse en lo m\u00e1s alto de la tabla con 15 unidades. <\/p>\n\n\n\n<p>Sobre el objetivo que persigue el equipo Rojiblanco, Lallana se\u00f1al\u00f3: \u201cQueremos pelear el campeonato, en estos partidos me est\u00e1 tocando estar, como as\u00ed tambi\u00e9n a Enzo Barinaga. Tenemos un amplio plantel y eso nos permitir\u00e1 luchar hasta el final\u201d.<\/p>\n\n\n\n<p>El mediocampista tuvo un gran desempe\u00f1o y en cuanto a su rendimiento y el del equipo remarc\u00f3: \u201cMe sent\u00ed muy bien, era lo que ven\u00eda haciendo en Sub23. Gustavo (Romero) me pidi\u00f3 que busque el mano a mano, el uno contra uno digamos, eso m\u00e1s que nada\u201d<\/p>\n\n\n\n<h3 class=\"wp-block-heading\">El recorrido de Alejo<\/h3>\n\n\n\n<p>El joven jugador destac\u00f3 como fue su formaci\u00f3n, hasta este presente liguista. \u201cTengo 21 a\u00f1os soy de ac\u00e1, de la ciudad de Paran\u00e1, el club me vio nacer, desde los cuatro a\u00f1os que estoy. Lugo me llamo Corinthians de Paran\u00e1,\u00a0en donde estuve alrededor de dos a\u00f1os , de ah\u00ed fui a una prueba en Uni\u00f3n de Santa fe, donde hice todas mis divisiones inferiores, hasta el a\u00f1o pasado. que el club me dej\u00f3 libre\u00bb, remarc\u00f3 el volante externo, para completar diciendo: \u00abPor un convenio que ten\u00edan entre los clubes volv\u00ed a mi casa, que es Atl\u00e9tico Paran\u00e1\u201d. <\/p>\n\n\n\n<p>Luego Lallana manifest\u00f3 en donde se siente m\u00e1s c\u00f3modo dentro del campo asegurando que: \u201cMe desenvuelvo tanto por derecha o por izquierda, de volante izquierdo por afuera me siento mejor porque puedo enganchar y gambetear, que eso es lo que por ah\u00ed me pide Gustavo\u201d.<\/p>\n\n\n\n<h3 class=\"wp-block-heading\">Su presente en Paran\u00e1<\/h3>\n\n\n\n<p>\u201cEstoy muy c\u00f3modo, es mi ciudad y mi \u00a0lugar de origen, cada vez que ten\u00eda la posibilidad de venir viajaba y ve\u00eda los partidos de liga, jam\u00e1s deje de mirar un solo encuentro de Atl\u00e9tico Paran\u00e1. Cuando no pod\u00eda viajar. los segu\u00eda a trav\u00e9s de las distintas transmisiones\u00bb, destac\u00f3 el futbolista, marcando su sentido de pertenencia por el club. <\/p>\n\n\n\n<p>\u00abEstoy desde peque\u00f1o ac\u00e1,\u00a0me motiva a seguir luchando por mis sue\u00f1os, tenemos un gran grupo de personas y jugadores este a\u00f1o\u201d, cerr\u00f3 diciendo el autor de dos goles el fin de semana. <\/p>\n","protected":false},"excerpt":{"rendered":"<p>Alejo Lallana, la figura de Atl\u00e9tico Paran\u00e1 en su visita a Palermo por la octava fecha del Torneo de Primera Divisi\u00f3n A BPlay organizado por la Liga Paranaense, dialog\u00f3 con el programa \u201cLocos X La Liga\u201d el programa oficial liguista que se emite por FM Litoral 103.1. El juvenil mediocampista del Gato habl\u00f3 sobre su&#8230;<\/p>\n","protected":false},"author":6,"featured_media":3058,"comment_status":"open","ping_status":"open","sticky":false,"template":"","format":"standard","meta":{"footnotes":""},"categories":[8,2],"tags":[],"class_list":["post-3057","post","type-post","status-publish","format-standard","has-post-thumbnail","hentry","category-masculino","category-noticias"],"featured_image_src":"https:\/\/lpfparana.com.ar\/inicio\/wp-content\/uploads\/2024\/05\/alejo-parana.jpg","author_info":{"display_name":"Juan Manuel Fernandez","author_link":"https:\/\/lpfparana.com.ar\/inicio\/author\/juanma\/"},"yoast_head":"<!-- This site is optimized with the Yoast SEO Premium plugin v23.3 (Yoast SEO v27.2) - https:\/\/yoast.com\/product\/yoast-seo-premium-wordpress\/ -->\n<title>Alejo Lallana: \u201cAtl\u00e9tico Paran\u00e1 es mi segunda casa\u201d -<\/title>\n<meta name=\"description\" content=\"Alejo Lallana, la figura de Atl\u00e9tico Paran\u00e1 en su visita a Palermo por la octava fecha del Torneo de Primera Divisi\u00f3n A BPlay organizado...\" \/>\n<meta name=\"robots\" content=\"index, follow, max-snippet:-1, max-image-preview:large, max-video-preview:-1\" \/>\n<link rel=\"canonical\" href=\"https:\/\/lpfparana.com.ar\/inicio\/alejo-lallana-atletico-parana-es-mi-segunda-casa\/\" \/>\n<meta property=\"og:locale\" content=\"es_ES\" \/>\n<meta property=\"og:type\" content=\"article\" \/>\n<meta property=\"og:title\" content=\"Alejo Lallana: \u201cAtl\u00e9tico Paran\u00e1 es mi segunda casa\u201d\" \/>\n<meta property=\"og:description\" content=\"Alejo Lallana, la figura de Atl\u00e9tico Paran\u00e1 en su visita a Palermo por la octava fecha del Torneo de Primera Divisi\u00f3n A BPlay organizado...\" \/>\n<meta property=\"og:url\" content=\"https:\/\/lpfparana.com.ar\/inicio\/alejo-lallana-atletico-parana-es-mi-segunda-casa\/\" \/>\n<meta property=\"article:published_time\" content=\"2024-05-27T23:48:17+00:00\" \/>\n<meta property=\"article:modified_time\" content=\"2024-05-27T23:48:18+00:00\" \/>\n<meta property=\"og:image\" content=\"https:\/\/lpfparana.com.ar\/inicio\/wp-content\/uploads\/2024\/05\/alejo-parana.jpg\" \/>\n\t<meta property=\"og:image:width\" content=\"1280\" \/>\n\t<meta property=\"og:image:height\" content=\"720\" \/>\n\t<meta property=\"og:image:type\" content=\"image\/jpeg\" \/>\n<meta name=\"author\" content=\"Juan Manuel Fernandez\" \/>\n<meta name=\"twitter:card\" content=\"summary_large_image\" \/>\n<meta name=\"twitter:label1\" content=\"Escrito por\" \/>\n\t<meta name=\"twitter:data1\" content=\"Juan Manuel Fernandez\" \/>\n\t<meta name=\"twitter:label2\" content=\"Tiempo de lectura\" \/>\n\t<meta name=\"twitter:data2\" content=\"3 minutos\" \/>\n<script type=\"application\/ld+json\" class=\"yoast-schema-graph\">{\"@context\":\"https:\/\/schema.org\",\"@graph\":[{\"@type\":\"Article\",\"@id\":\"https:\/\/lpfparana.com.ar\/inicio\/alejo-lallana-atletico-parana-es-mi-segunda-casa\/#article\",\"isPartOf\":{\"@id\":\"https:\/\/lpfparana.com.ar\/inicio\/alejo-lallana-atletico-parana-es-mi-segunda-casa\/\"},\"author\":{\"name\":\"Juan Manuel Fernandez\",\"@id\":\"https:\/\/lpfparana.com.ar\/inicio\/#\/schema\/person\/5db3866b404cb9672f70c499a9ede0e1\"},\"headline\":\"Alejo Lallana: \u201cAtl\u00e9tico Paran\u00e1 es mi segunda casa\u201d\",\"datePublished\":\"2024-05-27T23:48:17+00:00\",\"dateModified\":\"2024-05-27T23:48:18+00:00\",\"mainEntityOfPage\":{\"@id\":\"https:\/\/lpfparana.com.ar\/inicio\/alejo-lallana-atletico-parana-es-mi-segunda-casa\/\"},\"wordCount\":467,\"commentCount\":0,\"image\":{\"@id\":\"https:\/\/lpfparana.com.ar\/inicio\/alejo-lallana-atletico-parana-es-mi-segunda-casa\/#primaryimage\"},\"thumbnailUrl\":\"https:\/\/lpfparana.com.ar\/inicio\/wp-content\/uploads\/2024\/05\/alejo-parana.jpg\",\"articleSection\":[\"Masculino\",\"Noticias\"],\"inLanguage\":\"es\",\"potentialAction\":[{\"@type\":\"CommentAction\",\"name\":\"Comment\",\"target\":[\"https:\/\/lpfparana.com.ar\/inicio\/alejo-lallana-atletico-parana-es-mi-segunda-casa\/#respond\"]}]},{\"@type\":\"WebPage\",\"@id\":\"https:\/\/lpfparana.com.ar\/inicio\/alejo-lallana-atletico-parana-es-mi-segunda-casa\/\",\"url\":\"https:\/\/lpfparana.com.ar\/inicio\/alejo-lallana-atletico-parana-es-mi-segunda-casa\/\",\"name\":\"Alejo Lallana: \u201cAtl\u00e9tico Paran\u00e1 es mi segunda casa\u201d -\",\"isPartOf\":{\"@id\":\"https:\/\/lpfparana.com.ar\/inicio\/#website\"},\"primaryImageOfPage\":{\"@id\":\"https:\/\/lpfparana.com.ar\/inicio\/alejo-lallana-atletico-parana-es-mi-segunda-casa\/#primaryimage\"},\"image\":{\"@id\":\"https:\/\/lpfparana.com.ar\/inicio\/alejo-lallana-atletico-parana-es-mi-segunda-casa\/#primaryimage\"},\"thumbnailUrl\":\"https:\/\/lpfparana.com.ar\/inicio\/wp-content\/uploads\/2024\/05\/alejo-parana.jpg\",\"datePublished\":\"2024-05-27T23:48:17+00:00\",\"dateModified\":\"2024-05-27T23:48:18+00:00\",\"author\":{\"@id\":\"https:\/\/lpfparana.com.ar\/inicio\/#\/schema\/person\/5db3866b404cb9672f70c499a9ede0e1\"},\"description\":\"Alejo Lallana, la figura de Atl\u00e9tico Paran\u00e1 en su visita a Palermo por la octava fecha del Torneo de Primera Divisi\u00f3n A BPlay organizado...\",\"breadcrumb\":{\"@id\":\"https:\/\/lpfparana.com.ar\/inicio\/alejo-lallana-atletico-parana-es-mi-segunda-casa\/#breadcrumb\"},\"inLanguage\":\"es\",\"potentialAction\":[{\"@type\":\"ReadAction\",\"target\":[\"https:\/\/lpfparana.com.ar\/inicio\/alejo-lallana-atletico-parana-es-mi-segunda-casa\/\"]}]},{\"@type\":\"ImageObject\",\"inLanguage\":\"es\",\"@id\":\"https:\/\/lpfparana.com.ar\/inicio\/alejo-lallana-atletico-parana-es-mi-segunda-casa\/#primaryimage\",\"url\":\"https:\/\/lpfparana.com.ar\/inicio\/wp-content\/uploads\/2024\/05\/alejo-parana.jpg\",\"contentUrl\":\"https:\/\/lpfparana.com.ar\/inicio\/wp-content\/uploads\/2024\/05\/alejo-parana.jpg\",\"width\":1280,\"height\":720},{\"@type\":\"BreadcrumbList\",\"@id\":\"https:\/\/lpfparana.com.ar\/inicio\/alejo-lallana-atletico-parana-es-mi-segunda-casa\/#breadcrumb\",\"itemListElement\":[{\"@type\":\"ListItem\",\"position\":1,\"name\":\"Portada\",\"item\":\"https:\/\/lpfparana.com.ar\/inicio\/\"},{\"@type\":\"ListItem\",\"position\":2,\"name\":\"Alejo Lallana: \u201cAtl\u00e9tico Paran\u00e1 es mi segunda casa\u201d\"}]},{\"@type\":\"WebSite\",\"@id\":\"https:\/\/lpfparana.com.ar\/inicio\/#website\",\"url\":\"https:\/\/lpfparana.com.ar\/inicio\/\",\"name\":\"\",\"description\":\"LPF Paran\u00e1\",\"potentialAction\":[{\"@type\":\"SearchAction\",\"target\":{\"@type\":\"EntryPoint\",\"urlTemplate\":\"https:\/\/lpfparana.com.ar\/inicio\/?s={search_term_string}\"},\"query-input\":{\"@type\":\"PropertyValueSpecification\",\"valueRequired\":true,\"valueName\":\"search_term_string\"}}],\"inLanguage\":\"es\"},{\"@type\":\"Person\",\"@id\":\"https:\/\/lpfparana.com.ar\/inicio\/#\/schema\/person\/5db3866b404cb9672f70c499a9ede0e1\",\"name\":\"Juan Manuel Fernandez\",\"image\":{\"@type\":\"ImageObject\",\"inLanguage\":\"es\",\"@id\":\"https:\/\/secure.gravatar.com\/avatar\/b9ded3b46d997a47d4ffae36e85d6b17e879993cc483e0eae0cf69b9c53626e9?s=96&d=mm&r=g\",\"url\":\"https:\/\/secure.gravatar.com\/avatar\/b9ded3b46d997a47d4ffae36e85d6b17e879993cc483e0eae0cf69b9c53626e9?s=96&d=mm&r=g\",\"contentUrl\":\"https:\/\/secure.gravatar.com\/avatar\/b9ded3b46d997a47d4ffae36e85d6b17e879993cc483e0eae0cf69b9c53626e9?s=96&d=mm&r=g\",\"caption\":\"Juan Manuel Fernandez\"},\"url\":\"https:\/\/lpfparana.com.ar\/inicio\/author\/juanma\/\"}]}<\/script>\n<!-- \/ Yoast SEO Premium plugin. -->","yoast_head_json":{"title":"Alejo Lallana: \u201cAtl\u00e9tico Paran\u00e1 es mi segunda casa\u201d -","description":"Alejo Lallana, la figura de Atl\u00e9tico Paran\u00e1 en su visita a Palermo por la octava fecha del Torneo de Primera Divisi\u00f3n A BPlay organizado...","robots":{"index":"index","follow":"follow","max-snippet":"max-snippet:-1","max-image-preview":"max-image-preview:large","max-video-preview":"max-video-preview:-1"},"canonical":"https:\/\/lpfparana.com.ar\/inicio\/alejo-lallana-atletico-parana-es-mi-segunda-casa\/","og_locale":"es_ES","og_type":"article","og_title":"Alejo Lallana: \u201cAtl\u00e9tico Paran\u00e1 es mi segunda casa\u201d","og_description":"Alejo Lallana, la figura de Atl\u00e9tico Paran\u00e1 en su visita a Palermo por la octava fecha del Torneo de Primera Divisi\u00f3n A BPlay organizado...","og_url":"https:\/\/lpfparana.com.ar\/inicio\/alejo-lallana-atletico-parana-es-mi-segunda-casa\/","article_published_time":"2024-05-27T23:48:17+00:00","article_modified_time":"2024-05-27T23:48:18+00:00","og_image":[{"width":1280,"height":720,"url":"https:\/\/lpfparana.com.ar\/inicio\/wp-content\/uploads\/2024\/05\/alejo-parana.jpg","type":"image\/jpeg"}],"author":"Juan Manuel Fernandez","twitter_card":"summary_large_image","twitter_misc":{"Escrito por":"Juan Manuel Fernandez","Tiempo de lectura":"3 minutos"},"schema":{"@context":"https:\/\/schema.org","@graph":[{"@type":"Article","@id":"https:\/\/lpfparana.com.ar\/inicio\/alejo-lallana-atletico-parana-es-mi-segunda-casa\/#article","isPartOf":{"@id":"https:\/\/lpfparana.com.ar\/inicio\/alejo-lallana-atletico-parana-es-mi-segunda-casa\/"},"author":{"name":"Juan Manuel Fernandez","@id":"https:\/\/lpfparana.com.ar\/inicio\/#\/schema\/person\/5db3866b404cb9672f70c499a9ede0e1"},"headline":"Alejo Lallana: \u201cAtl\u00e9tico Paran\u00e1 es mi segunda casa\u201d","datePublished":"2024-05-27T23:48:17+00:00","dateModified":"2024-05-27T23:48:18+00:00","mainEntityOfPage":{"@id":"https:\/\/lpfparana.com.ar\/inicio\/alejo-lallana-atletico-parana-es-mi-segunda-casa\/"},"wordCount":467,"commentCount":0,"image":{"@id":"https:\/\/lpfparana.com.ar\/inicio\/alejo-lallana-atletico-parana-es-mi-segunda-casa\/#primaryimage"},"thumbnailUrl":"https:\/\/lpfparana.com.ar\/inicio\/wp-content\/uploads\/2024\/05\/alejo-parana.jpg","articleSection":["Masculino","Noticias"],"inLanguage":"es","potentialAction":[{"@type":"CommentAction","name":"Comment","target":["https:\/\/lpfparana.com.ar\/inicio\/alejo-lallana-atletico-parana-es-mi-segunda-casa\/#respond"]}]},{"@type":"WebPage","@id":"https:\/\/lpfparana.com.ar\/inicio\/alejo-lallana-atletico-parana-es-mi-segunda-casa\/","url":"https:\/\/lpfparana.com.ar\/inicio\/alejo-lallana-atletico-parana-es-mi-segunda-casa\/","name":"Alejo Lallana: \u201cAtl\u00e9tico Paran\u00e1 es mi segunda casa\u201d -","isPartOf":{"@id":"https:\/\/lpfparana.com.ar\/inicio\/#website"},"primaryImageOfPage":{"@id":"https:\/\/lpfparana.com.ar\/inicio\/alejo-lallana-atletico-parana-es-mi-segunda-casa\/#primaryimage"},"image":{"@id":"https:\/\/lpfparana.com.ar\/inicio\/alejo-lallana-atletico-parana-es-mi-segunda-casa\/#primaryimage"},"thumbnailUrl":"https:\/\/lpfparana.com.ar\/inicio\/wp-content\/uploads\/2024\/05\/alejo-parana.jpg","datePublished":"2024-05-27T23:48:17+00:00","dateModified":"2024-05-27T23:48:18+00:00","author":{"@id":"https:\/\/lpfparana.com.ar\/inicio\/#\/schema\/person\/5db3866b404cb9672f70c499a9ede0e1"},"description":"Alejo Lallana, la figura de Atl\u00e9tico Paran\u00e1 en su visita a Palermo por la octava fecha del Torneo de Primera Divisi\u00f3n A BPlay organizado...","breadcrumb":{"@id":"https:\/\/lpfparana.com.ar\/inicio\/alejo-lallana-atletico-parana-es-mi-segunda-casa\/#breadcrumb"},"inLanguage":"es","potentialAction":[{"@type":"ReadAction","target":["https:\/\/lpfparana.com.ar\/inicio\/alejo-lallana-atletico-parana-es-mi-segunda-casa\/"]}]},{"@type":"ImageObject","inLanguage":"es","@id":"https:\/\/lpfparana.com.ar\/inicio\/alejo-lallana-atletico-parana-es-mi-segunda-casa\/#primaryimage","url":"https:\/\/lpfparana.com.ar\/inicio\/wp-content\/uploads\/2024\/05\/alejo-parana.jpg","contentUrl":"https:\/\/lpfparana.com.ar\/inicio\/wp-content\/uploads\/2024\/05\/alejo-parana.jpg","width":1280,"height":720},{"@type":"BreadcrumbList","@id":"https:\/\/lpfparana.com.ar\/inicio\/alejo-lallana-atletico-parana-es-mi-segunda-casa\/#breadcrumb","itemListElement":[{"@type":"ListItem","position":1,"name":"Portada","item":"https:\/\/lpfparana.com.ar\/inicio\/"},{"@type":"ListItem","position":2,"name":"Alejo Lallana: \u201cAtl\u00e9tico Paran\u00e1 es mi segunda casa\u201d"}]},{"@type":"WebSite","@id":"https:\/\/lpfparana.com.ar\/inicio\/#website","url":"https:\/\/lpfparana.com.ar\/inicio\/","name":"","description":"LPF Paran\u00e1","potentialAction":[{"@type":"SearchAction","target":{"@type":"EntryPoint","urlTemplate":"https:\/\/lpfparana.com.ar\/inicio\/?s={search_term_string}"},"query-input":{"@type":"PropertyValueSpecification","valueRequired":true,"valueName":"search_term_string"}}],"inLanguage":"es"},{"@type":"Person","@id":"https:\/\/lpfparana.com.ar\/inicio\/#\/schema\/person\/5db3866b404cb9672f70c499a9ede0e1","name":"Juan Manuel Fernandez","image":{"@type":"ImageObject","inLanguage":"es","@id":"https:\/\/secure.gravatar.com\/avatar\/b9ded3b46d997a47d4ffae36e85d6b17e879993cc483e0eae0cf69b9c53626e9?s=96&d=mm&r=g","url":"https:\/\/secure.gravatar.com\/avatar\/b9ded3b46d997a47d4ffae36e85d6b17e879993cc483e0eae0cf69b9c53626e9?s=96&d=mm&r=g","contentUrl":"https:\/\/secure.gravatar.com\/avatar\/b9ded3b46d997a47d4ffae36e85d6b17e879993cc483e0eae0cf69b9c53626e9?s=96&d=mm&r=g","caption":"Juan Manuel Fernandez"},"url":"https:\/\/lpfparana.com.ar\/inicio\/author\/juanma\/"}]}},"_links":{"self":[{"href":"https:\/\/lpfparana.com.ar\/inicio\/wp-json\/wp\/v2\/posts\/3057","targetHints":{"allow":["GET"]}}],"collection":[{"href":"https:\/\/lpfparana.com.ar\/inicio\/wp-json\/wp\/v2\/posts"}],"about":[{"href":"https:\/\/lpfparana.com.ar\/inicio\/wp-json\/wp\/v2\/types\/post"}],"author":[{"embeddable":true,"href":"https:\/\/lpfparana.com.ar\/inicio\/wp-json\/wp\/v2\/users\/6"}],"replies":[{"embeddable":true,"href":"https:\/\/lpfparana.com.ar\/inicio\/wp-json\/wp\/v2\/comments?post=3057"}],"version-history":[{"count":2,"href":"https:\/\/lpfparana.com.ar\/inicio\/wp-json\/wp\/v2\/posts\/3057\/revisions"}],"predecessor-version":[{"id":3061,"href":"https:\/\/lpfparana.com.ar\/inicio\/wp-json\/wp\/v2\/posts\/3057\/revisions\/3061"}],"wp:featuredmedia":[{"embeddable":true,"href":"https:\/\/lpfparana.com.ar\/inicio\/wp-json\/wp\/v2\/media\/3058"}],"wp:attachment":[{"href":"https:\/\/lpfparana.com.ar\/inicio\/wp-json\/wp\/v2\/media?parent=3057"}],"wp:term":[{"taxonomy":"category","embeddable":true,"href":"https:\/\/lpfparana.com.ar\/inicio\/wp-json\/wp\/v2\/categories?post=3057"},{"taxonomy":"post_tag","embeddable":true,"href":"https:\/\/lpfparana.com.ar\/inicio\/wp-json\/wp\/v2\/tags?post=3057"}],"curies":[{"name":"wp","href":"https:\/\/api.w.org\/{rel}","templated":true}]}}