{"id":3040,"date":"2024-05-24T11:51:52","date_gmt":"2024-05-24T14:51:52","guid":{"rendered":"https:\/\/lpfparana.com.ar\/inicio\/?p=3040"},"modified":"2024-05-24T11:54:54","modified_gmt":"2024-05-24T14:54:54","slug":"comenzo-el-ciclo-lectivo-2024-de-la-escuela-de-arbitros","status":"publish","type":"post","link":"https:\/\/lpfparana.com.ar\/inicio\/comenzo-el-ciclo-lectivo-2024-de-la-escuela-de-arbitros\/","title":{"rendered":"Comenz\u00f3 el ciclo lectivo 2024 de la \u201cEscuela de \u00c1rbitros\u201d"},"content":{"rendered":"\n<h3 class=\"wp-block-heading\">Con una gran concurrencia, se comenzaron a dictar las clases para los alumnos ingresantes a primer a\u00f1o y tambi\u00e9n para quienes transitan el segundo a\u00f1o de estudio.<\/h3>\n\n\n\n<p>Este jueves, en el Sal\u00f3n Auditorio del Complejo Escuela Hogar, se comenzaron a dictar las clases en el marco del ciclo lectivo 2024 de la \u201cEscuela de \u00c1rbitros\u201d de la Liga Paranaense de F\u00fatbol.<\/p>\n\n\n\n<p>Con una gran concurrencia, los alumnos ingresantes a primer a\u00f1o fueron quienes tuvieron el primer m\u00f3dulo, dictado por los nuevos instructores contratados para potenciar el crecimiento y el conocimiento.<\/p>\n\n\n\n<p>Gustavo Rossi y Gustavo Lechner, ex \u00e1rbitros profesionales y de vasta trayectoria como jueces y como instructores, trabajaron por primera vez con el nuevo alumnado, para luego, en el segundo m\u00f3dulo, trabajar con los j\u00f3venes que comenzaron el segundo a\u00f1o de la carrera.<\/p>\n\n\n\n<p>A pesar del mal tiempo, fueron 47 los ingresantes que asistieron a la primera clase, mientras que 19 alumnos de segundo a\u00f1o, se hicieron presente en este primer d\u00eda. El n\u00famero de apuntados es muy superior y las inscripciones siguen abiertas. &nbsp;<\/p>\n\n\n\n<p>Este a\u00f1o, todos los jueves, continuar\u00e1 el dictado de clases en el Complejo Escuela Hogar, donde su coordinador, Marcelo Cardozo, ha tenido una gran predisposici\u00f3n para que la Liga Paranaense de F\u00fatbol pueda contar con este espacio en el presente ciclo lectivo.<\/p>\n\n\n\n<h2 class=\"wp-block-heading\">Inscripciones abiertas aqu\u00ed:<\/h2>\n\n\n\n<p><a href=\"https:\/\/docs.google.com\/forms\/d\/1aWs3W0pBPaJl7UXNXdCMpIx5fXwXQQJK24HakvaGMAU\/viewform?ts=66462695&amp;edit_requested=true\">https:\/\/docs.google.com\/forms\/d\/1aWs3W0pBPaJl7UXNXdCMpIx5fXwXQQJK24HakvaGMAU\/viewform?ts=66462695&amp;edit_requested=true<\/a><\/p>\n\n\n\n<h3 class=\"wp-block-heading\">Im\u00e1genes de la primera jornada: <\/h3>\n\n\n\n<figure class=\"wp-block-gallery has-nested-images columns-default is-cropped wp-block-gallery-1 is-layout-flex wp-block-gallery-is-layout-flex\">\n<figure class=\"wp-block-image size-large\"><a href=\"https:\/\/lpfparana.com.ar\/inicio\/wp-content\/uploads\/2024\/05\/WhatsApp-Image-2024-05-23-at-20.17.01.jpeg\"><img fetchpriority=\"high\" decoding=\"async\" width=\"1024\" height=\"576\" data-id=\"3043\" src=\"https:\/\/lpfparana.com.ar\/inicio\/wp-content\/uploads\/2024\/05\/WhatsApp-Image-2024-05-23-at-20.17.01-1024x576.jpeg\" alt=\"\" class=\"wp-image-3043\" srcset=\"https:\/\/lpfparana.com.ar\/inicio\/wp-content\/uploads\/2024\/05\/WhatsApp-Image-2024-05-23-at-20.17.01-1024x576.jpeg 1024w, https:\/\/lpfparana.com.ar\/inicio\/wp-content\/uploads\/2024\/05\/WhatsApp-Image-2024-05-23-at-20.17.01-300x169.jpeg 300w, https:\/\/lpfparana.com.ar\/inicio\/wp-content\/uploads\/2024\/05\/WhatsApp-Image-2024-05-23-at-20.17.01-768x432.jpeg 768w, https:\/\/lpfparana.com.ar\/inicio\/wp-content\/uploads\/2024\/05\/WhatsApp-Image-2024-05-23-at-20.17.01-1536x864.jpeg 1536w, https:\/\/lpfparana.com.ar\/inicio\/wp-content\/uploads\/2024\/05\/WhatsApp-Image-2024-05-23-at-20.17.01.jpeg 1600w\" sizes=\"(max-width: 1024px) 100vw, 1024px\" \/><\/a><\/figure>\n\n\n\n<figure class=\"wp-block-image size-large\"><a href=\"https:\/\/lpfparana.com.ar\/inicio\/wp-content\/uploads\/2024\/05\/WhatsApp-Image-2024-05-23-at-20.17.00.jpeg\"><img decoding=\"async\" width=\"1024\" height=\"576\" data-id=\"3045\" src=\"https:\/\/lpfparana.com.ar\/inicio\/wp-content\/uploads\/2024\/05\/WhatsApp-Image-2024-05-23-at-20.17.00-1024x576.jpeg\" alt=\"\" class=\"wp-image-3045\" srcset=\"https:\/\/lpfparana.com.ar\/inicio\/wp-content\/uploads\/2024\/05\/WhatsApp-Image-2024-05-23-at-20.17.00-1024x576.jpeg 1024w, https:\/\/lpfparana.com.ar\/inicio\/wp-content\/uploads\/2024\/05\/WhatsApp-Image-2024-05-23-at-20.17.00-300x169.jpeg 300w, https:\/\/lpfparana.com.ar\/inicio\/wp-content\/uploads\/2024\/05\/WhatsApp-Image-2024-05-23-at-20.17.00-768x432.jpeg 768w, https:\/\/lpfparana.com.ar\/inicio\/wp-content\/uploads\/2024\/05\/WhatsApp-Image-2024-05-23-at-20.17.00-1536x864.jpeg 1536w, https:\/\/lpfparana.com.ar\/inicio\/wp-content\/uploads\/2024\/05\/WhatsApp-Image-2024-05-23-at-20.17.00.jpeg 1600w\" sizes=\"(max-width: 1024px) 100vw, 1024px\" \/><\/a><\/figure>\n\n\n\n<figure class=\"wp-block-image size-large\"><a href=\"https:\/\/lpfparana.com.ar\/inicio\/wp-content\/uploads\/2024\/05\/WhatsApp-Image-2024-05-23-at-20.16.59-1.jpeg\"><img decoding=\"async\" width=\"1024\" height=\"576\" data-id=\"3046\" src=\"https:\/\/lpfparana.com.ar\/inicio\/wp-content\/uploads\/2024\/05\/WhatsApp-Image-2024-05-23-at-20.16.59-1-1024x576.jpeg\" alt=\"\" class=\"wp-image-3046\" srcset=\"https:\/\/lpfparana.com.ar\/inicio\/wp-content\/uploads\/2024\/05\/WhatsApp-Image-2024-05-23-at-20.16.59-1-1024x576.jpeg 1024w, https:\/\/lpfparana.com.ar\/inicio\/wp-content\/uploads\/2024\/05\/WhatsApp-Image-2024-05-23-at-20.16.59-1-300x169.jpeg 300w, https:\/\/lpfparana.com.ar\/inicio\/wp-content\/uploads\/2024\/05\/WhatsApp-Image-2024-05-23-at-20.16.59-1-768x432.jpeg 768w, https:\/\/lpfparana.com.ar\/inicio\/wp-content\/uploads\/2024\/05\/WhatsApp-Image-2024-05-23-at-20.16.59-1-1536x864.jpeg 1536w, https:\/\/lpfparana.com.ar\/inicio\/wp-content\/uploads\/2024\/05\/WhatsApp-Image-2024-05-23-at-20.16.59-1.jpeg 1600w\" sizes=\"(max-width: 1024px) 100vw, 1024px\" \/><\/a><\/figure>\n\n\n\n<figure class=\"wp-block-image size-large\"><a href=\"https:\/\/lpfparana.com.ar\/inicio\/wp-content\/uploads\/2024\/05\/WhatsApp-Image-2024-05-23-at-20.16.59.jpeg\"><img loading=\"lazy\" decoding=\"async\" width=\"576\" height=\"1024\" data-id=\"3044\" src=\"https:\/\/lpfparana.com.ar\/inicio\/wp-content\/uploads\/2024\/05\/WhatsApp-Image-2024-05-23-at-20.16.59-576x1024.jpeg\" alt=\"\" class=\"wp-image-3044\" srcset=\"https:\/\/lpfparana.com.ar\/inicio\/wp-content\/uploads\/2024\/05\/WhatsApp-Image-2024-05-23-at-20.16.59-576x1024.jpeg 576w, https:\/\/lpfparana.com.ar\/inicio\/wp-content\/uploads\/2024\/05\/WhatsApp-Image-2024-05-23-at-20.16.59-169x300.jpeg 169w, https:\/\/lpfparana.com.ar\/inicio\/wp-content\/uploads\/2024\/05\/WhatsApp-Image-2024-05-23-at-20.16.59-768x1365.jpeg 768w, https:\/\/lpfparana.com.ar\/inicio\/wp-content\/uploads\/2024\/05\/WhatsApp-Image-2024-05-23-at-20.16.59-864x1536.jpeg 864w, https:\/\/lpfparana.com.ar\/inicio\/wp-content\/uploads\/2024\/05\/WhatsApp-Image-2024-05-23-at-20.16.59.jpeg 900w\" sizes=\"(max-width: 576px) 100vw, 576px\" \/><\/a><\/figure>\n\n\n\n<figure class=\"wp-block-image size-large\"><a href=\"https:\/\/lpfparana.com.ar\/inicio\/wp-content\/uploads\/2024\/05\/WhatsApp-Image-2024-05-23-at-20.16.39.jpeg\"><img loading=\"lazy\" decoding=\"async\" width=\"576\" height=\"1024\" data-id=\"3042\" src=\"https:\/\/lpfparana.com.ar\/inicio\/wp-content\/uploads\/2024\/05\/WhatsApp-Image-2024-05-23-at-20.16.39-576x1024.jpeg\" alt=\"\" class=\"wp-image-3042\" srcset=\"https:\/\/lpfparana.com.ar\/inicio\/wp-content\/uploads\/2024\/05\/WhatsApp-Image-2024-05-23-at-20.16.39-576x1024.jpeg 576w, https:\/\/lpfparana.com.ar\/inicio\/wp-content\/uploads\/2024\/05\/WhatsApp-Image-2024-05-23-at-20.16.39-169x300.jpeg 169w, https:\/\/lpfparana.com.ar\/inicio\/wp-content\/uploads\/2024\/05\/WhatsApp-Image-2024-05-23-at-20.16.39.jpeg 720w\" sizes=\"(max-width: 576px) 100vw, 576px\" \/><\/a><\/figure>\n\n\n\n<figure class=\"wp-block-image size-large\"><a href=\"https:\/\/lpfparana.com.ar\/inicio\/wp-content\/uploads\/2024\/05\/WhatsApp-Image-2024-05-24-at-10.33.37-1.jpeg\"><img loading=\"lazy\" decoding=\"async\" width=\"1024\" height=\"771\" data-id=\"3047\" src=\"https:\/\/lpfparana.com.ar\/inicio\/wp-content\/uploads\/2024\/05\/WhatsApp-Image-2024-05-24-at-10.33.37-1-1024x771.jpeg\" alt=\"\" class=\"wp-image-3047\" srcset=\"https:\/\/lpfparana.com.ar\/inicio\/wp-content\/uploads\/2024\/05\/WhatsApp-Image-2024-05-24-at-10.33.37-1-1024x771.jpeg 1024w, https:\/\/lpfparana.com.ar\/inicio\/wp-content\/uploads\/2024\/05\/WhatsApp-Image-2024-05-24-at-10.33.37-1-300x226.jpeg 300w, https:\/\/lpfparana.com.ar\/inicio\/wp-content\/uploads\/2024\/05\/WhatsApp-Image-2024-05-24-at-10.33.37-1-768x578.jpeg 768w, https:\/\/lpfparana.com.ar\/inicio\/wp-content\/uploads\/2024\/05\/WhatsApp-Image-2024-05-24-at-10.33.37-1-1536x1156.jpeg 1536w, https:\/\/lpfparana.com.ar\/inicio\/wp-content\/uploads\/2024\/05\/WhatsApp-Image-2024-05-24-at-10.33.37-1.jpeg 1600w\" sizes=\"(max-width: 1024px) 100vw, 1024px\" \/><\/a><\/figure>\n<\/figure>\n","protected":false},"excerpt":{"rendered":"<p>Con una gran concurrencia, se comenzaron a dictar las clases para los alumnos ingresantes a primer a\u00f1o y tambi\u00e9n para quienes transitan el segundo a\u00f1o de estudio. Este jueves, en el Sal\u00f3n Auditorio del Complejo Escuela Hogar, se comenzaron a dictar las clases en el marco del ciclo lectivo 2024 de la \u201cEscuela de \u00c1rbitros\u201d&#8230;<\/p>\n","protected":false},"author":4,"featured_media":3041,"comment_status":"open","ping_status":"open","sticky":false,"template":"","format":"standard","meta":{"footnotes":""},"categories":[7,2],"tags":[],"class_list":["post-3040","post","type-post","status-publish","format-standard","has-post-thumbnail","hentry","category-institucional","category-noticias"],"featured_image_src":"https:\/\/lpfparana.com.ar\/inicio\/wp-content\/uploads\/2024\/05\/WhatsApp-Image-2024-05-24-at-10.33.37-e1716562286280.jpeg","author_info":{"display_name":"Juan Manuel L\u00f3pez","author_link":"https:\/\/lpfparana.com.ar\/inicio\/author\/juanito\/"},"yoast_head":"<!-- This site is optimized with the Yoast SEO Premium plugin v23.3 (Yoast SEO v27.2) - https:\/\/yoast.com\/product\/yoast-seo-premium-wordpress\/ -->\n<title>Comenz\u00f3 el ciclo lectivo 2024 de la \u201cEscuela de \u00c1rbitros\u201d -<\/title>\n<meta name=\"description\" content=\"Con una gran concurrencia, se comenzaron a dictar las clases para los alumnos ingresantes a primer a\u00f1o y tambi\u00e9n para...\" \/>\n<meta name=\"robots\" content=\"index, follow, max-snippet:-1, max-image-preview:large, max-video-preview:-1\" \/>\n<link rel=\"canonical\" href=\"https:\/\/lpfparana.com.ar\/inicio\/comenzo-el-ciclo-lectivo-2024-de-la-escuela-de-arbitros\/\" \/>\n<meta property=\"og:locale\" content=\"es_ES\" \/>\n<meta property=\"og:type\" content=\"article\" \/>\n<meta property=\"og:title\" content=\"Comenz\u00f3 el ciclo lectivo 2024 de la \u201cEscuela de \u00c1rbitros\u201d\" \/>\n<meta property=\"og:description\" content=\"Con una gran concurrencia, se comenzaron a dictar las clases para los alumnos ingresantes a primer a\u00f1o y tambi\u00e9n para...\" \/>\n<meta property=\"og:url\" content=\"https:\/\/lpfparana.com.ar\/inicio\/comenzo-el-ciclo-lectivo-2024-de-la-escuela-de-arbitros\/\" \/>\n<meta property=\"article:published_time\" content=\"2024-05-24T14:51:52+00:00\" \/>\n<meta property=\"article:modified_time\" content=\"2024-05-24T14:54:54+00:00\" \/>\n<meta property=\"og:image\" content=\"https:\/\/lpfparana.com.ar\/inicio\/wp-content\/uploads\/2024\/05\/WhatsApp-Image-2024-05-24-at-10.33.37-e1716562286280.jpeg\" \/>\n\t<meta property=\"og:image:width\" content=\"1530\" \/>\n\t<meta property=\"og:image:height\" content=\"842\" \/>\n\t<meta property=\"og:image:type\" content=\"image\/jpeg\" \/>\n<meta name=\"author\" content=\"Juan Manuel L\u00f3pez\" \/>\n<meta name=\"twitter:card\" content=\"summary_large_image\" \/>\n<meta name=\"twitter:label1\" content=\"Escrito por\" \/>\n\t<meta name=\"twitter:data1\" content=\"Juan Manuel L\u00f3pez\" \/>\n\t<meta name=\"twitter:label2\" content=\"Tiempo de lectura\" \/>\n\t<meta name=\"twitter:data2\" content=\"3 minutos\" \/>\n<script type=\"application\/ld+json\" class=\"yoast-schema-graph\">{\"@context\":\"https:\/\/schema.org\",\"@graph\":[{\"@type\":\"Article\",\"@id\":\"https:\/\/lpfparana.com.ar\/inicio\/comenzo-el-ciclo-lectivo-2024-de-la-escuela-de-arbitros\/#article\",\"isPartOf\":{\"@id\":\"https:\/\/lpfparana.com.ar\/inicio\/comenzo-el-ciclo-lectivo-2024-de-la-escuela-de-arbitros\/\"},\"author\":{\"name\":\"Juan Manuel L\u00f3pez\",\"@id\":\"https:\/\/lpfparana.com.ar\/inicio\/#\/schema\/person\/e4a909baf07553d45f0fb7b76f656d76\"},\"headline\":\"Comenz\u00f3 el ciclo lectivo 2024 de la \u201cEscuela de \u00c1rbitros\u201d\",\"datePublished\":\"2024-05-24T14:51:52+00:00\",\"dateModified\":\"2024-05-24T14:54:54+00:00\",\"mainEntityOfPage\":{\"@id\":\"https:\/\/lpfparana.com.ar\/inicio\/comenzo-el-ciclo-lectivo-2024-de-la-escuela-de-arbitros\/\"},\"wordCount\":266,\"commentCount\":0,\"image\":{\"@id\":\"https:\/\/lpfparana.com.ar\/inicio\/comenzo-el-ciclo-lectivo-2024-de-la-escuela-de-arbitros\/#primaryimage\"},\"thumbnailUrl\":\"https:\/\/lpfparana.com.ar\/inicio\/wp-content\/uploads\/2024\/05\/WhatsApp-Image-2024-05-24-at-10.33.37-e1716562286280.jpeg\",\"articleSection\":[\"Institucional\",\"Noticias\"],\"inLanguage\":\"es\",\"potentialAction\":[{\"@type\":\"CommentAction\",\"name\":\"Comment\",\"target\":[\"https:\/\/lpfparana.com.ar\/inicio\/comenzo-el-ciclo-lectivo-2024-de-la-escuela-de-arbitros\/#respond\"]}]},{\"@type\":\"WebPage\",\"@id\":\"https:\/\/lpfparana.com.ar\/inicio\/comenzo-el-ciclo-lectivo-2024-de-la-escuela-de-arbitros\/\",\"url\":\"https:\/\/lpfparana.com.ar\/inicio\/comenzo-el-ciclo-lectivo-2024-de-la-escuela-de-arbitros\/\",\"name\":\"Comenz\u00f3 el ciclo lectivo 2024 de la \u201cEscuela de \u00c1rbitros\u201d -\",\"isPartOf\":{\"@id\":\"https:\/\/lpfparana.com.ar\/inicio\/#website\"},\"primaryImageOfPage\":{\"@id\":\"https:\/\/lpfparana.com.ar\/inicio\/comenzo-el-ciclo-lectivo-2024-de-la-escuela-de-arbitros\/#primaryimage\"},\"image\":{\"@id\":\"https:\/\/lpfparana.com.ar\/inicio\/comenzo-el-ciclo-lectivo-2024-de-la-escuela-de-arbitros\/#primaryimage\"},\"thumbnailUrl\":\"https:\/\/lpfparana.com.ar\/inicio\/wp-content\/uploads\/2024\/05\/WhatsApp-Image-2024-05-24-at-10.33.37-e1716562286280.jpeg\",\"datePublished\":\"2024-05-24T14:51:52+00:00\",\"dateModified\":\"2024-05-24T14:54:54+00:00\",\"author\":{\"@id\":\"https:\/\/lpfparana.com.ar\/inicio\/#\/schema\/person\/e4a909baf07553d45f0fb7b76f656d76\"},\"description\":\"Con una gran concurrencia, se comenzaron a dictar las clases para los alumnos ingresantes a primer a\u00f1o y tambi\u00e9n para...\",\"breadcrumb\":{\"@id\":\"https:\/\/lpfparana.com.ar\/inicio\/comenzo-el-ciclo-lectivo-2024-de-la-escuela-de-arbitros\/#breadcrumb\"},\"inLanguage\":\"es\",\"potentialAction\":[{\"@type\":\"ReadAction\",\"target\":[\"https:\/\/lpfparana.com.ar\/inicio\/comenzo-el-ciclo-lectivo-2024-de-la-escuela-de-arbitros\/\"]}]},{\"@type\":\"ImageObject\",\"inLanguage\":\"es\",\"@id\":\"https:\/\/lpfparana.com.ar\/inicio\/comenzo-el-ciclo-lectivo-2024-de-la-escuela-de-arbitros\/#primaryimage\",\"url\":\"https:\/\/lpfparana.com.ar\/inicio\/wp-content\/uploads\/2024\/05\/WhatsApp-Image-2024-05-24-at-10.33.37-e1716562286280.jpeg\",\"contentUrl\":\"https:\/\/lpfparana.com.ar\/inicio\/wp-content\/uploads\/2024\/05\/WhatsApp-Image-2024-05-24-at-10.33.37-e1716562286280.jpeg\",\"width\":1530,\"height\":842},{\"@type\":\"BreadcrumbList\",\"@id\":\"https:\/\/lpfparana.com.ar\/inicio\/comenzo-el-ciclo-lectivo-2024-de-la-escuela-de-arbitros\/#breadcrumb\",\"itemListElement\":[{\"@type\":\"ListItem\",\"position\":1,\"name\":\"Portada\",\"item\":\"https:\/\/lpfparana.com.ar\/inicio\/\"},{\"@type\":\"ListItem\",\"position\":2,\"name\":\"Comenz\u00f3 el ciclo lectivo 2024 de la \u201cEscuela de \u00c1rbitros\u201d\"}]},{\"@type\":\"WebSite\",\"@id\":\"https:\/\/lpfparana.com.ar\/inicio\/#website\",\"url\":\"https:\/\/lpfparana.com.ar\/inicio\/\",\"name\":\"\",\"description\":\"LPF Paran\u00e1\",\"potentialAction\":[{\"@type\":\"SearchAction\",\"target\":{\"@type\":\"EntryPoint\",\"urlTemplate\":\"https:\/\/lpfparana.com.ar\/inicio\/?s={search_term_string}\"},\"query-input\":{\"@type\":\"PropertyValueSpecification\",\"valueRequired\":true,\"valueName\":\"search_term_string\"}}],\"inLanguage\":\"es\"},{\"@type\":\"Person\",\"@id\":\"https:\/\/lpfparana.com.ar\/inicio\/#\/schema\/person\/e4a909baf07553d45f0fb7b76f656d76\",\"name\":\"Juan Manuel L\u00f3pez\",\"image\":{\"@type\":\"ImageObject\",\"inLanguage\":\"es\",\"@id\":\"https:\/\/secure.gravatar.com\/avatar\/6fd4b36dc88658b1a9f8103e109f47885fcd020443829a5d936ca18f07c3d96c?s=96&d=mm&r=g\",\"url\":\"https:\/\/secure.gravatar.com\/avatar\/6fd4b36dc88658b1a9f8103e109f47885fcd020443829a5d936ca18f07c3d96c?s=96&d=mm&r=g\",\"contentUrl\":\"https:\/\/secure.gravatar.com\/avatar\/6fd4b36dc88658b1a9f8103e109f47885fcd020443829a5d936ca18f07c3d96c?s=96&d=mm&r=g\",\"caption\":\"Juan Manuel L\u00f3pez\"},\"url\":\"https:\/\/lpfparana.com.ar\/inicio\/author\/juanito\/\"}]}<\/script>\n<!-- \/ Yoast SEO Premium plugin. -->","yoast_head_json":{"title":"Comenz\u00f3 el ciclo lectivo 2024 de la \u201cEscuela de \u00c1rbitros\u201d -","description":"Con una gran concurrencia, se comenzaron a dictar las clases para los alumnos ingresantes a primer a\u00f1o y tambi\u00e9n para...","robots":{"index":"index","follow":"follow","max-snippet":"max-snippet:-1","max-image-preview":"max-image-preview:large","max-video-preview":"max-video-preview:-1"},"canonical":"https:\/\/lpfparana.com.ar\/inicio\/comenzo-el-ciclo-lectivo-2024-de-la-escuela-de-arbitros\/","og_locale":"es_ES","og_type":"article","og_title":"Comenz\u00f3 el ciclo lectivo 2024 de la \u201cEscuela de \u00c1rbitros\u201d","og_description":"Con una gran concurrencia, se comenzaron a dictar las clases para los alumnos ingresantes a primer a\u00f1o y tambi\u00e9n para...","og_url":"https:\/\/lpfparana.com.ar\/inicio\/comenzo-el-ciclo-lectivo-2024-de-la-escuela-de-arbitros\/","article_published_time":"2024-05-24T14:51:52+00:00","article_modified_time":"2024-05-24T14:54:54+00:00","og_image":[{"width":1530,"height":842,"url":"https:\/\/lpfparana.com.ar\/inicio\/wp-content\/uploads\/2024\/05\/WhatsApp-Image-2024-05-24-at-10.33.37-e1716562286280.jpeg","type":"image\/jpeg"}],"author":"Juan Manuel L\u00f3pez","twitter_card":"summary_large_image","twitter_misc":{"Escrito por":"Juan Manuel L\u00f3pez","Tiempo de lectura":"3 minutos"},"schema":{"@context":"https:\/\/schema.org","@graph":[{"@type":"Article","@id":"https:\/\/lpfparana.com.ar\/inicio\/comenzo-el-ciclo-lectivo-2024-de-la-escuela-de-arbitros\/#article","isPartOf":{"@id":"https:\/\/lpfparana.com.ar\/inicio\/comenzo-el-ciclo-lectivo-2024-de-la-escuela-de-arbitros\/"},"author":{"name":"Juan Manuel L\u00f3pez","@id":"https:\/\/lpfparana.com.ar\/inicio\/#\/schema\/person\/e4a909baf07553d45f0fb7b76f656d76"},"headline":"Comenz\u00f3 el ciclo lectivo 2024 de la \u201cEscuela de \u00c1rbitros\u201d","datePublished":"2024-05-24T14:51:52+00:00","dateModified":"2024-05-24T14:54:54+00:00","mainEntityOfPage":{"@id":"https:\/\/lpfparana.com.ar\/inicio\/comenzo-el-ciclo-lectivo-2024-de-la-escuela-de-arbitros\/"},"wordCount":266,"commentCount":0,"image":{"@id":"https:\/\/lpfparana.com.ar\/inicio\/comenzo-el-ciclo-lectivo-2024-de-la-escuela-de-arbitros\/#primaryimage"},"thumbnailUrl":"https:\/\/lpfparana.com.ar\/inicio\/wp-content\/uploads\/2024\/05\/WhatsApp-Image-2024-05-24-at-10.33.37-e1716562286280.jpeg","articleSection":["Institucional","Noticias"],"inLanguage":"es","potentialAction":[{"@type":"CommentAction","name":"Comment","target":["https:\/\/lpfparana.com.ar\/inicio\/comenzo-el-ciclo-lectivo-2024-de-la-escuela-de-arbitros\/#respond"]}]},{"@type":"WebPage","@id":"https:\/\/lpfparana.com.ar\/inicio\/comenzo-el-ciclo-lectivo-2024-de-la-escuela-de-arbitros\/","url":"https:\/\/lpfparana.com.ar\/inicio\/comenzo-el-ciclo-lectivo-2024-de-la-escuela-de-arbitros\/","name":"Comenz\u00f3 el ciclo lectivo 2024 de la \u201cEscuela de \u00c1rbitros\u201d -","isPartOf":{"@id":"https:\/\/lpfparana.com.ar\/inicio\/#website"},"primaryImageOfPage":{"@id":"https:\/\/lpfparana.com.ar\/inicio\/comenzo-el-ciclo-lectivo-2024-de-la-escuela-de-arbitros\/#primaryimage"},"image":{"@id":"https:\/\/lpfparana.com.ar\/inicio\/comenzo-el-ciclo-lectivo-2024-de-la-escuela-de-arbitros\/#primaryimage"},"thumbnailUrl":"https:\/\/lpfparana.com.ar\/inicio\/wp-content\/uploads\/2024\/05\/WhatsApp-Image-2024-05-24-at-10.33.37-e1716562286280.jpeg","datePublished":"2024-05-24T14:51:52+00:00","dateModified":"2024-05-24T14:54:54+00:00","author":{"@id":"https:\/\/lpfparana.com.ar\/inicio\/#\/schema\/person\/e4a909baf07553d45f0fb7b76f656d76"},"description":"Con una gran concurrencia, se comenzaron a dictar las clases para los alumnos ingresantes a primer a\u00f1o y tambi\u00e9n para...","breadcrumb":{"@id":"https:\/\/lpfparana.com.ar\/inicio\/comenzo-el-ciclo-lectivo-2024-de-la-escuela-de-arbitros\/#breadcrumb"},"inLanguage":"es","potentialAction":[{"@type":"ReadAction","target":["https:\/\/lpfparana.com.ar\/inicio\/comenzo-el-ciclo-lectivo-2024-de-la-escuela-de-arbitros\/"]}]},{"@type":"ImageObject","inLanguage":"es","@id":"https:\/\/lpfparana.com.ar\/inicio\/comenzo-el-ciclo-lectivo-2024-de-la-escuela-de-arbitros\/#primaryimage","url":"https:\/\/lpfparana.com.ar\/inicio\/wp-content\/uploads\/2024\/05\/WhatsApp-Image-2024-05-24-at-10.33.37-e1716562286280.jpeg","contentUrl":"https:\/\/lpfparana.com.ar\/inicio\/wp-content\/uploads\/2024\/05\/WhatsApp-Image-2024-05-24-at-10.33.37-e1716562286280.jpeg","width":1530,"height":842},{"@type":"BreadcrumbList","@id":"https:\/\/lpfparana.com.ar\/inicio\/comenzo-el-ciclo-lectivo-2024-de-la-escuela-de-arbitros\/#breadcrumb","itemListElement":[{"@type":"ListItem","position":1,"name":"Portada","item":"https:\/\/lpfparana.com.ar\/inicio\/"},{"@type":"ListItem","position":2,"name":"Comenz\u00f3 el ciclo lectivo 2024 de la \u201cEscuela de \u00c1rbitros\u201d"}]},{"@type":"WebSite","@id":"https:\/\/lpfparana.com.ar\/inicio\/#website","url":"https:\/\/lpfparana.com.ar\/inicio\/","name":"","description":"LPF Paran\u00e1","potentialAction":[{"@type":"SearchAction","target":{"@type":"EntryPoint","urlTemplate":"https:\/\/lpfparana.com.ar\/inicio\/?s={search_term_string}"},"query-input":{"@type":"PropertyValueSpecification","valueRequired":true,"valueName":"search_term_string"}}],"inLanguage":"es"},{"@type":"Person","@id":"https:\/\/lpfparana.com.ar\/inicio\/#\/schema\/person\/e4a909baf07553d45f0fb7b76f656d76","name":"Juan Manuel L\u00f3pez","image":{"@type":"ImageObject","inLanguage":"es","@id":"https:\/\/secure.gravatar.com\/avatar\/6fd4b36dc88658b1a9f8103e109f47885fcd020443829a5d936ca18f07c3d96c?s=96&d=mm&r=g","url":"https:\/\/secure.gravatar.com\/avatar\/6fd4b36dc88658b1a9f8103e109f47885fcd020443829a5d936ca18f07c3d96c?s=96&d=mm&r=g","contentUrl":"https:\/\/secure.gravatar.com\/avatar\/6fd4b36dc88658b1a9f8103e109f47885fcd020443829a5d936ca18f07c3d96c?s=96&d=mm&r=g","caption":"Juan Manuel L\u00f3pez"},"url":"https:\/\/lpfparana.com.ar\/inicio\/author\/juanito\/"}]}},"_links":{"self":[{"href":"https:\/\/lpfparana.com.ar\/inicio\/wp-json\/wp\/v2\/posts\/3040","targetHints":{"allow":["GET"]}}],"collection":[{"href":"https:\/\/lpfparana.com.ar\/inicio\/wp-json\/wp\/v2\/posts"}],"about":[{"href":"https:\/\/lpfparana.com.ar\/inicio\/wp-json\/wp\/v2\/types\/post"}],"author":[{"embeddable":true,"href":"https:\/\/lpfparana.com.ar\/inicio\/wp-json\/wp\/v2\/users\/4"}],"replies":[{"embeddable":true,"href":"https:\/\/lpfparana.com.ar\/inicio\/wp-json\/wp\/v2\/comments?post=3040"}],"version-history":[{"count":2,"href":"https:\/\/lpfparana.com.ar\/inicio\/wp-json\/wp\/v2\/posts\/3040\/revisions"}],"predecessor-version":[{"id":3049,"href":"https:\/\/lpfparana.com.ar\/inicio\/wp-json\/wp\/v2\/posts\/3040\/revisions\/3049"}],"wp:featuredmedia":[{"embeddable":true,"href":"https:\/\/lpfparana.com.ar\/inicio\/wp-json\/wp\/v2\/media\/3041"}],"wp:attachment":[{"href":"https:\/\/lpfparana.com.ar\/inicio\/wp-json\/wp\/v2\/media?parent=3040"}],"wp:term":[{"taxonomy":"category","embeddable":true,"href":"https:\/\/lpfparana.com.ar\/inicio\/wp-json\/wp\/v2\/categories?post=3040"},{"taxonomy":"post_tag","embeddable":true,"href":"https:\/\/lpfparana.com.ar\/inicio\/wp-json\/wp\/v2\/tags?post=3040"}],"curies":[{"name":"wp","href":"https:\/\/api.w.org\/{rel}","templated":true}]}}