{"id":3024,"date":"2024-05-24T11:13:08","date_gmt":"2024-05-24T14:13:08","guid":{"rendered":"https:\/\/lpfparana.com.ar\/inicio\/?p=3024"},"modified":"2024-05-24T11:32:02","modified_gmt":"2024-05-24T14:32:02","slug":"es-un-orgullo-representar-a-la-liga-paranaense","status":"publish","type":"post","link":"https:\/\/lpfparana.com.ar\/inicio\/es-un-orgullo-representar-a-la-liga-paranaense\/","title":{"rendered":"\u201cEs un orgullo representar a la Liga Paranaense\u201d"},"content":{"rendered":"\n<h3 class=\"wp-block-heading\">Renzo Pitassi, el joven \u00e1rbitro de la LPF dialog\u00f3 con \u201cLocos X La Liga\u201d, el programa oficial liguista que se emite por FM Litoral 103.1 Mhz.<\/h3>\n\n\n\n<p>El juez participar\u00e1 en un curso profesional de f\u00fatbol playa, que dictar\u00e1 la FIFA en Buenos Aires, en el predio de la Asociaci\u00f3n del F\u00fatbol Argentino. Es por eso que se est\u00e1 preparando f\u00edsica y mentalmente con las mejores expectativas. A su vez, este fin de semana, como cada semana, dirigir\u00e1 en el \u00e1mbito de la Liga Paranaense de F\u00fatbol.&nbsp;<\/p>\n\n\n\n<p>\u201cMe siento&nbsp; emocionado por representar a la Liga y promover el f\u00fatbol playa en la zona. Esta posibilidad me llega en un buen momento en mi carrera, me siento feliz y motivado\u201d, destac\u00f3 Pitassi en el dialogo radial.<\/p>\n\n\n\n<h3 class=\"wp-block-heading\">M\u00e1s capacitaci\u00f3n<\/h3>\n\n\n\n<p>El integrante del cuerpo arbitral de la LPF hizo menci\u00f3n a la capacitaci\u00f3n que estar\u00e1 realizando en los pr\u00f3ximos d\u00edas, destacando que: \u201cEs un curso profesional FIFA RAP, as\u00ed se llama. Es la primera edici\u00f3n que se hace en Argentina. Se viene realizando para el futsal y para el f\u00fatbol once. Tengo el agrado de ser part\u00edcipe, de que me hayan invitado despu\u00e9s de la experiencia que pas\u00e9 el a\u00f1o pasado\u201d.<\/p>\n\n\n\n<h3 class=\"wp-block-heading\">Los condimentos del deporte<\/h3>\n\n\n\n<p>A la hora de hablar del f\u00fatbol playa, Pitassi asegur\u00f3: \u201cOtra de las cosas lindas que tiene este deporte es la m\u00fasica y la buena onda, cada jugador que intenta hacer una chilena o alguna maniobra tiene que tener su espacio, si no es falta, tiene una din\u00e1mica muy linda. En este caso tenes que estar bien preparado f\u00edsicamente\u201d.<\/p>\n\n\n\n<h3 class=\"wp-block-heading\">El v\u00ednculo con la Liga<\/h3>\n\n\n\n<p>\u201cTengo el coraz\u00f3n dividido, en parte por la Liga, que siempre quiero estar a disposici\u00f3n. A m\u00ed me encanta participar, no solamente ir a Primera Divisi\u00f3n, sino tambi\u00e9n estar con los juveniles. Gracias a Dios tengo una buena relaci\u00f3n con la mayor\u00eda de los clubes, disfruto mucho de la jornadas, ellos se acuerdan de cuando hac\u00eda m\u00fasica, de los TikToks, bailando, eso me hace muy feliz y yo siempre disfruto participar de la Liga\u201d, destac\u00f3 Renzo sobre su v\u00ednculo con el f\u00fatbol liguista y sus participantes.<\/p>\n\n\n\n<p>En el cierre de la charla, el juez remarc\u00f3: \u201cTrato de aportar mi granito de arena, por el amor que le tengo a la Liga, quiero ir a esta capacitaci\u00f3n y dar lo mejor de m\u00ed, representarla de la mejor manera porque creo que es algo lindo y me hace sentir muy bien.&nbsp; La Liga me ha brindado mucho, entonces quiero devolverle de la mejor forma posible\u201d<\/p>\n","protected":false},"excerpt":{"rendered":"<p>Renzo Pitassi, el joven \u00e1rbitro de la LPF dialog\u00f3 con \u201cLocos X La Liga\u201d, el programa oficial liguista que se emite por FM Litoral 103.1 Mhz. El juez participar\u00e1 en un curso profesional de f\u00fatbol playa, que dictar\u00e1 la FIFA en Buenos Aires, en el predio de la Asociaci\u00f3n del F\u00fatbol Argentino. Es por eso&#8230;<\/p>\n","protected":false},"author":6,"featured_media":3025,"comment_status":"open","ping_status":"open","sticky":false,"template":"","format":"standard","meta":{"footnotes":""},"categories":[2],"tags":[],"class_list":["post-3024","post","type-post","status-publish","format-standard","has-post-thumbnail","hentry","category-noticias"],"featured_image_src":"https:\/\/lpfparana.com.ar\/inicio\/wp-content\/uploads\/2024\/05\/pita.jpg","author_info":{"display_name":"Juan Manuel Fernandez","author_link":"https:\/\/lpfparana.com.ar\/inicio\/author\/juanma\/"},"yoast_head":"<!-- This site is optimized with the Yoast SEO Premium plugin v23.3 (Yoast SEO v27.2) - https:\/\/yoast.com\/product\/yoast-seo-premium-wordpress\/ -->\n<title>\u201cEs un orgullo representar a la Liga Paranaense\u201d -<\/title>\n<meta name=\"description\" content=\"Renzo Pitassi, el joven \u00e1rbitro de la LPF dialogo con \u201cLocos X La Liga\u201d, el programa oficial liguista que se emite por FM Litoral 103.1 Mhz.\" \/>\n<meta name=\"robots\" content=\"index, follow, max-snippet:-1, max-image-preview:large, max-video-preview:-1\" \/>\n<link rel=\"canonical\" href=\"https:\/\/lpfparana.com.ar\/inicio\/es-un-orgullo-representar-a-la-liga-paranaense\/\" \/>\n<meta property=\"og:locale\" content=\"es_ES\" \/>\n<meta property=\"og:type\" content=\"article\" \/>\n<meta property=\"og:title\" content=\"\u201cEs un orgullo representar a la Liga Paranaense\u201d\" \/>\n<meta property=\"og:description\" content=\"Renzo Pitassi, el joven \u00e1rbitro de la LPF dialogo con \u201cLocos X La Liga\u201d, el programa oficial liguista que se emite por FM Litoral 103.1 Mhz.\" \/>\n<meta property=\"og:url\" content=\"https:\/\/lpfparana.com.ar\/inicio\/es-un-orgullo-representar-a-la-liga-paranaense\/\" \/>\n<meta property=\"article:published_time\" content=\"2024-05-24T14:13:08+00:00\" \/>\n<meta property=\"article:modified_time\" content=\"2024-05-24T14:32:02+00:00\" \/>\n<meta property=\"og:image\" content=\"https:\/\/lpfparana.com.ar\/inicio\/wp-content\/uploads\/2024\/05\/pita.jpg\" \/>\n\t<meta property=\"og:image:width\" content=\"1280\" \/>\n\t<meta property=\"og:image:height\" content=\"720\" \/>\n\t<meta property=\"og:image:type\" content=\"image\/jpeg\" \/>\n<meta name=\"author\" content=\"Juan Manuel Fernandez\" \/>\n<meta name=\"twitter:card\" content=\"summary_large_image\" \/>\n<meta name=\"twitter:label1\" content=\"Escrito por\" \/>\n\t<meta name=\"twitter:data1\" content=\"Juan Manuel Fernandez\" \/>\n\t<meta name=\"twitter:label2\" content=\"Tiempo de lectura\" \/>\n\t<meta name=\"twitter:data2\" content=\"3 minutos\" \/>\n<script type=\"application\/ld+json\" class=\"yoast-schema-graph\">{\"@context\":\"https:\/\/schema.org\",\"@graph\":[{\"@type\":\"Article\",\"@id\":\"https:\/\/lpfparana.com.ar\/inicio\/es-un-orgullo-representar-a-la-liga-paranaense\/#article\",\"isPartOf\":{\"@id\":\"https:\/\/lpfparana.com.ar\/inicio\/es-un-orgullo-representar-a-la-liga-paranaense\/\"},\"author\":{\"name\":\"Juan Manuel Fernandez\",\"@id\":\"https:\/\/lpfparana.com.ar\/inicio\/#\/schema\/person\/5db3866b404cb9672f70c499a9ede0e1\"},\"headline\":\"\u201cEs un orgullo representar a la Liga Paranaense\u201d\",\"datePublished\":\"2024-05-24T14:13:08+00:00\",\"dateModified\":\"2024-05-24T14:32:02+00:00\",\"mainEntityOfPage\":{\"@id\":\"https:\/\/lpfparana.com.ar\/inicio\/es-un-orgullo-representar-a-la-liga-paranaense\/\"},\"wordCount\":461,\"commentCount\":0,\"image\":{\"@id\":\"https:\/\/lpfparana.com.ar\/inicio\/es-un-orgullo-representar-a-la-liga-paranaense\/#primaryimage\"},\"thumbnailUrl\":\"https:\/\/lpfparana.com.ar\/inicio\/wp-content\/uploads\/2024\/05\/pita.jpg\",\"articleSection\":[\"Noticias\"],\"inLanguage\":\"es\",\"potentialAction\":[{\"@type\":\"CommentAction\",\"name\":\"Comment\",\"target\":[\"https:\/\/lpfparana.com.ar\/inicio\/es-un-orgullo-representar-a-la-liga-paranaense\/#respond\"]}]},{\"@type\":\"WebPage\",\"@id\":\"https:\/\/lpfparana.com.ar\/inicio\/es-un-orgullo-representar-a-la-liga-paranaense\/\",\"url\":\"https:\/\/lpfparana.com.ar\/inicio\/es-un-orgullo-representar-a-la-liga-paranaense\/\",\"name\":\"\u201cEs un orgullo representar a la Liga Paranaense\u201d -\",\"isPartOf\":{\"@id\":\"https:\/\/lpfparana.com.ar\/inicio\/#website\"},\"primaryImageOfPage\":{\"@id\":\"https:\/\/lpfparana.com.ar\/inicio\/es-un-orgullo-representar-a-la-liga-paranaense\/#primaryimage\"},\"image\":{\"@id\":\"https:\/\/lpfparana.com.ar\/inicio\/es-un-orgullo-representar-a-la-liga-paranaense\/#primaryimage\"},\"thumbnailUrl\":\"https:\/\/lpfparana.com.ar\/inicio\/wp-content\/uploads\/2024\/05\/pita.jpg\",\"datePublished\":\"2024-05-24T14:13:08+00:00\",\"dateModified\":\"2024-05-24T14:32:02+00:00\",\"author\":{\"@id\":\"https:\/\/lpfparana.com.ar\/inicio\/#\/schema\/person\/5db3866b404cb9672f70c499a9ede0e1\"},\"description\":\"Renzo Pitassi, el joven \u00e1rbitro de la LPF dialogo con \u201cLocos X La Liga\u201d, el programa oficial liguista que se emite por FM Litoral 103.1 Mhz.\",\"breadcrumb\":{\"@id\":\"https:\/\/lpfparana.com.ar\/inicio\/es-un-orgullo-representar-a-la-liga-paranaense\/#breadcrumb\"},\"inLanguage\":\"es\",\"potentialAction\":[{\"@type\":\"ReadAction\",\"target\":[\"https:\/\/lpfparana.com.ar\/inicio\/es-un-orgullo-representar-a-la-liga-paranaense\/\"]}]},{\"@type\":\"ImageObject\",\"inLanguage\":\"es\",\"@id\":\"https:\/\/lpfparana.com.ar\/inicio\/es-un-orgullo-representar-a-la-liga-paranaense\/#primaryimage\",\"url\":\"https:\/\/lpfparana.com.ar\/inicio\/wp-content\/uploads\/2024\/05\/pita.jpg\",\"contentUrl\":\"https:\/\/lpfparana.com.ar\/inicio\/wp-content\/uploads\/2024\/05\/pita.jpg\",\"width\":1280,\"height\":720},{\"@type\":\"BreadcrumbList\",\"@id\":\"https:\/\/lpfparana.com.ar\/inicio\/es-un-orgullo-representar-a-la-liga-paranaense\/#breadcrumb\",\"itemListElement\":[{\"@type\":\"ListItem\",\"position\":1,\"name\":\"Portada\",\"item\":\"https:\/\/lpfparana.com.ar\/inicio\/\"},{\"@type\":\"ListItem\",\"position\":2,\"name\":\"\u201cEs un orgullo representar a la Liga Paranaense\u201d\"}]},{\"@type\":\"WebSite\",\"@id\":\"https:\/\/lpfparana.com.ar\/inicio\/#website\",\"url\":\"https:\/\/lpfparana.com.ar\/inicio\/\",\"name\":\"\",\"description\":\"LPF Paran\u00e1\",\"potentialAction\":[{\"@type\":\"SearchAction\",\"target\":{\"@type\":\"EntryPoint\",\"urlTemplate\":\"https:\/\/lpfparana.com.ar\/inicio\/?s={search_term_string}\"},\"query-input\":{\"@type\":\"PropertyValueSpecification\",\"valueRequired\":true,\"valueName\":\"search_term_string\"}}],\"inLanguage\":\"es\"},{\"@type\":\"Person\",\"@id\":\"https:\/\/lpfparana.com.ar\/inicio\/#\/schema\/person\/5db3866b404cb9672f70c499a9ede0e1\",\"name\":\"Juan Manuel Fernandez\",\"image\":{\"@type\":\"ImageObject\",\"inLanguage\":\"es\",\"@id\":\"https:\/\/secure.gravatar.com\/avatar\/b9ded3b46d997a47d4ffae36e85d6b17e879993cc483e0eae0cf69b9c53626e9?s=96&d=mm&r=g\",\"url\":\"https:\/\/secure.gravatar.com\/avatar\/b9ded3b46d997a47d4ffae36e85d6b17e879993cc483e0eae0cf69b9c53626e9?s=96&d=mm&r=g\",\"contentUrl\":\"https:\/\/secure.gravatar.com\/avatar\/b9ded3b46d997a47d4ffae36e85d6b17e879993cc483e0eae0cf69b9c53626e9?s=96&d=mm&r=g\",\"caption\":\"Juan Manuel Fernandez\"},\"url\":\"https:\/\/lpfparana.com.ar\/inicio\/author\/juanma\/\"}]}<\/script>\n<!-- \/ Yoast SEO Premium plugin. -->","yoast_head_json":{"title":"\u201cEs un orgullo representar a la Liga Paranaense\u201d -","description":"Renzo Pitassi, el joven \u00e1rbitro de la LPF dialogo con \u201cLocos X La Liga\u201d, el programa oficial liguista que se emite por FM Litoral 103.1 Mhz.","robots":{"index":"index","follow":"follow","max-snippet":"max-snippet:-1","max-image-preview":"max-image-preview:large","max-video-preview":"max-video-preview:-1"},"canonical":"https:\/\/lpfparana.com.ar\/inicio\/es-un-orgullo-representar-a-la-liga-paranaense\/","og_locale":"es_ES","og_type":"article","og_title":"\u201cEs un orgullo representar a la Liga Paranaense\u201d","og_description":"Renzo Pitassi, el joven \u00e1rbitro de la LPF dialogo con \u201cLocos X La Liga\u201d, el programa oficial liguista que se emite por FM Litoral 103.1 Mhz.","og_url":"https:\/\/lpfparana.com.ar\/inicio\/es-un-orgullo-representar-a-la-liga-paranaense\/","article_published_time":"2024-05-24T14:13:08+00:00","article_modified_time":"2024-05-24T14:32:02+00:00","og_image":[{"width":1280,"height":720,"url":"https:\/\/lpfparana.com.ar\/inicio\/wp-content\/uploads\/2024\/05\/pita.jpg","type":"image\/jpeg"}],"author":"Juan Manuel Fernandez","twitter_card":"summary_large_image","twitter_misc":{"Escrito por":"Juan Manuel Fernandez","Tiempo de lectura":"3 minutos"},"schema":{"@context":"https:\/\/schema.org","@graph":[{"@type":"Article","@id":"https:\/\/lpfparana.com.ar\/inicio\/es-un-orgullo-representar-a-la-liga-paranaense\/#article","isPartOf":{"@id":"https:\/\/lpfparana.com.ar\/inicio\/es-un-orgullo-representar-a-la-liga-paranaense\/"},"author":{"name":"Juan Manuel Fernandez","@id":"https:\/\/lpfparana.com.ar\/inicio\/#\/schema\/person\/5db3866b404cb9672f70c499a9ede0e1"},"headline":"\u201cEs un orgullo representar a la Liga Paranaense\u201d","datePublished":"2024-05-24T14:13:08+00:00","dateModified":"2024-05-24T14:32:02+00:00","mainEntityOfPage":{"@id":"https:\/\/lpfparana.com.ar\/inicio\/es-un-orgullo-representar-a-la-liga-paranaense\/"},"wordCount":461,"commentCount":0,"image":{"@id":"https:\/\/lpfparana.com.ar\/inicio\/es-un-orgullo-representar-a-la-liga-paranaense\/#primaryimage"},"thumbnailUrl":"https:\/\/lpfparana.com.ar\/inicio\/wp-content\/uploads\/2024\/05\/pita.jpg","articleSection":["Noticias"],"inLanguage":"es","potentialAction":[{"@type":"CommentAction","name":"Comment","target":["https:\/\/lpfparana.com.ar\/inicio\/es-un-orgullo-representar-a-la-liga-paranaense\/#respond"]}]},{"@type":"WebPage","@id":"https:\/\/lpfparana.com.ar\/inicio\/es-un-orgullo-representar-a-la-liga-paranaense\/","url":"https:\/\/lpfparana.com.ar\/inicio\/es-un-orgullo-representar-a-la-liga-paranaense\/","name":"\u201cEs un orgullo representar a la Liga Paranaense\u201d -","isPartOf":{"@id":"https:\/\/lpfparana.com.ar\/inicio\/#website"},"primaryImageOfPage":{"@id":"https:\/\/lpfparana.com.ar\/inicio\/es-un-orgullo-representar-a-la-liga-paranaense\/#primaryimage"},"image":{"@id":"https:\/\/lpfparana.com.ar\/inicio\/es-un-orgullo-representar-a-la-liga-paranaense\/#primaryimage"},"thumbnailUrl":"https:\/\/lpfparana.com.ar\/inicio\/wp-content\/uploads\/2024\/05\/pita.jpg","datePublished":"2024-05-24T14:13:08+00:00","dateModified":"2024-05-24T14:32:02+00:00","author":{"@id":"https:\/\/lpfparana.com.ar\/inicio\/#\/schema\/person\/5db3866b404cb9672f70c499a9ede0e1"},"description":"Renzo Pitassi, el joven \u00e1rbitro de la LPF dialogo con \u201cLocos X La Liga\u201d, el programa oficial liguista que se emite por FM Litoral 103.1 Mhz.","breadcrumb":{"@id":"https:\/\/lpfparana.com.ar\/inicio\/es-un-orgullo-representar-a-la-liga-paranaense\/#breadcrumb"},"inLanguage":"es","potentialAction":[{"@type":"ReadAction","target":["https:\/\/lpfparana.com.ar\/inicio\/es-un-orgullo-representar-a-la-liga-paranaense\/"]}]},{"@type":"ImageObject","inLanguage":"es","@id":"https:\/\/lpfparana.com.ar\/inicio\/es-un-orgullo-representar-a-la-liga-paranaense\/#primaryimage","url":"https:\/\/lpfparana.com.ar\/inicio\/wp-content\/uploads\/2024\/05\/pita.jpg","contentUrl":"https:\/\/lpfparana.com.ar\/inicio\/wp-content\/uploads\/2024\/05\/pita.jpg","width":1280,"height":720},{"@type":"BreadcrumbList","@id":"https:\/\/lpfparana.com.ar\/inicio\/es-un-orgullo-representar-a-la-liga-paranaense\/#breadcrumb","itemListElement":[{"@type":"ListItem","position":1,"name":"Portada","item":"https:\/\/lpfparana.com.ar\/inicio\/"},{"@type":"ListItem","position":2,"name":"\u201cEs un orgullo representar a la Liga Paranaense\u201d"}]},{"@type":"WebSite","@id":"https:\/\/lpfparana.com.ar\/inicio\/#website","url":"https:\/\/lpfparana.com.ar\/inicio\/","name":"","description":"LPF Paran\u00e1","potentialAction":[{"@type":"SearchAction","target":{"@type":"EntryPoint","urlTemplate":"https:\/\/lpfparana.com.ar\/inicio\/?s={search_term_string}"},"query-input":{"@type":"PropertyValueSpecification","valueRequired":true,"valueName":"search_term_string"}}],"inLanguage":"es"},{"@type":"Person","@id":"https:\/\/lpfparana.com.ar\/inicio\/#\/schema\/person\/5db3866b404cb9672f70c499a9ede0e1","name":"Juan Manuel Fernandez","image":{"@type":"ImageObject","inLanguage":"es","@id":"https:\/\/secure.gravatar.com\/avatar\/b9ded3b46d997a47d4ffae36e85d6b17e879993cc483e0eae0cf69b9c53626e9?s=96&d=mm&r=g","url":"https:\/\/secure.gravatar.com\/avatar\/b9ded3b46d997a47d4ffae36e85d6b17e879993cc483e0eae0cf69b9c53626e9?s=96&d=mm&r=g","contentUrl":"https:\/\/secure.gravatar.com\/avatar\/b9ded3b46d997a47d4ffae36e85d6b17e879993cc483e0eae0cf69b9c53626e9?s=96&d=mm&r=g","caption":"Juan Manuel Fernandez"},"url":"https:\/\/lpfparana.com.ar\/inicio\/author\/juanma\/"}]}},"_links":{"self":[{"href":"https:\/\/lpfparana.com.ar\/inicio\/wp-json\/wp\/v2\/posts\/3024","targetHints":{"allow":["GET"]}}],"collection":[{"href":"https:\/\/lpfparana.com.ar\/inicio\/wp-json\/wp\/v2\/posts"}],"about":[{"href":"https:\/\/lpfparana.com.ar\/inicio\/wp-json\/wp\/v2\/types\/post"}],"author":[{"embeddable":true,"href":"https:\/\/lpfparana.com.ar\/inicio\/wp-json\/wp\/v2\/users\/6"}],"replies":[{"embeddable":true,"href":"https:\/\/lpfparana.com.ar\/inicio\/wp-json\/wp\/v2\/comments?post=3024"}],"version-history":[{"count":4,"href":"https:\/\/lpfparana.com.ar\/inicio\/wp-json\/wp\/v2\/posts\/3024\/revisions"}],"predecessor-version":[{"id":3039,"href":"https:\/\/lpfparana.com.ar\/inicio\/wp-json\/wp\/v2\/posts\/3024\/revisions\/3039"}],"wp:featuredmedia":[{"embeddable":true,"href":"https:\/\/lpfparana.com.ar\/inicio\/wp-json\/wp\/v2\/media\/3025"}],"wp:attachment":[{"href":"https:\/\/lpfparana.com.ar\/inicio\/wp-json\/wp\/v2\/media?parent=3024"}],"wp:term":[{"taxonomy":"category","embeddable":true,"href":"https:\/\/lpfparana.com.ar\/inicio\/wp-json\/wp\/v2\/categories?post=3024"},{"taxonomy":"post_tag","embeddable":true,"href":"https:\/\/lpfparana.com.ar\/inicio\/wp-json\/wp\/v2\/tags?post=3024"}],"curies":[{"name":"wp","href":"https:\/\/api.w.org\/{rel}","templated":true}]}}