{"id":3012,"date":"2024-05-23T13:36:20","date_gmt":"2024-05-23T16:36:20","guid":{"rendered":"https:\/\/lpfparana.com.ar\/inicio\/?p=3012"},"modified":"2024-05-23T13:51:39","modified_gmt":"2024-05-23T16:51:39","slug":"se-sembraron-las-canchas-del-predio-liguista","status":"publish","type":"post","link":"https:\/\/lpfparana.com.ar\/inicio\/se-sembraron-las-canchas-del-predio-liguista\/","title":{"rendered":"Se sembraron las canchas del predio liguista"},"content":{"rendered":"\n<h3 class=\"wp-block-heading\">La Liga Paranaense de F\u00fatbol no disputar\u00e1 este fin de semana los torneos Promesas y Pre-Infantiles, que se juegan habitualmente en el predio de La Liga, cito en calle Jorge Newbery 5001 de la capital entrerriana.<\/h3>\n\n\n\n<p>Con un gran esfuerzo, como se viene realizando desde hace un tiempo a la fecha, la LPF trabaja para dejar el recinto donde se desarrollan los m\u00e1s peque\u00f1os de nuestro \u00e1mbito en las mejores condiciones.<\/p>\n\n\n\n<p>Durante esta semana se realiz\u00f3 el resembrado de todos los campos de juegos, con las semillas adecuadas para esta \u00e9poca del a\u00f1o. Tras la disputa de la fecha el pasado fin de semana, comenzaron los trabajos y todo va encaminado para seguir jugando en canchas en perfecto estado.<\/p>\n\n\n\n<p>Las seis canchas del predio est\u00e1n siendo sometidas a las mejoras, para que durante la etapa m\u00e1s fr\u00eda del a\u00f1o, se sigan viendo terrenos en \u00f3ptimas condiciones. El fin de semana del s\u00e1bado 1 de Junio y domingo 2, volver\u00e1n las actividades de las categor\u00edas mencionadas con normalidad.<\/p>\n\n\n\n<p>La empresa Servicios Pedrin SA y la Agrupaci\u00f3n de Veteranos Complejo Oscar Chapino (por intermedio de su presidente Oscar Cacho Balla) colabor\u00f3 con la LPF en las mejoras realizadas durante estos d\u00edas. <\/p>\n\n\n\n<figure class=\"wp-block-gallery has-nested-images columns-default is-cropped wp-block-gallery-1 is-layout-flex wp-block-gallery-is-layout-flex\">\n<figure class=\"wp-block-image size-large\"><a href=\"https:\/\/lpfparana.com.ar\/inicio\/wp-content\/uploads\/2024\/05\/WhatsApp-Image-2024-05-23-at-13.07.05.jpeg\"><img decoding=\"async\" data-id=\"3016\" src=\"https:\/\/lpfparana.com.ar\/inicio\/wp-content\/uploads\/2024\/05\/WhatsApp-Image-2024-05-23-at-13.07.05-946x1024.jpeg\" alt=\"\" class=\"wp-image-3016\"\/><\/a><\/figure>\n\n\n\n<figure class=\"wp-block-image size-large\"><a href=\"https:\/\/lpfparana.com.ar\/inicio\/wp-content\/uploads\/2024\/05\/WhatsApp-Image-2024-05-23-at-13.07.06-2.jpeg\"><img fetchpriority=\"high\" decoding=\"async\" width=\"768\" height=\"1024\" data-id=\"3015\" src=\"https:\/\/lpfparana.com.ar\/inicio\/wp-content\/uploads\/2024\/05\/WhatsApp-Image-2024-05-23-at-13.07.06-2-768x1024.jpeg\" alt=\"\" class=\"wp-image-3015\" srcset=\"https:\/\/lpfparana.com.ar\/inicio\/wp-content\/uploads\/2024\/05\/WhatsApp-Image-2024-05-23-at-13.07.06-2-768x1024.jpeg 768w, https:\/\/lpfparana.com.ar\/inicio\/wp-content\/uploads\/2024\/05\/WhatsApp-Image-2024-05-23-at-13.07.06-2-225x300.jpeg 225w, https:\/\/lpfparana.com.ar\/inicio\/wp-content\/uploads\/2024\/05\/WhatsApp-Image-2024-05-23-at-13.07.06-2-1152x1536.jpeg 1152w, https:\/\/lpfparana.com.ar\/inicio\/wp-content\/uploads\/2024\/05\/WhatsApp-Image-2024-05-23-at-13.07.06-2.jpeg 1200w\" sizes=\"(max-width: 768px) 100vw, 768px\" \/><\/a><\/figure>\n\n\n\n<figure class=\"wp-block-image size-large\"><a href=\"https:\/\/lpfparana.com.ar\/inicio\/wp-content\/uploads\/2024\/05\/WhatsApp-Image-2024-05-23-at-13.07.06.jpeg\"><img decoding=\"async\" width=\"768\" height=\"1024\" data-id=\"3013\" src=\"https:\/\/lpfparana.com.ar\/inicio\/wp-content\/uploads\/2024\/05\/WhatsApp-Image-2024-05-23-at-13.07.06-768x1024.jpeg\" alt=\"\" class=\"wp-image-3013\" srcset=\"https:\/\/lpfparana.com.ar\/inicio\/wp-content\/uploads\/2024\/05\/WhatsApp-Image-2024-05-23-at-13.07.06-768x1024.jpeg 768w, https:\/\/lpfparana.com.ar\/inicio\/wp-content\/uploads\/2024\/05\/WhatsApp-Image-2024-05-23-at-13.07.06-225x300.jpeg 225w, https:\/\/lpfparana.com.ar\/inicio\/wp-content\/uploads\/2024\/05\/WhatsApp-Image-2024-05-23-at-13.07.06-1152x1536.jpeg 1152w, https:\/\/lpfparana.com.ar\/inicio\/wp-content\/uploads\/2024\/05\/WhatsApp-Image-2024-05-23-at-13.07.06.jpeg 1200w\" sizes=\"(max-width: 768px) 100vw, 768px\" \/><\/a><\/figure>\n\n\n\n<figure class=\"wp-block-image size-large\"><a href=\"https:\/\/lpfparana.com.ar\/inicio\/wp-content\/uploads\/2024\/05\/WhatsApp-Image-2024-05-23-at-13.07.06-1.jpeg\"><img decoding=\"async\" width=\"1024\" height=\"768\" data-id=\"3014\" src=\"https:\/\/lpfparana.com.ar\/inicio\/wp-content\/uploads\/2024\/05\/WhatsApp-Image-2024-05-23-at-13.07.06-1-1024x768.jpeg\" alt=\"\" class=\"wp-image-3014\" srcset=\"https:\/\/lpfparana.com.ar\/inicio\/wp-content\/uploads\/2024\/05\/WhatsApp-Image-2024-05-23-at-13.07.06-1-1024x768.jpeg 1024w, https:\/\/lpfparana.com.ar\/inicio\/wp-content\/uploads\/2024\/05\/WhatsApp-Image-2024-05-23-at-13.07.06-1-300x225.jpeg 300w, https:\/\/lpfparana.com.ar\/inicio\/wp-content\/uploads\/2024\/05\/WhatsApp-Image-2024-05-23-at-13.07.06-1-768x576.jpeg 768w, https:\/\/lpfparana.com.ar\/inicio\/wp-content\/uploads\/2024\/05\/WhatsApp-Image-2024-05-23-at-13.07.06-1-1536x1152.jpeg 1536w, https:\/\/lpfparana.com.ar\/inicio\/wp-content\/uploads\/2024\/05\/WhatsApp-Image-2024-05-23-at-13.07.06-1.jpeg 1600w\" sizes=\"(max-width: 1024px) 100vw, 1024px\" \/><\/a><\/figure>\n\n\n\n<figure class=\"wp-block-image size-large\"><a href=\"https:\/\/lpfparana.com.ar\/inicio\/wp-content\/uploads\/2024\/05\/WhatsApp-Image-2024-05-23-at-13.36.17.jpeg\"><img loading=\"lazy\" decoding=\"async\" width=\"576\" height=\"1024\" data-id=\"3019\" src=\"https:\/\/lpfparana.com.ar\/inicio\/wp-content\/uploads\/2024\/05\/WhatsApp-Image-2024-05-23-at-13.36.17-576x1024.jpeg\" alt=\"\" class=\"wp-image-3019\" srcset=\"https:\/\/lpfparana.com.ar\/inicio\/wp-content\/uploads\/2024\/05\/WhatsApp-Image-2024-05-23-at-13.36.17-576x1024.jpeg 576w, https:\/\/lpfparana.com.ar\/inicio\/wp-content\/uploads\/2024\/05\/WhatsApp-Image-2024-05-23-at-13.36.17-169x300.jpeg 169w, https:\/\/lpfparana.com.ar\/inicio\/wp-content\/uploads\/2024\/05\/WhatsApp-Image-2024-05-23-at-13.36.17-768x1365.jpeg 768w, https:\/\/lpfparana.com.ar\/inicio\/wp-content\/uploads\/2024\/05\/WhatsApp-Image-2024-05-23-at-13.36.17-864x1536.jpeg 864w, https:\/\/lpfparana.com.ar\/inicio\/wp-content\/uploads\/2024\/05\/WhatsApp-Image-2024-05-23-at-13.36.17.jpeg 900w\" sizes=\"(max-width: 576px) 100vw, 576px\" \/><\/a><\/figure>\n\n\n\n<figure class=\"wp-block-image size-large\"><a href=\"https:\/\/lpfparana.com.ar\/inicio\/wp-content\/uploads\/2024\/05\/WhatsApp-Image-2024-05-23-at-13.36.16-1.jpeg\"><img loading=\"lazy\" decoding=\"async\" width=\"576\" height=\"1024\" data-id=\"3020\" src=\"https:\/\/lpfparana.com.ar\/inicio\/wp-content\/uploads\/2024\/05\/WhatsApp-Image-2024-05-23-at-13.36.16-1-576x1024.jpeg\" alt=\"\" class=\"wp-image-3020\" srcset=\"https:\/\/lpfparana.com.ar\/inicio\/wp-content\/uploads\/2024\/05\/WhatsApp-Image-2024-05-23-at-13.36.16-1-576x1024.jpeg 576w, https:\/\/lpfparana.com.ar\/inicio\/wp-content\/uploads\/2024\/05\/WhatsApp-Image-2024-05-23-at-13.36.16-1-169x300.jpeg 169w, https:\/\/lpfparana.com.ar\/inicio\/wp-content\/uploads\/2024\/05\/WhatsApp-Image-2024-05-23-at-13.36.16-1-768x1365.jpeg 768w, https:\/\/lpfparana.com.ar\/inicio\/wp-content\/uploads\/2024\/05\/WhatsApp-Image-2024-05-23-at-13.36.16-1-864x1536.jpeg 864w, https:\/\/lpfparana.com.ar\/inicio\/wp-content\/uploads\/2024\/05\/WhatsApp-Image-2024-05-23-at-13.36.16-1.jpeg 900w\" sizes=\"(max-width: 576px) 100vw, 576px\" \/><\/a><\/figure>\n\n\n\n<figure class=\"wp-block-image size-large\"><a href=\"https:\/\/lpfparana.com.ar\/inicio\/wp-content\/uploads\/2024\/05\/WhatsApp-Image-2024-05-23-at-13.36.16.jpeg\"><img loading=\"lazy\" decoding=\"async\" width=\"1024\" height=\"576\" data-id=\"3018\" src=\"https:\/\/lpfparana.com.ar\/inicio\/wp-content\/uploads\/2024\/05\/WhatsApp-Image-2024-05-23-at-13.36.16-1024x576.jpeg\" alt=\"\" class=\"wp-image-3018\" srcset=\"https:\/\/lpfparana.com.ar\/inicio\/wp-content\/uploads\/2024\/05\/WhatsApp-Image-2024-05-23-at-13.36.16-1024x576.jpeg 1024w, https:\/\/lpfparana.com.ar\/inicio\/wp-content\/uploads\/2024\/05\/WhatsApp-Image-2024-05-23-at-13.36.16-300x169.jpeg 300w, https:\/\/lpfparana.com.ar\/inicio\/wp-content\/uploads\/2024\/05\/WhatsApp-Image-2024-05-23-at-13.36.16-768x432.jpeg 768w, https:\/\/lpfparana.com.ar\/inicio\/wp-content\/uploads\/2024\/05\/WhatsApp-Image-2024-05-23-at-13.36.16-1536x864.jpeg 1536w, https:\/\/lpfparana.com.ar\/inicio\/wp-content\/uploads\/2024\/05\/WhatsApp-Image-2024-05-23-at-13.36.16.jpeg 1600w\" sizes=\"(max-width: 1024px) 100vw, 1024px\" \/><\/a><\/figure>\n<\/figure>\n","protected":false},"excerpt":{"rendered":"<p>La Liga Paranaense de F\u00fatbol no disputar\u00e1 este fin de semana los torneos Promesas y Pre-Infantiles, que se juegan habitualmente en el predio de La Liga, cito en calle Jorge Newbery 5001 de la capital entrerriana. Con un gran esfuerzo, como se viene realizando desde hace un tiempo a la fecha, la LPF trabaja para&#8230;<\/p>\n","protected":false},"author":4,"featured_media":3016,"comment_status":"open","ping_status":"open","sticky":false,"template":"","format":"standard","meta":{"footnotes":""},"categories":[7,2,10,4],"tags":[],"class_list":["post-3012","post","type-post","status-publish","format-standard","has-post-thumbnail","hentry","category-institucional","category-noticias","category-pre-infantiles","category-promesas-2023"],"featured_image_src":"https:\/\/lpfparana.com.ar\/inicio\/wp-content\/uploads\/2024\/05\/WhatsApp-Image-2024-05-23-at-13.07.05-e1716482149418.jpeg","author_info":{"display_name":"Juan Manuel L\u00f3pez","author_link":"https:\/\/lpfparana.com.ar\/inicio\/author\/juanito\/"},"yoast_head":"<!-- This site is optimized with the Yoast SEO Premium plugin v23.3 (Yoast SEO v27.2) - https:\/\/yoast.com\/product\/yoast-seo-premium-wordpress\/ -->\n<title>Se sembraron las canchas del predio liguista -<\/title>\n<meta name=\"description\" content=\"La Liga Paranaense de F\u00fatbol no disputar\u00e1 este fin de semana los torneos Promesas y Pre-Infantiles, que se juegan habitualmente...\" \/>\n<meta name=\"robots\" content=\"index, follow, max-snippet:-1, max-image-preview:large, max-video-preview:-1\" \/>\n<link rel=\"canonical\" href=\"https:\/\/lpfparana.com.ar\/inicio\/se-sembraron-las-canchas-del-predio-liguista\/\" \/>\n<meta property=\"og:locale\" content=\"es_ES\" \/>\n<meta property=\"og:type\" content=\"article\" \/>\n<meta property=\"og:title\" content=\"Se sembraron las canchas del predio liguista\" \/>\n<meta property=\"og:description\" content=\"La Liga Paranaense de F\u00fatbol no disputar\u00e1 este fin de semana los torneos Promesas y Pre-Infantiles, que se juegan habitualmente...\" \/>\n<meta property=\"og:url\" content=\"https:\/\/lpfparana.com.ar\/inicio\/se-sembraron-las-canchas-del-predio-liguista\/\" \/>\n<meta property=\"article:published_time\" content=\"2024-05-23T16:36:20+00:00\" \/>\n<meta property=\"article:modified_time\" content=\"2024-05-23T16:51:39+00:00\" \/>\n<meta property=\"og:image\" content=\"https:\/\/lpfparana.com.ar\/inicio\/wp-content\/uploads\/2024\/05\/WhatsApp-Image-2024-05-23-at-13.07.05-e1716482149418.jpeg\" \/>\n\t<meta property=\"og:image:width\" content=\"1477\" \/>\n\t<meta property=\"og:image:height\" content=\"992\" \/>\n\t<meta property=\"og:image:type\" content=\"image\/jpeg\" \/>\n<meta name=\"author\" content=\"Juan Manuel L\u00f3pez\" \/>\n<meta name=\"twitter:card\" content=\"summary_large_image\" \/>\n<meta name=\"twitter:label1\" content=\"Escrito por\" \/>\n\t<meta name=\"twitter:data1\" content=\"Juan Manuel L\u00f3pez\" \/>\n\t<meta name=\"twitter:label2\" content=\"Tiempo de lectura\" \/>\n\t<meta name=\"twitter:data2\" content=\"3 minutos\" \/>\n<script type=\"application\/ld+json\" class=\"yoast-schema-graph\">{\"@context\":\"https:\/\/schema.org\",\"@graph\":[{\"@type\":\"Article\",\"@id\":\"https:\/\/lpfparana.com.ar\/inicio\/se-sembraron-las-canchas-del-predio-liguista\/#article\",\"isPartOf\":{\"@id\":\"https:\/\/lpfparana.com.ar\/inicio\/se-sembraron-las-canchas-del-predio-liguista\/\"},\"author\":{\"name\":\"Juan Manuel L\u00f3pez\",\"@id\":\"https:\/\/lpfparana.com.ar\/inicio\/#\/schema\/person\/e4a909baf07553d45f0fb7b76f656d76\"},\"headline\":\"Se sembraron las canchas del predio liguista\",\"datePublished\":\"2024-05-23T16:36:20+00:00\",\"dateModified\":\"2024-05-23T16:51:39+00:00\",\"mainEntityOfPage\":{\"@id\":\"https:\/\/lpfparana.com.ar\/inicio\/se-sembraron-las-canchas-del-predio-liguista\/\"},\"wordCount\":216,\"commentCount\":0,\"image\":{\"@id\":\"https:\/\/lpfparana.com.ar\/inicio\/se-sembraron-las-canchas-del-predio-liguista\/#primaryimage\"},\"thumbnailUrl\":\"https:\/\/lpfparana.com.ar\/inicio\/wp-content\/uploads\/2024\/05\/WhatsApp-Image-2024-05-23-at-13.07.05-e1716482149418.jpeg\",\"articleSection\":[\"Institucional\",\"Noticias\",\"Pre-Infantiles\",\"Promesas 2023\"],\"inLanguage\":\"es\",\"potentialAction\":[{\"@type\":\"CommentAction\",\"name\":\"Comment\",\"target\":[\"https:\/\/lpfparana.com.ar\/inicio\/se-sembraron-las-canchas-del-predio-liguista\/#respond\"]}]},{\"@type\":\"WebPage\",\"@id\":\"https:\/\/lpfparana.com.ar\/inicio\/se-sembraron-las-canchas-del-predio-liguista\/\",\"url\":\"https:\/\/lpfparana.com.ar\/inicio\/se-sembraron-las-canchas-del-predio-liguista\/\",\"name\":\"Se sembraron las canchas del predio liguista -\",\"isPartOf\":{\"@id\":\"https:\/\/lpfparana.com.ar\/inicio\/#website\"},\"primaryImageOfPage\":{\"@id\":\"https:\/\/lpfparana.com.ar\/inicio\/se-sembraron-las-canchas-del-predio-liguista\/#primaryimage\"},\"image\":{\"@id\":\"https:\/\/lpfparana.com.ar\/inicio\/se-sembraron-las-canchas-del-predio-liguista\/#primaryimage\"},\"thumbnailUrl\":\"https:\/\/lpfparana.com.ar\/inicio\/wp-content\/uploads\/2024\/05\/WhatsApp-Image-2024-05-23-at-13.07.05-e1716482149418.jpeg\",\"datePublished\":\"2024-05-23T16:36:20+00:00\",\"dateModified\":\"2024-05-23T16:51:39+00:00\",\"author\":{\"@id\":\"https:\/\/lpfparana.com.ar\/inicio\/#\/schema\/person\/e4a909baf07553d45f0fb7b76f656d76\"},\"description\":\"La Liga Paranaense de F\u00fatbol no disputar\u00e1 este fin de semana los torneos Promesas y Pre-Infantiles, que se juegan habitualmente...\",\"breadcrumb\":{\"@id\":\"https:\/\/lpfparana.com.ar\/inicio\/se-sembraron-las-canchas-del-predio-liguista\/#breadcrumb\"},\"inLanguage\":\"es\",\"potentialAction\":[{\"@type\":\"ReadAction\",\"target\":[\"https:\/\/lpfparana.com.ar\/inicio\/se-sembraron-las-canchas-del-predio-liguista\/\"]}]},{\"@type\":\"ImageObject\",\"inLanguage\":\"es\",\"@id\":\"https:\/\/lpfparana.com.ar\/inicio\/se-sembraron-las-canchas-del-predio-liguista\/#primaryimage\",\"url\":\"https:\/\/lpfparana.com.ar\/inicio\/wp-content\/uploads\/2024\/05\/WhatsApp-Image-2024-05-23-at-13.07.05-e1716482149418.jpeg\",\"contentUrl\":\"https:\/\/lpfparana.com.ar\/inicio\/wp-content\/uploads\/2024\/05\/WhatsApp-Image-2024-05-23-at-13.07.05-e1716482149418.jpeg\",\"width\":1477,\"height\":992},{\"@type\":\"BreadcrumbList\",\"@id\":\"https:\/\/lpfparana.com.ar\/inicio\/se-sembraron-las-canchas-del-predio-liguista\/#breadcrumb\",\"itemListElement\":[{\"@type\":\"ListItem\",\"position\":1,\"name\":\"Portada\",\"item\":\"https:\/\/lpfparana.com.ar\/inicio\/\"},{\"@type\":\"ListItem\",\"position\":2,\"name\":\"Se sembraron las canchas del predio liguista\"}]},{\"@type\":\"WebSite\",\"@id\":\"https:\/\/lpfparana.com.ar\/inicio\/#website\",\"url\":\"https:\/\/lpfparana.com.ar\/inicio\/\",\"name\":\"\",\"description\":\"LPF Paran\u00e1\",\"potentialAction\":[{\"@type\":\"SearchAction\",\"target\":{\"@type\":\"EntryPoint\",\"urlTemplate\":\"https:\/\/lpfparana.com.ar\/inicio\/?s={search_term_string}\"},\"query-input\":{\"@type\":\"PropertyValueSpecification\",\"valueRequired\":true,\"valueName\":\"search_term_string\"}}],\"inLanguage\":\"es\"},{\"@type\":\"Person\",\"@id\":\"https:\/\/lpfparana.com.ar\/inicio\/#\/schema\/person\/e4a909baf07553d45f0fb7b76f656d76\",\"name\":\"Juan Manuel L\u00f3pez\",\"image\":{\"@type\":\"ImageObject\",\"inLanguage\":\"es\",\"@id\":\"https:\/\/secure.gravatar.com\/avatar\/6fd4b36dc88658b1a9f8103e109f47885fcd020443829a5d936ca18f07c3d96c?s=96&d=mm&r=g\",\"url\":\"https:\/\/secure.gravatar.com\/avatar\/6fd4b36dc88658b1a9f8103e109f47885fcd020443829a5d936ca18f07c3d96c?s=96&d=mm&r=g\",\"contentUrl\":\"https:\/\/secure.gravatar.com\/avatar\/6fd4b36dc88658b1a9f8103e109f47885fcd020443829a5d936ca18f07c3d96c?s=96&d=mm&r=g\",\"caption\":\"Juan Manuel L\u00f3pez\"},\"url\":\"https:\/\/lpfparana.com.ar\/inicio\/author\/juanito\/\"}]}<\/script>\n<!-- \/ Yoast SEO Premium plugin. -->","yoast_head_json":{"title":"Se sembraron las canchas del predio liguista -","description":"La Liga Paranaense de F\u00fatbol no disputar\u00e1 este fin de semana los torneos Promesas y Pre-Infantiles, que se juegan habitualmente...","robots":{"index":"index","follow":"follow","max-snippet":"max-snippet:-1","max-image-preview":"max-image-preview:large","max-video-preview":"max-video-preview:-1"},"canonical":"https:\/\/lpfparana.com.ar\/inicio\/se-sembraron-las-canchas-del-predio-liguista\/","og_locale":"es_ES","og_type":"article","og_title":"Se sembraron las canchas del predio liguista","og_description":"La Liga Paranaense de F\u00fatbol no disputar\u00e1 este fin de semana los torneos Promesas y Pre-Infantiles, que se juegan habitualmente...","og_url":"https:\/\/lpfparana.com.ar\/inicio\/se-sembraron-las-canchas-del-predio-liguista\/","article_published_time":"2024-05-23T16:36:20+00:00","article_modified_time":"2024-05-23T16:51:39+00:00","og_image":[{"width":1477,"height":992,"url":"https:\/\/lpfparana.com.ar\/inicio\/wp-content\/uploads\/2024\/05\/WhatsApp-Image-2024-05-23-at-13.07.05-e1716482149418.jpeg","type":"image\/jpeg"}],"author":"Juan Manuel L\u00f3pez","twitter_card":"summary_large_image","twitter_misc":{"Escrito por":"Juan Manuel L\u00f3pez","Tiempo de lectura":"3 minutos"},"schema":{"@context":"https:\/\/schema.org","@graph":[{"@type":"Article","@id":"https:\/\/lpfparana.com.ar\/inicio\/se-sembraron-las-canchas-del-predio-liguista\/#article","isPartOf":{"@id":"https:\/\/lpfparana.com.ar\/inicio\/se-sembraron-las-canchas-del-predio-liguista\/"},"author":{"name":"Juan Manuel L\u00f3pez","@id":"https:\/\/lpfparana.com.ar\/inicio\/#\/schema\/person\/e4a909baf07553d45f0fb7b76f656d76"},"headline":"Se sembraron las canchas del predio liguista","datePublished":"2024-05-23T16:36:20+00:00","dateModified":"2024-05-23T16:51:39+00:00","mainEntityOfPage":{"@id":"https:\/\/lpfparana.com.ar\/inicio\/se-sembraron-las-canchas-del-predio-liguista\/"},"wordCount":216,"commentCount":0,"image":{"@id":"https:\/\/lpfparana.com.ar\/inicio\/se-sembraron-las-canchas-del-predio-liguista\/#primaryimage"},"thumbnailUrl":"https:\/\/lpfparana.com.ar\/inicio\/wp-content\/uploads\/2024\/05\/WhatsApp-Image-2024-05-23-at-13.07.05-e1716482149418.jpeg","articleSection":["Institucional","Noticias","Pre-Infantiles","Promesas 2023"],"inLanguage":"es","potentialAction":[{"@type":"CommentAction","name":"Comment","target":["https:\/\/lpfparana.com.ar\/inicio\/se-sembraron-las-canchas-del-predio-liguista\/#respond"]}]},{"@type":"WebPage","@id":"https:\/\/lpfparana.com.ar\/inicio\/se-sembraron-las-canchas-del-predio-liguista\/","url":"https:\/\/lpfparana.com.ar\/inicio\/se-sembraron-las-canchas-del-predio-liguista\/","name":"Se sembraron las canchas del predio liguista -","isPartOf":{"@id":"https:\/\/lpfparana.com.ar\/inicio\/#website"},"primaryImageOfPage":{"@id":"https:\/\/lpfparana.com.ar\/inicio\/se-sembraron-las-canchas-del-predio-liguista\/#primaryimage"},"image":{"@id":"https:\/\/lpfparana.com.ar\/inicio\/se-sembraron-las-canchas-del-predio-liguista\/#primaryimage"},"thumbnailUrl":"https:\/\/lpfparana.com.ar\/inicio\/wp-content\/uploads\/2024\/05\/WhatsApp-Image-2024-05-23-at-13.07.05-e1716482149418.jpeg","datePublished":"2024-05-23T16:36:20+00:00","dateModified":"2024-05-23T16:51:39+00:00","author":{"@id":"https:\/\/lpfparana.com.ar\/inicio\/#\/schema\/person\/e4a909baf07553d45f0fb7b76f656d76"},"description":"La Liga Paranaense de F\u00fatbol no disputar\u00e1 este fin de semana los torneos Promesas y Pre-Infantiles, que se juegan habitualmente...","breadcrumb":{"@id":"https:\/\/lpfparana.com.ar\/inicio\/se-sembraron-las-canchas-del-predio-liguista\/#breadcrumb"},"inLanguage":"es","potentialAction":[{"@type":"ReadAction","target":["https:\/\/lpfparana.com.ar\/inicio\/se-sembraron-las-canchas-del-predio-liguista\/"]}]},{"@type":"ImageObject","inLanguage":"es","@id":"https:\/\/lpfparana.com.ar\/inicio\/se-sembraron-las-canchas-del-predio-liguista\/#primaryimage","url":"https:\/\/lpfparana.com.ar\/inicio\/wp-content\/uploads\/2024\/05\/WhatsApp-Image-2024-05-23-at-13.07.05-e1716482149418.jpeg","contentUrl":"https:\/\/lpfparana.com.ar\/inicio\/wp-content\/uploads\/2024\/05\/WhatsApp-Image-2024-05-23-at-13.07.05-e1716482149418.jpeg","width":1477,"height":992},{"@type":"BreadcrumbList","@id":"https:\/\/lpfparana.com.ar\/inicio\/se-sembraron-las-canchas-del-predio-liguista\/#breadcrumb","itemListElement":[{"@type":"ListItem","position":1,"name":"Portada","item":"https:\/\/lpfparana.com.ar\/inicio\/"},{"@type":"ListItem","position":2,"name":"Se sembraron las canchas del predio liguista"}]},{"@type":"WebSite","@id":"https:\/\/lpfparana.com.ar\/inicio\/#website","url":"https:\/\/lpfparana.com.ar\/inicio\/","name":"","description":"LPF Paran\u00e1","potentialAction":[{"@type":"SearchAction","target":{"@type":"EntryPoint","urlTemplate":"https:\/\/lpfparana.com.ar\/inicio\/?s={search_term_string}"},"query-input":{"@type":"PropertyValueSpecification","valueRequired":true,"valueName":"search_term_string"}}],"inLanguage":"es"},{"@type":"Person","@id":"https:\/\/lpfparana.com.ar\/inicio\/#\/schema\/person\/e4a909baf07553d45f0fb7b76f656d76","name":"Juan Manuel L\u00f3pez","image":{"@type":"ImageObject","inLanguage":"es","@id":"https:\/\/secure.gravatar.com\/avatar\/6fd4b36dc88658b1a9f8103e109f47885fcd020443829a5d936ca18f07c3d96c?s=96&d=mm&r=g","url":"https:\/\/secure.gravatar.com\/avatar\/6fd4b36dc88658b1a9f8103e109f47885fcd020443829a5d936ca18f07c3d96c?s=96&d=mm&r=g","contentUrl":"https:\/\/secure.gravatar.com\/avatar\/6fd4b36dc88658b1a9f8103e109f47885fcd020443829a5d936ca18f07c3d96c?s=96&d=mm&r=g","caption":"Juan Manuel L\u00f3pez"},"url":"https:\/\/lpfparana.com.ar\/inicio\/author\/juanito\/"}]}},"_links":{"self":[{"href":"https:\/\/lpfparana.com.ar\/inicio\/wp-json\/wp\/v2\/posts\/3012","targetHints":{"allow":["GET"]}}],"collection":[{"href":"https:\/\/lpfparana.com.ar\/inicio\/wp-json\/wp\/v2\/posts"}],"about":[{"href":"https:\/\/lpfparana.com.ar\/inicio\/wp-json\/wp\/v2\/types\/post"}],"author":[{"embeddable":true,"href":"https:\/\/lpfparana.com.ar\/inicio\/wp-json\/wp\/v2\/users\/4"}],"replies":[{"embeddable":true,"href":"https:\/\/lpfparana.com.ar\/inicio\/wp-json\/wp\/v2\/comments?post=3012"}],"version-history":[{"count":3,"href":"https:\/\/lpfparana.com.ar\/inicio\/wp-json\/wp\/v2\/posts\/3012\/revisions"}],"predecessor-version":[{"id":3023,"href":"https:\/\/lpfparana.com.ar\/inicio\/wp-json\/wp\/v2\/posts\/3012\/revisions\/3023"}],"wp:featuredmedia":[{"embeddable":true,"href":"https:\/\/lpfparana.com.ar\/inicio\/wp-json\/wp\/v2\/media\/3016"}],"wp:attachment":[{"href":"https:\/\/lpfparana.com.ar\/inicio\/wp-json\/wp\/v2\/media?parent=3012"}],"wp:term":[{"taxonomy":"category","embeddable":true,"href":"https:\/\/lpfparana.com.ar\/inicio\/wp-json\/wp\/v2\/categories?post=3012"},{"taxonomy":"post_tag","embeddable":true,"href":"https:\/\/lpfparana.com.ar\/inicio\/wp-json\/wp\/v2\/tags?post=3012"}],"curies":[{"name":"wp","href":"https:\/\/api.w.org\/{rel}","templated":true}]}}