{"id":2978,"date":"2024-05-18T14:31:55","date_gmt":"2024-05-18T17:31:55","guid":{"rendered":"https:\/\/lpfparana.com.ar\/inicio\/?p=2978"},"modified":"2024-05-18T14:31:56","modified_gmt":"2024-05-18T17:31:56","slug":"don-bosco-recibe-a-sportivo-urquiza-en-un-duelo-que-sera-televisado","status":"publish","type":"post","link":"https:\/\/lpfparana.com.ar\/inicio\/don-bosco-recibe-a-sportivo-urquiza-en-un-duelo-que-sera-televisado\/","title":{"rendered":"Don Bosco recibe a Sportivo Urquiza, en un duelo que ser\u00e1 televisado"},"content":{"rendered":"\n<h3 class=\"wp-block-heading\">Este domingo, desde las 16, el Salesiano y la V Azulada animar\u00e1n uno de los cinco partidos por la s\u00e9ptima fecha del f\u00fatbol hogare\u00f1o. Rub\u00e9n Nadal\u00edn ser\u00e1 el encargado de impartir justicia.<\/h3>\n\n\n\n<p>La Liga Paranaense de F\u00fatbol comenzar\u00e1 a disputar este domingo la s\u00e9ptima fecha del Torneo de Primera Divisi\u00f3n A BPlay, con la disputa de cuatro de los cincos partidos programados.<\/p>\n\n\n\n<p>El duelo m\u00e1s saliente comenzar\u00e1 a las 16, cuando el local Don Bosco reciba a Sportivo Urquiza, en el estadio Carlos Federick de la Avenida. Rub\u00e9n Nadal\u00edn ser\u00e1 el \u00e1rbitro principal, mientras que los asistentes ser\u00e1n bruno Mart\u00ednez y Emanuel Warlet. El juego ser\u00e1 televisado por Canal 11. El duelo SUB 23 dar\u00e1 inicio a las 13:30.<\/p>\n\n\n\n<p>El elenco anfitri\u00f3n estuvo cuatro partidos sin poder convertir en el inicio de la competencia, pero en las \u00faltimas dos fechas logr\u00f3 sumar de a tres y se meti\u00f3 con expectativas a pocos puntos del l\u00edder. Viene de ganarle a Pe\u00f1arol en condici\u00f3n de visitante.<\/p>\n\n\n\n<p>Para el elenco de La Floresta esta es una nueva prueba importante, para saber d\u00f3nde est\u00e1n parados. Sportivo viene de sumar siete puntos de los \u00faltimos nueve, con un crecimiento constante fecha a fecha. En la jornada anterior, como local venci\u00f3 2 a 1 a Ministerio.<\/p>\n\n\n\n<h3 class=\"wp-block-heading\">En Barrio Rocamora<\/h3>\n\n\n\n<p>En un duelo de equipos que vienen a recuperarse, Palermo recibir\u00e1 a Pe\u00f1arol en su reducto de barrio Rocamora. Ambos elencos est\u00e1n por debajo de mitad de tabla y sin dudas que no tuvieron el arranque de torneo esperado.<\/p>\n\n\n\n<p>El duelo de Primera Divisi\u00f3n comenzar\u00e1 a las 15:30 Hs y en Sub 23 ser\u00e1 a las 13:30. Rodrigo Aldana fue designado como juez principal, mientras que Alonso Latorre y Nicol\u00e1s Gonz\u00e1lez ser\u00e1n los asistentes.<\/p>\n\n\n\n<h3 class=\"wp-block-heading\">El Gato recibe al Verde<\/h3>\n\n\n\n<p>En el estadio Pedro Mutio se dar\u00e1 un partido especial, sobre todo para el local, Atl\u00e9tico Paran\u00e1 que necesita recuperar el nivel futbol\u00edstico y la efectividad de las primeras fechas, para que no se corten los de arriba. El Gato recibir\u00e1 a Oro Verde viene de sonre\u00edr por primera vez en el a\u00f1o y eso sin dudas es importante de cara a esta visita complicada.<\/p>\n\n\n\n<p>El duelo dar\u00e1 comienzo a las 15,30 y contar\u00e1 con Oscar Bach como el juez del partido, mientras que Fabricio Vargas ser\u00e1 el asistente n\u00famero uno y Nahuel Nicolin el dos.<\/p>\n\n\n\n<p>El Decano viene de cederle la punta a Atl\u00e9tico Neuquen, con quien perdi\u00f3 de visitante 2 a 0. El elenco de Gustavo Romero necesita recuperarse, tras tres derrotas consecutivas que lo bajaron hasta el tercer escal\u00f3n en las posiciones.<\/p>\n\n\n\n<p>El elenco de Adri\u00e1n L\u00f3pez atraviesa una etapa de transici\u00f3n, con muchos juveniles haciendo sus primeras experiencias, pero con una fortaleza defensiva que por momentos es notoria. A este juego llega motivado, tras vencer a Palermo y obtener su primera victoria del certamen.<\/p>\n\n\n\n<h3 class=\"wp-block-heading\">Ministerio recibe a Belgrano<\/h3>\n\n\n\n<p>Un duelo con interrogantes se jugar\u00e1 en barrio Villa Almendral. Donde Ministerio recibir\u00e1 a Belgrano, en un partido de elencos que viven presentes diferentes.<\/p>\n\n\n\n<p>El local tendr\u00e1 en el banco a \u00c1ngel Escobue, tras la renuncia de Juli\u00e1n Lemos, con la intenci\u00f3n de sumar de a tres por primera vez. El Mondonguero llega tras su primera derrota en la competencia y necesita ganar para no perderle pisadas a los de arriba.<\/p>\n\n\n\n<p>En Primera el juego comenzar\u00e1 a las 15;30, mientras que el preliminar de Sub 23, ser\u00e1 a las 13:30. Para este partido fue designado Guido V\u00e1zquez como el juez principal, mientras que Renzo Pitassi y Santino Gaioli ser\u00e1n los jueces de l\u00ednea.<\/p>\n\n\n\n<h3 class=\"wp-block-heading\">Con un partidazo, cierra el martes<\/h3>\n\n\n\n<p>Por la participaci\u00f3n de Patr\u00f3n en torneos nacionales, el juego m\u00e1s importante de la fecha se jugar\u00e1 entre semana, cuando el Rojinegro (\u00fanico escolta) reciba al puntero, Atl\u00e9tico Neuquen.<\/p>\n\n\n\n<p>El partido de Primera Divisi\u00f3n comenzar\u00e1 a las 15:30 y el juego de Sub 23, ser\u00e1 desde las 13:30. Este compromiso contar\u00e1 con el arbitraje de Maximiliano Dur\u00e1n, quien tendr\u00e1 el apoyo en las l\u00edneas de Santiago Mainero y Dar\u00edo Cancio.<\/p>\n\n\n\n<p>El Rojinegro logr\u00f3 una gran victoria como visitante en la fecha pasada, venciendo por 4 a 1 a Belgrano y llega al duelo con Neuquen con la ilusi\u00f3n de quedar como \u00fanico l\u00edder. El Ping\u00fcino, puntero e invicto, tiene una dura visita, con la ilusi\u00f3n de sumar para seguir en lo m\u00e1s alto de las posiciones.<\/p>\n\n\n\n<figure class=\"wp-block-embed is-type-wp-embed is-provider-incrustado wp-block-embed-incrustado\"><div class=\"wp-block-embed__wrapper\">\n<blockquote class=\"wp-embedded-content\" data-secret=\"v48aPIfQrO\"><a href=\"https:\/\/lpfparana.com.ar\/inicio\/se-encuentra-abierta-la-inscripcion-para-la-escuela-de-arbitros\/\">Se encuentra abierta la inscripci\u00f3n para la \u201cEscuela de \u00c1rbitros\u201d<\/a><\/blockquote><iframe class=\"wp-embedded-content\" sandbox=\"allow-scripts\" security=\"restricted\" style=\"position: absolute; clip: rect(1px, 1px, 1px, 1px);\" title=\"\u00abSe encuentra abierta la inscripci\u00f3n para la \u201cEscuela de \u00c1rbitros\u201d\u00bb \u2014 \" src=\"https:\/\/lpfparana.com.ar\/inicio\/se-encuentra-abierta-la-inscripcion-para-la-escuela-de-arbitros\/embed\/#?secret=x1nQtaUjuV#?secret=v48aPIfQrO\" data-secret=\"v48aPIfQrO\" width=\"600\" height=\"338\" frameborder=\"0\" marginwidth=\"0\" marginheight=\"0\" scrolling=\"no\"><\/iframe>\n<\/div><\/figure>\n","protected":false},"excerpt":{"rendered":"<p>Este domingo, desde las 16, el Salesiano y la V Azulada animar\u00e1n uno de los cinco partidos por la s\u00e9ptima fecha del f\u00fatbol hogare\u00f1o. Rub\u00e9n Nadal\u00edn ser\u00e1 el encargado de impartir justicia. La Liga Paranaense de F\u00fatbol comenzar\u00e1 a disputar este domingo la s\u00e9ptima fecha del Torneo de Primera Divisi\u00f3n A BPlay, con la disputa&#8230;<\/p>\n","protected":false},"author":4,"featured_media":2473,"comment_status":"open","ping_status":"open","sticky":false,"template":"","format":"standard","meta":{"footnotes":""},"categories":[8,2],"tags":[],"class_list":["post-2978","post","type-post","status-publish","format-standard","has-post-thumbnail","hentry","category-masculino","category-noticias"],"featured_image_src":"https:\/\/lpfparana.com.ar\/inicio\/wp-content\/uploads\/2024\/04\/genericas-bplay_FEED-02-e1716053503605.png","author_info":{"display_name":"Juan Manuel L\u00f3pez","author_link":"https:\/\/lpfparana.com.ar\/inicio\/author\/juanito\/"},"yoast_head":"<!-- This site is optimized with the Yoast SEO Premium plugin v23.3 (Yoast SEO v27.2) - https:\/\/yoast.com\/product\/yoast-seo-premium-wordpress\/ -->\n<title>Don Bosco recibe a Sportivo Urquiza en el destacado del domingo<\/title>\n<meta name=\"description\" content=\"La jornada dominguera, tendr\u00e1 desde las 16, el duelo entre el Salesiano y la V Azulada, que animar\u00e1n uno de los cinco partidos por la s\u00e9ptima\" \/>\n<meta name=\"robots\" content=\"index, follow, max-snippet:-1, max-image-preview:large, max-video-preview:-1\" \/>\n<link rel=\"canonical\" href=\"https:\/\/lpfparana.com.ar\/inicio\/don-bosco-recibe-a-sportivo-urquiza-en-un-duelo-que-sera-televisado\/\" \/>\n<meta property=\"og:locale\" content=\"es_ES\" \/>\n<meta property=\"og:type\" content=\"article\" \/>\n<meta property=\"og:title\" content=\"Don Bosco recibe a Sportivo Urquiza, en un duelo que ser\u00e1 televisado\" \/>\n<meta property=\"og:description\" content=\"La jornada dominguera, tendr\u00e1 desde las 16, el duelo entre el Salesiano y la V Azulada, que animar\u00e1n uno de los cinco partidos por la s\u00e9ptima\" \/>\n<meta property=\"og:url\" content=\"https:\/\/lpfparana.com.ar\/inicio\/don-bosco-recibe-a-sportivo-urquiza-en-un-duelo-que-sera-televisado\/\" \/>\n<meta property=\"article:published_time\" content=\"2024-05-18T17:31:55+00:00\" \/>\n<meta property=\"article:modified_time\" content=\"2024-05-18T17:31:56+00:00\" \/>\n<meta property=\"og:image\" content=\"https:\/\/lpfparana.com.ar\/inicio\/wp-content\/uploads\/2024\/04\/genericas-bplay_FEED-02-e1716053503605.png\" \/>\n\t<meta property=\"og:image:width\" content=\"1080\" \/>\n\t<meta property=\"og:image:height\" content=\"660\" \/>\n\t<meta property=\"og:image:type\" content=\"image\/png\" \/>\n<meta name=\"author\" content=\"Juan Manuel L\u00f3pez\" \/>\n<meta name=\"twitter:card\" content=\"summary_large_image\" \/>\n<meta name=\"twitter:label1\" content=\"Escrito por\" \/>\n\t<meta name=\"twitter:data1\" content=\"Juan Manuel L\u00f3pez\" \/>\n\t<meta name=\"twitter:label2\" content=\"Tiempo de lectura\" \/>\n\t<meta name=\"twitter:data2\" content=\"4 minutos\" \/>\n<script type=\"application\/ld+json\" class=\"yoast-schema-graph\">{\"@context\":\"https:\/\/schema.org\",\"@graph\":[{\"@type\":\"Article\",\"@id\":\"https:\/\/lpfparana.com.ar\/inicio\/don-bosco-recibe-a-sportivo-urquiza-en-un-duelo-que-sera-televisado\/#article\",\"isPartOf\":{\"@id\":\"https:\/\/lpfparana.com.ar\/inicio\/don-bosco-recibe-a-sportivo-urquiza-en-un-duelo-que-sera-televisado\/\"},\"author\":{\"name\":\"Juan Manuel L\u00f3pez\",\"@id\":\"https:\/\/lpfparana.com.ar\/inicio\/#\/schema\/person\/e4a909baf07553d45f0fb7b76f656d76\"},\"headline\":\"Don Bosco recibe a Sportivo Urquiza, en un duelo que ser\u00e1 televisado\",\"datePublished\":\"2024-05-18T17:31:55+00:00\",\"dateModified\":\"2024-05-18T17:31:56+00:00\",\"mainEntityOfPage\":{\"@id\":\"https:\/\/lpfparana.com.ar\/inicio\/don-bosco-recibe-a-sportivo-urquiza-en-un-duelo-que-sera-televisado\/\"},\"wordCount\":770,\"commentCount\":0,\"image\":{\"@id\":\"https:\/\/lpfparana.com.ar\/inicio\/don-bosco-recibe-a-sportivo-urquiza-en-un-duelo-que-sera-televisado\/#primaryimage\"},\"thumbnailUrl\":\"https:\/\/lpfparana.com.ar\/inicio\/wp-content\/uploads\/2024\/04\/genericas-bplay_FEED-02-e1716053503605.png\",\"articleSection\":[\"Masculino\",\"Noticias\"],\"inLanguage\":\"es\",\"potentialAction\":[{\"@type\":\"CommentAction\",\"name\":\"Comment\",\"target\":[\"https:\/\/lpfparana.com.ar\/inicio\/don-bosco-recibe-a-sportivo-urquiza-en-un-duelo-que-sera-televisado\/#respond\"]}]},{\"@type\":\"WebPage\",\"@id\":\"https:\/\/lpfparana.com.ar\/inicio\/don-bosco-recibe-a-sportivo-urquiza-en-un-duelo-que-sera-televisado\/\",\"url\":\"https:\/\/lpfparana.com.ar\/inicio\/don-bosco-recibe-a-sportivo-urquiza-en-un-duelo-que-sera-televisado\/\",\"name\":\"Don Bosco recibe a Sportivo Urquiza en el destacado del domingo\",\"isPartOf\":{\"@id\":\"https:\/\/lpfparana.com.ar\/inicio\/#website\"},\"primaryImageOfPage\":{\"@id\":\"https:\/\/lpfparana.com.ar\/inicio\/don-bosco-recibe-a-sportivo-urquiza-en-un-duelo-que-sera-televisado\/#primaryimage\"},\"image\":{\"@id\":\"https:\/\/lpfparana.com.ar\/inicio\/don-bosco-recibe-a-sportivo-urquiza-en-un-duelo-que-sera-televisado\/#primaryimage\"},\"thumbnailUrl\":\"https:\/\/lpfparana.com.ar\/inicio\/wp-content\/uploads\/2024\/04\/genericas-bplay_FEED-02-e1716053503605.png\",\"datePublished\":\"2024-05-18T17:31:55+00:00\",\"dateModified\":\"2024-05-18T17:31:56+00:00\",\"author\":{\"@id\":\"https:\/\/lpfparana.com.ar\/inicio\/#\/schema\/person\/e4a909baf07553d45f0fb7b76f656d76\"},\"description\":\"La jornada dominguera, tendr\u00e1 desde las 16, el duelo entre el Salesiano y la V Azulada, que animar\u00e1n uno de los cinco partidos por la s\u00e9ptima\",\"breadcrumb\":{\"@id\":\"https:\/\/lpfparana.com.ar\/inicio\/don-bosco-recibe-a-sportivo-urquiza-en-un-duelo-que-sera-televisado\/#breadcrumb\"},\"inLanguage\":\"es\",\"potentialAction\":[{\"@type\":\"ReadAction\",\"target\":[\"https:\/\/lpfparana.com.ar\/inicio\/don-bosco-recibe-a-sportivo-urquiza-en-un-duelo-que-sera-televisado\/\"]}]},{\"@type\":\"ImageObject\",\"inLanguage\":\"es\",\"@id\":\"https:\/\/lpfparana.com.ar\/inicio\/don-bosco-recibe-a-sportivo-urquiza-en-un-duelo-que-sera-televisado\/#primaryimage\",\"url\":\"https:\/\/lpfparana.com.ar\/inicio\/wp-content\/uploads\/2024\/04\/genericas-bplay_FEED-02-e1716053503605.png\",\"contentUrl\":\"https:\/\/lpfparana.com.ar\/inicio\/wp-content\/uploads\/2024\/04\/genericas-bplay_FEED-02-e1716053503605.png\",\"width\":1080,\"height\":660},{\"@type\":\"BreadcrumbList\",\"@id\":\"https:\/\/lpfparana.com.ar\/inicio\/don-bosco-recibe-a-sportivo-urquiza-en-un-duelo-que-sera-televisado\/#breadcrumb\",\"itemListElement\":[{\"@type\":\"ListItem\",\"position\":1,\"name\":\"Portada\",\"item\":\"https:\/\/lpfparana.com.ar\/inicio\/\"},{\"@type\":\"ListItem\",\"position\":2,\"name\":\"Don Bosco recibe a Sportivo Urquiza, en un duelo que ser\u00e1 televisado\"}]},{\"@type\":\"WebSite\",\"@id\":\"https:\/\/lpfparana.com.ar\/inicio\/#website\",\"url\":\"https:\/\/lpfparana.com.ar\/inicio\/\",\"name\":\"\",\"description\":\"LPF Paran\u00e1\",\"potentialAction\":[{\"@type\":\"SearchAction\",\"target\":{\"@type\":\"EntryPoint\",\"urlTemplate\":\"https:\/\/lpfparana.com.ar\/inicio\/?s={search_term_string}\"},\"query-input\":{\"@type\":\"PropertyValueSpecification\",\"valueRequired\":true,\"valueName\":\"search_term_string\"}}],\"inLanguage\":\"es\"},{\"@type\":\"Person\",\"@id\":\"https:\/\/lpfparana.com.ar\/inicio\/#\/schema\/person\/e4a909baf07553d45f0fb7b76f656d76\",\"name\":\"Juan Manuel L\u00f3pez\",\"image\":{\"@type\":\"ImageObject\",\"inLanguage\":\"es\",\"@id\":\"https:\/\/secure.gravatar.com\/avatar\/6fd4b36dc88658b1a9f8103e109f47885fcd020443829a5d936ca18f07c3d96c?s=96&d=mm&r=g\",\"url\":\"https:\/\/secure.gravatar.com\/avatar\/6fd4b36dc88658b1a9f8103e109f47885fcd020443829a5d936ca18f07c3d96c?s=96&d=mm&r=g\",\"contentUrl\":\"https:\/\/secure.gravatar.com\/avatar\/6fd4b36dc88658b1a9f8103e109f47885fcd020443829a5d936ca18f07c3d96c?s=96&d=mm&r=g\",\"caption\":\"Juan Manuel L\u00f3pez\"},\"url\":\"https:\/\/lpfparana.com.ar\/inicio\/author\/juanito\/\"}]}<\/script>\n<!-- \/ Yoast SEO Premium plugin. -->","yoast_head_json":{"title":"Don Bosco recibe a Sportivo Urquiza en el destacado del domingo","description":"La jornada dominguera, tendr\u00e1 desde las 16, el duelo entre el Salesiano y la V Azulada, que animar\u00e1n uno de los cinco partidos por la s\u00e9ptima","robots":{"index":"index","follow":"follow","max-snippet":"max-snippet:-1","max-image-preview":"max-image-preview:large","max-video-preview":"max-video-preview:-1"},"canonical":"https:\/\/lpfparana.com.ar\/inicio\/don-bosco-recibe-a-sportivo-urquiza-en-un-duelo-que-sera-televisado\/","og_locale":"es_ES","og_type":"article","og_title":"Don Bosco recibe a Sportivo Urquiza, en un duelo que ser\u00e1 televisado","og_description":"La jornada dominguera, tendr\u00e1 desde las 16, el duelo entre el Salesiano y la V Azulada, que animar\u00e1n uno de los cinco partidos por la s\u00e9ptima","og_url":"https:\/\/lpfparana.com.ar\/inicio\/don-bosco-recibe-a-sportivo-urquiza-en-un-duelo-que-sera-televisado\/","article_published_time":"2024-05-18T17:31:55+00:00","article_modified_time":"2024-05-18T17:31:56+00:00","og_image":[{"width":1080,"height":660,"url":"https:\/\/lpfparana.com.ar\/inicio\/wp-content\/uploads\/2024\/04\/genericas-bplay_FEED-02-e1716053503605.png","type":"image\/png"}],"author":"Juan Manuel L\u00f3pez","twitter_card":"summary_large_image","twitter_misc":{"Escrito por":"Juan Manuel L\u00f3pez","Tiempo de lectura":"4 minutos"},"schema":{"@context":"https:\/\/schema.org","@graph":[{"@type":"Article","@id":"https:\/\/lpfparana.com.ar\/inicio\/don-bosco-recibe-a-sportivo-urquiza-en-un-duelo-que-sera-televisado\/#article","isPartOf":{"@id":"https:\/\/lpfparana.com.ar\/inicio\/don-bosco-recibe-a-sportivo-urquiza-en-un-duelo-que-sera-televisado\/"},"author":{"name":"Juan Manuel L\u00f3pez","@id":"https:\/\/lpfparana.com.ar\/inicio\/#\/schema\/person\/e4a909baf07553d45f0fb7b76f656d76"},"headline":"Don Bosco recibe a Sportivo Urquiza, en un duelo que ser\u00e1 televisado","datePublished":"2024-05-18T17:31:55+00:00","dateModified":"2024-05-18T17:31:56+00:00","mainEntityOfPage":{"@id":"https:\/\/lpfparana.com.ar\/inicio\/don-bosco-recibe-a-sportivo-urquiza-en-un-duelo-que-sera-televisado\/"},"wordCount":770,"commentCount":0,"image":{"@id":"https:\/\/lpfparana.com.ar\/inicio\/don-bosco-recibe-a-sportivo-urquiza-en-un-duelo-que-sera-televisado\/#primaryimage"},"thumbnailUrl":"https:\/\/lpfparana.com.ar\/inicio\/wp-content\/uploads\/2024\/04\/genericas-bplay_FEED-02-e1716053503605.png","articleSection":["Masculino","Noticias"],"inLanguage":"es","potentialAction":[{"@type":"CommentAction","name":"Comment","target":["https:\/\/lpfparana.com.ar\/inicio\/don-bosco-recibe-a-sportivo-urquiza-en-un-duelo-que-sera-televisado\/#respond"]}]},{"@type":"WebPage","@id":"https:\/\/lpfparana.com.ar\/inicio\/don-bosco-recibe-a-sportivo-urquiza-en-un-duelo-que-sera-televisado\/","url":"https:\/\/lpfparana.com.ar\/inicio\/don-bosco-recibe-a-sportivo-urquiza-en-un-duelo-que-sera-televisado\/","name":"Don Bosco recibe a Sportivo Urquiza en el destacado del domingo","isPartOf":{"@id":"https:\/\/lpfparana.com.ar\/inicio\/#website"},"primaryImageOfPage":{"@id":"https:\/\/lpfparana.com.ar\/inicio\/don-bosco-recibe-a-sportivo-urquiza-en-un-duelo-que-sera-televisado\/#primaryimage"},"image":{"@id":"https:\/\/lpfparana.com.ar\/inicio\/don-bosco-recibe-a-sportivo-urquiza-en-un-duelo-que-sera-televisado\/#primaryimage"},"thumbnailUrl":"https:\/\/lpfparana.com.ar\/inicio\/wp-content\/uploads\/2024\/04\/genericas-bplay_FEED-02-e1716053503605.png","datePublished":"2024-05-18T17:31:55+00:00","dateModified":"2024-05-18T17:31:56+00:00","author":{"@id":"https:\/\/lpfparana.com.ar\/inicio\/#\/schema\/person\/e4a909baf07553d45f0fb7b76f656d76"},"description":"La jornada dominguera, tendr\u00e1 desde las 16, el duelo entre el Salesiano y la V Azulada, que animar\u00e1n uno de los cinco partidos por la s\u00e9ptima","breadcrumb":{"@id":"https:\/\/lpfparana.com.ar\/inicio\/don-bosco-recibe-a-sportivo-urquiza-en-un-duelo-que-sera-televisado\/#breadcrumb"},"inLanguage":"es","potentialAction":[{"@type":"ReadAction","target":["https:\/\/lpfparana.com.ar\/inicio\/don-bosco-recibe-a-sportivo-urquiza-en-un-duelo-que-sera-televisado\/"]}]},{"@type":"ImageObject","inLanguage":"es","@id":"https:\/\/lpfparana.com.ar\/inicio\/don-bosco-recibe-a-sportivo-urquiza-en-un-duelo-que-sera-televisado\/#primaryimage","url":"https:\/\/lpfparana.com.ar\/inicio\/wp-content\/uploads\/2024\/04\/genericas-bplay_FEED-02-e1716053503605.png","contentUrl":"https:\/\/lpfparana.com.ar\/inicio\/wp-content\/uploads\/2024\/04\/genericas-bplay_FEED-02-e1716053503605.png","width":1080,"height":660},{"@type":"BreadcrumbList","@id":"https:\/\/lpfparana.com.ar\/inicio\/don-bosco-recibe-a-sportivo-urquiza-en-un-duelo-que-sera-televisado\/#breadcrumb","itemListElement":[{"@type":"ListItem","position":1,"name":"Portada","item":"https:\/\/lpfparana.com.ar\/inicio\/"},{"@type":"ListItem","position":2,"name":"Don Bosco recibe a Sportivo Urquiza, en un duelo que ser\u00e1 televisado"}]},{"@type":"WebSite","@id":"https:\/\/lpfparana.com.ar\/inicio\/#website","url":"https:\/\/lpfparana.com.ar\/inicio\/","name":"","description":"LPF Paran\u00e1","potentialAction":[{"@type":"SearchAction","target":{"@type":"EntryPoint","urlTemplate":"https:\/\/lpfparana.com.ar\/inicio\/?s={search_term_string}"},"query-input":{"@type":"PropertyValueSpecification","valueRequired":true,"valueName":"search_term_string"}}],"inLanguage":"es"},{"@type":"Person","@id":"https:\/\/lpfparana.com.ar\/inicio\/#\/schema\/person\/e4a909baf07553d45f0fb7b76f656d76","name":"Juan Manuel L\u00f3pez","image":{"@type":"ImageObject","inLanguage":"es","@id":"https:\/\/secure.gravatar.com\/avatar\/6fd4b36dc88658b1a9f8103e109f47885fcd020443829a5d936ca18f07c3d96c?s=96&d=mm&r=g","url":"https:\/\/secure.gravatar.com\/avatar\/6fd4b36dc88658b1a9f8103e109f47885fcd020443829a5d936ca18f07c3d96c?s=96&d=mm&r=g","contentUrl":"https:\/\/secure.gravatar.com\/avatar\/6fd4b36dc88658b1a9f8103e109f47885fcd020443829a5d936ca18f07c3d96c?s=96&d=mm&r=g","caption":"Juan Manuel L\u00f3pez"},"url":"https:\/\/lpfparana.com.ar\/inicio\/author\/juanito\/"}]}},"_links":{"self":[{"href":"https:\/\/lpfparana.com.ar\/inicio\/wp-json\/wp\/v2\/posts\/2978","targetHints":{"allow":["GET"]}}],"collection":[{"href":"https:\/\/lpfparana.com.ar\/inicio\/wp-json\/wp\/v2\/posts"}],"about":[{"href":"https:\/\/lpfparana.com.ar\/inicio\/wp-json\/wp\/v2\/types\/post"}],"author":[{"embeddable":true,"href":"https:\/\/lpfparana.com.ar\/inicio\/wp-json\/wp\/v2\/users\/4"}],"replies":[{"embeddable":true,"href":"https:\/\/lpfparana.com.ar\/inicio\/wp-json\/wp\/v2\/comments?post=2978"}],"version-history":[{"count":1,"href":"https:\/\/lpfparana.com.ar\/inicio\/wp-json\/wp\/v2\/posts\/2978\/revisions"}],"predecessor-version":[{"id":2979,"href":"https:\/\/lpfparana.com.ar\/inicio\/wp-json\/wp\/v2\/posts\/2978\/revisions\/2979"}],"wp:featuredmedia":[{"embeddable":true,"href":"https:\/\/lpfparana.com.ar\/inicio\/wp-json\/wp\/v2\/media\/2473"}],"wp:attachment":[{"href":"https:\/\/lpfparana.com.ar\/inicio\/wp-json\/wp\/v2\/media?parent=2978"}],"wp:term":[{"taxonomy":"category","embeddable":true,"href":"https:\/\/lpfparana.com.ar\/inicio\/wp-json\/wp\/v2\/categories?post=2978"},{"taxonomy":"post_tag","embeddable":true,"href":"https:\/\/lpfparana.com.ar\/inicio\/wp-json\/wp\/v2\/tags?post=2978"}],"curies":[{"name":"wp","href":"https:\/\/api.w.org\/{rel}","templated":true}]}}