{"id":2554,"date":"2024-04-07T21:59:12","date_gmt":"2024-04-08T00:59:12","guid":{"rendered":"https:\/\/lpfparana.com.ar\/inicio\/?p=2554"},"modified":"2024-04-07T21:59:13","modified_gmt":"2024-04-08T00:59:13","slug":"penarol-empato-con-atletico-diamantino","status":"publish","type":"post","link":"https:\/\/lpfparana.com.ar\/inicio\/penarol-empato-con-atletico-diamantino\/","title":{"rendered":"Pe\u00f1arol empat\u00f3 con Atl\u00e9tico Diamantino"},"content":{"rendered":"\n<h2 class=\"wp-block-heading\"><em>El Tricolor igual\u00f3 0-0 ante el conjunto de Diamante en el partido de ida de los Cuartos de Final de la Copa Entre R\u00edos. La vuelta, ser\u00e1 en Barrio Pirola.<\/em><\/h2>\n\n\n\n<p>En medio de la disputa de la Fecha 2 del Torneo BPlay de la Primera A de la Liga Paranaense, Pe\u00f1arol represent\u00f3 a la LPF en los Cuartos de Final de la Copa Entre R\u00edos en Diamante. <\/p>\n\n\n\n<figure class=\"wp-block-image size-large\"><a href=\"https:\/\/lpfparana.com.ar\/inicio\/wp-content\/uploads\/2024\/04\/DSC_0139-scaled.jpg\"><img fetchpriority=\"high\" decoding=\"async\" width=\"1024\" height=\"683\" src=\"https:\/\/lpfparana.com.ar\/inicio\/wp-content\/uploads\/2024\/04\/DSC_0139-1024x683.jpg\" alt=\"\" class=\"wp-image-2555\" srcset=\"https:\/\/lpfparana.com.ar\/inicio\/wp-content\/uploads\/2024\/04\/DSC_0139-1024x683.jpg 1024w, https:\/\/lpfparana.com.ar\/inicio\/wp-content\/uploads\/2024\/04\/DSC_0139-300x200.jpg 300w, https:\/\/lpfparana.com.ar\/inicio\/wp-content\/uploads\/2024\/04\/DSC_0139-768x512.jpg 768w, https:\/\/lpfparana.com.ar\/inicio\/wp-content\/uploads\/2024\/04\/DSC_0139-1536x1024.jpg 1536w, https:\/\/lpfparana.com.ar\/inicio\/wp-content\/uploads\/2024\/04\/DSC_0139-2048x1365.jpg 2048w, https:\/\/lpfparana.com.ar\/inicio\/wp-content\/uploads\/2024\/04\/DSC_0139-600x400.jpg 600w\" sizes=\"(max-width: 1024px) 100vw, 1024px\" \/><\/a><figcaption class=\"wp-element-caption\">Foto-Gentileza: Prensa Atl. Diamantino<\/figcaption><\/figure>\n\n\n\n<p>El conjunto de Natalio \u00c1lvarez disput\u00f3 el partido de ida ante Atl\u00e9tico Diamantino, d\u00f3nde igual\u00f3 sin goles y logr\u00f3 llegar con la ventana deportiva al cotejo de vuelta, que a\u00fan no cuenta con d\u00eda y horario definido por parte de la Federaci\u00f3n Entrerriana de F\u00fatbol. <\/p>\n\n\n\n<p>Este mi\u00e9rcoles, el Tricolor recibir\u00e1 a Patronato en el Anibal Giusti, completando la Fecha 2 del torneo liguista, d\u00f3nde no podr\u00e1 contar con Jorge Retamozo, Francisco Narvaez y Gabriel Monz\u00f3n, que deben cumplir las fechas de suspensi\u00f3n. <\/p>\n\n\n\n<h2 class=\"wp-block-heading\">Ver tambi\u00e9n<\/h2>\n\n\n\n<figure class=\"wp-block-embed is-type-wp-embed is-provider-incrustado wp-block-embed-incrustado\"><div class=\"wp-block-embed__wrapper\">\n<blockquote class=\"wp-embedded-content\" data-secret=\"1d3L0URYFU\"><a href=\"https:\/\/lpfparana.com.ar\/inicio\/atletico-parana-volvio-a-ganar-y-lidera-el-torneo-bplay\/\">Atl\u00e9tico Paran\u00e1 volvi\u00f3 a ganar y lidera el Torneo BPlay<\/a><\/blockquote><iframe class=\"wp-embedded-content\" sandbox=\"allow-scripts\" security=\"restricted\" style=\"position: absolute; clip: rect(1px, 1px, 1px, 1px);\" title=\"\u00abAtl\u00e9tico Paran\u00e1 volvi\u00f3 a ganar y lidera el Torneo BPlay\u00bb \u2014 \" src=\"https:\/\/lpfparana.com.ar\/inicio\/atletico-parana-volvio-a-ganar-y-lidera-el-torneo-bplay\/embed\/#?secret=JknmayHj5f#?secret=1d3L0URYFU\" data-secret=\"1d3L0URYFU\" width=\"600\" height=\"338\" frameborder=\"0\" marginwidth=\"0\" marginheight=\"0\" scrolling=\"no\"><\/iframe>\n<\/div><\/figure>\n","protected":false},"excerpt":{"rendered":"<p>El Tricolor igual\u00f3 0-0 ante el conjunto de Diamante en el partido de ida de los Cuartos de Final de la Copa Entre R\u00edos. La vuelta, ser\u00e1 en Barrio Pirola. En medio de la disputa de la Fecha 2 del Torneo BPlay de la Primera A de la Liga Paranaense, Pe\u00f1arol represent\u00f3 a la LPF&#8230;<\/p>\n","protected":false},"author":4,"featured_media":2556,"comment_status":"open","ping_status":"open","sticky":false,"template":"","format":"standard","meta":{"footnotes":""},"categories":[8],"tags":[],"class_list":["post-2554","post","type-post","status-publish","format-standard","has-post-thumbnail","hentry","category-masculino"],"featured_image_src":"https:\/\/lpfparana.com.ar\/inicio\/wp-content\/uploads\/2024\/04\/DSC_0136-scaled.jpg","author_info":{"display_name":"Juan Manuel L\u00f3pez","author_link":"https:\/\/lpfparana.com.ar\/inicio\/author\/juanito\/"},"yoast_head":"<!-- This site is optimized with the Yoast SEO Premium plugin v23.3 (Yoast SEO v27.2) - https:\/\/yoast.com\/product\/yoast-seo-premium-wordpress\/ -->\n<title>Pe\u00f1arol empat\u00f3 con Atl\u00e9tico Diamantino -<\/title>\n<meta name=\"robots\" content=\"index, follow, max-snippet:-1, max-image-preview:large, max-video-preview:-1\" \/>\n<link rel=\"canonical\" href=\"https:\/\/lpfparana.com.ar\/inicio\/penarol-empato-con-atletico-diamantino\/\" \/>\n<meta property=\"og:locale\" content=\"es_ES\" \/>\n<meta property=\"og:type\" content=\"article\" \/>\n<meta property=\"og:title\" content=\"Pe\u00f1arol empat\u00f3 con Atl\u00e9tico Diamantino\" \/>\n<meta property=\"og:description\" content=\"El Tricolor igual\u00f3 0-0 ante el conjunto de Diamante en el partido de ida de los Cuartos de Final de la Copa Entre R\u00edos. La vuelta, ser\u00e1 en Barrio Pirola. En medio de la disputa de la Fecha 2 del Torneo BPlay de la Primera A de la Liga Paranaense, Pe\u00f1arol represent\u00f3 a la LPF...\" \/>\n<meta property=\"og:url\" content=\"https:\/\/lpfparana.com.ar\/inicio\/penarol-empato-con-atletico-diamantino\/\" \/>\n<meta property=\"article:published_time\" content=\"2024-04-08T00:59:12+00:00\" \/>\n<meta property=\"article:modified_time\" content=\"2024-04-08T00:59:13+00:00\" \/>\n<meta property=\"og:image\" content=\"https:\/\/lpfparana.com.ar\/inicio\/wp-content\/uploads\/2024\/04\/DSC_0136-scaled.jpg\" \/>\n\t<meta property=\"og:image:width\" content=\"2560\" \/>\n\t<meta property=\"og:image:height\" content=\"1707\" \/>\n\t<meta property=\"og:image:type\" content=\"image\/jpeg\" \/>\n<meta name=\"author\" content=\"Juan Manuel L\u00f3pez\" \/>\n<meta name=\"twitter:card\" content=\"summary_large_image\" \/>\n<meta name=\"twitter:label1\" content=\"Escrito por\" \/>\n\t<meta name=\"twitter:data1\" content=\"Juan Manuel L\u00f3pez\" \/>\n\t<meta name=\"twitter:label2\" content=\"Tiempo de lectura\" \/>\n\t<meta name=\"twitter:data2\" content=\"2 minutos\" \/>\n<script type=\"application\/ld+json\" class=\"yoast-schema-graph\">{\"@context\":\"https:\/\/schema.org\",\"@graph\":[{\"@type\":\"Article\",\"@id\":\"https:\/\/lpfparana.com.ar\/inicio\/penarol-empato-con-atletico-diamantino\/#article\",\"isPartOf\":{\"@id\":\"https:\/\/lpfparana.com.ar\/inicio\/penarol-empato-con-atletico-diamantino\/\"},\"author\":{\"name\":\"Juan Manuel L\u00f3pez\",\"@id\":\"https:\/\/lpfparana.com.ar\/inicio\/#\/schema\/person\/e4a909baf07553d45f0fb7b76f656d76\"},\"headline\":\"Pe\u00f1arol empat\u00f3 con Atl\u00e9tico Diamantino\",\"datePublished\":\"2024-04-08T00:59:12+00:00\",\"dateModified\":\"2024-04-08T00:59:13+00:00\",\"mainEntityOfPage\":{\"@id\":\"https:\/\/lpfparana.com.ar\/inicio\/penarol-empato-con-atletico-diamantino\/\"},\"wordCount\":180,\"commentCount\":0,\"image\":{\"@id\":\"https:\/\/lpfparana.com.ar\/inicio\/penarol-empato-con-atletico-diamantino\/#primaryimage\"},\"thumbnailUrl\":\"https:\/\/lpfparana.com.ar\/inicio\/wp-content\/uploads\/2024\/04\/DSC_0136-scaled.jpg\",\"articleSection\":[\"Masculino\"],\"inLanguage\":\"es\",\"potentialAction\":[{\"@type\":\"CommentAction\",\"name\":\"Comment\",\"target\":[\"https:\/\/lpfparana.com.ar\/inicio\/penarol-empato-con-atletico-diamantino\/#respond\"]}]},{\"@type\":\"WebPage\",\"@id\":\"https:\/\/lpfparana.com.ar\/inicio\/penarol-empato-con-atletico-diamantino\/\",\"url\":\"https:\/\/lpfparana.com.ar\/inicio\/penarol-empato-con-atletico-diamantino\/\",\"name\":\"Pe\u00f1arol empat\u00f3 con Atl\u00e9tico Diamantino -\",\"isPartOf\":{\"@id\":\"https:\/\/lpfparana.com.ar\/inicio\/#website\"},\"primaryImageOfPage\":{\"@id\":\"https:\/\/lpfparana.com.ar\/inicio\/penarol-empato-con-atletico-diamantino\/#primaryimage\"},\"image\":{\"@id\":\"https:\/\/lpfparana.com.ar\/inicio\/penarol-empato-con-atletico-diamantino\/#primaryimage\"},\"thumbnailUrl\":\"https:\/\/lpfparana.com.ar\/inicio\/wp-content\/uploads\/2024\/04\/DSC_0136-scaled.jpg\",\"datePublished\":\"2024-04-08T00:59:12+00:00\",\"dateModified\":\"2024-04-08T00:59:13+00:00\",\"author\":{\"@id\":\"https:\/\/lpfparana.com.ar\/inicio\/#\/schema\/person\/e4a909baf07553d45f0fb7b76f656d76\"},\"breadcrumb\":{\"@id\":\"https:\/\/lpfparana.com.ar\/inicio\/penarol-empato-con-atletico-diamantino\/#breadcrumb\"},\"inLanguage\":\"es\",\"potentialAction\":[{\"@type\":\"ReadAction\",\"target\":[\"https:\/\/lpfparana.com.ar\/inicio\/penarol-empato-con-atletico-diamantino\/\"]}]},{\"@type\":\"ImageObject\",\"inLanguage\":\"es\",\"@id\":\"https:\/\/lpfparana.com.ar\/inicio\/penarol-empato-con-atletico-diamantino\/#primaryimage\",\"url\":\"https:\/\/lpfparana.com.ar\/inicio\/wp-content\/uploads\/2024\/04\/DSC_0136-scaled.jpg\",\"contentUrl\":\"https:\/\/lpfparana.com.ar\/inicio\/wp-content\/uploads\/2024\/04\/DSC_0136-scaled.jpg\",\"width\":2560,\"height\":1707},{\"@type\":\"BreadcrumbList\",\"@id\":\"https:\/\/lpfparana.com.ar\/inicio\/penarol-empato-con-atletico-diamantino\/#breadcrumb\",\"itemListElement\":[{\"@type\":\"ListItem\",\"position\":1,\"name\":\"Portada\",\"item\":\"https:\/\/lpfparana.com.ar\/inicio\/\"},{\"@type\":\"ListItem\",\"position\":2,\"name\":\"Pe\u00f1arol empat\u00f3 con Atl\u00e9tico Diamantino\"}]},{\"@type\":\"WebSite\",\"@id\":\"https:\/\/lpfparana.com.ar\/inicio\/#website\",\"url\":\"https:\/\/lpfparana.com.ar\/inicio\/\",\"name\":\"\",\"description\":\"LPF Paran\u00e1\",\"potentialAction\":[{\"@type\":\"SearchAction\",\"target\":{\"@type\":\"EntryPoint\",\"urlTemplate\":\"https:\/\/lpfparana.com.ar\/inicio\/?s={search_term_string}\"},\"query-input\":{\"@type\":\"PropertyValueSpecification\",\"valueRequired\":true,\"valueName\":\"search_term_string\"}}],\"inLanguage\":\"es\"},{\"@type\":\"Person\",\"@id\":\"https:\/\/lpfparana.com.ar\/inicio\/#\/schema\/person\/e4a909baf07553d45f0fb7b76f656d76\",\"name\":\"Juan Manuel L\u00f3pez\",\"image\":{\"@type\":\"ImageObject\",\"inLanguage\":\"es\",\"@id\":\"https:\/\/secure.gravatar.com\/avatar\/6fd4b36dc88658b1a9f8103e109f47885fcd020443829a5d936ca18f07c3d96c?s=96&d=mm&r=g\",\"url\":\"https:\/\/secure.gravatar.com\/avatar\/6fd4b36dc88658b1a9f8103e109f47885fcd020443829a5d936ca18f07c3d96c?s=96&d=mm&r=g\",\"contentUrl\":\"https:\/\/secure.gravatar.com\/avatar\/6fd4b36dc88658b1a9f8103e109f47885fcd020443829a5d936ca18f07c3d96c?s=96&d=mm&r=g\",\"caption\":\"Juan Manuel L\u00f3pez\"},\"url\":\"https:\/\/lpfparana.com.ar\/inicio\/author\/juanito\/\"}]}<\/script>\n<!-- \/ Yoast SEO Premium plugin. -->","yoast_head_json":{"title":"Pe\u00f1arol empat\u00f3 con Atl\u00e9tico Diamantino -","robots":{"index":"index","follow":"follow","max-snippet":"max-snippet:-1","max-image-preview":"max-image-preview:large","max-video-preview":"max-video-preview:-1"},"canonical":"https:\/\/lpfparana.com.ar\/inicio\/penarol-empato-con-atletico-diamantino\/","og_locale":"es_ES","og_type":"article","og_title":"Pe\u00f1arol empat\u00f3 con Atl\u00e9tico Diamantino","og_description":"El Tricolor igual\u00f3 0-0 ante el conjunto de Diamante en el partido de ida de los Cuartos de Final de la Copa Entre R\u00edos. La vuelta, ser\u00e1 en Barrio Pirola. En medio de la disputa de la Fecha 2 del Torneo BPlay de la Primera A de la Liga Paranaense, Pe\u00f1arol represent\u00f3 a la LPF...","og_url":"https:\/\/lpfparana.com.ar\/inicio\/penarol-empato-con-atletico-diamantino\/","article_published_time":"2024-04-08T00:59:12+00:00","article_modified_time":"2024-04-08T00:59:13+00:00","og_image":[{"width":2560,"height":1707,"url":"https:\/\/lpfparana.com.ar\/inicio\/wp-content\/uploads\/2024\/04\/DSC_0136-scaled.jpg","type":"image\/jpeg"}],"author":"Juan Manuel L\u00f3pez","twitter_card":"summary_large_image","twitter_misc":{"Escrito por":"Juan Manuel L\u00f3pez","Tiempo de lectura":"2 minutos"},"schema":{"@context":"https:\/\/schema.org","@graph":[{"@type":"Article","@id":"https:\/\/lpfparana.com.ar\/inicio\/penarol-empato-con-atletico-diamantino\/#article","isPartOf":{"@id":"https:\/\/lpfparana.com.ar\/inicio\/penarol-empato-con-atletico-diamantino\/"},"author":{"name":"Juan Manuel L\u00f3pez","@id":"https:\/\/lpfparana.com.ar\/inicio\/#\/schema\/person\/e4a909baf07553d45f0fb7b76f656d76"},"headline":"Pe\u00f1arol empat\u00f3 con Atl\u00e9tico Diamantino","datePublished":"2024-04-08T00:59:12+00:00","dateModified":"2024-04-08T00:59:13+00:00","mainEntityOfPage":{"@id":"https:\/\/lpfparana.com.ar\/inicio\/penarol-empato-con-atletico-diamantino\/"},"wordCount":180,"commentCount":0,"image":{"@id":"https:\/\/lpfparana.com.ar\/inicio\/penarol-empato-con-atletico-diamantino\/#primaryimage"},"thumbnailUrl":"https:\/\/lpfparana.com.ar\/inicio\/wp-content\/uploads\/2024\/04\/DSC_0136-scaled.jpg","articleSection":["Masculino"],"inLanguage":"es","potentialAction":[{"@type":"CommentAction","name":"Comment","target":["https:\/\/lpfparana.com.ar\/inicio\/penarol-empato-con-atletico-diamantino\/#respond"]}]},{"@type":"WebPage","@id":"https:\/\/lpfparana.com.ar\/inicio\/penarol-empato-con-atletico-diamantino\/","url":"https:\/\/lpfparana.com.ar\/inicio\/penarol-empato-con-atletico-diamantino\/","name":"Pe\u00f1arol empat\u00f3 con Atl\u00e9tico Diamantino -","isPartOf":{"@id":"https:\/\/lpfparana.com.ar\/inicio\/#website"},"primaryImageOfPage":{"@id":"https:\/\/lpfparana.com.ar\/inicio\/penarol-empato-con-atletico-diamantino\/#primaryimage"},"image":{"@id":"https:\/\/lpfparana.com.ar\/inicio\/penarol-empato-con-atletico-diamantino\/#primaryimage"},"thumbnailUrl":"https:\/\/lpfparana.com.ar\/inicio\/wp-content\/uploads\/2024\/04\/DSC_0136-scaled.jpg","datePublished":"2024-04-08T00:59:12+00:00","dateModified":"2024-04-08T00:59:13+00:00","author":{"@id":"https:\/\/lpfparana.com.ar\/inicio\/#\/schema\/person\/e4a909baf07553d45f0fb7b76f656d76"},"breadcrumb":{"@id":"https:\/\/lpfparana.com.ar\/inicio\/penarol-empato-con-atletico-diamantino\/#breadcrumb"},"inLanguage":"es","potentialAction":[{"@type":"ReadAction","target":["https:\/\/lpfparana.com.ar\/inicio\/penarol-empato-con-atletico-diamantino\/"]}]},{"@type":"ImageObject","inLanguage":"es","@id":"https:\/\/lpfparana.com.ar\/inicio\/penarol-empato-con-atletico-diamantino\/#primaryimage","url":"https:\/\/lpfparana.com.ar\/inicio\/wp-content\/uploads\/2024\/04\/DSC_0136-scaled.jpg","contentUrl":"https:\/\/lpfparana.com.ar\/inicio\/wp-content\/uploads\/2024\/04\/DSC_0136-scaled.jpg","width":2560,"height":1707},{"@type":"BreadcrumbList","@id":"https:\/\/lpfparana.com.ar\/inicio\/penarol-empato-con-atletico-diamantino\/#breadcrumb","itemListElement":[{"@type":"ListItem","position":1,"name":"Portada","item":"https:\/\/lpfparana.com.ar\/inicio\/"},{"@type":"ListItem","position":2,"name":"Pe\u00f1arol empat\u00f3 con Atl\u00e9tico Diamantino"}]},{"@type":"WebSite","@id":"https:\/\/lpfparana.com.ar\/inicio\/#website","url":"https:\/\/lpfparana.com.ar\/inicio\/","name":"","description":"LPF Paran\u00e1","potentialAction":[{"@type":"SearchAction","target":{"@type":"EntryPoint","urlTemplate":"https:\/\/lpfparana.com.ar\/inicio\/?s={search_term_string}"},"query-input":{"@type":"PropertyValueSpecification","valueRequired":true,"valueName":"search_term_string"}}],"inLanguage":"es"},{"@type":"Person","@id":"https:\/\/lpfparana.com.ar\/inicio\/#\/schema\/person\/e4a909baf07553d45f0fb7b76f656d76","name":"Juan Manuel L\u00f3pez","image":{"@type":"ImageObject","inLanguage":"es","@id":"https:\/\/secure.gravatar.com\/avatar\/6fd4b36dc88658b1a9f8103e109f47885fcd020443829a5d936ca18f07c3d96c?s=96&d=mm&r=g","url":"https:\/\/secure.gravatar.com\/avatar\/6fd4b36dc88658b1a9f8103e109f47885fcd020443829a5d936ca18f07c3d96c?s=96&d=mm&r=g","contentUrl":"https:\/\/secure.gravatar.com\/avatar\/6fd4b36dc88658b1a9f8103e109f47885fcd020443829a5d936ca18f07c3d96c?s=96&d=mm&r=g","caption":"Juan Manuel L\u00f3pez"},"url":"https:\/\/lpfparana.com.ar\/inicio\/author\/juanito\/"}]}},"_links":{"self":[{"href":"https:\/\/lpfparana.com.ar\/inicio\/wp-json\/wp\/v2\/posts\/2554","targetHints":{"allow":["GET"]}}],"collection":[{"href":"https:\/\/lpfparana.com.ar\/inicio\/wp-json\/wp\/v2\/posts"}],"about":[{"href":"https:\/\/lpfparana.com.ar\/inicio\/wp-json\/wp\/v2\/types\/post"}],"author":[{"embeddable":true,"href":"https:\/\/lpfparana.com.ar\/inicio\/wp-json\/wp\/v2\/users\/4"}],"replies":[{"embeddable":true,"href":"https:\/\/lpfparana.com.ar\/inicio\/wp-json\/wp\/v2\/comments?post=2554"}],"version-history":[{"count":1,"href":"https:\/\/lpfparana.com.ar\/inicio\/wp-json\/wp\/v2\/posts\/2554\/revisions"}],"predecessor-version":[{"id":2557,"href":"https:\/\/lpfparana.com.ar\/inicio\/wp-json\/wp\/v2\/posts\/2554\/revisions\/2557"}],"wp:featuredmedia":[{"embeddable":true,"href":"https:\/\/lpfparana.com.ar\/inicio\/wp-json\/wp\/v2\/media\/2556"}],"wp:attachment":[{"href":"https:\/\/lpfparana.com.ar\/inicio\/wp-json\/wp\/v2\/media?parent=2554"}],"wp:term":[{"taxonomy":"category","embeddable":true,"href":"https:\/\/lpfparana.com.ar\/inicio\/wp-json\/wp\/v2\/categories?post=2554"},{"taxonomy":"post_tag","embeddable":true,"href":"https:\/\/lpfparana.com.ar\/inicio\/wp-json\/wp\/v2\/tags?post=2554"}],"curies":[{"name":"wp","href":"https:\/\/api.w.org\/{rel}","templated":true}]}}