{"id":2429,"date":"2024-04-03T19:31:52","date_gmt":"2024-04-03T22:31:52","guid":{"rendered":"https:\/\/lpfparana.com.ar\/inicio\/?p=2429"},"modified":"2024-04-03T19:31:53","modified_gmt":"2024-04-03T22:31:53","slug":"bruno-alizegui-cumplio-con-la-ley-del-ex","status":"publish","type":"post","link":"https:\/\/lpfparana.com.ar\/inicio\/bruno-alizegui-cumplio-con-la-ley-del-ex\/","title":{"rendered":"Bruno Alizegui cumpli\u00f3 con la ley del ex"},"content":{"rendered":"\n<h2 class=\"wp-block-heading\"><strong><em>El mediocampista marc\u00f3 el tercer gol de Atl\u00e9tico Paran\u00e1 en la goleada a Patronato, el club del cu\u00e1l se form\u00f3 y jug\u00f3 toda su vida: \u00abFue un partido especial y raro\u00bb, coment\u00f3 en FM Litoral. <\/em><\/strong><\/h2>\n\n\n\n<p>Jugar un cl\u00e1sico es especial y para Bruno Alizegui se sum\u00f3 el condimento especial de jugar contra el club de su vida, Patronato. El mediocampista de 21 a\u00f1os marc\u00f3 el tercer gol de Atl\u00e9tico Paran\u00e1 en la goleada 4-0 por la Fecha 1 del Torneo BPlay de la Liga Paranaense de F\u00fatbol en la Primera A. <\/p>\n\n\n\n<p>\u00abJugu\u00e9 desde Escuelita hasta cuarta en Patronato, toda mi vida la hice en el club\u00bb, se\u00f1al\u00f3 Alizegui al aire de Locos por la Liga por FM Litoral (103.1), donde tambi\u00e9n cont\u00f3 las sensaciones vividas este martes en el Pedro Mutio: \u00abFue un partido especial y raro. Mi \u00faltimo partido que jugu\u00e9 en Patr\u00f3n fue contra Paran\u00e1 el a\u00f1o pasado en La Capillita. Siempre es lindo ver a mis ex compa\u00f1eros. Fue raro, pero una muy linda sensaci\u00f3n\u00bb.<\/p>\n\n\n\n<p>El volante disput\u00f3 el Torneo Federal Regional Amateur con el Decano y, tras la eliminaci\u00f3n, decidi\u00f3 quedarse para esta Temporada liguista: \u00abNo ve\u00eda muchas chances de seguir en Patr\u00f3n, ve\u00eda que se me iba a complicar el seguir jugando por la cuesti\u00f3n contractual y otros detalles, vi la posibilidad del pr\u00e9stamo para el Regional. Atl\u00e9tico me gusta mucho, la predisposici\u00f3n de la gente, el clima y decid\u00ed quedarme\u00bb, cont\u00f3. <\/p>\n\n\n<div class=\"wp-block-image\">\n<figure class=\"aligncenter size-full\"><a href=\"https:\/\/lpfparana.com.ar\/inicio\/wp-content\/uploads\/2024\/04\/IMG-20240403-WA0075.jpg\"><img fetchpriority=\"high\" decoding=\"async\" width=\"800\" height=\"450\" src=\"https:\/\/lpfparana.com.ar\/inicio\/wp-content\/uploads\/2024\/04\/IMG-20240403-WA0075.jpg\" alt=\"\" class=\"wp-image-2432\" srcset=\"https:\/\/lpfparana.com.ar\/inicio\/wp-content\/uploads\/2024\/04\/IMG-20240403-WA0075.jpg 800w, https:\/\/lpfparana.com.ar\/inicio\/wp-content\/uploads\/2024\/04\/IMG-20240403-WA0075-300x169.jpg 300w, https:\/\/lpfparana.com.ar\/inicio\/wp-content\/uploads\/2024\/04\/IMG-20240403-WA0075-768x432.jpg 768w\" sizes=\"(max-width: 800px) 100vw, 800px\" \/><\/a><\/figure>\n<\/div>\n\n\n<p>Sobre el primer triunfo, con goleada incluida, Bruno analiz\u00f3: \u00abNos ven\u00edamos preparando hace tiempo para tener un arranque as\u00ed, la idea la agarramos r\u00e1pido y pudimos hacer un buen juego\u00bb. En la misma l\u00ednea, agreg\u00f3:  \u00abM\u00e1s all\u00e1 de la garra que tiene cada jugador, lo que se vio, es lo que trabajamos y nos pide (Gustavo). Tenemos que aprovechar el buen pie que tenemos en el medio y se not\u00f3 en el debut\u00bb.<\/p>\n\n\n\n<p>Pensando en lo que viene, se entusiasm\u00f3: \u00abEl torneo es largo, hay que ir paso a paso. Si bien tuvimos un arranque increible, hay que preparar todos los partidos con la seriedad del caso. Queremos apuntar alto\u00bb. <\/p>\n\n\n\n<h2 class=\"wp-block-heading\">VER TAMBI\u00c9N<\/h2>\n\n\n\n<figure class=\"wp-block-embed is-type-wp-embed is-provider-incrustado wp-block-embed-incrustado\"><div class=\"wp-block-embed__wrapper\">\n<blockquote class=\"wp-embedded-content\" data-secret=\"15fIOejeqs\"><a href=\"https:\/\/lpfparana.com.ar\/inicio\/el-decano-se-impuso-en-el-inicio-del-torneo-b-play\/\">El Decano se impuso en el inicio del Torneo B Play<\/a><\/blockquote><iframe class=\"wp-embedded-content\" sandbox=\"allow-scripts\" security=\"restricted\" style=\"position: absolute; clip: rect(1px, 1px, 1px, 1px);\" title=\"\u00abEl Decano se impuso en el inicio del Torneo B Play\u00bb \u2014 \" src=\"https:\/\/lpfparana.com.ar\/inicio\/el-decano-se-impuso-en-el-inicio-del-torneo-b-play\/embed\/#?secret=Yt6HcVIlVk#?secret=15fIOejeqs\" data-secret=\"15fIOejeqs\" width=\"600\" height=\"338\" frameborder=\"0\" marginwidth=\"0\" marginheight=\"0\" scrolling=\"no\"><\/iframe>\n<\/div><\/figure>\n","protected":false},"excerpt":{"rendered":"<p>El mediocampista marc\u00f3 el tercer gol de Atl\u00e9tico Paran\u00e1 en la goleada a Patronato, el club del cu\u00e1l se form\u00f3 y jug\u00f3 toda su vida: \u00abFue un partido especial y raro\u00bb, coment\u00f3 en FM Litoral. Jugar un cl\u00e1sico es especial y para Bruno Alizegui se sum\u00f3 el condimento especial de jugar contra el club de&#8230;<\/p>\n","protected":false},"author":4,"featured_media":2431,"comment_status":"open","ping_status":"open","sticky":false,"template":"","format":"standard","meta":{"footnotes":""},"categories":[8],"tags":[177,178,78,106,176,61],"class_list":["post-2429","post","type-post","status-publish","format-standard","has-post-thumbnail","hentry","category-masculino","tag-atl-parana","tag-bruno-alizegui","tag-fm-litoral","tag-locos-por-la-liga","tag-parana-2","tag-primera-a"],"featured_image_src":"https:\/\/lpfparana.com.ar\/inicio\/wp-content\/uploads\/2024\/04\/IMG-20240403-WA0076.jpg","author_info":{"display_name":"Juan Manuel L\u00f3pez","author_link":"https:\/\/lpfparana.com.ar\/inicio\/author\/juanito\/"},"yoast_head":"<!-- This site is optimized with the Yoast SEO Premium plugin v23.3 (Yoast SEO v27.2) - https:\/\/yoast.com\/product\/yoast-seo-premium-wordpress\/ -->\n<title>Bruno Alizegui cumpli\u00f3 con la ley del ex -<\/title>\n<meta name=\"robots\" content=\"index, follow, max-snippet:-1, max-image-preview:large, max-video-preview:-1\" \/>\n<link rel=\"canonical\" href=\"https:\/\/lpfparana.com.ar\/inicio\/bruno-alizegui-cumplio-con-la-ley-del-ex\/\" \/>\n<meta property=\"og:locale\" content=\"es_ES\" \/>\n<meta property=\"og:type\" content=\"article\" \/>\n<meta property=\"og:title\" content=\"Bruno Alizegui cumpli\u00f3 con la ley del ex\" \/>\n<meta property=\"og:description\" content=\"El mediocampista marc\u00f3 el tercer gol de Atl\u00e9tico Paran\u00e1 en la goleada a Patronato, el club del cu\u00e1l se form\u00f3 y jug\u00f3 toda su vida: \u00abFue un partido especial y raro\u00bb, coment\u00f3 en FM Litoral. Jugar un cl\u00e1sico es especial y para Bruno Alizegui se sum\u00f3 el condimento especial de jugar contra el club de...\" \/>\n<meta property=\"og:url\" content=\"https:\/\/lpfparana.com.ar\/inicio\/bruno-alizegui-cumplio-con-la-ley-del-ex\/\" \/>\n<meta property=\"article:published_time\" content=\"2024-04-03T22:31:52+00:00\" \/>\n<meta property=\"article:modified_time\" content=\"2024-04-03T22:31:53+00:00\" \/>\n<meta property=\"og:image\" content=\"https:\/\/lpfparana.com.ar\/inicio\/wp-content\/uploads\/2024\/04\/IMG-20240403-WA0076.jpg\" \/>\n\t<meta property=\"og:image:width\" content=\"1280\" \/>\n\t<meta property=\"og:image:height\" content=\"720\" \/>\n\t<meta property=\"og:image:type\" content=\"image\/jpeg\" \/>\n<meta name=\"author\" content=\"Juan Manuel L\u00f3pez\" \/>\n<meta name=\"twitter:card\" content=\"summary_large_image\" \/>\n<meta name=\"twitter:label1\" content=\"Escrito por\" \/>\n\t<meta name=\"twitter:data1\" content=\"Juan Manuel L\u00f3pez\" \/>\n\t<meta name=\"twitter:label2\" content=\"Tiempo de lectura\" \/>\n\t<meta name=\"twitter:data2\" content=\"3 minutos\" \/>\n<script type=\"application\/ld+json\" class=\"yoast-schema-graph\">{\"@context\":\"https:\/\/schema.org\",\"@graph\":[{\"@type\":\"Article\",\"@id\":\"https:\/\/lpfparana.com.ar\/inicio\/bruno-alizegui-cumplio-con-la-ley-del-ex\/#article\",\"isPartOf\":{\"@id\":\"https:\/\/lpfparana.com.ar\/inicio\/bruno-alizegui-cumplio-con-la-ley-del-ex\/\"},\"author\":{\"name\":\"Juan Manuel L\u00f3pez\",\"@id\":\"https:\/\/lpfparana.com.ar\/inicio\/#\/schema\/person\/e4a909baf07553d45f0fb7b76f656d76\"},\"headline\":\"Bruno Alizegui cumpli\u00f3 con la ley del ex\",\"datePublished\":\"2024-04-03T22:31:52+00:00\",\"dateModified\":\"2024-04-03T22:31:53+00:00\",\"mainEntityOfPage\":{\"@id\":\"https:\/\/lpfparana.com.ar\/inicio\/bruno-alizegui-cumplio-con-la-ley-del-ex\/\"},\"wordCount\":385,\"commentCount\":0,\"image\":{\"@id\":\"https:\/\/lpfparana.com.ar\/inicio\/bruno-alizegui-cumplio-con-la-ley-del-ex\/#primaryimage\"},\"thumbnailUrl\":\"https:\/\/lpfparana.com.ar\/inicio\/wp-content\/uploads\/2024\/04\/IMG-20240403-WA0076.jpg\",\"keywords\":[\"Atl Paran\u00e1\",\"Bruno Alizegui\",\"FM Litoral\",\"Locos por la Liga\",\"Paran\u00e1\",\"Primera A\"],\"articleSection\":[\"Masculino\"],\"inLanguage\":\"es\",\"potentialAction\":[{\"@type\":\"CommentAction\",\"name\":\"Comment\",\"target\":[\"https:\/\/lpfparana.com.ar\/inicio\/bruno-alizegui-cumplio-con-la-ley-del-ex\/#respond\"]}]},{\"@type\":\"WebPage\",\"@id\":\"https:\/\/lpfparana.com.ar\/inicio\/bruno-alizegui-cumplio-con-la-ley-del-ex\/\",\"url\":\"https:\/\/lpfparana.com.ar\/inicio\/bruno-alizegui-cumplio-con-la-ley-del-ex\/\",\"name\":\"Bruno Alizegui cumpli\u00f3 con la ley del ex -\",\"isPartOf\":{\"@id\":\"https:\/\/lpfparana.com.ar\/inicio\/#website\"},\"primaryImageOfPage\":{\"@id\":\"https:\/\/lpfparana.com.ar\/inicio\/bruno-alizegui-cumplio-con-la-ley-del-ex\/#primaryimage\"},\"image\":{\"@id\":\"https:\/\/lpfparana.com.ar\/inicio\/bruno-alizegui-cumplio-con-la-ley-del-ex\/#primaryimage\"},\"thumbnailUrl\":\"https:\/\/lpfparana.com.ar\/inicio\/wp-content\/uploads\/2024\/04\/IMG-20240403-WA0076.jpg\",\"datePublished\":\"2024-04-03T22:31:52+00:00\",\"dateModified\":\"2024-04-03T22:31:53+00:00\",\"author\":{\"@id\":\"https:\/\/lpfparana.com.ar\/inicio\/#\/schema\/person\/e4a909baf07553d45f0fb7b76f656d76\"},\"breadcrumb\":{\"@id\":\"https:\/\/lpfparana.com.ar\/inicio\/bruno-alizegui-cumplio-con-la-ley-del-ex\/#breadcrumb\"},\"inLanguage\":\"es\",\"potentialAction\":[{\"@type\":\"ReadAction\",\"target\":[\"https:\/\/lpfparana.com.ar\/inicio\/bruno-alizegui-cumplio-con-la-ley-del-ex\/\"]}]},{\"@type\":\"ImageObject\",\"inLanguage\":\"es\",\"@id\":\"https:\/\/lpfparana.com.ar\/inicio\/bruno-alizegui-cumplio-con-la-ley-del-ex\/#primaryimage\",\"url\":\"https:\/\/lpfparana.com.ar\/inicio\/wp-content\/uploads\/2024\/04\/IMG-20240403-WA0076.jpg\",\"contentUrl\":\"https:\/\/lpfparana.com.ar\/inicio\/wp-content\/uploads\/2024\/04\/IMG-20240403-WA0076.jpg\",\"width\":1280,\"height\":720},{\"@type\":\"BreadcrumbList\",\"@id\":\"https:\/\/lpfparana.com.ar\/inicio\/bruno-alizegui-cumplio-con-la-ley-del-ex\/#breadcrumb\",\"itemListElement\":[{\"@type\":\"ListItem\",\"position\":1,\"name\":\"Portada\",\"item\":\"https:\/\/lpfparana.com.ar\/inicio\/\"},{\"@type\":\"ListItem\",\"position\":2,\"name\":\"Bruno Alizegui cumpli\u00f3 con la ley del ex\"}]},{\"@type\":\"WebSite\",\"@id\":\"https:\/\/lpfparana.com.ar\/inicio\/#website\",\"url\":\"https:\/\/lpfparana.com.ar\/inicio\/\",\"name\":\"\",\"description\":\"LPF Paran\u00e1\",\"potentialAction\":[{\"@type\":\"SearchAction\",\"target\":{\"@type\":\"EntryPoint\",\"urlTemplate\":\"https:\/\/lpfparana.com.ar\/inicio\/?s={search_term_string}\"},\"query-input\":{\"@type\":\"PropertyValueSpecification\",\"valueRequired\":true,\"valueName\":\"search_term_string\"}}],\"inLanguage\":\"es\"},{\"@type\":\"Person\",\"@id\":\"https:\/\/lpfparana.com.ar\/inicio\/#\/schema\/person\/e4a909baf07553d45f0fb7b76f656d76\",\"name\":\"Juan Manuel L\u00f3pez\",\"image\":{\"@type\":\"ImageObject\",\"inLanguage\":\"es\",\"@id\":\"https:\/\/secure.gravatar.com\/avatar\/6fd4b36dc88658b1a9f8103e109f47885fcd020443829a5d936ca18f07c3d96c?s=96&d=mm&r=g\",\"url\":\"https:\/\/secure.gravatar.com\/avatar\/6fd4b36dc88658b1a9f8103e109f47885fcd020443829a5d936ca18f07c3d96c?s=96&d=mm&r=g\",\"contentUrl\":\"https:\/\/secure.gravatar.com\/avatar\/6fd4b36dc88658b1a9f8103e109f47885fcd020443829a5d936ca18f07c3d96c?s=96&d=mm&r=g\",\"caption\":\"Juan Manuel L\u00f3pez\"},\"url\":\"https:\/\/lpfparana.com.ar\/inicio\/author\/juanito\/\"}]}<\/script>\n<!-- \/ Yoast SEO Premium plugin. -->","yoast_head_json":{"title":"Bruno Alizegui cumpli\u00f3 con la ley del ex -","robots":{"index":"index","follow":"follow","max-snippet":"max-snippet:-1","max-image-preview":"max-image-preview:large","max-video-preview":"max-video-preview:-1"},"canonical":"https:\/\/lpfparana.com.ar\/inicio\/bruno-alizegui-cumplio-con-la-ley-del-ex\/","og_locale":"es_ES","og_type":"article","og_title":"Bruno Alizegui cumpli\u00f3 con la ley del ex","og_description":"El mediocampista marc\u00f3 el tercer gol de Atl\u00e9tico Paran\u00e1 en la goleada a Patronato, el club del cu\u00e1l se form\u00f3 y jug\u00f3 toda su vida: \u00abFue un partido especial y raro\u00bb, coment\u00f3 en FM Litoral. Jugar un cl\u00e1sico es especial y para Bruno Alizegui se sum\u00f3 el condimento especial de jugar contra el club de...","og_url":"https:\/\/lpfparana.com.ar\/inicio\/bruno-alizegui-cumplio-con-la-ley-del-ex\/","article_published_time":"2024-04-03T22:31:52+00:00","article_modified_time":"2024-04-03T22:31:53+00:00","og_image":[{"width":1280,"height":720,"url":"https:\/\/lpfparana.com.ar\/inicio\/wp-content\/uploads\/2024\/04\/IMG-20240403-WA0076.jpg","type":"image\/jpeg"}],"author":"Juan Manuel L\u00f3pez","twitter_card":"summary_large_image","twitter_misc":{"Escrito por":"Juan Manuel L\u00f3pez","Tiempo de lectura":"3 minutos"},"schema":{"@context":"https:\/\/schema.org","@graph":[{"@type":"Article","@id":"https:\/\/lpfparana.com.ar\/inicio\/bruno-alizegui-cumplio-con-la-ley-del-ex\/#article","isPartOf":{"@id":"https:\/\/lpfparana.com.ar\/inicio\/bruno-alizegui-cumplio-con-la-ley-del-ex\/"},"author":{"name":"Juan Manuel L\u00f3pez","@id":"https:\/\/lpfparana.com.ar\/inicio\/#\/schema\/person\/e4a909baf07553d45f0fb7b76f656d76"},"headline":"Bruno Alizegui cumpli\u00f3 con la ley del ex","datePublished":"2024-04-03T22:31:52+00:00","dateModified":"2024-04-03T22:31:53+00:00","mainEntityOfPage":{"@id":"https:\/\/lpfparana.com.ar\/inicio\/bruno-alizegui-cumplio-con-la-ley-del-ex\/"},"wordCount":385,"commentCount":0,"image":{"@id":"https:\/\/lpfparana.com.ar\/inicio\/bruno-alizegui-cumplio-con-la-ley-del-ex\/#primaryimage"},"thumbnailUrl":"https:\/\/lpfparana.com.ar\/inicio\/wp-content\/uploads\/2024\/04\/IMG-20240403-WA0076.jpg","keywords":["Atl Paran\u00e1","Bruno Alizegui","FM Litoral","Locos por la Liga","Paran\u00e1","Primera A"],"articleSection":["Masculino"],"inLanguage":"es","potentialAction":[{"@type":"CommentAction","name":"Comment","target":["https:\/\/lpfparana.com.ar\/inicio\/bruno-alizegui-cumplio-con-la-ley-del-ex\/#respond"]}]},{"@type":"WebPage","@id":"https:\/\/lpfparana.com.ar\/inicio\/bruno-alizegui-cumplio-con-la-ley-del-ex\/","url":"https:\/\/lpfparana.com.ar\/inicio\/bruno-alizegui-cumplio-con-la-ley-del-ex\/","name":"Bruno Alizegui cumpli\u00f3 con la ley del ex -","isPartOf":{"@id":"https:\/\/lpfparana.com.ar\/inicio\/#website"},"primaryImageOfPage":{"@id":"https:\/\/lpfparana.com.ar\/inicio\/bruno-alizegui-cumplio-con-la-ley-del-ex\/#primaryimage"},"image":{"@id":"https:\/\/lpfparana.com.ar\/inicio\/bruno-alizegui-cumplio-con-la-ley-del-ex\/#primaryimage"},"thumbnailUrl":"https:\/\/lpfparana.com.ar\/inicio\/wp-content\/uploads\/2024\/04\/IMG-20240403-WA0076.jpg","datePublished":"2024-04-03T22:31:52+00:00","dateModified":"2024-04-03T22:31:53+00:00","author":{"@id":"https:\/\/lpfparana.com.ar\/inicio\/#\/schema\/person\/e4a909baf07553d45f0fb7b76f656d76"},"breadcrumb":{"@id":"https:\/\/lpfparana.com.ar\/inicio\/bruno-alizegui-cumplio-con-la-ley-del-ex\/#breadcrumb"},"inLanguage":"es","potentialAction":[{"@type":"ReadAction","target":["https:\/\/lpfparana.com.ar\/inicio\/bruno-alizegui-cumplio-con-la-ley-del-ex\/"]}]},{"@type":"ImageObject","inLanguage":"es","@id":"https:\/\/lpfparana.com.ar\/inicio\/bruno-alizegui-cumplio-con-la-ley-del-ex\/#primaryimage","url":"https:\/\/lpfparana.com.ar\/inicio\/wp-content\/uploads\/2024\/04\/IMG-20240403-WA0076.jpg","contentUrl":"https:\/\/lpfparana.com.ar\/inicio\/wp-content\/uploads\/2024\/04\/IMG-20240403-WA0076.jpg","width":1280,"height":720},{"@type":"BreadcrumbList","@id":"https:\/\/lpfparana.com.ar\/inicio\/bruno-alizegui-cumplio-con-la-ley-del-ex\/#breadcrumb","itemListElement":[{"@type":"ListItem","position":1,"name":"Portada","item":"https:\/\/lpfparana.com.ar\/inicio\/"},{"@type":"ListItem","position":2,"name":"Bruno Alizegui cumpli\u00f3 con la ley del ex"}]},{"@type":"WebSite","@id":"https:\/\/lpfparana.com.ar\/inicio\/#website","url":"https:\/\/lpfparana.com.ar\/inicio\/","name":"","description":"LPF Paran\u00e1","potentialAction":[{"@type":"SearchAction","target":{"@type":"EntryPoint","urlTemplate":"https:\/\/lpfparana.com.ar\/inicio\/?s={search_term_string}"},"query-input":{"@type":"PropertyValueSpecification","valueRequired":true,"valueName":"search_term_string"}}],"inLanguage":"es"},{"@type":"Person","@id":"https:\/\/lpfparana.com.ar\/inicio\/#\/schema\/person\/e4a909baf07553d45f0fb7b76f656d76","name":"Juan Manuel L\u00f3pez","image":{"@type":"ImageObject","inLanguage":"es","@id":"https:\/\/secure.gravatar.com\/avatar\/6fd4b36dc88658b1a9f8103e109f47885fcd020443829a5d936ca18f07c3d96c?s=96&d=mm&r=g","url":"https:\/\/secure.gravatar.com\/avatar\/6fd4b36dc88658b1a9f8103e109f47885fcd020443829a5d936ca18f07c3d96c?s=96&d=mm&r=g","contentUrl":"https:\/\/secure.gravatar.com\/avatar\/6fd4b36dc88658b1a9f8103e109f47885fcd020443829a5d936ca18f07c3d96c?s=96&d=mm&r=g","caption":"Juan Manuel L\u00f3pez"},"url":"https:\/\/lpfparana.com.ar\/inicio\/author\/juanito\/"}]}},"_links":{"self":[{"href":"https:\/\/lpfparana.com.ar\/inicio\/wp-json\/wp\/v2\/posts\/2429","targetHints":{"allow":["GET"]}}],"collection":[{"href":"https:\/\/lpfparana.com.ar\/inicio\/wp-json\/wp\/v2\/posts"}],"about":[{"href":"https:\/\/lpfparana.com.ar\/inicio\/wp-json\/wp\/v2\/types\/post"}],"author":[{"embeddable":true,"href":"https:\/\/lpfparana.com.ar\/inicio\/wp-json\/wp\/v2\/users\/4"}],"replies":[{"embeddable":true,"href":"https:\/\/lpfparana.com.ar\/inicio\/wp-json\/wp\/v2\/comments?post=2429"}],"version-history":[{"count":2,"href":"https:\/\/lpfparana.com.ar\/inicio\/wp-json\/wp\/v2\/posts\/2429\/revisions"}],"predecessor-version":[{"id":2433,"href":"https:\/\/lpfparana.com.ar\/inicio\/wp-json\/wp\/v2\/posts\/2429\/revisions\/2433"}],"wp:featuredmedia":[{"embeddable":true,"href":"https:\/\/lpfparana.com.ar\/inicio\/wp-json\/wp\/v2\/media\/2431"}],"wp:attachment":[{"href":"https:\/\/lpfparana.com.ar\/inicio\/wp-json\/wp\/v2\/media?parent=2429"}],"wp:term":[{"taxonomy":"category","embeddable":true,"href":"https:\/\/lpfparana.com.ar\/inicio\/wp-json\/wp\/v2\/categories?post=2429"},{"taxonomy":"post_tag","embeddable":true,"href":"https:\/\/lpfparana.com.ar\/inicio\/wp-json\/wp\/v2\/tags?post=2429"}],"curies":[{"name":"wp","href":"https:\/\/api.w.org\/{rel}","templated":true}]}}