{"id":2323,"date":"2024-03-24T21:54:36","date_gmt":"2024-03-25T00:54:36","guid":{"rendered":"https:\/\/lpfparana.com.ar\/inicio\/?p=2323"},"modified":"2024-03-24T22:20:06","modified_gmt":"2024-03-25T01:20:06","slug":"oro-verde-y-penarol-no-se-sacaron-diferencias","status":"publish","type":"post","link":"https:\/\/lpfparana.com.ar\/inicio\/oro-verde-y-penarol-no-se-sacaron-diferencias\/","title":{"rendered":"Oro Verde y Pe\u00f1arol no se sacaron diferencias"},"content":{"rendered":"\n<h2 class=\"wp-block-heading\"><strong><em>El duelo de los elencos de la Liga Paranaense en los Octavos de Final de la Copa Entre R\u00edos finaliz\u00f3 con empate sin goles, en el Estadio Pucar\u00e1 Ortellao. La vuelta ser\u00e1 el pr\u00f3ximo fin de semana en Barrio Pirola.<\/em><\/strong><\/h2>\n\n\n\n<p>Este domingo regres\u00f3 la actividad en la Copa Entre R\u00edos con un cruce de dos elencos de la Liga Paranaense de F\u00fatbol. En la Ciudad Universitaria, en el partido de ida de los Octavos de Final, se midieron Oro Verde y Pe\u00f1arol.<\/p>\n\n\n\n<p>En el Estadio Pucar\u00e1 Ortellao se vivi\u00f3 una fiesta, con simpatizantes de ambos elencos que le aportaron color a la tarde dominguera, en la que el local celebr\u00f3 y homenaje\u00f3 a Dar\u00edo Gim\u00e9nez, uno de sus referentes, que cumpli\u00f3 300 partidos con la camiseta del Verde. <\/p>\n\n\n\n<p>Dentro del campo de juego la parida rein\u00f3, con dos elencos que alternaron protagonismo sin romper el cero en el arco rival. De esta manera, la llave qued\u00f3 abierta y todo se definir\u00e1 el pr\u00f3ximo fin de semana en Barrio Pirola. <\/p>\n\n\n\n<h3 class=\"wp-block-heading\">Formaciones<\/h3>\n\n\n\n<p>La formaci\u00f3n de Oro Verde cont\u00f3 con Anton KIska en el arco; la l\u00ednea de cuatro defensores con Jes\u00fas Godoy, Dar\u00edo Gim\u00e9nez, \u00c1ngel L\u00f3pez y Cipriano N\u00fa\u00f1ez; en el medio campo estuvieron Daian L\u00f3pez Viola, Axel R\u00edos, Andr\u00e9s Gasparini y Arnaldo Zapata; mientras que en la ofensiva lo hicieron Marcos Cian y Lorenzo Cappellacci.<\/p>\n\n\n\n<p>La visita alist\u00f3 a Jorge Retamozo en el arco; en el fondo estuvieron Ian Barrios, Paulo Bello, Luca Palacio y Kevin Salva; en el mediocampo estuvieron Gabriel Monz\u00f3n, Tob\u00edas Moyano, Valent\u00edn Narv\u00e1ez y Facundo \u00c1lvarez; Agust\u00edn Morales y Fausto Sosa fueron los delanteros.<\/p>\n\n\n\n<h2 class=\"wp-block-heading\">Ver tambi\u00e9n<\/h2>\n\n\n\n<figure class=\"wp-block-embed is-type-wp-embed is-provider-incrustado wp-block-embed-incrustado\"><div class=\"wp-block-embed__wrapper\">\n<blockquote class=\"wp-embedded-content\" data-secret=\"ZuKsgmjIG3\"><a href=\"https:\/\/lpfparana.com.ar\/inicio\/camioneros-supercampeon-en-sub23\/\">Camioneros Supercampe\u00f3n en SUB23<\/a><\/blockquote><iframe class=\"wp-embedded-content\" sandbox=\"allow-scripts\" security=\"restricted\" style=\"position: absolute; clip: rect(1px, 1px, 1px, 1px);\" title=\"\u00abCamioneros Supercampe\u00f3n en SUB23\u00bb \u2014 \" src=\"https:\/\/lpfparana.com.ar\/inicio\/camioneros-supercampeon-en-sub23\/embed\/#?secret=SdUkaUbTfd#?secret=ZuKsgmjIG3\" data-secret=\"ZuKsgmjIG3\" width=\"600\" height=\"338\" frameborder=\"0\" marginwidth=\"0\" marginheight=\"0\" scrolling=\"no\"><\/iframe>\n<\/div><\/figure>\n","protected":false},"excerpt":{"rendered":"<p>El duelo de los elencos de la Liga Paranaense en los Octavos de Final de la Copa Entre R\u00edos finaliz\u00f3 con empate sin goles, en el Estadio Pucar\u00e1 Ortellao. La vuelta ser\u00e1 el pr\u00f3ximo fin de semana en Barrio Pirola. Este domingo regres\u00f3 la actividad en la Copa Entre R\u00edos con un cruce de dos&#8230;<\/p>\n","protected":false},"author":4,"featured_media":2324,"comment_status":"open","ping_status":"open","sticky":false,"template":"","format":"standard","meta":{"footnotes":""},"categories":[2],"tags":[128,157],"class_list":["post-2323","post","type-post","status-publish","format-standard","has-post-thumbnail","hentry","category-noticias","tag-octavos","tag-octavos-de-final"],"featured_image_src":"https:\/\/lpfparana.com.ar\/inicio\/wp-content\/uploads\/2024\/03\/IMG-20240324-WA0039.jpg","author_info":{"display_name":"Juan Manuel L\u00f3pez","author_link":"https:\/\/lpfparana.com.ar\/inicio\/author\/juanito\/"},"yoast_head":"<!-- This site is optimized with the Yoast SEO Premium plugin v23.3 (Yoast SEO v27.2) - https:\/\/yoast.com\/product\/yoast-seo-premium-wordpress\/ -->\n<title>Oro Verde y Pe\u00f1arol no se sacaron diferencias -<\/title>\n<meta name=\"description\" content=\"El duelo de los elencos de la Liga Paranaense en los Octavos de Final de la Copa Entre R\u00edos finaliz\u00f3 con empate.\" \/>\n<meta name=\"robots\" content=\"index, follow, max-snippet:-1, max-image-preview:large, max-video-preview:-1\" \/>\n<link rel=\"canonical\" href=\"https:\/\/lpfparana.com.ar\/inicio\/oro-verde-y-penarol-no-se-sacaron-diferencias\/\" \/>\n<meta property=\"og:locale\" content=\"es_ES\" \/>\n<meta property=\"og:type\" content=\"article\" \/>\n<meta property=\"og:title\" content=\"Oro Verde y Pe\u00f1arol no se sacaron diferencias\" \/>\n<meta property=\"og:description\" content=\"El duelo de los elencos de la Liga Paranaense en los Octavos de Final de la Copa Entre R\u00edos finaliz\u00f3 con empate.\" \/>\n<meta property=\"og:url\" content=\"https:\/\/lpfparana.com.ar\/inicio\/oro-verde-y-penarol-no-se-sacaron-diferencias\/\" \/>\n<meta property=\"article:published_time\" content=\"2024-03-25T00:54:36+00:00\" \/>\n<meta property=\"article:modified_time\" content=\"2024-03-25T01:20:06+00:00\" \/>\n<meta property=\"og:image\" content=\"https:\/\/lpfparana.com.ar\/inicio\/wp-content\/uploads\/2024\/03\/IMG-20240324-WA0039.jpg\" \/>\n\t<meta property=\"og:image:width\" content=\"1600\" \/>\n\t<meta property=\"og:image:height\" content=\"1155\" \/>\n\t<meta property=\"og:image:type\" content=\"image\/jpeg\" \/>\n<meta name=\"author\" content=\"Juan Manuel L\u00f3pez\" \/>\n<meta name=\"twitter:card\" content=\"summary_large_image\" \/>\n<meta name=\"twitter:label1\" content=\"Escrito por\" \/>\n\t<meta name=\"twitter:data1\" content=\"Juan Manuel L\u00f3pez\" \/>\n\t<meta name=\"twitter:label2\" content=\"Tiempo de lectura\" \/>\n\t<meta name=\"twitter:data2\" content=\"2 minutos\" \/>\n<script type=\"application\/ld+json\" class=\"yoast-schema-graph\">{\"@context\":\"https:\/\/schema.org\",\"@graph\":[{\"@type\":\"Article\",\"@id\":\"https:\/\/lpfparana.com.ar\/inicio\/oro-verde-y-penarol-no-se-sacaron-diferencias\/#article\",\"isPartOf\":{\"@id\":\"https:\/\/lpfparana.com.ar\/inicio\/oro-verde-y-penarol-no-se-sacaron-diferencias\/\"},\"author\":{\"name\":\"Juan Manuel L\u00f3pez\",\"@id\":\"https:\/\/lpfparana.com.ar\/inicio\/#\/schema\/person\/e4a909baf07553d45f0fb7b76f656d76\"},\"headline\":\"Oro Verde y Pe\u00f1arol no se sacaron diferencias\",\"datePublished\":\"2024-03-25T00:54:36+00:00\",\"dateModified\":\"2024-03-25T01:20:06+00:00\",\"mainEntityOfPage\":{\"@id\":\"https:\/\/lpfparana.com.ar\/inicio\/oro-verde-y-penarol-no-se-sacaron-diferencias\/\"},\"wordCount\":307,\"commentCount\":0,\"image\":{\"@id\":\"https:\/\/lpfparana.com.ar\/inicio\/oro-verde-y-penarol-no-se-sacaron-diferencias\/#primaryimage\"},\"thumbnailUrl\":\"https:\/\/lpfparana.com.ar\/inicio\/wp-content\/uploads\/2024\/03\/IMG-20240324-WA0039.jpg\",\"keywords\":[\"Octavos\",\"Octavos de Final\"],\"articleSection\":[\"Noticias\"],\"inLanguage\":\"es\",\"potentialAction\":[{\"@type\":\"CommentAction\",\"name\":\"Comment\",\"target\":[\"https:\/\/lpfparana.com.ar\/inicio\/oro-verde-y-penarol-no-se-sacaron-diferencias\/#respond\"]}]},{\"@type\":\"WebPage\",\"@id\":\"https:\/\/lpfparana.com.ar\/inicio\/oro-verde-y-penarol-no-se-sacaron-diferencias\/\",\"url\":\"https:\/\/lpfparana.com.ar\/inicio\/oro-verde-y-penarol-no-se-sacaron-diferencias\/\",\"name\":\"Oro Verde y Pe\u00f1arol no se sacaron diferencias -\",\"isPartOf\":{\"@id\":\"https:\/\/lpfparana.com.ar\/inicio\/#website\"},\"primaryImageOfPage\":{\"@id\":\"https:\/\/lpfparana.com.ar\/inicio\/oro-verde-y-penarol-no-se-sacaron-diferencias\/#primaryimage\"},\"image\":{\"@id\":\"https:\/\/lpfparana.com.ar\/inicio\/oro-verde-y-penarol-no-se-sacaron-diferencias\/#primaryimage\"},\"thumbnailUrl\":\"https:\/\/lpfparana.com.ar\/inicio\/wp-content\/uploads\/2024\/03\/IMG-20240324-WA0039.jpg\",\"datePublished\":\"2024-03-25T00:54:36+00:00\",\"dateModified\":\"2024-03-25T01:20:06+00:00\",\"author\":{\"@id\":\"https:\/\/lpfparana.com.ar\/inicio\/#\/schema\/person\/e4a909baf07553d45f0fb7b76f656d76\"},\"description\":\"El duelo de los elencos de la Liga Paranaense en los Octavos de Final de la Copa Entre R\u00edos finaliz\u00f3 con empate.\",\"breadcrumb\":{\"@id\":\"https:\/\/lpfparana.com.ar\/inicio\/oro-verde-y-penarol-no-se-sacaron-diferencias\/#breadcrumb\"},\"inLanguage\":\"es\",\"potentialAction\":[{\"@type\":\"ReadAction\",\"target\":[\"https:\/\/lpfparana.com.ar\/inicio\/oro-verde-y-penarol-no-se-sacaron-diferencias\/\"]}]},{\"@type\":\"ImageObject\",\"inLanguage\":\"es\",\"@id\":\"https:\/\/lpfparana.com.ar\/inicio\/oro-verde-y-penarol-no-se-sacaron-diferencias\/#primaryimage\",\"url\":\"https:\/\/lpfparana.com.ar\/inicio\/wp-content\/uploads\/2024\/03\/IMG-20240324-WA0039.jpg\",\"contentUrl\":\"https:\/\/lpfparana.com.ar\/inicio\/wp-content\/uploads\/2024\/03\/IMG-20240324-WA0039.jpg\",\"width\":1600,\"height\":1155},{\"@type\":\"BreadcrumbList\",\"@id\":\"https:\/\/lpfparana.com.ar\/inicio\/oro-verde-y-penarol-no-se-sacaron-diferencias\/#breadcrumb\",\"itemListElement\":[{\"@type\":\"ListItem\",\"position\":1,\"name\":\"Portada\",\"item\":\"https:\/\/lpfparana.com.ar\/inicio\/\"},{\"@type\":\"ListItem\",\"position\":2,\"name\":\"Oro Verde y Pe\u00f1arol no se sacaron diferencias\"}]},{\"@type\":\"WebSite\",\"@id\":\"https:\/\/lpfparana.com.ar\/inicio\/#website\",\"url\":\"https:\/\/lpfparana.com.ar\/inicio\/\",\"name\":\"\",\"description\":\"LPF Paran\u00e1\",\"potentialAction\":[{\"@type\":\"SearchAction\",\"target\":{\"@type\":\"EntryPoint\",\"urlTemplate\":\"https:\/\/lpfparana.com.ar\/inicio\/?s={search_term_string}\"},\"query-input\":{\"@type\":\"PropertyValueSpecification\",\"valueRequired\":true,\"valueName\":\"search_term_string\"}}],\"inLanguage\":\"es\"},{\"@type\":\"Person\",\"@id\":\"https:\/\/lpfparana.com.ar\/inicio\/#\/schema\/person\/e4a909baf07553d45f0fb7b76f656d76\",\"name\":\"Juan Manuel L\u00f3pez\",\"image\":{\"@type\":\"ImageObject\",\"inLanguage\":\"es\",\"@id\":\"https:\/\/secure.gravatar.com\/avatar\/6fd4b36dc88658b1a9f8103e109f47885fcd020443829a5d936ca18f07c3d96c?s=96&d=mm&r=g\",\"url\":\"https:\/\/secure.gravatar.com\/avatar\/6fd4b36dc88658b1a9f8103e109f47885fcd020443829a5d936ca18f07c3d96c?s=96&d=mm&r=g\",\"contentUrl\":\"https:\/\/secure.gravatar.com\/avatar\/6fd4b36dc88658b1a9f8103e109f47885fcd020443829a5d936ca18f07c3d96c?s=96&d=mm&r=g\",\"caption\":\"Juan Manuel L\u00f3pez\"},\"url\":\"https:\/\/lpfparana.com.ar\/inicio\/author\/juanito\/\"}]}<\/script>\n<!-- \/ Yoast SEO Premium plugin. -->","yoast_head_json":{"title":"Oro Verde y Pe\u00f1arol no se sacaron diferencias -","description":"El duelo de los elencos de la Liga Paranaense en los Octavos de Final de la Copa Entre R\u00edos finaliz\u00f3 con empate.","robots":{"index":"index","follow":"follow","max-snippet":"max-snippet:-1","max-image-preview":"max-image-preview:large","max-video-preview":"max-video-preview:-1"},"canonical":"https:\/\/lpfparana.com.ar\/inicio\/oro-verde-y-penarol-no-se-sacaron-diferencias\/","og_locale":"es_ES","og_type":"article","og_title":"Oro Verde y Pe\u00f1arol no se sacaron diferencias","og_description":"El duelo de los elencos de la Liga Paranaense en los Octavos de Final de la Copa Entre R\u00edos finaliz\u00f3 con empate.","og_url":"https:\/\/lpfparana.com.ar\/inicio\/oro-verde-y-penarol-no-se-sacaron-diferencias\/","article_published_time":"2024-03-25T00:54:36+00:00","article_modified_time":"2024-03-25T01:20:06+00:00","og_image":[{"width":1600,"height":1155,"url":"https:\/\/lpfparana.com.ar\/inicio\/wp-content\/uploads\/2024\/03\/IMG-20240324-WA0039.jpg","type":"image\/jpeg"}],"author":"Juan Manuel L\u00f3pez","twitter_card":"summary_large_image","twitter_misc":{"Escrito por":"Juan Manuel L\u00f3pez","Tiempo de lectura":"2 minutos"},"schema":{"@context":"https:\/\/schema.org","@graph":[{"@type":"Article","@id":"https:\/\/lpfparana.com.ar\/inicio\/oro-verde-y-penarol-no-se-sacaron-diferencias\/#article","isPartOf":{"@id":"https:\/\/lpfparana.com.ar\/inicio\/oro-verde-y-penarol-no-se-sacaron-diferencias\/"},"author":{"name":"Juan Manuel L\u00f3pez","@id":"https:\/\/lpfparana.com.ar\/inicio\/#\/schema\/person\/e4a909baf07553d45f0fb7b76f656d76"},"headline":"Oro Verde y Pe\u00f1arol no se sacaron diferencias","datePublished":"2024-03-25T00:54:36+00:00","dateModified":"2024-03-25T01:20:06+00:00","mainEntityOfPage":{"@id":"https:\/\/lpfparana.com.ar\/inicio\/oro-verde-y-penarol-no-se-sacaron-diferencias\/"},"wordCount":307,"commentCount":0,"image":{"@id":"https:\/\/lpfparana.com.ar\/inicio\/oro-verde-y-penarol-no-se-sacaron-diferencias\/#primaryimage"},"thumbnailUrl":"https:\/\/lpfparana.com.ar\/inicio\/wp-content\/uploads\/2024\/03\/IMG-20240324-WA0039.jpg","keywords":["Octavos","Octavos de Final"],"articleSection":["Noticias"],"inLanguage":"es","potentialAction":[{"@type":"CommentAction","name":"Comment","target":["https:\/\/lpfparana.com.ar\/inicio\/oro-verde-y-penarol-no-se-sacaron-diferencias\/#respond"]}]},{"@type":"WebPage","@id":"https:\/\/lpfparana.com.ar\/inicio\/oro-verde-y-penarol-no-se-sacaron-diferencias\/","url":"https:\/\/lpfparana.com.ar\/inicio\/oro-verde-y-penarol-no-se-sacaron-diferencias\/","name":"Oro Verde y Pe\u00f1arol no se sacaron diferencias -","isPartOf":{"@id":"https:\/\/lpfparana.com.ar\/inicio\/#website"},"primaryImageOfPage":{"@id":"https:\/\/lpfparana.com.ar\/inicio\/oro-verde-y-penarol-no-se-sacaron-diferencias\/#primaryimage"},"image":{"@id":"https:\/\/lpfparana.com.ar\/inicio\/oro-verde-y-penarol-no-se-sacaron-diferencias\/#primaryimage"},"thumbnailUrl":"https:\/\/lpfparana.com.ar\/inicio\/wp-content\/uploads\/2024\/03\/IMG-20240324-WA0039.jpg","datePublished":"2024-03-25T00:54:36+00:00","dateModified":"2024-03-25T01:20:06+00:00","author":{"@id":"https:\/\/lpfparana.com.ar\/inicio\/#\/schema\/person\/e4a909baf07553d45f0fb7b76f656d76"},"description":"El duelo de los elencos de la Liga Paranaense en los Octavos de Final de la Copa Entre R\u00edos finaliz\u00f3 con empate.","breadcrumb":{"@id":"https:\/\/lpfparana.com.ar\/inicio\/oro-verde-y-penarol-no-se-sacaron-diferencias\/#breadcrumb"},"inLanguage":"es","potentialAction":[{"@type":"ReadAction","target":["https:\/\/lpfparana.com.ar\/inicio\/oro-verde-y-penarol-no-se-sacaron-diferencias\/"]}]},{"@type":"ImageObject","inLanguage":"es","@id":"https:\/\/lpfparana.com.ar\/inicio\/oro-verde-y-penarol-no-se-sacaron-diferencias\/#primaryimage","url":"https:\/\/lpfparana.com.ar\/inicio\/wp-content\/uploads\/2024\/03\/IMG-20240324-WA0039.jpg","contentUrl":"https:\/\/lpfparana.com.ar\/inicio\/wp-content\/uploads\/2024\/03\/IMG-20240324-WA0039.jpg","width":1600,"height":1155},{"@type":"BreadcrumbList","@id":"https:\/\/lpfparana.com.ar\/inicio\/oro-verde-y-penarol-no-se-sacaron-diferencias\/#breadcrumb","itemListElement":[{"@type":"ListItem","position":1,"name":"Portada","item":"https:\/\/lpfparana.com.ar\/inicio\/"},{"@type":"ListItem","position":2,"name":"Oro Verde y Pe\u00f1arol no se sacaron diferencias"}]},{"@type":"WebSite","@id":"https:\/\/lpfparana.com.ar\/inicio\/#website","url":"https:\/\/lpfparana.com.ar\/inicio\/","name":"","description":"LPF Paran\u00e1","potentialAction":[{"@type":"SearchAction","target":{"@type":"EntryPoint","urlTemplate":"https:\/\/lpfparana.com.ar\/inicio\/?s={search_term_string}"},"query-input":{"@type":"PropertyValueSpecification","valueRequired":true,"valueName":"search_term_string"}}],"inLanguage":"es"},{"@type":"Person","@id":"https:\/\/lpfparana.com.ar\/inicio\/#\/schema\/person\/e4a909baf07553d45f0fb7b76f656d76","name":"Juan Manuel L\u00f3pez","image":{"@type":"ImageObject","inLanguage":"es","@id":"https:\/\/secure.gravatar.com\/avatar\/6fd4b36dc88658b1a9f8103e109f47885fcd020443829a5d936ca18f07c3d96c?s=96&d=mm&r=g","url":"https:\/\/secure.gravatar.com\/avatar\/6fd4b36dc88658b1a9f8103e109f47885fcd020443829a5d936ca18f07c3d96c?s=96&d=mm&r=g","contentUrl":"https:\/\/secure.gravatar.com\/avatar\/6fd4b36dc88658b1a9f8103e109f47885fcd020443829a5d936ca18f07c3d96c?s=96&d=mm&r=g","caption":"Juan Manuel L\u00f3pez"},"url":"https:\/\/lpfparana.com.ar\/inicio\/author\/juanito\/"}]}},"_links":{"self":[{"href":"https:\/\/lpfparana.com.ar\/inicio\/wp-json\/wp\/v2\/posts\/2323","targetHints":{"allow":["GET"]}}],"collection":[{"href":"https:\/\/lpfparana.com.ar\/inicio\/wp-json\/wp\/v2\/posts"}],"about":[{"href":"https:\/\/lpfparana.com.ar\/inicio\/wp-json\/wp\/v2\/types\/post"}],"author":[{"embeddable":true,"href":"https:\/\/lpfparana.com.ar\/inicio\/wp-json\/wp\/v2\/users\/4"}],"replies":[{"embeddable":true,"href":"https:\/\/lpfparana.com.ar\/inicio\/wp-json\/wp\/v2\/comments?post=2323"}],"version-history":[{"count":2,"href":"https:\/\/lpfparana.com.ar\/inicio\/wp-json\/wp\/v2\/posts\/2323\/revisions"}],"predecessor-version":[{"id":2327,"href":"https:\/\/lpfparana.com.ar\/inicio\/wp-json\/wp\/v2\/posts\/2323\/revisions\/2327"}],"wp:featuredmedia":[{"embeddable":true,"href":"https:\/\/lpfparana.com.ar\/inicio\/wp-json\/wp\/v2\/media\/2324"}],"wp:attachment":[{"href":"https:\/\/lpfparana.com.ar\/inicio\/wp-json\/wp\/v2\/media?parent=2323"}],"wp:term":[{"taxonomy":"category","embeddable":true,"href":"https:\/\/lpfparana.com.ar\/inicio\/wp-json\/wp\/v2\/categories?post=2323"},{"taxonomy":"post_tag","embeddable":true,"href":"https:\/\/lpfparana.com.ar\/inicio\/wp-json\/wp\/v2\/tags?post=2323"}],"curies":[{"name":"wp","href":"https:\/\/api.w.org\/{rel}","templated":true}]}}