{"id":2317,"date":"2024-03-23T20:19:49","date_gmt":"2024-03-23T23:19:49","guid":{"rendered":"https:\/\/lpfparana.com.ar\/inicio\/?p=2317"},"modified":"2024-03-23T20:19:50","modified_gmt":"2024-03-23T23:19:50","slug":"camioneros-supercampeon-en-sub23","status":"publish","type":"post","link":"https:\/\/lpfparana.com.ar\/inicio\/camioneros-supercampeon-en-sub23\/","title":{"rendered":"Camioneros Supercampe\u00f3n en SUB23"},"content":{"rendered":"\n<h3 class=\"wp-block-heading\">El elenco de Pablo Lencioni logr\u00f3 festejar en cancha de Don Bosco, en el partido que dio inicio al a\u00f1o deportivo en el \u00e1mbito de la Liga Paranaense de F\u00fatbol. Hubo festejos del equipo Verde que arranc\u00f3 el partido en desventaja. Santiago Mainero fue el juez del partido.<\/h3>\n\n\n\n<p>Camioneros levant\u00f3 la copa ayer en barrio Consejo, al vencer 4 a 3 por penales a Belgrano, luego de igualar 1 a 1 en los 90\u00b4 reglamentarios.<\/p>\n\n\n\n<p>El elenco Verde gan\u00f3 la Superfinal 2023 de la Liga Paranaense de F\u00fatbol, que enfrentaba al ganador del Torneo que fue el Mondonguero y al campe\u00f3n de la Copa de la Liga, que hab\u00eda sido el equipo dirigido por Pablo Lencioni.<\/p>\n\n\n\n<p>El juego se disput\u00f3 ayer en el estadio Carlos Federick, del Club Don Bosco y cont\u00f3 con el arbitraje de Santiago Mainero.<\/p>\n\n\n\n<p>En los primeros 45\u00b4, Belgrano se puso en ventaja, cuando a los 40\u00b4 anot\u00f3 Gustavo Almir\u00f3n.<\/p>\n\n\n\n<p>El cami\u00f3n logr\u00f3 igualar a los 10\u00b4 del complemento, con tanto de Axel Godoy.<\/p>\n\n\n\n<p>El partido fue de tr\u00e1mite parejo, jugado con mucha intensidad y con opciones de gol para ambos lados.<\/p>\n\n\n\n<figure class=\"wp-block-image size-large\"><a href=\"https:\/\/lpfparana.com.ar\/inicio\/wp-content\/uploads\/2024\/03\/WhatsApp-Image-2024-03-23-at-19.22.42-1.jpeg\"><img fetchpriority=\"high\" decoding=\"async\" width=\"1024\" height=\"767\" src=\"https:\/\/lpfparana.com.ar\/inicio\/wp-content\/uploads\/2024\/03\/WhatsApp-Image-2024-03-23-at-19.22.42-1-1024x767.jpeg\" alt=\"\" class=\"wp-image-2320\" srcset=\"https:\/\/lpfparana.com.ar\/inicio\/wp-content\/uploads\/2024\/03\/WhatsApp-Image-2024-03-23-at-19.22.42-1-1024x767.jpeg 1024w, https:\/\/lpfparana.com.ar\/inicio\/wp-content\/uploads\/2024\/03\/WhatsApp-Image-2024-03-23-at-19.22.42-1-300x225.jpeg 300w, https:\/\/lpfparana.com.ar\/inicio\/wp-content\/uploads\/2024\/03\/WhatsApp-Image-2024-03-23-at-19.22.42-1-768x575.jpeg 768w, https:\/\/lpfparana.com.ar\/inicio\/wp-content\/uploads\/2024\/03\/WhatsApp-Image-2024-03-23-at-19.22.42-1.jpeg 1301w\" sizes=\"(max-width: 1024px) 100vw, 1024px\" \/><\/a><\/figure>\n\n\n\n<h3 class=\"wp-block-heading\">El jugador determinante<\/h3>\n\n\n\n<p>Axel Godoy anot\u00f3 el tanto del empate para Camioneros y luego, en la definici\u00f3n por penales, pate\u00f3 el \u00faltimo y decisivo tanto, que desat\u00f3 la locura del verde.<\/p>\n\n\n\n<p>\u201cEsto se lo quiero dedicar a mi familia y mis amigos. A los compa\u00f1eros del equipo y por supuesto a los profesores, que nos apoyan todo el tiempo. Siempre hay que seguir trabajando, aparecen tropezones y tenemos cosas por mejorar para el futuro y para ah\u00ed vamos\u201d, dijo el mediocampista.<\/p>\n\n\n\n<p>Cuando se refiri\u00f3 a su participaci\u00f3n crucial Axel dijo: \u201cFue una tarde so\u00f1ada, le vengo metiendo hace mucho y creo que me merec\u00eda este premio\u201d, para cerrar diciendo: \u201cSab\u00eda que \u00edbamos a salir campeones, este equipo tiene mucho huevo y no dude un minuto de este t\u00edtulo\u201d.\u00a0<\/p>\n\n\n\n<figure class=\"wp-block-image size-large\"><a href=\"https:\/\/lpfparana.com.ar\/inicio\/wp-content\/uploads\/2024\/03\/WhatsApp-Image-2024-03-23-at-19.22.41.jpeg\"><img decoding=\"async\" width=\"1024\" height=\"768\" src=\"https:\/\/lpfparana.com.ar\/inicio\/wp-content\/uploads\/2024\/03\/WhatsApp-Image-2024-03-23-at-19.22.41-1024x768.jpeg\" alt=\"\" class=\"wp-image-2318\" srcset=\"https:\/\/lpfparana.com.ar\/inicio\/wp-content\/uploads\/2024\/03\/WhatsApp-Image-2024-03-23-at-19.22.41-1024x768.jpeg 1024w, https:\/\/lpfparana.com.ar\/inicio\/wp-content\/uploads\/2024\/03\/WhatsApp-Image-2024-03-23-at-19.22.41-300x225.jpeg 300w, https:\/\/lpfparana.com.ar\/inicio\/wp-content\/uploads\/2024\/03\/WhatsApp-Image-2024-03-23-at-19.22.41-768x576.jpeg 768w, https:\/\/lpfparana.com.ar\/inicio\/wp-content\/uploads\/2024\/03\/WhatsApp-Image-2024-03-23-at-19.22.41.jpeg 1536w\" sizes=\"(max-width: 1024px) 100vw, 1024px\" \/><\/a><\/figure>\n\n\n\n<h3 class=\"wp-block-heading\"><strong>SINTESIS<\/strong><\/h3>\n\n\n\n<p><strong>CAMIONEROS&nbsp;&nbsp; 1 (4)<\/strong><\/p>\n\n\n\n<p><strong>BELGRANO&nbsp;&nbsp;&nbsp;&nbsp;&nbsp;&nbsp;&nbsp;&nbsp; 1 (3)<\/strong><\/p>\n\n\n\n<p>CAMIONEROS: Mat\u00edas Clemente; El\u00edas Pesoa, Mat\u00edas P\u00e9rez, Lautaro Moreno y Angel Franco; Axel Godoy, Tom\u00e1s Albornoz, Agust\u00edn Mart\u00ednez y Alexis Alvarado; Valent\u00edn Salgado y Felix Luque. DT: Pablo Lencioni.<\/p>\n\n\n\n<p>BELGRANO: Laureano Gonz\u00e1lez; Ignacio Aviles, Daniel Caraballo, Benjam\u00edn Retamozo y El\u00edas Sala; Valent\u00edn Rueda, Gustavo Almir\u00f3n, Lautaro Mart\u00ednez y Facundo Vanotti; Leonardo Keil y Fernando Molina. DT: Esteban Castellanos.<\/p>\n\n\n\n<p>GOLES: PT 40\u00b4 Gustavo Almir\u00f3n (B). ST 10\u00b4 Axel Godoy (C). CAMBIOS: En Camioneros: Velent\u00edn Tarabini por Pesoa y Juan Paredes por Alexis Alvarado. En Belgrano: Juan Veciconti por Sala; Anastasio Lell por Vanotti y Luca Gonz\u00e1lez por Keil. AMARILLAS: Pesoa, Franco y P\u00e9rez (C) y Retamozo (B). CANCHA: Estadio Carlos Federick (Club Don Bosco). \u00c1RBITRO: Santiago Mainero.<\/p>\n","protected":false},"excerpt":{"rendered":"<p>El elenco de Pablo Lencioni logr\u00f3 festejar en cancha de Don Bosco, en el partido que dio inicio al a\u00f1o deportivo en el \u00e1mbito de la Liga Paranaense de F\u00fatbol. Hubo festejos del equipo Verde que arranc\u00f3 el partido en desventaja. Santiago Mainero fue el juez del partido. Camioneros levant\u00f3 la copa ayer en barrio&#8230;<\/p>\n","protected":false},"author":4,"featured_media":2319,"comment_status":"open","ping_status":"open","sticky":false,"template":"","format":"standard","meta":{"footnotes":""},"categories":[2],"tags":[],"class_list":["post-2317","post","type-post","status-publish","format-standard","has-post-thumbnail","hentry","category-noticias"],"featured_image_src":"https:\/\/lpfparana.com.ar\/inicio\/wp-content\/uploads\/2024\/03\/WhatsApp-Image-2024-03-23-at-19.22.42.jpeg","author_info":{"display_name":"Juan Manuel L\u00f3pez","author_link":"https:\/\/lpfparana.com.ar\/inicio\/author\/juanito\/"},"yoast_head":"<!-- This site is optimized with the Yoast SEO Premium plugin v23.3 (Yoast SEO v27.2) - https:\/\/yoast.com\/product\/yoast-seo-premium-wordpress\/ -->\n<title>Camioneros Supercampe\u00f3n en SUB23 -<\/title>\n<meta name=\"description\" content=\"El elenco de Pablo Lencioni logr\u00f3 festejar en cancha de Don Bosco, en el partido que dio inicio al a\u00f1o deportivo en el \u00e1mbito de la LPF.\" \/>\n<meta name=\"robots\" content=\"index, follow, max-snippet:-1, max-image-preview:large, max-video-preview:-1\" \/>\n<link rel=\"canonical\" href=\"https:\/\/lpfparana.com.ar\/inicio\/camioneros-supercampeon-en-sub23\/\" \/>\n<meta property=\"og:locale\" content=\"es_ES\" \/>\n<meta property=\"og:type\" content=\"article\" \/>\n<meta property=\"og:title\" content=\"Camioneros Supercampe\u00f3n en SUB23\" \/>\n<meta property=\"og:description\" content=\"El elenco de Pablo Lencioni logr\u00f3 festejar en cancha de Don Bosco, en el partido que dio inicio al a\u00f1o deportivo en el \u00e1mbito de la LPF.\" \/>\n<meta property=\"og:url\" content=\"https:\/\/lpfparana.com.ar\/inicio\/camioneros-supercampeon-en-sub23\/\" \/>\n<meta property=\"article:published_time\" content=\"2024-03-23T23:19:49+00:00\" \/>\n<meta property=\"article:modified_time\" content=\"2024-03-23T23:19:50+00:00\" \/>\n<meta property=\"og:image\" content=\"https:\/\/lpfparana.com.ar\/inicio\/wp-content\/uploads\/2024\/03\/WhatsApp-Image-2024-03-23-at-19.22.42.jpeg\" \/>\n\t<meta property=\"og:image:width\" content=\"1536\" \/>\n\t<meta property=\"og:image:height\" content=\"1152\" \/>\n\t<meta property=\"og:image:type\" content=\"image\/jpeg\" \/>\n<meta name=\"author\" content=\"Juan Manuel L\u00f3pez\" \/>\n<meta name=\"twitter:card\" content=\"summary_large_image\" \/>\n<meta name=\"twitter:label1\" content=\"Escrito por\" \/>\n\t<meta name=\"twitter:data1\" content=\"Juan Manuel L\u00f3pez\" \/>\n\t<meta name=\"twitter:label2\" content=\"Tiempo de lectura\" \/>\n\t<meta name=\"twitter:data2\" content=\"3 minutos\" \/>\n<script type=\"application\/ld+json\" class=\"yoast-schema-graph\">{\"@context\":\"https:\/\/schema.org\",\"@graph\":[{\"@type\":\"Article\",\"@id\":\"https:\/\/lpfparana.com.ar\/inicio\/camioneros-supercampeon-en-sub23\/#article\",\"isPartOf\":{\"@id\":\"https:\/\/lpfparana.com.ar\/inicio\/camioneros-supercampeon-en-sub23\/\"},\"author\":{\"name\":\"Juan Manuel L\u00f3pez\",\"@id\":\"https:\/\/lpfparana.com.ar\/inicio\/#\/schema\/person\/e4a909baf07553d45f0fb7b76f656d76\"},\"headline\":\"Camioneros Supercampe\u00f3n en SUB23\",\"datePublished\":\"2024-03-23T23:19:49+00:00\",\"dateModified\":\"2024-03-23T23:19:50+00:00\",\"mainEntityOfPage\":{\"@id\":\"https:\/\/lpfparana.com.ar\/inicio\/camioneros-supercampeon-en-sub23\/\"},\"wordCount\":470,\"commentCount\":0,\"image\":{\"@id\":\"https:\/\/lpfparana.com.ar\/inicio\/camioneros-supercampeon-en-sub23\/#primaryimage\"},\"thumbnailUrl\":\"https:\/\/lpfparana.com.ar\/inicio\/wp-content\/uploads\/2024\/03\/WhatsApp-Image-2024-03-23-at-19.22.42.jpeg\",\"articleSection\":[\"Noticias\"],\"inLanguage\":\"es\",\"potentialAction\":[{\"@type\":\"CommentAction\",\"name\":\"Comment\",\"target\":[\"https:\/\/lpfparana.com.ar\/inicio\/camioneros-supercampeon-en-sub23\/#respond\"]}]},{\"@type\":\"WebPage\",\"@id\":\"https:\/\/lpfparana.com.ar\/inicio\/camioneros-supercampeon-en-sub23\/\",\"url\":\"https:\/\/lpfparana.com.ar\/inicio\/camioneros-supercampeon-en-sub23\/\",\"name\":\"Camioneros Supercampe\u00f3n en SUB23 -\",\"isPartOf\":{\"@id\":\"https:\/\/lpfparana.com.ar\/inicio\/#website\"},\"primaryImageOfPage\":{\"@id\":\"https:\/\/lpfparana.com.ar\/inicio\/camioneros-supercampeon-en-sub23\/#primaryimage\"},\"image\":{\"@id\":\"https:\/\/lpfparana.com.ar\/inicio\/camioneros-supercampeon-en-sub23\/#primaryimage\"},\"thumbnailUrl\":\"https:\/\/lpfparana.com.ar\/inicio\/wp-content\/uploads\/2024\/03\/WhatsApp-Image-2024-03-23-at-19.22.42.jpeg\",\"datePublished\":\"2024-03-23T23:19:49+00:00\",\"dateModified\":\"2024-03-23T23:19:50+00:00\",\"author\":{\"@id\":\"https:\/\/lpfparana.com.ar\/inicio\/#\/schema\/person\/e4a909baf07553d45f0fb7b76f656d76\"},\"description\":\"El elenco de Pablo Lencioni logr\u00f3 festejar en cancha de Don Bosco, en el partido que dio inicio al a\u00f1o deportivo en el \u00e1mbito de la LPF.\",\"breadcrumb\":{\"@id\":\"https:\/\/lpfparana.com.ar\/inicio\/camioneros-supercampeon-en-sub23\/#breadcrumb\"},\"inLanguage\":\"es\",\"potentialAction\":[{\"@type\":\"ReadAction\",\"target\":[\"https:\/\/lpfparana.com.ar\/inicio\/camioneros-supercampeon-en-sub23\/\"]}]},{\"@type\":\"ImageObject\",\"inLanguage\":\"es\",\"@id\":\"https:\/\/lpfparana.com.ar\/inicio\/camioneros-supercampeon-en-sub23\/#primaryimage\",\"url\":\"https:\/\/lpfparana.com.ar\/inicio\/wp-content\/uploads\/2024\/03\/WhatsApp-Image-2024-03-23-at-19.22.42.jpeg\",\"contentUrl\":\"https:\/\/lpfparana.com.ar\/inicio\/wp-content\/uploads\/2024\/03\/WhatsApp-Image-2024-03-23-at-19.22.42.jpeg\",\"width\":1536,\"height\":1152},{\"@type\":\"BreadcrumbList\",\"@id\":\"https:\/\/lpfparana.com.ar\/inicio\/camioneros-supercampeon-en-sub23\/#breadcrumb\",\"itemListElement\":[{\"@type\":\"ListItem\",\"position\":1,\"name\":\"Portada\",\"item\":\"https:\/\/lpfparana.com.ar\/inicio\/\"},{\"@type\":\"ListItem\",\"position\":2,\"name\":\"Camioneros Supercampe\u00f3n en SUB23\"}]},{\"@type\":\"WebSite\",\"@id\":\"https:\/\/lpfparana.com.ar\/inicio\/#website\",\"url\":\"https:\/\/lpfparana.com.ar\/inicio\/\",\"name\":\"\",\"description\":\"LPF Paran\u00e1\",\"potentialAction\":[{\"@type\":\"SearchAction\",\"target\":{\"@type\":\"EntryPoint\",\"urlTemplate\":\"https:\/\/lpfparana.com.ar\/inicio\/?s={search_term_string}\"},\"query-input\":{\"@type\":\"PropertyValueSpecification\",\"valueRequired\":true,\"valueName\":\"search_term_string\"}}],\"inLanguage\":\"es\"},{\"@type\":\"Person\",\"@id\":\"https:\/\/lpfparana.com.ar\/inicio\/#\/schema\/person\/e4a909baf07553d45f0fb7b76f656d76\",\"name\":\"Juan Manuel L\u00f3pez\",\"image\":{\"@type\":\"ImageObject\",\"inLanguage\":\"es\",\"@id\":\"https:\/\/secure.gravatar.com\/avatar\/6fd4b36dc88658b1a9f8103e109f47885fcd020443829a5d936ca18f07c3d96c?s=96&d=mm&r=g\",\"url\":\"https:\/\/secure.gravatar.com\/avatar\/6fd4b36dc88658b1a9f8103e109f47885fcd020443829a5d936ca18f07c3d96c?s=96&d=mm&r=g\",\"contentUrl\":\"https:\/\/secure.gravatar.com\/avatar\/6fd4b36dc88658b1a9f8103e109f47885fcd020443829a5d936ca18f07c3d96c?s=96&d=mm&r=g\",\"caption\":\"Juan Manuel L\u00f3pez\"},\"url\":\"https:\/\/lpfparana.com.ar\/inicio\/author\/juanito\/\"}]}<\/script>\n<!-- \/ Yoast SEO Premium plugin. -->","yoast_head_json":{"title":"Camioneros Supercampe\u00f3n en SUB23 -","description":"El elenco de Pablo Lencioni logr\u00f3 festejar en cancha de Don Bosco, en el partido que dio inicio al a\u00f1o deportivo en el \u00e1mbito de la LPF.","robots":{"index":"index","follow":"follow","max-snippet":"max-snippet:-1","max-image-preview":"max-image-preview:large","max-video-preview":"max-video-preview:-1"},"canonical":"https:\/\/lpfparana.com.ar\/inicio\/camioneros-supercampeon-en-sub23\/","og_locale":"es_ES","og_type":"article","og_title":"Camioneros Supercampe\u00f3n en SUB23","og_description":"El elenco de Pablo Lencioni logr\u00f3 festejar en cancha de Don Bosco, en el partido que dio inicio al a\u00f1o deportivo en el \u00e1mbito de la LPF.","og_url":"https:\/\/lpfparana.com.ar\/inicio\/camioneros-supercampeon-en-sub23\/","article_published_time":"2024-03-23T23:19:49+00:00","article_modified_time":"2024-03-23T23:19:50+00:00","og_image":[{"width":1536,"height":1152,"url":"https:\/\/lpfparana.com.ar\/inicio\/wp-content\/uploads\/2024\/03\/WhatsApp-Image-2024-03-23-at-19.22.42.jpeg","type":"image\/jpeg"}],"author":"Juan Manuel L\u00f3pez","twitter_card":"summary_large_image","twitter_misc":{"Escrito por":"Juan Manuel L\u00f3pez","Tiempo de lectura":"3 minutos"},"schema":{"@context":"https:\/\/schema.org","@graph":[{"@type":"Article","@id":"https:\/\/lpfparana.com.ar\/inicio\/camioneros-supercampeon-en-sub23\/#article","isPartOf":{"@id":"https:\/\/lpfparana.com.ar\/inicio\/camioneros-supercampeon-en-sub23\/"},"author":{"name":"Juan Manuel L\u00f3pez","@id":"https:\/\/lpfparana.com.ar\/inicio\/#\/schema\/person\/e4a909baf07553d45f0fb7b76f656d76"},"headline":"Camioneros Supercampe\u00f3n en SUB23","datePublished":"2024-03-23T23:19:49+00:00","dateModified":"2024-03-23T23:19:50+00:00","mainEntityOfPage":{"@id":"https:\/\/lpfparana.com.ar\/inicio\/camioneros-supercampeon-en-sub23\/"},"wordCount":470,"commentCount":0,"image":{"@id":"https:\/\/lpfparana.com.ar\/inicio\/camioneros-supercampeon-en-sub23\/#primaryimage"},"thumbnailUrl":"https:\/\/lpfparana.com.ar\/inicio\/wp-content\/uploads\/2024\/03\/WhatsApp-Image-2024-03-23-at-19.22.42.jpeg","articleSection":["Noticias"],"inLanguage":"es","potentialAction":[{"@type":"CommentAction","name":"Comment","target":["https:\/\/lpfparana.com.ar\/inicio\/camioneros-supercampeon-en-sub23\/#respond"]}]},{"@type":"WebPage","@id":"https:\/\/lpfparana.com.ar\/inicio\/camioneros-supercampeon-en-sub23\/","url":"https:\/\/lpfparana.com.ar\/inicio\/camioneros-supercampeon-en-sub23\/","name":"Camioneros Supercampe\u00f3n en SUB23 -","isPartOf":{"@id":"https:\/\/lpfparana.com.ar\/inicio\/#website"},"primaryImageOfPage":{"@id":"https:\/\/lpfparana.com.ar\/inicio\/camioneros-supercampeon-en-sub23\/#primaryimage"},"image":{"@id":"https:\/\/lpfparana.com.ar\/inicio\/camioneros-supercampeon-en-sub23\/#primaryimage"},"thumbnailUrl":"https:\/\/lpfparana.com.ar\/inicio\/wp-content\/uploads\/2024\/03\/WhatsApp-Image-2024-03-23-at-19.22.42.jpeg","datePublished":"2024-03-23T23:19:49+00:00","dateModified":"2024-03-23T23:19:50+00:00","author":{"@id":"https:\/\/lpfparana.com.ar\/inicio\/#\/schema\/person\/e4a909baf07553d45f0fb7b76f656d76"},"description":"El elenco de Pablo Lencioni logr\u00f3 festejar en cancha de Don Bosco, en el partido que dio inicio al a\u00f1o deportivo en el \u00e1mbito de la LPF.","breadcrumb":{"@id":"https:\/\/lpfparana.com.ar\/inicio\/camioneros-supercampeon-en-sub23\/#breadcrumb"},"inLanguage":"es","potentialAction":[{"@type":"ReadAction","target":["https:\/\/lpfparana.com.ar\/inicio\/camioneros-supercampeon-en-sub23\/"]}]},{"@type":"ImageObject","inLanguage":"es","@id":"https:\/\/lpfparana.com.ar\/inicio\/camioneros-supercampeon-en-sub23\/#primaryimage","url":"https:\/\/lpfparana.com.ar\/inicio\/wp-content\/uploads\/2024\/03\/WhatsApp-Image-2024-03-23-at-19.22.42.jpeg","contentUrl":"https:\/\/lpfparana.com.ar\/inicio\/wp-content\/uploads\/2024\/03\/WhatsApp-Image-2024-03-23-at-19.22.42.jpeg","width":1536,"height":1152},{"@type":"BreadcrumbList","@id":"https:\/\/lpfparana.com.ar\/inicio\/camioneros-supercampeon-en-sub23\/#breadcrumb","itemListElement":[{"@type":"ListItem","position":1,"name":"Portada","item":"https:\/\/lpfparana.com.ar\/inicio\/"},{"@type":"ListItem","position":2,"name":"Camioneros Supercampe\u00f3n en SUB23"}]},{"@type":"WebSite","@id":"https:\/\/lpfparana.com.ar\/inicio\/#website","url":"https:\/\/lpfparana.com.ar\/inicio\/","name":"","description":"LPF Paran\u00e1","potentialAction":[{"@type":"SearchAction","target":{"@type":"EntryPoint","urlTemplate":"https:\/\/lpfparana.com.ar\/inicio\/?s={search_term_string}"},"query-input":{"@type":"PropertyValueSpecification","valueRequired":true,"valueName":"search_term_string"}}],"inLanguage":"es"},{"@type":"Person","@id":"https:\/\/lpfparana.com.ar\/inicio\/#\/schema\/person\/e4a909baf07553d45f0fb7b76f656d76","name":"Juan Manuel L\u00f3pez","image":{"@type":"ImageObject","inLanguage":"es","@id":"https:\/\/secure.gravatar.com\/avatar\/6fd4b36dc88658b1a9f8103e109f47885fcd020443829a5d936ca18f07c3d96c?s=96&d=mm&r=g","url":"https:\/\/secure.gravatar.com\/avatar\/6fd4b36dc88658b1a9f8103e109f47885fcd020443829a5d936ca18f07c3d96c?s=96&d=mm&r=g","contentUrl":"https:\/\/secure.gravatar.com\/avatar\/6fd4b36dc88658b1a9f8103e109f47885fcd020443829a5d936ca18f07c3d96c?s=96&d=mm&r=g","caption":"Juan Manuel L\u00f3pez"},"url":"https:\/\/lpfparana.com.ar\/inicio\/author\/juanito\/"}]}},"_links":{"self":[{"href":"https:\/\/lpfparana.com.ar\/inicio\/wp-json\/wp\/v2\/posts\/2317","targetHints":{"allow":["GET"]}}],"collection":[{"href":"https:\/\/lpfparana.com.ar\/inicio\/wp-json\/wp\/v2\/posts"}],"about":[{"href":"https:\/\/lpfparana.com.ar\/inicio\/wp-json\/wp\/v2\/types\/post"}],"author":[{"embeddable":true,"href":"https:\/\/lpfparana.com.ar\/inicio\/wp-json\/wp\/v2\/users\/4"}],"replies":[{"embeddable":true,"href":"https:\/\/lpfparana.com.ar\/inicio\/wp-json\/wp\/v2\/comments?post=2317"}],"version-history":[{"count":1,"href":"https:\/\/lpfparana.com.ar\/inicio\/wp-json\/wp\/v2\/posts\/2317\/revisions"}],"predecessor-version":[{"id":2321,"href":"https:\/\/lpfparana.com.ar\/inicio\/wp-json\/wp\/v2\/posts\/2317\/revisions\/2321"}],"wp:featuredmedia":[{"embeddable":true,"href":"https:\/\/lpfparana.com.ar\/inicio\/wp-json\/wp\/v2\/media\/2319"}],"wp:attachment":[{"href":"https:\/\/lpfparana.com.ar\/inicio\/wp-json\/wp\/v2\/media?parent=2317"}],"wp:term":[{"taxonomy":"category","embeddable":true,"href":"https:\/\/lpfparana.com.ar\/inicio\/wp-json\/wp\/v2\/categories?post=2317"},{"taxonomy":"post_tag","embeddable":true,"href":"https:\/\/lpfparana.com.ar\/inicio\/wp-json\/wp\/v2\/tags?post=2317"}],"curies":[{"name":"wp","href":"https:\/\/api.w.org\/{rel}","templated":true}]}}