{"id":2312,"date":"2024-03-23T17:03:21","date_gmt":"2024-03-23T20:03:21","guid":{"rendered":"https:\/\/lpfparana.com.ar\/inicio\/?p=2312"},"modified":"2024-03-23T18:53:13","modified_gmt":"2024-03-23T21:53:13","slug":"asamblea-y-eleccion-de-autoridades-en-la-federacion-entrerriana-de-futbol-2","status":"publish","type":"post","link":"https:\/\/lpfparana.com.ar\/inicio\/asamblea-y-eleccion-de-autoridades-en-la-federacion-entrerriana-de-futbol-2\/","title":{"rendered":"Asamblea y elecci\u00f3n de autoridades en la Federaci\u00f3n Entrerriana de F\u00fatbol"},"content":{"rendered":"\n<h3 class=\"wp-block-heading\">La Federaci\u00f3n Entrerriana de Futbol realiz\u00f3 este s\u00e1bado la Asamblea General Ordinaria. La misma se llev\u00f3 a cabo en el Sal\u00f3n del Centro Econ\u00f3mico de la Producci\u00f3n, calle Mitre Nro. 219 de la ciudad de Villaguay.<\/h3>\n\n\n\n<p>All\u00ed se eligieron las nuevas autoridades y Nelson Casis fue reelecto al frente de la entidad madre del f\u00fatbol provincial. El dirigente de la Liga Pace\u00f1a de F\u00fatbol seguir\u00e1 al mando de la instituci\u00f3n.<br>El presidente de la Liga Paranaense de F\u00fatbol, Alejandro Schneider ser\u00e1 uno de los Revisores de Cuentas de la FEF, junto al experimentado dirigente concordiense Julio Larrocca.<\/p>\n\n\n\n<figure class=\"wp-block-image size-full\"><a href=\"https:\/\/lpfparana.com.ar\/inicio\/wp-content\/uploads\/2024\/03\/e59953b2-e030-4947-a868-a2dcd0c60b5f-2.jpeg\"><img fetchpriority=\"high\" decoding=\"async\" width=\"680\" height=\"345\" src=\"https:\/\/lpfparana.com.ar\/inicio\/wp-content\/uploads\/2024\/03\/e59953b2-e030-4947-a868-a2dcd0c60b5f-2.jpeg\" alt=\"\" class=\"wp-image-2313\" srcset=\"https:\/\/lpfparana.com.ar\/inicio\/wp-content\/uploads\/2024\/03\/e59953b2-e030-4947-a868-a2dcd0c60b5f-2.jpeg 680w, https:\/\/lpfparana.com.ar\/inicio\/wp-content\/uploads\/2024\/03\/e59953b2-e030-4947-a868-a2dcd0c60b5f-2-300x152.jpeg 300w\" sizes=\"(max-width: 680px) 100vw, 680px\" \/><\/a><\/figure>\n\n\n\n<h3 class=\"wp-block-heading\">La nueva CD<\/h3>\n\n\n\n<p>La comisi\u00f3n directiva qued\u00f3 integrada con Rafael Rothar (Liga Regional de F\u00fatbol) como vicepresidente primero y Horacio Sandoval (Liga Concordiense de F\u00fatbol) como vicepresidente segundo. El Secretario General es Alejandro Azaad (Liga de F\u00fatbol de Paran\u00e1 Campa\u00f1a); Pro Secretario, Marcos Acosta (Liga Departamental de F\u00fatbol de Nogoy\u00e1); Secretario de Actas, Facundo Garmendia (Liga de F\u00fatbol de Concepci\u00f3n del Uruguay); Tesorero, Federico Emanuel Almada (Liga Victoriense de F\u00fatbol); y Pro Tesorero, Juan Barda (Liga de F\u00fatbol de Chajar\u00ed).<\/p>\n\n\n\n<h3 class=\"wp-block-heading\">Tribunal de penas<\/h3>\n\n\n\n<p>El tribunal de Penas y Apelaciones estar\u00e1 compuesto por los Titulares que ser\u00e1n Horacio Dar\u00edo Metz (Paran\u00e1), H\u00e9ctor Olivera (Concordia), Juan Alberto Grilli (La Paz) y los suplentes: Carlos Alberto Mirabelli (Rosario del Tala) y Carlos Viana (Santa Elena).<\/p>\n\n\n\n<h3 class=\"wp-block-heading\">Revisores de Cuenta<\/h3>\n\n\n\n<p>Los Revisores de Cuentas Titulares ser\u00e1n Julio C\u00e9sar Larrocca (Liga Concordiense de F\u00fatbol), Alejandro Schneider (Liga Paranaense de F\u00fatbol) y C\u00e9sar Ra\u00fal Bonfati (Liga Pace\u00f1a de Futbol). Mientras que los Suplentes ser\u00e1n: Rub\u00e9n Garibotti ( Liga Departamental de F\u00fatbol de Gualeguay) y Orlando Marcelo Fabi\u00e1n Faust (Liga Villaguayense de F\u00fatbol).<\/p>\n","protected":false},"excerpt":{"rendered":"<p>La Federaci\u00f3n Entrerriana de Futbol realiz\u00f3 este s\u00e1bado la Asamblea General Ordinaria. La misma se llev\u00f3 a cabo en el Sal\u00f3n del Centro Econ\u00f3mico de la Producci\u00f3n, calle Mitre Nro. 219 de la ciudad de Villaguay. All\u00ed se eligieron las nuevas autoridades y Nelson Casis fue reelecto al frente de la entidad madre del f\u00fatbol&#8230;<\/p>\n","protected":false},"author":6,"featured_media":2300,"comment_status":"open","ping_status":"open","sticky":false,"template":"","format":"standard","meta":{"footnotes":""},"categories":[2],"tags":[],"class_list":["post-2312","post","type-post","status-publish","format-standard","has-post-thumbnail","hentry","category-noticias"],"featured_image_src":"https:\/\/lpfparana.com.ar\/inicio\/wp-content\/uploads\/2024\/03\/e59953b2-e030-4947-a868-a2dcd0c60b5f.jpeg","author_info":{"display_name":"Juan Manuel Fernandez","author_link":"https:\/\/lpfparana.com.ar\/inicio\/author\/juanma\/"},"yoast_head":"<!-- This site is optimized with the Yoast SEO Premium plugin v23.3 (Yoast SEO v27.2) - https:\/\/yoast.com\/product\/yoast-seo-premium-wordpress\/ -->\n<title>Asamblea y elecci\u00f3n de autoridades en la FEF<\/title>\n<meta name=\"description\" content=\"La Federaci\u00f3n Entrerriana de Futbol realiz\u00f3 este s\u00e1bado la Asamblea General Ordinaria. La misma se llev\u00f3 a cabo en Villaguay.\" \/>\n<meta name=\"robots\" content=\"index, follow, max-snippet:-1, max-image-preview:large, max-video-preview:-1\" \/>\n<link rel=\"canonical\" href=\"https:\/\/lpfparana.com.ar\/inicio\/asamblea-y-eleccion-de-autoridades-en-la-federacion-entrerriana-de-futbol-2\/\" \/>\n<meta property=\"og:locale\" content=\"es_ES\" \/>\n<meta property=\"og:type\" content=\"article\" \/>\n<meta property=\"og:title\" content=\"Asamblea y elecci\u00f3n de autoridades en la Federaci\u00f3n Entrerriana de F\u00fatbol\" \/>\n<meta property=\"og:description\" content=\"La Federaci\u00f3n Entrerriana de Futbol realiz\u00f3 este s\u00e1bado la Asamblea General Ordinaria. La misma se llev\u00f3 a cabo en Villaguay.\" \/>\n<meta property=\"og:url\" content=\"https:\/\/lpfparana.com.ar\/inicio\/asamblea-y-eleccion-de-autoridades-en-la-federacion-entrerriana-de-futbol-2\/\" \/>\n<meta property=\"article:published_time\" content=\"2024-03-23T20:03:21+00:00\" \/>\n<meta property=\"article:modified_time\" content=\"2024-03-23T21:53:13+00:00\" \/>\n<meta property=\"og:image\" content=\"https:\/\/lpfparana.com.ar\/inicio\/wp-content\/uploads\/2024\/03\/e59953b2-e030-4947-a868-a2dcd0c60b5f.jpeg\" \/>\n\t<meta property=\"og:image:width\" content=\"680\" \/>\n\t<meta property=\"og:image:height\" content=\"345\" \/>\n\t<meta property=\"og:image:type\" content=\"image\/jpeg\" \/>\n<meta name=\"author\" content=\"Juan Manuel Fernandez\" \/>\n<meta name=\"twitter:card\" content=\"summary_large_image\" \/>\n<meta name=\"twitter:label1\" content=\"Escrito por\" \/>\n\t<meta name=\"twitter:data1\" content=\"Juan Manuel Fernandez\" \/>\n\t<meta name=\"twitter:label2\" content=\"Tiempo de lectura\" \/>\n\t<meta name=\"twitter:data2\" content=\"2 minutos\" \/>\n<script type=\"application\/ld+json\" class=\"yoast-schema-graph\">{\"@context\":\"https:\/\/schema.org\",\"@graph\":[{\"@type\":\"Article\",\"@id\":\"https:\/\/lpfparana.com.ar\/inicio\/asamblea-y-eleccion-de-autoridades-en-la-federacion-entrerriana-de-futbol-2\/#article\",\"isPartOf\":{\"@id\":\"https:\/\/lpfparana.com.ar\/inicio\/asamblea-y-eleccion-de-autoridades-en-la-federacion-entrerriana-de-futbol-2\/\"},\"author\":{\"name\":\"Juan Manuel Fernandez\",\"@id\":\"https:\/\/lpfparana.com.ar\/inicio\/#\/schema\/person\/5db3866b404cb9672f70c499a9ede0e1\"},\"headline\":\"Asamblea y elecci\u00f3n de autoridades en la Federaci\u00f3n Entrerriana de F\u00fatbol\",\"datePublished\":\"2024-03-23T20:03:21+00:00\",\"dateModified\":\"2024-03-23T21:53:13+00:00\",\"mainEntityOfPage\":{\"@id\":\"https:\/\/lpfparana.com.ar\/inicio\/asamblea-y-eleccion-de-autoridades-en-la-federacion-entrerriana-de-futbol-2\/\"},\"wordCount\":319,\"commentCount\":0,\"image\":{\"@id\":\"https:\/\/lpfparana.com.ar\/inicio\/asamblea-y-eleccion-de-autoridades-en-la-federacion-entrerriana-de-futbol-2\/#primaryimage\"},\"thumbnailUrl\":\"https:\/\/lpfparana.com.ar\/inicio\/wp-content\/uploads\/2024\/03\/e59953b2-e030-4947-a868-a2dcd0c60b5f.jpeg\",\"articleSection\":[\"Noticias\"],\"inLanguage\":\"es\",\"potentialAction\":[{\"@type\":\"CommentAction\",\"name\":\"Comment\",\"target\":[\"https:\/\/lpfparana.com.ar\/inicio\/asamblea-y-eleccion-de-autoridades-en-la-federacion-entrerriana-de-futbol-2\/#respond\"]}]},{\"@type\":\"WebPage\",\"@id\":\"https:\/\/lpfparana.com.ar\/inicio\/asamblea-y-eleccion-de-autoridades-en-la-federacion-entrerriana-de-futbol-2\/\",\"url\":\"https:\/\/lpfparana.com.ar\/inicio\/asamblea-y-eleccion-de-autoridades-en-la-federacion-entrerriana-de-futbol-2\/\",\"name\":\"Asamblea y elecci\u00f3n de autoridades en la FEF\",\"isPartOf\":{\"@id\":\"https:\/\/lpfparana.com.ar\/inicio\/#website\"},\"primaryImageOfPage\":{\"@id\":\"https:\/\/lpfparana.com.ar\/inicio\/asamblea-y-eleccion-de-autoridades-en-la-federacion-entrerriana-de-futbol-2\/#primaryimage\"},\"image\":{\"@id\":\"https:\/\/lpfparana.com.ar\/inicio\/asamblea-y-eleccion-de-autoridades-en-la-federacion-entrerriana-de-futbol-2\/#primaryimage\"},\"thumbnailUrl\":\"https:\/\/lpfparana.com.ar\/inicio\/wp-content\/uploads\/2024\/03\/e59953b2-e030-4947-a868-a2dcd0c60b5f.jpeg\",\"datePublished\":\"2024-03-23T20:03:21+00:00\",\"dateModified\":\"2024-03-23T21:53:13+00:00\",\"author\":{\"@id\":\"https:\/\/lpfparana.com.ar\/inicio\/#\/schema\/person\/5db3866b404cb9672f70c499a9ede0e1\"},\"description\":\"La Federaci\u00f3n Entrerriana de Futbol realiz\u00f3 este s\u00e1bado la Asamblea General Ordinaria. La misma se llev\u00f3 a cabo en Villaguay.\",\"breadcrumb\":{\"@id\":\"https:\/\/lpfparana.com.ar\/inicio\/asamblea-y-eleccion-de-autoridades-en-la-federacion-entrerriana-de-futbol-2\/#breadcrumb\"},\"inLanguage\":\"es\",\"potentialAction\":[{\"@type\":\"ReadAction\",\"target\":[\"https:\/\/lpfparana.com.ar\/inicio\/asamblea-y-eleccion-de-autoridades-en-la-federacion-entrerriana-de-futbol-2\/\"]}]},{\"@type\":\"ImageObject\",\"inLanguage\":\"es\",\"@id\":\"https:\/\/lpfparana.com.ar\/inicio\/asamblea-y-eleccion-de-autoridades-en-la-federacion-entrerriana-de-futbol-2\/#primaryimage\",\"url\":\"https:\/\/lpfparana.com.ar\/inicio\/wp-content\/uploads\/2024\/03\/e59953b2-e030-4947-a868-a2dcd0c60b5f.jpeg\",\"contentUrl\":\"https:\/\/lpfparana.com.ar\/inicio\/wp-content\/uploads\/2024\/03\/e59953b2-e030-4947-a868-a2dcd0c60b5f.jpeg\",\"width\":680,\"height\":345},{\"@type\":\"BreadcrumbList\",\"@id\":\"https:\/\/lpfparana.com.ar\/inicio\/asamblea-y-eleccion-de-autoridades-en-la-federacion-entrerriana-de-futbol-2\/#breadcrumb\",\"itemListElement\":[{\"@type\":\"ListItem\",\"position\":1,\"name\":\"Portada\",\"item\":\"https:\/\/lpfparana.com.ar\/inicio\/\"},{\"@type\":\"ListItem\",\"position\":2,\"name\":\"Asamblea y elecci\u00f3n de autoridades en la Federaci\u00f3n Entrerriana de F\u00fatbol\"}]},{\"@type\":\"WebSite\",\"@id\":\"https:\/\/lpfparana.com.ar\/inicio\/#website\",\"url\":\"https:\/\/lpfparana.com.ar\/inicio\/\",\"name\":\"\",\"description\":\"LPF Paran\u00e1\",\"potentialAction\":[{\"@type\":\"SearchAction\",\"target\":{\"@type\":\"EntryPoint\",\"urlTemplate\":\"https:\/\/lpfparana.com.ar\/inicio\/?s={search_term_string}\"},\"query-input\":{\"@type\":\"PropertyValueSpecification\",\"valueRequired\":true,\"valueName\":\"search_term_string\"}}],\"inLanguage\":\"es\"},{\"@type\":\"Person\",\"@id\":\"https:\/\/lpfparana.com.ar\/inicio\/#\/schema\/person\/5db3866b404cb9672f70c499a9ede0e1\",\"name\":\"Juan Manuel Fernandez\",\"image\":{\"@type\":\"ImageObject\",\"inLanguage\":\"es\",\"@id\":\"https:\/\/secure.gravatar.com\/avatar\/b9ded3b46d997a47d4ffae36e85d6b17e879993cc483e0eae0cf69b9c53626e9?s=96&d=mm&r=g\",\"url\":\"https:\/\/secure.gravatar.com\/avatar\/b9ded3b46d997a47d4ffae36e85d6b17e879993cc483e0eae0cf69b9c53626e9?s=96&d=mm&r=g\",\"contentUrl\":\"https:\/\/secure.gravatar.com\/avatar\/b9ded3b46d997a47d4ffae36e85d6b17e879993cc483e0eae0cf69b9c53626e9?s=96&d=mm&r=g\",\"caption\":\"Juan Manuel Fernandez\"},\"url\":\"https:\/\/lpfparana.com.ar\/inicio\/author\/juanma\/\"}]}<\/script>\n<!-- \/ Yoast SEO Premium plugin. -->","yoast_head_json":{"title":"Asamblea y elecci\u00f3n de autoridades en la FEF","description":"La Federaci\u00f3n Entrerriana de Futbol realiz\u00f3 este s\u00e1bado la Asamblea General Ordinaria. La misma se llev\u00f3 a cabo en Villaguay.","robots":{"index":"index","follow":"follow","max-snippet":"max-snippet:-1","max-image-preview":"max-image-preview:large","max-video-preview":"max-video-preview:-1"},"canonical":"https:\/\/lpfparana.com.ar\/inicio\/asamblea-y-eleccion-de-autoridades-en-la-federacion-entrerriana-de-futbol-2\/","og_locale":"es_ES","og_type":"article","og_title":"Asamblea y elecci\u00f3n de autoridades en la Federaci\u00f3n Entrerriana de F\u00fatbol","og_description":"La Federaci\u00f3n Entrerriana de Futbol realiz\u00f3 este s\u00e1bado la Asamblea General Ordinaria. La misma se llev\u00f3 a cabo en Villaguay.","og_url":"https:\/\/lpfparana.com.ar\/inicio\/asamblea-y-eleccion-de-autoridades-en-la-federacion-entrerriana-de-futbol-2\/","article_published_time":"2024-03-23T20:03:21+00:00","article_modified_time":"2024-03-23T21:53:13+00:00","og_image":[{"width":680,"height":345,"url":"https:\/\/lpfparana.com.ar\/inicio\/wp-content\/uploads\/2024\/03\/e59953b2-e030-4947-a868-a2dcd0c60b5f.jpeg","type":"image\/jpeg"}],"author":"Juan Manuel Fernandez","twitter_card":"summary_large_image","twitter_misc":{"Escrito por":"Juan Manuel Fernandez","Tiempo de lectura":"2 minutos"},"schema":{"@context":"https:\/\/schema.org","@graph":[{"@type":"Article","@id":"https:\/\/lpfparana.com.ar\/inicio\/asamblea-y-eleccion-de-autoridades-en-la-federacion-entrerriana-de-futbol-2\/#article","isPartOf":{"@id":"https:\/\/lpfparana.com.ar\/inicio\/asamblea-y-eleccion-de-autoridades-en-la-federacion-entrerriana-de-futbol-2\/"},"author":{"name":"Juan Manuel Fernandez","@id":"https:\/\/lpfparana.com.ar\/inicio\/#\/schema\/person\/5db3866b404cb9672f70c499a9ede0e1"},"headline":"Asamblea y elecci\u00f3n de autoridades en la Federaci\u00f3n Entrerriana de F\u00fatbol","datePublished":"2024-03-23T20:03:21+00:00","dateModified":"2024-03-23T21:53:13+00:00","mainEntityOfPage":{"@id":"https:\/\/lpfparana.com.ar\/inicio\/asamblea-y-eleccion-de-autoridades-en-la-federacion-entrerriana-de-futbol-2\/"},"wordCount":319,"commentCount":0,"image":{"@id":"https:\/\/lpfparana.com.ar\/inicio\/asamblea-y-eleccion-de-autoridades-en-la-federacion-entrerriana-de-futbol-2\/#primaryimage"},"thumbnailUrl":"https:\/\/lpfparana.com.ar\/inicio\/wp-content\/uploads\/2024\/03\/e59953b2-e030-4947-a868-a2dcd0c60b5f.jpeg","articleSection":["Noticias"],"inLanguage":"es","potentialAction":[{"@type":"CommentAction","name":"Comment","target":["https:\/\/lpfparana.com.ar\/inicio\/asamblea-y-eleccion-de-autoridades-en-la-federacion-entrerriana-de-futbol-2\/#respond"]}]},{"@type":"WebPage","@id":"https:\/\/lpfparana.com.ar\/inicio\/asamblea-y-eleccion-de-autoridades-en-la-federacion-entrerriana-de-futbol-2\/","url":"https:\/\/lpfparana.com.ar\/inicio\/asamblea-y-eleccion-de-autoridades-en-la-federacion-entrerriana-de-futbol-2\/","name":"Asamblea y elecci\u00f3n de autoridades en la FEF","isPartOf":{"@id":"https:\/\/lpfparana.com.ar\/inicio\/#website"},"primaryImageOfPage":{"@id":"https:\/\/lpfparana.com.ar\/inicio\/asamblea-y-eleccion-de-autoridades-en-la-federacion-entrerriana-de-futbol-2\/#primaryimage"},"image":{"@id":"https:\/\/lpfparana.com.ar\/inicio\/asamblea-y-eleccion-de-autoridades-en-la-federacion-entrerriana-de-futbol-2\/#primaryimage"},"thumbnailUrl":"https:\/\/lpfparana.com.ar\/inicio\/wp-content\/uploads\/2024\/03\/e59953b2-e030-4947-a868-a2dcd0c60b5f.jpeg","datePublished":"2024-03-23T20:03:21+00:00","dateModified":"2024-03-23T21:53:13+00:00","author":{"@id":"https:\/\/lpfparana.com.ar\/inicio\/#\/schema\/person\/5db3866b404cb9672f70c499a9ede0e1"},"description":"La Federaci\u00f3n Entrerriana de Futbol realiz\u00f3 este s\u00e1bado la Asamblea General Ordinaria. La misma se llev\u00f3 a cabo en Villaguay.","breadcrumb":{"@id":"https:\/\/lpfparana.com.ar\/inicio\/asamblea-y-eleccion-de-autoridades-en-la-federacion-entrerriana-de-futbol-2\/#breadcrumb"},"inLanguage":"es","potentialAction":[{"@type":"ReadAction","target":["https:\/\/lpfparana.com.ar\/inicio\/asamblea-y-eleccion-de-autoridades-en-la-federacion-entrerriana-de-futbol-2\/"]}]},{"@type":"ImageObject","inLanguage":"es","@id":"https:\/\/lpfparana.com.ar\/inicio\/asamblea-y-eleccion-de-autoridades-en-la-federacion-entrerriana-de-futbol-2\/#primaryimage","url":"https:\/\/lpfparana.com.ar\/inicio\/wp-content\/uploads\/2024\/03\/e59953b2-e030-4947-a868-a2dcd0c60b5f.jpeg","contentUrl":"https:\/\/lpfparana.com.ar\/inicio\/wp-content\/uploads\/2024\/03\/e59953b2-e030-4947-a868-a2dcd0c60b5f.jpeg","width":680,"height":345},{"@type":"BreadcrumbList","@id":"https:\/\/lpfparana.com.ar\/inicio\/asamblea-y-eleccion-de-autoridades-en-la-federacion-entrerriana-de-futbol-2\/#breadcrumb","itemListElement":[{"@type":"ListItem","position":1,"name":"Portada","item":"https:\/\/lpfparana.com.ar\/inicio\/"},{"@type":"ListItem","position":2,"name":"Asamblea y elecci\u00f3n de autoridades en la Federaci\u00f3n Entrerriana de F\u00fatbol"}]},{"@type":"WebSite","@id":"https:\/\/lpfparana.com.ar\/inicio\/#website","url":"https:\/\/lpfparana.com.ar\/inicio\/","name":"","description":"LPF Paran\u00e1","potentialAction":[{"@type":"SearchAction","target":{"@type":"EntryPoint","urlTemplate":"https:\/\/lpfparana.com.ar\/inicio\/?s={search_term_string}"},"query-input":{"@type":"PropertyValueSpecification","valueRequired":true,"valueName":"search_term_string"}}],"inLanguage":"es"},{"@type":"Person","@id":"https:\/\/lpfparana.com.ar\/inicio\/#\/schema\/person\/5db3866b404cb9672f70c499a9ede0e1","name":"Juan Manuel Fernandez","image":{"@type":"ImageObject","inLanguage":"es","@id":"https:\/\/secure.gravatar.com\/avatar\/b9ded3b46d997a47d4ffae36e85d6b17e879993cc483e0eae0cf69b9c53626e9?s=96&d=mm&r=g","url":"https:\/\/secure.gravatar.com\/avatar\/b9ded3b46d997a47d4ffae36e85d6b17e879993cc483e0eae0cf69b9c53626e9?s=96&d=mm&r=g","contentUrl":"https:\/\/secure.gravatar.com\/avatar\/b9ded3b46d997a47d4ffae36e85d6b17e879993cc483e0eae0cf69b9c53626e9?s=96&d=mm&r=g","caption":"Juan Manuel Fernandez"},"url":"https:\/\/lpfparana.com.ar\/inicio\/author\/juanma\/"}]}},"_links":{"self":[{"href":"https:\/\/lpfparana.com.ar\/inicio\/wp-json\/wp\/v2\/posts\/2312","targetHints":{"allow":["GET"]}}],"collection":[{"href":"https:\/\/lpfparana.com.ar\/inicio\/wp-json\/wp\/v2\/posts"}],"about":[{"href":"https:\/\/lpfparana.com.ar\/inicio\/wp-json\/wp\/v2\/types\/post"}],"author":[{"embeddable":true,"href":"https:\/\/lpfparana.com.ar\/inicio\/wp-json\/wp\/v2\/users\/6"}],"replies":[{"embeddable":true,"href":"https:\/\/lpfparana.com.ar\/inicio\/wp-json\/wp\/v2\/comments?post=2312"}],"version-history":[{"count":2,"href":"https:\/\/lpfparana.com.ar\/inicio\/wp-json\/wp\/v2\/posts\/2312\/revisions"}],"predecessor-version":[{"id":2316,"href":"https:\/\/lpfparana.com.ar\/inicio\/wp-json\/wp\/v2\/posts\/2312\/revisions\/2316"}],"wp:featuredmedia":[{"embeddable":true,"href":"https:\/\/lpfparana.com.ar\/inicio\/wp-json\/wp\/v2\/media\/2300"}],"wp:attachment":[{"href":"https:\/\/lpfparana.com.ar\/inicio\/wp-json\/wp\/v2\/media?parent=2312"}],"wp:term":[{"taxonomy":"category","embeddable":true,"href":"https:\/\/lpfparana.com.ar\/inicio\/wp-json\/wp\/v2\/categories?post=2312"},{"taxonomy":"post_tag","embeddable":true,"href":"https:\/\/lpfparana.com.ar\/inicio\/wp-json\/wp\/v2\/tags?post=2312"}],"curies":[{"name":"wp","href":"https:\/\/api.w.org\/{rel}","templated":true}]}}