{"id":2293,"date":"2024-03-23T11:52:12","date_gmt":"2024-03-23T14:52:12","guid":{"rendered":"https:\/\/lpfparana.com.ar\/inicio\/?p=2293"},"modified":"2024-03-23T11:52:13","modified_gmt":"2024-03-23T14:52:13","slug":"las-competencias-oficiales-tienen-fechas-de-inicio","status":"publish","type":"post","link":"https:\/\/lpfparana.com.ar\/inicio\/las-competencias-oficiales-tienen-fechas-de-inicio\/","title":{"rendered":"Las competencias oficiales tienen fechas de inicio"},"content":{"rendered":"\n<h3 class=\"wp-block-heading\">La Liga Paranaense de F\u00fatbol, tras la disputa de las Superfinales 2023, dar\u00e1 inicio inmediatamente a la Temporada 2024, siendo la divisional A, de Primera Divisi\u00f3n Masculina, la primera en ver acci\u00f3n el pr\u00f3ximo martes 2 de abril. \u00a0<\/h3>\n\n\n\n<p>Para este s\u00e1bado est\u00e1 previsto el primer partido oficial del a\u00f1o, cuando se enfrenten Camioneros y Belgrano en cancha de Don Bosco desde las 16,30, en la disputa de la Superfinal SUB23. El lunes ser\u00e1 el turno de la Superfinal de Primera Divisi\u00f3n y se ver\u00e1n las caras desde las 19, en el estadio Presb\u00edtero Bartolom\u00e9 Grella, Patronato y el Mondonguero. &nbsp;<\/p>\n\n\n\n<p>Y la temporada 2024 se comenzar\u00e1 a desarrollar a partir del martes 2 de abril, con la disputa de la primera fecha de la Primera A Masculina. &nbsp;<\/p>\n\n\n\n<p>El s\u00e1bado 6 ser\u00e1 el turno de la Copa Promesas en el predio de la LPF y tambi\u00e9n de los Infanto Juveniles. El domingo 7 comenzar\u00e1n con la actividad los equipos preinfantiles. &nbsp;<\/p>\n\n\n\n<p>Mientras que una semana despu\u00e9s, el domingo 14, ser\u00e1 la jornada inaugural para Primera B Masculino, Primera A y B Femenina y tambi\u00e9n para las categor\u00edas juveniles femeninas. &nbsp;<\/p>\n","protected":false},"excerpt":{"rendered":"<p>La Liga Paranaense de F\u00fatbol, tras la disputa de las Superfinales 2023, dar\u00e1 inicio inmediatamente a la Temporada 2024, siendo la divisional A, de Primera Divisi\u00f3n Masculina, la primera en ver acci\u00f3n el pr\u00f3ximo martes 2 de abril. \u00a0 Para este s\u00e1bado est\u00e1 previsto el primer partido oficial del a\u00f1o, cuando se enfrenten Camioneros y&#8230;<\/p>\n","protected":false},"author":4,"featured_media":2294,"comment_status":"open","ping_status":"open","sticky":false,"template":"","format":"standard","meta":{"footnotes":""},"categories":[2],"tags":[],"class_list":["post-2293","post","type-post","status-publish","format-standard","has-post-thumbnail","hentry","category-noticias"],"featured_image_src":"https:\/\/lpfparana.com.ar\/inicio\/wp-content\/uploads\/2024\/03\/23-foto-1-7.jpeg","author_info":{"display_name":"Juan Manuel L\u00f3pez","author_link":"https:\/\/lpfparana.com.ar\/inicio\/author\/juanito\/"},"yoast_head":"<!-- This site is optimized with the Yoast SEO Premium plugin v23.3 (Yoast SEO v27.2) - https:\/\/yoast.com\/product\/yoast-seo-premium-wordpress\/ -->\n<title>Las competencias oficiales tienen fechas de inicio -<\/title>\n<meta name=\"description\" content=\"La Liga Paranaense de F\u00fatbol, tras la disputa de las Superfinales 2023, dar\u00e1 inicio inmediatamente a la Temporada 2024\" \/>\n<meta name=\"robots\" content=\"index, follow, max-snippet:-1, max-image-preview:large, max-video-preview:-1\" \/>\n<link rel=\"canonical\" href=\"https:\/\/lpfparana.com.ar\/inicio\/las-competencias-oficiales-tienen-fechas-de-inicio\/\" \/>\n<meta property=\"og:locale\" content=\"es_ES\" \/>\n<meta property=\"og:type\" content=\"article\" \/>\n<meta property=\"og:title\" content=\"Las competencias oficiales tienen fechas de inicio\" \/>\n<meta property=\"og:description\" content=\"La Liga Paranaense de F\u00fatbol, tras la disputa de las Superfinales 2023, dar\u00e1 inicio inmediatamente a la Temporada 2024\" \/>\n<meta property=\"og:url\" content=\"https:\/\/lpfparana.com.ar\/inicio\/las-competencias-oficiales-tienen-fechas-de-inicio\/\" \/>\n<meta property=\"article:published_time\" content=\"2024-03-23T14:52:12+00:00\" \/>\n<meta property=\"article:modified_time\" content=\"2024-03-23T14:52:13+00:00\" \/>\n<meta property=\"og:image\" content=\"https:\/\/lpfparana.com.ar\/inicio\/wp-content\/uploads\/2024\/03\/23-foto-1-7.jpeg\" \/>\n\t<meta property=\"og:image:width\" content=\"690\" \/>\n\t<meta property=\"og:image:height\" content=\"504\" \/>\n\t<meta property=\"og:image:type\" content=\"image\/jpeg\" \/>\n<meta name=\"author\" content=\"Juan Manuel L\u00f3pez\" \/>\n<meta name=\"twitter:card\" content=\"summary_large_image\" \/>\n<meta name=\"twitter:label1\" content=\"Escrito por\" \/>\n\t<meta name=\"twitter:data1\" content=\"Juan Manuel L\u00f3pez\" \/>\n\t<meta name=\"twitter:label2\" content=\"Tiempo de lectura\" \/>\n\t<meta name=\"twitter:data2\" content=\"2 minutos\" \/>\n<script type=\"application\/ld+json\" class=\"yoast-schema-graph\">{\"@context\":\"https:\/\/schema.org\",\"@graph\":[{\"@type\":\"Article\",\"@id\":\"https:\/\/lpfparana.com.ar\/inicio\/las-competencias-oficiales-tienen-fechas-de-inicio\/#article\",\"isPartOf\":{\"@id\":\"https:\/\/lpfparana.com.ar\/inicio\/las-competencias-oficiales-tienen-fechas-de-inicio\/\"},\"author\":{\"name\":\"Juan Manuel L\u00f3pez\",\"@id\":\"https:\/\/lpfparana.com.ar\/inicio\/#\/schema\/person\/e4a909baf07553d45f0fb7b76f656d76\"},\"headline\":\"Las competencias oficiales tienen fechas de inicio\",\"datePublished\":\"2024-03-23T14:52:12+00:00\",\"dateModified\":\"2024-03-23T14:52:13+00:00\",\"mainEntityOfPage\":{\"@id\":\"https:\/\/lpfparana.com.ar\/inicio\/las-competencias-oficiales-tienen-fechas-de-inicio\/\"},\"wordCount\":202,\"commentCount\":0,\"image\":{\"@id\":\"https:\/\/lpfparana.com.ar\/inicio\/las-competencias-oficiales-tienen-fechas-de-inicio\/#primaryimage\"},\"thumbnailUrl\":\"https:\/\/lpfparana.com.ar\/inicio\/wp-content\/uploads\/2024\/03\/23-foto-1-7.jpeg\",\"articleSection\":[\"Noticias\"],\"inLanguage\":\"es\",\"potentialAction\":[{\"@type\":\"CommentAction\",\"name\":\"Comment\",\"target\":[\"https:\/\/lpfparana.com.ar\/inicio\/las-competencias-oficiales-tienen-fechas-de-inicio\/#respond\"]}]},{\"@type\":\"WebPage\",\"@id\":\"https:\/\/lpfparana.com.ar\/inicio\/las-competencias-oficiales-tienen-fechas-de-inicio\/\",\"url\":\"https:\/\/lpfparana.com.ar\/inicio\/las-competencias-oficiales-tienen-fechas-de-inicio\/\",\"name\":\"Las competencias oficiales tienen fechas de inicio -\",\"isPartOf\":{\"@id\":\"https:\/\/lpfparana.com.ar\/inicio\/#website\"},\"primaryImageOfPage\":{\"@id\":\"https:\/\/lpfparana.com.ar\/inicio\/las-competencias-oficiales-tienen-fechas-de-inicio\/#primaryimage\"},\"image\":{\"@id\":\"https:\/\/lpfparana.com.ar\/inicio\/las-competencias-oficiales-tienen-fechas-de-inicio\/#primaryimage\"},\"thumbnailUrl\":\"https:\/\/lpfparana.com.ar\/inicio\/wp-content\/uploads\/2024\/03\/23-foto-1-7.jpeg\",\"datePublished\":\"2024-03-23T14:52:12+00:00\",\"dateModified\":\"2024-03-23T14:52:13+00:00\",\"author\":{\"@id\":\"https:\/\/lpfparana.com.ar\/inicio\/#\/schema\/person\/e4a909baf07553d45f0fb7b76f656d76\"},\"description\":\"La Liga Paranaense de F\u00fatbol, tras la disputa de las Superfinales 2023, dar\u00e1 inicio inmediatamente a la Temporada 2024\",\"breadcrumb\":{\"@id\":\"https:\/\/lpfparana.com.ar\/inicio\/las-competencias-oficiales-tienen-fechas-de-inicio\/#breadcrumb\"},\"inLanguage\":\"es\",\"potentialAction\":[{\"@type\":\"ReadAction\",\"target\":[\"https:\/\/lpfparana.com.ar\/inicio\/las-competencias-oficiales-tienen-fechas-de-inicio\/\"]}]},{\"@type\":\"ImageObject\",\"inLanguage\":\"es\",\"@id\":\"https:\/\/lpfparana.com.ar\/inicio\/las-competencias-oficiales-tienen-fechas-de-inicio\/#primaryimage\",\"url\":\"https:\/\/lpfparana.com.ar\/inicio\/wp-content\/uploads\/2024\/03\/23-foto-1-7.jpeg\",\"contentUrl\":\"https:\/\/lpfparana.com.ar\/inicio\/wp-content\/uploads\/2024\/03\/23-foto-1-7.jpeg\",\"width\":690,\"height\":504},{\"@type\":\"BreadcrumbList\",\"@id\":\"https:\/\/lpfparana.com.ar\/inicio\/las-competencias-oficiales-tienen-fechas-de-inicio\/#breadcrumb\",\"itemListElement\":[{\"@type\":\"ListItem\",\"position\":1,\"name\":\"Portada\",\"item\":\"https:\/\/lpfparana.com.ar\/inicio\/\"},{\"@type\":\"ListItem\",\"position\":2,\"name\":\"Las competencias oficiales tienen fechas de inicio\"}]},{\"@type\":\"WebSite\",\"@id\":\"https:\/\/lpfparana.com.ar\/inicio\/#website\",\"url\":\"https:\/\/lpfparana.com.ar\/inicio\/\",\"name\":\"\",\"description\":\"LPF Paran\u00e1\",\"potentialAction\":[{\"@type\":\"SearchAction\",\"target\":{\"@type\":\"EntryPoint\",\"urlTemplate\":\"https:\/\/lpfparana.com.ar\/inicio\/?s={search_term_string}\"},\"query-input\":{\"@type\":\"PropertyValueSpecification\",\"valueRequired\":true,\"valueName\":\"search_term_string\"}}],\"inLanguage\":\"es\"},{\"@type\":\"Person\",\"@id\":\"https:\/\/lpfparana.com.ar\/inicio\/#\/schema\/person\/e4a909baf07553d45f0fb7b76f656d76\",\"name\":\"Juan Manuel L\u00f3pez\",\"image\":{\"@type\":\"ImageObject\",\"inLanguage\":\"es\",\"@id\":\"https:\/\/secure.gravatar.com\/avatar\/6fd4b36dc88658b1a9f8103e109f47885fcd020443829a5d936ca18f07c3d96c?s=96&d=mm&r=g\",\"url\":\"https:\/\/secure.gravatar.com\/avatar\/6fd4b36dc88658b1a9f8103e109f47885fcd020443829a5d936ca18f07c3d96c?s=96&d=mm&r=g\",\"contentUrl\":\"https:\/\/secure.gravatar.com\/avatar\/6fd4b36dc88658b1a9f8103e109f47885fcd020443829a5d936ca18f07c3d96c?s=96&d=mm&r=g\",\"caption\":\"Juan Manuel L\u00f3pez\"},\"url\":\"https:\/\/lpfparana.com.ar\/inicio\/author\/juanito\/\"}]}<\/script>\n<!-- \/ Yoast SEO Premium plugin. -->","yoast_head_json":{"title":"Las competencias oficiales tienen fechas de inicio -","description":"La Liga Paranaense de F\u00fatbol, tras la disputa de las Superfinales 2023, dar\u00e1 inicio inmediatamente a la Temporada 2024","robots":{"index":"index","follow":"follow","max-snippet":"max-snippet:-1","max-image-preview":"max-image-preview:large","max-video-preview":"max-video-preview:-1"},"canonical":"https:\/\/lpfparana.com.ar\/inicio\/las-competencias-oficiales-tienen-fechas-de-inicio\/","og_locale":"es_ES","og_type":"article","og_title":"Las competencias oficiales tienen fechas de inicio","og_description":"La Liga Paranaense de F\u00fatbol, tras la disputa de las Superfinales 2023, dar\u00e1 inicio inmediatamente a la Temporada 2024","og_url":"https:\/\/lpfparana.com.ar\/inicio\/las-competencias-oficiales-tienen-fechas-de-inicio\/","article_published_time":"2024-03-23T14:52:12+00:00","article_modified_time":"2024-03-23T14:52:13+00:00","og_image":[{"width":690,"height":504,"url":"https:\/\/lpfparana.com.ar\/inicio\/wp-content\/uploads\/2024\/03\/23-foto-1-7.jpeg","type":"image\/jpeg"}],"author":"Juan Manuel L\u00f3pez","twitter_card":"summary_large_image","twitter_misc":{"Escrito por":"Juan Manuel L\u00f3pez","Tiempo de lectura":"2 minutos"},"schema":{"@context":"https:\/\/schema.org","@graph":[{"@type":"Article","@id":"https:\/\/lpfparana.com.ar\/inicio\/las-competencias-oficiales-tienen-fechas-de-inicio\/#article","isPartOf":{"@id":"https:\/\/lpfparana.com.ar\/inicio\/las-competencias-oficiales-tienen-fechas-de-inicio\/"},"author":{"name":"Juan Manuel L\u00f3pez","@id":"https:\/\/lpfparana.com.ar\/inicio\/#\/schema\/person\/e4a909baf07553d45f0fb7b76f656d76"},"headline":"Las competencias oficiales tienen fechas de inicio","datePublished":"2024-03-23T14:52:12+00:00","dateModified":"2024-03-23T14:52:13+00:00","mainEntityOfPage":{"@id":"https:\/\/lpfparana.com.ar\/inicio\/las-competencias-oficiales-tienen-fechas-de-inicio\/"},"wordCount":202,"commentCount":0,"image":{"@id":"https:\/\/lpfparana.com.ar\/inicio\/las-competencias-oficiales-tienen-fechas-de-inicio\/#primaryimage"},"thumbnailUrl":"https:\/\/lpfparana.com.ar\/inicio\/wp-content\/uploads\/2024\/03\/23-foto-1-7.jpeg","articleSection":["Noticias"],"inLanguage":"es","potentialAction":[{"@type":"CommentAction","name":"Comment","target":["https:\/\/lpfparana.com.ar\/inicio\/las-competencias-oficiales-tienen-fechas-de-inicio\/#respond"]}]},{"@type":"WebPage","@id":"https:\/\/lpfparana.com.ar\/inicio\/las-competencias-oficiales-tienen-fechas-de-inicio\/","url":"https:\/\/lpfparana.com.ar\/inicio\/las-competencias-oficiales-tienen-fechas-de-inicio\/","name":"Las competencias oficiales tienen fechas de inicio -","isPartOf":{"@id":"https:\/\/lpfparana.com.ar\/inicio\/#website"},"primaryImageOfPage":{"@id":"https:\/\/lpfparana.com.ar\/inicio\/las-competencias-oficiales-tienen-fechas-de-inicio\/#primaryimage"},"image":{"@id":"https:\/\/lpfparana.com.ar\/inicio\/las-competencias-oficiales-tienen-fechas-de-inicio\/#primaryimage"},"thumbnailUrl":"https:\/\/lpfparana.com.ar\/inicio\/wp-content\/uploads\/2024\/03\/23-foto-1-7.jpeg","datePublished":"2024-03-23T14:52:12+00:00","dateModified":"2024-03-23T14:52:13+00:00","author":{"@id":"https:\/\/lpfparana.com.ar\/inicio\/#\/schema\/person\/e4a909baf07553d45f0fb7b76f656d76"},"description":"La Liga Paranaense de F\u00fatbol, tras la disputa de las Superfinales 2023, dar\u00e1 inicio inmediatamente a la Temporada 2024","breadcrumb":{"@id":"https:\/\/lpfparana.com.ar\/inicio\/las-competencias-oficiales-tienen-fechas-de-inicio\/#breadcrumb"},"inLanguage":"es","potentialAction":[{"@type":"ReadAction","target":["https:\/\/lpfparana.com.ar\/inicio\/las-competencias-oficiales-tienen-fechas-de-inicio\/"]}]},{"@type":"ImageObject","inLanguage":"es","@id":"https:\/\/lpfparana.com.ar\/inicio\/las-competencias-oficiales-tienen-fechas-de-inicio\/#primaryimage","url":"https:\/\/lpfparana.com.ar\/inicio\/wp-content\/uploads\/2024\/03\/23-foto-1-7.jpeg","contentUrl":"https:\/\/lpfparana.com.ar\/inicio\/wp-content\/uploads\/2024\/03\/23-foto-1-7.jpeg","width":690,"height":504},{"@type":"BreadcrumbList","@id":"https:\/\/lpfparana.com.ar\/inicio\/las-competencias-oficiales-tienen-fechas-de-inicio\/#breadcrumb","itemListElement":[{"@type":"ListItem","position":1,"name":"Portada","item":"https:\/\/lpfparana.com.ar\/inicio\/"},{"@type":"ListItem","position":2,"name":"Las competencias oficiales tienen fechas de inicio"}]},{"@type":"WebSite","@id":"https:\/\/lpfparana.com.ar\/inicio\/#website","url":"https:\/\/lpfparana.com.ar\/inicio\/","name":"","description":"LPF Paran\u00e1","potentialAction":[{"@type":"SearchAction","target":{"@type":"EntryPoint","urlTemplate":"https:\/\/lpfparana.com.ar\/inicio\/?s={search_term_string}"},"query-input":{"@type":"PropertyValueSpecification","valueRequired":true,"valueName":"search_term_string"}}],"inLanguage":"es"},{"@type":"Person","@id":"https:\/\/lpfparana.com.ar\/inicio\/#\/schema\/person\/e4a909baf07553d45f0fb7b76f656d76","name":"Juan Manuel L\u00f3pez","image":{"@type":"ImageObject","inLanguage":"es","@id":"https:\/\/secure.gravatar.com\/avatar\/6fd4b36dc88658b1a9f8103e109f47885fcd020443829a5d936ca18f07c3d96c?s=96&d=mm&r=g","url":"https:\/\/secure.gravatar.com\/avatar\/6fd4b36dc88658b1a9f8103e109f47885fcd020443829a5d936ca18f07c3d96c?s=96&d=mm&r=g","contentUrl":"https:\/\/secure.gravatar.com\/avatar\/6fd4b36dc88658b1a9f8103e109f47885fcd020443829a5d936ca18f07c3d96c?s=96&d=mm&r=g","caption":"Juan Manuel L\u00f3pez"},"url":"https:\/\/lpfparana.com.ar\/inicio\/author\/juanito\/"}]}},"_links":{"self":[{"href":"https:\/\/lpfparana.com.ar\/inicio\/wp-json\/wp\/v2\/posts\/2293","targetHints":{"allow":["GET"]}}],"collection":[{"href":"https:\/\/lpfparana.com.ar\/inicio\/wp-json\/wp\/v2\/posts"}],"about":[{"href":"https:\/\/lpfparana.com.ar\/inicio\/wp-json\/wp\/v2\/types\/post"}],"author":[{"embeddable":true,"href":"https:\/\/lpfparana.com.ar\/inicio\/wp-json\/wp\/v2\/users\/4"}],"replies":[{"embeddable":true,"href":"https:\/\/lpfparana.com.ar\/inicio\/wp-json\/wp\/v2\/comments?post=2293"}],"version-history":[{"count":1,"href":"https:\/\/lpfparana.com.ar\/inicio\/wp-json\/wp\/v2\/posts\/2293\/revisions"}],"predecessor-version":[{"id":2295,"href":"https:\/\/lpfparana.com.ar\/inicio\/wp-json\/wp\/v2\/posts\/2293\/revisions\/2295"}],"wp:featuredmedia":[{"embeddable":true,"href":"https:\/\/lpfparana.com.ar\/inicio\/wp-json\/wp\/v2\/media\/2294"}],"wp:attachment":[{"href":"https:\/\/lpfparana.com.ar\/inicio\/wp-json\/wp\/v2\/media?parent=2293"}],"wp:term":[{"taxonomy":"category","embeddable":true,"href":"https:\/\/lpfparana.com.ar\/inicio\/wp-json\/wp\/v2\/categories?post=2293"},{"taxonomy":"post_tag","embeddable":true,"href":"https:\/\/lpfparana.com.ar\/inicio\/wp-json\/wp\/v2\/tags?post=2293"}],"curies":[{"name":"wp","href":"https:\/\/api.w.org\/{rel}","templated":true}]}}